{"id":158498,"date":"2025-10-15T07:30:15","date_gmt":"2025-10-15T06:30:15","guid":{"rendered":"https:\/\/www.copealcoy.es\/?p=158498"},"modified":"2025-10-15T15:46:16","modified_gmt":"2025-10-15T14:46:16","slug":"informativo-matinal-miercoles-15-de-octubre-2025-0750h","status":"publish","type":"post","link":"https:\/\/www.copealcoy.es\/es\/informativo-matinal-miercoles-15-de-octubre-2025-0750h\/","title":{"rendered":"Informativo matinal mi\u00e9rcoles 15 de octubre 2025 (07:50h)"},"content":{"rendered":"<p><iframe loading=\"lazy\" title=\"Informativo Matinal Mi\u00e9rcoles 14 De Octubre 2025 (07:50h)\" width=\"100%\" height=\"120\" src=\"https:\/\/www.mixcloud.com\/widget\/iframe\/?feed=https%3A%2F%2Fwww.mixcloud.com%2FCOPEAlcoy%2Finformativo-matinal-mi%25C3%25A9rcoles-14-de-octubre-2025-0750h%2F&amp;hide_cover=1\" frameborder=\"0\" allow=\"encrypted-media; fullscreen; autoplay; idle-detection; speaker-selection; web-share;\"><\/iframe><\/p>\n<p style=\"text-align: justify;\">Hoy mi\u00e9rcoles os hemos recordado que los Ayuntamientos de las poblaciones de nuestras comarcas, junto a los centros educativos y las familias del alumnado afectado, <strong>hacen un frente com\u00fan para reclamar a la Universidad de Alicante que las Pruebas de Acceso a la Universidad (PAU)<\/strong> se sigan realizando en Alcoy. Tambi\u00e9n hemos comentado que nuestra ciudad acoge entre hoy y ma\u00f1ana una nueva edici\u00f3n del <strong>Congreso de Ciudades Inteligentes y Big Data<\/strong>.<\/p>\n<p style=\"text-align: justify;\" data-start=\"400\" data-end=\"1104\"><strong data-start=\"400\" data-end=\"455\">Alcoy vuelve a situarse en el mapa de la innovaci\u00f3n<\/strong>\u00a0con la celebraci\u00f3n del\u00a0<a href=\"https:\/\/ciudadesinteligentes.congresosalcoi.es\/\" target=\"_blank\" rel=\"noopener\"><strong data-start=\"479\" data-end=\"531\"><span style=\"color: #0000ff;\">III Congreso de Ciudades Inteligentes y Big<\/span> <span style=\"color: #0000ff;\">Data<\/span><\/strong><\/a>, un evento que reunir\u00e1 los d\u00edas\u00a0<strong data-start=\"564\" data-end=\"586\">15 y 16 de octubre<\/strong>\u00a0a medio centenar de expertos, representantes institucionales y empresas l\u00edderes en el\u00a0<strong data-start=\"673\" data-end=\"711\">Parque Tecnol\u00f3gico Urbano de Rodes<\/strong>. La cita, organizada por el\u00a0<strong data-start=\"740\" data-end=\"765\">Ayuntamiento de Alcoy<\/strong>\u00a0y el\u00a0<strong data-start=\"771\" data-end=\"829\">Campus de la Universitat Polit\u00e8cnica de Val\u00e8ncia (UPV)<\/strong>\u00a0a trav\u00e9s de la\u00a0<strong data-start=\"845\" data-end=\"867\">C\u00e1tedra Smart City<\/strong>, busca analizar el impacto real de las\u00a0<strong data-start=\"907\" data-end=\"933\">tecnolog\u00edas emergentes<\/strong>\u00a0en la vida de las personas, las ciudades y las organizaciones. La entrada es libre con inscripci\u00f3n previa a trav\u00e9s de la web\u00a0<strong data-start=\"1061\" data-end=\"1103\">ciudadesinteligentes.congresosalcoi.es<\/strong>.<\/p>\n<p style=\"text-align: justify;\" data-start=\"1106\" data-end=\"1642\">El congreso, de car\u00e1cter\u00a0<strong data-start=\"1131\" data-end=\"1142\">bianual<\/strong>, se consolida como un\u00a0<strong data-start=\"1165\" data-end=\"1187\">foro de referencia<\/strong>\u00a0donde convergen la\u00a0<strong data-start=\"1207\" data-end=\"1234\">investigaci\u00f3n acad\u00e9mica<\/strong>, la\u00a0<strong data-start=\"1239\" data-end=\"1261\">innovaci\u00f3n p\u00fablica<\/strong>\u00a0y la\u00a0<strong data-start=\"1267\" data-end=\"1289\">iniciativa privada<\/strong>. La programaci\u00f3n se divide en tres bloques: la tarde del mi\u00e9rcoles dedicada al \u00e1mbito\u00a0<strong data-start=\"1376\" data-end=\"1405\">empresarial y tecnol\u00f3gico<\/strong>, la ma\u00f1ana del jueves centrada en la\u00a0<strong data-start=\"1443\" data-end=\"1482\">gesti\u00f3n inteligente de las ciudades<\/strong>, y una sesi\u00f3n abierta por la tarde sobre el proyecto\u00a0<strong data-start=\"1536\" data-end=\"1547\">AL-COIN<\/strong>, una\u00a0<strong data-start=\"1553\" data-end=\"1590\">moneda local basada en blockchain<\/strong>\u00a0que se ha probado con \u00e9xito recientemente en Alcoy.<\/p>\n<p style=\"text-align: justify;\" data-start=\"1106\" data-end=\"1642\"><span style=\"color: #0000ff;\"><strong>Expertos y ponencias de primer nivel\u00a0<\/strong><\/span><\/p>\n<p style=\"text-align: justify;\" data-start=\"1686\" data-end=\"2287\">La inauguraci\u00f3n oficial contar\u00e1 con la presencia del\u00a0<strong data-start=\"1739\" data-end=\"1776\">alcalde de Alcoy, Antonio Franc\u00e9s<\/strong>, y del\u00a0<strong data-start=\"1784\" data-end=\"1854\">director de la Escuela Polit\u00e9cnica Superior de Alcoy, Pau Bernab\u00e9u<\/strong>, que dar\u00e1n el pistoletazo de salida a un encuentro que har\u00e1 del antiguo complejo de Rodes un verdadero\u00a0<strong data-start=\"1958\" data-end=\"1994\">nodo de conocimiento tecnol\u00f3gico<\/strong>. La ponencia inaugural correr\u00e1 a cargo del contestano\u00a0<strong data-start=\"2039\" data-end=\"2055\">Ignasi Belda<\/strong>, director general de la\u00a0<strong data-start=\"2080\" data-end=\"2142\">Agencia Espa\u00f1ola de Supervisi\u00f3n de Inteligencia Artificial<\/strong>, con una charla titulada\u00a0<em data-start=\"2168\" data-end=\"2215\">\u201cInteligencia artificial, \u00bfAI que regularla?\u201d<\/em>, una reflexi\u00f3n sobre los l\u00edmites \u00e9ticos y jur\u00eddicos de esta tecnolog\u00eda.<\/p>\n<p style=\"text-align: justify;\" data-start=\"2289\" data-end=\"2824\">A lo largo de la jornada se presentar\u00e1n casos pr\u00e1cticos que muestran c\u00f3mo la\u00a0<strong data-start=\"2366\" data-end=\"2372\">IA<\/strong>\u00a0se aplica a sectores diversos: desde la\u00a0<strong data-start=\"2413\" data-end=\"2457\">industrializaci\u00f3n de edificios en madera,\u00a0<\/strong>el\u00a0<strong>turismo<\/strong>\u00a0o el\u00a0<strong data-start=\"2521\" data-end=\"2549\">uso responsable del agua<\/strong>, hasta la innovaci\u00f3n en el sector asegurador por medio de la presencia de la compa\u00f1\u00eda Uni\u00f3n Alcoyana Seguros. El cierre del primer d\u00eda lo protagonizar\u00e1\u00a0<strong data-start=\"2678\" data-end=\"2694\">J\u00falia Garcia<\/strong>, del\u00a0<strong data-start=\"2700\" data-end=\"2740\">Hospital de la Santa Creu i Sant Pau<\/strong>, con una ponencia sobre el uso de\u00a0<strong data-start=\"2775\" data-end=\"2823\">gemelos digitales en la gesti\u00f3n hospitalaria<\/strong>.<\/p>\n<p style=\"text-align: justify;\" data-start=\"2289\" data-end=\"2824\"><span style=\"color: #0000ff;\"><strong>Ciudades, datos y sostenibilidad\u00a0<\/strong><\/span><\/p>\n<p style=\"text-align: justify;\" data-start=\"2289\" data-end=\"2824\">La sesi\u00f3n del jueves por la ma\u00f1ana estar\u00e1 dedicada a la\u00a0<strong data-start=\"2920\" data-end=\"2962\">transformaci\u00f3n digital de las ciudades<\/strong>. Durante el d\u00eda se hablar\u00e1 sobre el\u00a0<strong data-start=\"3086\" data-end=\"3102\">euro digital\u00a0<\/strong>o<strong data-start=\"3086\" data-end=\"3102\">\u00a0Blockchain<\/strong>\u00a0e incluso se mostrar\u00e1n ejemplos de\u00a0<strong data-start=\"3334\" data-end=\"3374\">aplicaci\u00f3n pr\u00e1ctica de la tecnolog\u00eda<\/strong>: desde\u00a0<strong data-start=\"3382\" data-end=\"3425\">IA y ciberseguridad en entornos urbanos,<\/strong>\u00a0<strong data-start=\"3443\" data-end=\"3478\">drones en ciudades inteligentes,<\/strong>\u00a0o\u00a0<strong data-start=\"3487\" data-end=\"3551\">prevenci\u00f3n de incendios forestales mediante tecnolog\u00eda a\u00e9rea<\/strong>\u00a0. Adem\u00e1s, representantes de\u00a0<strong data-start=\"3593\" data-end=\"3613\">Val\u00e8ncia y Alcoy<\/strong>\u00a0compartir\u00e1n sus estrategias en\u00a0<strong data-start=\"3645\" data-end=\"3666\">gemelos digitales<\/strong>\u00a0y\u00a0<strong data-start=\"3669\" data-end=\"3689\">gesti\u00f3n de datos<\/strong>. La ma\u00f1ana concluir\u00e1 con una mesa sobre\u00a0<em data-start=\"3732\" data-end=\"3776\">\u201cCiudades medianas y laboratorios urbanos\u201d.\u00a0<\/em><\/p>\n<p style=\"text-align: justify;\" data-start=\"2289\" data-end=\"2824\"><span style=\"color: #0000ff;\"><strong>Innovaci\u00f3n aplicada y econom\u00eda local\u00a0<\/strong><\/span><\/p>\n<p style=\"text-align: justify;\" data-start=\"2289\" data-end=\"2824\">La sesi\u00f3n del jueves por la tarde ser\u00e1\u00a0<strong data-start=\"4015\" data-end=\"4037\">abierta al p\u00fablico<\/strong>, sin necesidad de inscripci\u00f3n. En ella se presentar\u00e1 el proyecto\u00a0<strong data-start=\"4103\" data-end=\"4114\">AL-COIN<\/strong>, una iniciativa desarrollada por la\u00a0<strong data-start=\"4151\" data-end=\"4178\">Universidad de Alicante<\/strong>\u00a0y el grupo\u00a0<strong data-start=\"4190\" data-end=\"4205\">Legalcripto<\/strong>\u00a0dentro del programa\u00a0<strong data-start=\"4226\" data-end=\"4238\">PROMETEO<\/strong>, que explora nuevas formas de\u00a0<strong data-start=\"4269\" data-end=\"4320\">dinamizar la econom\u00eda local mediante blockchain<\/strong>. Habr\u00e1 tambi\u00e9n una mesa redonda sobre\u00a0<strong data-start=\"4361\" data-end=\"4386\">innovaci\u00f3n financiera\u00a0<\/strong>y el\u00a0<strong data-start=\"4501\" data-end=\"4530\">Campus de Alcoy de la UPV<\/strong>\u00a0acoger\u00e1 un curso intensivo de\u00a0<strong data-start=\"4561\" data-end=\"4571\">NVIDIA<\/strong>\u00a0sobre\u00a0<em data-start=\"4578\" data-end=\"4593\">deep learning<\/em>, impartido por\u00a0<strong data-start=\"4609\" data-end=\"4627\">Manuel Ujald\u00f3n<\/strong>, embajador DLI de la compa\u00f1\u00eda.<\/p>\n<p style=\"text-align: justify;\" data-start=\"3976\" data-end=\"4658\"><span style=\"color: #0000ff;\"><strong>Rodes, epicentro tecnol\u00f3gico<\/strong><\/span><\/p>\n<p style=\"text-align: justify;\" data-start=\"4703\" data-end=\"5269\">El\u00a0<strong data-start=\"4706\" data-end=\"4744\">Parque Tecnol\u00f3gico Urbano de Rodes<\/strong>\u00a0ser\u00e1 tambi\u00e9n sede de una\u00a0<strong data-start=\"4770\" data-end=\"4800\">zona expositiva permanente<\/strong>, abierta a todos los asistentes, donde empresas y entidades presentar\u00e1n\u00a0<strong data-start=\"4873\" data-end=\"4917\">prototipos, sensores y soluciones reales<\/strong>\u00a0ya implantadas en diferentes ciudades. El congreso contar\u00e1 con la participaci\u00f3n internacional de\u00a0<strong data-start=\"5017\" data-end=\"5037\">Coding The Curbs<\/strong>, empresa neerlandesa con la que Alcoy mantiene el primer\u00a0<strong data-start=\"5095\" data-end=\"5139\">acuerdo internacional del Sandbox Urbano<\/strong>. All\u00ed se mostrar\u00e1 el sistema de\u00a0<strong data-start=\"5172\" data-end=\"5187\">Smart Zones<\/strong>, zonas de carga y descarga digitalizadas que la firma est\u00e1 probando en la ciudad.<\/p>\n<div class=\"the_champ_sharing_container the_champ_horizontal_sharing\" style=\"text-align: justify;\" data-super-socializer-href=\"https:\/\/www.copealcoy.es\/es\/iii-congreso-de-ciudades-inteligentes-y-big-data-alcoy-reflexiona-sobre-el-futuro-tecnologico\/\"><\/div>\n","protected":false},"excerpt":{"rendered":"<p>Hoy mi\u00e9rcoles os hemos recordado que los Ayuntamientos de las poblaciones de nuestras comarcas, junto a los centros educativos y&#8230;<\/p>\n","protected":false},"author":1,"featured_media":147669,"comment_status":"closed","ping_status":"closed","sticky":false,"template":"","format":"standard","meta":{"footnotes":""},"categories":[6909,89,91,75],"tags":[],"class_list":["post-158498","post","type-post","status-publish","format-standard","has-post-thumbnail","hentry","category-actualidad","category-audiosdelosprogramas","category-informativos","category-noticias"],"yoast_head":"<!-- This site is optimized with the Yoast SEO plugin v27.3 - https:\/\/yoast.com\/product\/yoast-seo-wordpress\/ -->\n<title>Informativo matinal mi\u00e9rcoles 15 de octubre 2025 (07:50h) - COPE Alcoy<\/title>\n<meta name=\"robots\" content=\"index, follow, max-snippet:-1, max-image-preview:large, max-video-preview:-1\" \/>\n<link rel=\"canonical\" href=\"https:\/\/www.copealcoy.es\/es\/informativo-matinal-miercoles-15-de-octubre-2025-0750h\/\" \/>\n<meta property=\"og:locale\" content=\"es_ES\" \/>\n<meta property=\"og:type\" content=\"article\" \/>\n<meta property=\"og:title\" content=\"Informativo matinal mi\u00e9rcoles 15 de octubre 2025 (07:50h) - COPE Alcoy\" \/>\n<meta property=\"og:description\" content=\"Hoy mi\u00e9rcoles os hemos recordado que los Ayuntamientos de las poblaciones de nuestras comarcas, junto a los centros educativos y...\" \/>\n<meta property=\"og:url\" content=\"https:\/\/www.copealcoy.es\/es\/informativo-matinal-miercoles-15-de-octubre-2025-0750h\/\" \/>\n<meta property=\"og:site_name\" content=\"COPE Alcoy\" \/>\n<meta property=\"article:published_time\" content=\"2025-10-15T06:30:15+00:00\" \/>\n<meta property=\"article:modified_time\" content=\"2025-10-15T14:46:16+00:00\" \/>\n<meta property=\"og:image\" content=\"https:\/\/www.copealcoy.es\/wp-content\/uploads\/2025\/02\/Informativo-Matinal-Castellano.png\" \/>\n\t<meta property=\"og:image:width\" content=\"357\" \/>\n\t<meta property=\"og:image:height\" content=\"290\" \/>\n\t<meta property=\"og:image:type\" content=\"image\/png\" \/>\n<meta name=\"author\" content=\"Cope Alcoy\" \/>\n<meta name=\"twitter:label1\" content=\"Escrito por\" \/>\n\t<meta name=\"twitter:data1\" content=\"Cope Alcoy\" \/>\n\t<meta name=\"twitter:label2\" content=\"Tiempo de lectura\" \/>\n\t<meta name=\"twitter:data2\" content=\"5 minutos\" \/>\n<script type=\"application\/ld+json\" class=\"yoast-schema-graph\">{\"@context\":\"https:\\\/\\\/schema.org\",\"@graph\":[{\"@type\":\"Article\",\"@id\":\"https:\\\/\\\/www.copealcoy.es\\\/es\\\/informativo-matinal-miercoles-15-de-octubre-2025-0750h\\\/#article\",\"isPartOf\":{\"@id\":\"https:\\\/\\\/www.copealcoy.es\\\/es\\\/informativo-matinal-miercoles-15-de-octubre-2025-0750h\\\/\"},\"author\":{\"name\":\"Cope Alcoy\",\"@id\":\"https:\\\/\\\/www.copealcoy.es\\\/es\\\/#\\\/schema\\\/person\\\/e777c87fa024e57d40170af9df39882c\"},\"headline\":\"Informativo matinal mi\u00e9rcoles 15 de octubre 2025 (07:50h)\",\"datePublished\":\"2025-10-15T06:30:15+00:00\",\"dateModified\":\"2025-10-15T14:46:16+00:00\",\"mainEntityOfPage\":{\"@id\":\"https:\\\/\\\/www.copealcoy.es\\\/es\\\/informativo-matinal-miercoles-15-de-octubre-2025-0750h\\\/\"},\"wordCount\":798,\"image\":{\"@id\":\"https:\\\/\\\/www.copealcoy.es\\\/es\\\/informativo-matinal-miercoles-15-de-octubre-2025-0750h\\\/#primaryimage\"},\"thumbnailUrl\":\"https:\\\/\\\/www.copealcoy.es\\\/wp-content\\\/uploads\\\/2025\\\/02\\\/Informativo-Matinal-Castellano.png\",\"articleSection\":[\"Actualidad\",\"Audios de los programas\",\"Informativos\",\"Noticias\"],\"inLanguage\":\"es\"},{\"@type\":\"WebPage\",\"@id\":\"https:\\\/\\\/www.copealcoy.es\\\/es\\\/informativo-matinal-miercoles-15-de-octubre-2025-0750h\\\/\",\"url\":\"https:\\\/\\\/www.copealcoy.es\\\/es\\\/informativo-matinal-miercoles-15-de-octubre-2025-0750h\\\/\",\"name\":\"Informativo matinal mi\u00e9rcoles 15 de octubre 2025 (07:50h) - COPE Alcoy\",\"isPartOf\":{\"@id\":\"https:\\\/\\\/www.copealcoy.es\\\/es\\\/#website\"},\"primaryImageOfPage\":{\"@id\":\"https:\\\/\\\/www.copealcoy.es\\\/es\\\/informativo-matinal-miercoles-15-de-octubre-2025-0750h\\\/#primaryimage\"},\"image\":{\"@id\":\"https:\\\/\\\/www.copealcoy.es\\\/es\\\/informativo-matinal-miercoles-15-de-octubre-2025-0750h\\\/#primaryimage\"},\"thumbnailUrl\":\"https:\\\/\\\/www.copealcoy.es\\\/wp-content\\\/uploads\\\/2025\\\/02\\\/Informativo-Matinal-Castellano.png\",\"datePublished\":\"2025-10-15T06:30:15+00:00\",\"dateModified\":\"2025-10-15T14:46:16+00:00\",\"author\":{\"@id\":\"https:\\\/\\\/www.copealcoy.es\\\/es\\\/#\\\/schema\\\/person\\\/e777c87fa024e57d40170af9df39882c\"},\"breadcrumb\":{\"@id\":\"https:\\\/\\\/www.copealcoy.es\\\/es\\\/informativo-matinal-miercoles-15-de-octubre-2025-0750h\\\/#breadcrumb\"},\"inLanguage\":\"es\",\"potentialAction\":[{\"@type\":\"ReadAction\",\"target\":[\"https:\\\/\\\/www.copealcoy.es\\\/es\\\/informativo-matinal-miercoles-15-de-octubre-2025-0750h\\\/\"]}]},{\"@type\":\"ImageObject\",\"inLanguage\":\"es\",\"@id\":\"https:\\\/\\\/www.copealcoy.es\\\/es\\\/informativo-matinal-miercoles-15-de-octubre-2025-0750h\\\/#primaryimage\",\"url\":\"https:\\\/\\\/www.copealcoy.es\\\/wp-content\\\/uploads\\\/2025\\\/02\\\/Informativo-Matinal-Castellano.png\",\"contentUrl\":\"https:\\\/\\\/www.copealcoy.es\\\/wp-content\\\/uploads\\\/2025\\\/02\\\/Informativo-Matinal-Castellano.png\",\"width\":357,\"height\":290},{\"@type\":\"BreadcrumbList\",\"@id\":\"https:\\\/\\\/www.copealcoy.es\\\/es\\\/informativo-matinal-miercoles-15-de-octubre-2025-0750h\\\/#breadcrumb\",\"itemListElement\":[{\"@type\":\"ListItem\",\"position\":1,\"name\":\"Portada\",\"item\":\"https:\\\/\\\/www.copealcoy.es\\\/es\\\/\"},{\"@type\":\"ListItem\",\"position\":2,\"name\":\"Informativo matinal mi\u00e9rcoles 15 de octubre 2025 (07:50h)\"}]},{\"@type\":\"WebSite\",\"@id\":\"https:\\\/\\\/www.copealcoy.es\\\/es\\\/#website\",\"url\":\"https:\\\/\\\/www.copealcoy.es\\\/es\\\/\",\"name\":\"COPE Alcoy\",\"description\":\"Emisora COPE de radio local con emisi\u00f3n online. Pont de Sant Jordi 8-10 03803 Alcoy\",\"potentialAction\":[{\"@type\":\"SearchAction\",\"target\":{\"@type\":\"EntryPoint\",\"urlTemplate\":\"https:\\\/\\\/www.copealcoy.es\\\/es\\\/?s={search_term_string}\"},\"query-input\":{\"@type\":\"PropertyValueSpecification\",\"valueRequired\":true,\"valueName\":\"search_term_string\"}}],\"inLanguage\":\"es\"},{\"@type\":\"Person\",\"@id\":\"https:\\\/\\\/www.copealcoy.es\\\/es\\\/#\\\/schema\\\/person\\\/e777c87fa024e57d40170af9df39882c\",\"name\":\"Cope Alcoy\",\"image\":{\"@type\":\"ImageObject\",\"inLanguage\":\"es\",\"@id\":\"https:\\\/\\\/secure.gravatar.com\\\/avatar\\\/bb65d0283347e303893ba14f0692005417c1e0e690a325a4c5d8bb2b3943ee14?s=96&d=mm&r=g\",\"url\":\"https:\\\/\\\/secure.gravatar.com\\\/avatar\\\/bb65d0283347e303893ba14f0692005417c1e0e690a325a4c5d8bb2b3943ee14?s=96&d=mm&r=g\",\"contentUrl\":\"https:\\\/\\\/secure.gravatar.com\\\/avatar\\\/bb65d0283347e303893ba14f0692005417c1e0e690a325a4c5d8bb2b3943ee14?s=96&d=mm&r=g\",\"caption\":\"Cope Alcoy\"}}]}<\/script>\n<!-- \/ Yoast SEO plugin. -->","yoast_head_json":{"title":"Informativo matinal mi\u00e9rcoles 15 de octubre 2025 (07:50h) - COPE Alcoy","robots":{"index":"index","follow":"follow","max-snippet":"max-snippet:-1","max-image-preview":"max-image-preview:large","max-video-preview":"max-video-preview:-1"},"canonical":"https:\/\/www.copealcoy.es\/es\/informativo-matinal-miercoles-15-de-octubre-2025-0750h\/","og_locale":"es_ES","og_type":"article","og_title":"Informativo matinal mi\u00e9rcoles 15 de octubre 2025 (07:50h) - COPE Alcoy","og_description":"Hoy mi\u00e9rcoles os hemos recordado que los Ayuntamientos de las poblaciones de nuestras comarcas, junto a los centros educativos y...","og_url":"https:\/\/www.copealcoy.es\/es\/informativo-matinal-miercoles-15-de-octubre-2025-0750h\/","og_site_name":"COPE Alcoy","article_published_time":"2025-10-15T06:30:15+00:00","article_modified_time":"2025-10-15T14:46:16+00:00","og_image":[{"width":357,"height":290,"url":"https:\/\/www.copealcoy.es\/wp-content\/uploads\/2025\/02\/Informativo-Matinal-Castellano.png","type":"image\/png"}],"author":"Cope Alcoy","twitter_misc":{"Escrito por":"Cope Alcoy","Tiempo de lectura":"5 minutos"},"schema":{"@context":"https:\/\/schema.org","@graph":[{"@type":"Article","@id":"https:\/\/www.copealcoy.es\/es\/informativo-matinal-miercoles-15-de-octubre-2025-0750h\/#article","isPartOf":{"@id":"https:\/\/www.copealcoy.es\/es\/informativo-matinal-miercoles-15-de-octubre-2025-0750h\/"},"author":{"name":"Cope Alcoy","@id":"https:\/\/www.copealcoy.es\/es\/#\/schema\/person\/e777c87fa024e57d40170af9df39882c"},"headline":"Informativo matinal mi\u00e9rcoles 15 de octubre 2025 (07:50h)","datePublished":"2025-10-15T06:30:15+00:00","dateModified":"2025-10-15T14:46:16+00:00","mainEntityOfPage":{"@id":"https:\/\/www.copealcoy.es\/es\/informativo-matinal-miercoles-15-de-octubre-2025-0750h\/"},"wordCount":798,"image":{"@id":"https:\/\/www.copealcoy.es\/es\/informativo-matinal-miercoles-15-de-octubre-2025-0750h\/#primaryimage"},"thumbnailUrl":"https:\/\/www.copealcoy.es\/wp-content\/uploads\/2025\/02\/Informativo-Matinal-Castellano.png","articleSection":["Actualidad","Audios de los programas","Informativos","Noticias"],"inLanguage":"es"},{"@type":"WebPage","@id":"https:\/\/www.copealcoy.es\/es\/informativo-matinal-miercoles-15-de-octubre-2025-0750h\/","url":"https:\/\/www.copealcoy.es\/es\/informativo-matinal-miercoles-15-de-octubre-2025-0750h\/","name":"Informativo matinal mi\u00e9rcoles 15 de octubre 2025 (07:50h) - COPE Alcoy","isPartOf":{"@id":"https:\/\/www.copealcoy.es\/es\/#website"},"primaryImageOfPage":{"@id":"https:\/\/www.copealcoy.es\/es\/informativo-matinal-miercoles-15-de-octubre-2025-0750h\/#primaryimage"},"image":{"@id":"https:\/\/www.copealcoy.es\/es\/informativo-matinal-miercoles-15-de-octubre-2025-0750h\/#primaryimage"},"thumbnailUrl":"https:\/\/www.copealcoy.es\/wp-content\/uploads\/2025\/02\/Informativo-Matinal-Castellano.png","datePublished":"2025-10-15T06:30:15+00:00","dateModified":"2025-10-15T14:46:16+00:00","author":{"@id":"https:\/\/www.copealcoy.es\/es\/#\/schema\/person\/e777c87fa024e57d40170af9df39882c"},"breadcrumb":{"@id":"https:\/\/www.copealcoy.es\/es\/informativo-matinal-miercoles-15-de-octubre-2025-0750h\/#breadcrumb"},"inLanguage":"es","potentialAction":[{"@type":"ReadAction","target":["https:\/\/www.copealcoy.es\/es\/informativo-matinal-miercoles-15-de-octubre-2025-0750h\/"]}]},{"@type":"ImageObject","inLanguage":"es","@id":"https:\/\/www.copealcoy.es\/es\/informativo-matinal-miercoles-15-de-octubre-2025-0750h\/#primaryimage","url":"https:\/\/www.copealcoy.es\/wp-content\/uploads\/2025\/02\/Informativo-Matinal-Castellano.png","contentUrl":"https:\/\/www.copealcoy.es\/wp-content\/uploads\/2025\/02\/Informativo-Matinal-Castellano.png","width":357,"height":290},{"@type":"BreadcrumbList","@id":"https:\/\/www.copealcoy.es\/es\/informativo-matinal-miercoles-15-de-octubre-2025-0750h\/#breadcrumb","itemListElement":[{"@type":"ListItem","position":1,"name":"Portada","item":"https:\/\/www.copealcoy.es\/es\/"},{"@type":"ListItem","position":2,"name":"Informativo matinal mi\u00e9rcoles 15 de octubre 2025 (07:50h)"}]},{"@type":"WebSite","@id":"https:\/\/www.copealcoy.es\/es\/#website","url":"https:\/\/www.copealcoy.es\/es\/","name":"COPE Alcoy","description":"Emisora COPE de radio local con emisi\u00f3n online. Pont de Sant Jordi 8-10 03803 Alcoy","potentialAction":[{"@type":"SearchAction","target":{"@type":"EntryPoint","urlTemplate":"https:\/\/www.copealcoy.es\/es\/?s={search_term_string}"},"query-input":{"@type":"PropertyValueSpecification","valueRequired":true,"valueName":"search_term_string"}}],"inLanguage":"es"},{"@type":"Person","@id":"https:\/\/www.copealcoy.es\/es\/#\/schema\/person\/e777c87fa024e57d40170af9df39882c","name":"Cope Alcoy","image":{"@type":"ImageObject","inLanguage":"es","@id":"https:\/\/secure.gravatar.com\/avatar\/bb65d0283347e303893ba14f0692005417c1e0e690a325a4c5d8bb2b3943ee14?s=96&d=mm&r=g","url":"https:\/\/secure.gravatar.com\/avatar\/bb65d0283347e303893ba14f0692005417c1e0e690a325a4c5d8bb2b3943ee14?s=96&d=mm&r=g","contentUrl":"https:\/\/secure.gravatar.com\/avatar\/bb65d0283347e303893ba14f0692005417c1e0e690a325a4c5d8bb2b3943ee14?s=96&d=mm&r=g","caption":"Cope Alcoy"}}]}},"_links":{"self":[{"href":"https:\/\/www.copealcoy.es\/es\/wp-json\/wp\/v2\/posts\/158498","targetHints":{"allow":["GET"]}}],"collection":[{"href":"https:\/\/www.copealcoy.es\/es\/wp-json\/wp\/v2\/posts"}],"about":[{"href":"https:\/\/www.copealcoy.es\/es\/wp-json\/wp\/v2\/types\/post"}],"author":[{"embeddable":true,"href":"https:\/\/www.copealcoy.es\/es\/wp-json\/wp\/v2\/users\/1"}],"replies":[{"embeddable":true,"href":"https:\/\/www.copealcoy.es\/es\/wp-json\/wp\/v2\/comments?post=158498"}],"version-history":[{"count":2,"href":"https:\/\/www.copealcoy.es\/es\/wp-json\/wp\/v2\/posts\/158498\/revisions"}],"predecessor-version":[{"id":158503,"href":"https:\/\/www.copealcoy.es\/es\/wp-json\/wp\/v2\/posts\/158498\/revisions\/158503"}],"wp:featuredmedia":[{"embeddable":true,"href":"https:\/\/www.copealcoy.es\/es\/wp-json\/wp\/v2\/media\/147669"}],"wp:attachment":[{"href":"https:\/\/www.copealcoy.es\/es\/wp-json\/wp\/v2\/media?parent=158498"}],"wp:term":[{"taxonomy":"category","embeddable":true,"href":"https:\/\/www.copealcoy.es\/es\/wp-json\/wp\/v2\/categories?post=158498"},{"taxonomy":"post_tag","embeddable":true,"href":"https:\/\/www.copealcoy.es\/es\/wp-json\/wp\/v2\/tags?post=158498"}],"curies":[{"name":"wp","href":"https:\/\/api.w.org\/{rel}","templated":true}]}}