{"id":15849,"date":"2015-09-20T14:07:16","date_gmt":"2015-09-20T14:07:16","guid":{"rendered":"http:\/\/copealcoi.es\/new\/?p=15849"},"modified":"2015-09-21T19:34:28","modified_gmt":"2015-09-21T19:34:28","slug":"un-dia-esplendido-para-la-romeria-a-la-font-roja","status":"publish","type":"post","link":"https:\/\/www.copealcoy.es\/es\/un-dia-esplendido-para-la-romeria-a-la-font-roja\/","title":{"rendered":"Un d\u00eda espl\u00e9ndido para la Romer\u00eda a la Font Roja"},"content":{"rendered":"<p style=\"text-align: justify;\">El sol y las elevadas temperaturas han acompa\u00f1ado este domingo 20 de septiembre a centenares de alcoyanos en la romer\u00eda a la Font Roja. La jornada ha empezado a las seis de la ma\u00f1ana, con la noche todav\u00eda cerrada, al son de la m\u00fasica tradicional y los fuegos artificiales que han protagonizado la <em>Despert\u00e0<\/em> para anunciar a todo Alcoy el comienzo del d\u00eda grande en honor a la Virgen de los Lirios. Sobre las 6:45 ha tenido lugar en el templo de Santa Mar\u00eda el rezo del \u00e1ngelus as\u00ed como el canto de la salve y seguidamente se ha efectuado el traslado de la imagen de la Virgen por las calles del centro de la ciudad hasta la iglesia de San Mauro. Desde all\u00ed han partido los romeros con la imagen peregrina para llevar a cabo el ascenso hasta el Carrascal que ha contado de nuevo con varias paradas en el recorrido, entre ellas en el cementerio, para \u00a0rezar un responso rindiendo un sentido y emotivo homenaje a los alcoyanos difuntos.<\/p>\n<p style=\"text-align: justify;\">La romer\u00eda a la Font Roja ha seguido la subida hasta el santuario y durante el camino les filaes Muntanyesos y Aragonesos han obsequiado a los participantes con timonet, cantueso y pastas tradicionales.\u00a0El punto final del trayecto ha sido la ermita donde ha llegado la patrona pasadas las diez y media de la ma\u00f1ana tras recorrer el\u00a0paisaje del Parque Natural que en estas fechas conjuga los colores del final del verano con el anticipo del oto\u00f1o. Despu\u00e9s del almuerzo se ha oficiado la misa solemne de campa\u00f1a, con la participaci\u00f3n de los j\u00f3venes, y la intensa ma\u00f1ana ha finalizado con bailes populares y diversas actuaciones.<\/p>\n<p style=\"text-align: justify;\">Apuntar que la romer\u00eda ha transcurrido con normalidad y sin incidentes, seg\u00fan las valoraciones de Protecci\u00f3n Civil de Alcoy, y se estima que cerca\u00a0de 4.000 personas han participado en la misma. Adem\u00e1s ha habido servicio especial de autobuses para subir a la Font Roja y posteriormente regresar a la ciudad.<\/p>\n","protected":false},"excerpt":{"rendered":"<p>El sol y las elevadas temperaturas han acompa\u00f1ado este domingo 20 de septiembre a centenares de alcoyanos en la romer\u00eda&#8230;<\/p>\n","protected":false},"author":1,"featured_media":15850,"comment_status":"open","ping_status":"open","sticky":false,"template":"","format":"standard","meta":{"footnotes":""},"categories":[97,78,75,125],"tags":[1494,437,566,447],"class_list":["post-15849","post","type-post","status-publish","format-standard","has-post-thumbnail","hentry","category-alcoy","category-fiestaycultura","category-noticias","category-portada","tag-alcoy","tag-font-roja","tag-romeria","tag-tradiciones"],"yoast_head":"<!-- This site is optimized with the Yoast SEO plugin v27.3 - https:\/\/yoast.com\/product\/yoast-seo-wordpress\/ -->\n<title>Un d\u00eda espl\u00e9ndido para la Romer\u00eda a la Font Roja - COPE Alcoy<\/title>\n<meta name=\"robots\" content=\"index, follow, max-snippet:-1, max-image-preview:large, max-video-preview:-1\" \/>\n<link rel=\"canonical\" href=\"https:\/\/www.copealcoy.es\/es\/un-dia-esplendido-para-la-romeria-a-la-font-roja\/\" \/>\n<meta property=\"og:locale\" content=\"es_ES\" \/>\n<meta property=\"og:type\" content=\"article\" \/>\n<meta property=\"og:title\" content=\"Un d\u00eda espl\u00e9ndido para la Romer\u00eda a la Font Roja - COPE Alcoy\" \/>\n<meta property=\"og:description\" content=\"El sol y las elevadas temperaturas han acompa\u00f1ado este domingo 20 de septiembre a centenares de alcoyanos en la romer\u00eda...\" \/>\n<meta property=\"og:url\" content=\"https:\/\/www.copealcoy.es\/es\/un-dia-esplendido-para-la-romeria-a-la-font-roja\/\" \/>\n<meta property=\"og:site_name\" content=\"COPE Alcoy\" \/>\n<meta property=\"article:published_time\" content=\"2015-09-20T14:07:16+00:00\" \/>\n<meta property=\"article:modified_time\" content=\"2015-09-21T19:34:28+00:00\" \/>\n<meta property=\"og:image\" content=\"https:\/\/www.copealcoy.es\/wp-content\/uploads\/2015\/09\/CPV15iVWcAAS0pL.jpg\" \/>\n\t<meta property=\"og:image:width\" content=\"600\" \/>\n\t<meta property=\"og:image:height\" content=\"450\" \/>\n\t<meta property=\"og:image:type\" content=\"image\/jpeg\" \/>\n<meta name=\"author\" content=\"Cope Alcoy\" \/>\n<meta name=\"twitter:label1\" content=\"Escrito por\" \/>\n\t<meta name=\"twitter:data1\" content=\"Cope Alcoy\" \/>\n\t<meta name=\"twitter:label2\" content=\"Tiempo de lectura\" \/>\n\t<meta name=\"twitter:data2\" content=\"2 minutos\" \/>\n<script type=\"application\/ld+json\" class=\"yoast-schema-graph\">{\"@context\":\"https:\\\/\\\/schema.org\",\"@graph\":[{\"@type\":\"Article\",\"@id\":\"https:\\\/\\\/www.copealcoy.es\\\/es\\\/un-dia-esplendido-para-la-romeria-a-la-font-roja\\\/#article\",\"isPartOf\":{\"@id\":\"https:\\\/\\\/www.copealcoy.es\\\/es\\\/un-dia-esplendido-para-la-romeria-a-la-font-roja\\\/\"},\"author\":{\"name\":\"Cope Alcoy\",\"@id\":\"https:\\\/\\\/www.copealcoy.es\\\/es\\\/#\\\/schema\\\/person\\\/e777c87fa024e57d40170af9df39882c\"},\"headline\":\"Un d\u00eda espl\u00e9ndido para la Romer\u00eda a la Font Roja\",\"datePublished\":\"2015-09-20T14:07:16+00:00\",\"dateModified\":\"2015-09-21T19:34:28+00:00\",\"mainEntityOfPage\":{\"@id\":\"https:\\\/\\\/www.copealcoy.es\\\/es\\\/un-dia-esplendido-para-la-romeria-a-la-font-roja\\\/\"},\"wordCount\":358,\"commentCount\":0,\"image\":{\"@id\":\"https:\\\/\\\/www.copealcoy.es\\\/es\\\/un-dia-esplendido-para-la-romeria-a-la-font-roja\\\/#primaryimage\"},\"thumbnailUrl\":\"https:\\\/\\\/www.copealcoy.es\\\/wp-content\\\/uploads\\\/2015\\\/09\\\/CPV15iVWcAAS0pL.jpg\",\"keywords\":[\"Alcoy\",\"Font Roja\",\"Romer\u00eda\",\"Tradiciones\"],\"articleSection\":[\"Alcoy\",\"Fiesta y Cultura\",\"Noticias\",\"Portada\"],\"inLanguage\":\"es\"},{\"@type\":\"WebPage\",\"@id\":\"https:\\\/\\\/www.copealcoy.es\\\/es\\\/un-dia-esplendido-para-la-romeria-a-la-font-roja\\\/\",\"url\":\"https:\\\/\\\/www.copealcoy.es\\\/es\\\/un-dia-esplendido-para-la-romeria-a-la-font-roja\\\/\",\"name\":\"Un d\u00eda espl\u00e9ndido para la Romer\u00eda a la Font Roja - COPE Alcoy\",\"isPartOf\":{\"@id\":\"https:\\\/\\\/www.copealcoy.es\\\/es\\\/#website\"},\"primaryImageOfPage\":{\"@id\":\"https:\\\/\\\/www.copealcoy.es\\\/es\\\/un-dia-esplendido-para-la-romeria-a-la-font-roja\\\/#primaryimage\"},\"image\":{\"@id\":\"https:\\\/\\\/www.copealcoy.es\\\/es\\\/un-dia-esplendido-para-la-romeria-a-la-font-roja\\\/#primaryimage\"},\"thumbnailUrl\":\"https:\\\/\\\/www.copealcoy.es\\\/wp-content\\\/uploads\\\/2015\\\/09\\\/CPV15iVWcAAS0pL.jpg\",\"datePublished\":\"2015-09-20T14:07:16+00:00\",\"dateModified\":\"2015-09-21T19:34:28+00:00\",\"author\":{\"@id\":\"https:\\\/\\\/www.copealcoy.es\\\/es\\\/#\\\/schema\\\/person\\\/e777c87fa024e57d40170af9df39882c\"},\"breadcrumb\":{\"@id\":\"https:\\\/\\\/www.copealcoy.es\\\/es\\\/un-dia-esplendido-para-la-romeria-a-la-font-roja\\\/#breadcrumb\"},\"inLanguage\":\"es\",\"potentialAction\":[{\"@type\":\"ReadAction\",\"target\":[\"https:\\\/\\\/www.copealcoy.es\\\/es\\\/un-dia-esplendido-para-la-romeria-a-la-font-roja\\\/\"]}]},{\"@type\":\"ImageObject\",\"inLanguage\":\"es\",\"@id\":\"https:\\\/\\\/www.copealcoy.es\\\/es\\\/un-dia-esplendido-para-la-romeria-a-la-font-roja\\\/#primaryimage\",\"url\":\"https:\\\/\\\/www.copealcoy.es\\\/wp-content\\\/uploads\\\/2015\\\/09\\\/CPV15iVWcAAS0pL.jpg\",\"contentUrl\":\"https:\\\/\\\/www.copealcoy.es\\\/wp-content\\\/uploads\\\/2015\\\/09\\\/CPV15iVWcAAS0pL.jpg\",\"width\":600,\"height\":450,\"caption\":\"La Virgen de los Lirios a su llegada a la Font Roja \\\/ Foto: Portal Infofesta\"},{\"@type\":\"BreadcrumbList\",\"@id\":\"https:\\\/\\\/www.copealcoy.es\\\/es\\\/un-dia-esplendido-para-la-romeria-a-la-font-roja\\\/#breadcrumb\",\"itemListElement\":[{\"@type\":\"ListItem\",\"position\":1,\"name\":\"Portada\",\"item\":\"https:\\\/\\\/www.copealcoy.es\\\/es\\\/\"},{\"@type\":\"ListItem\",\"position\":2,\"name\":\"Un d\u00eda espl\u00e9ndido para la Romer\u00eda a la Font Roja\"}]},{\"@type\":\"WebSite\",\"@id\":\"https:\\\/\\\/www.copealcoy.es\\\/es\\\/#website\",\"url\":\"https:\\\/\\\/www.copealcoy.es\\\/es\\\/\",\"name\":\"COPE Alcoy\",\"description\":\"Emisora COPE de radio local con emisi\u00f3n online. Pont de Sant Jordi 8-10 03803 Alcoy\",\"potentialAction\":[{\"@type\":\"SearchAction\",\"target\":{\"@type\":\"EntryPoint\",\"urlTemplate\":\"https:\\\/\\\/www.copealcoy.es\\\/es\\\/?s={search_term_string}\"},\"query-input\":{\"@type\":\"PropertyValueSpecification\",\"valueRequired\":true,\"valueName\":\"search_term_string\"}}],\"inLanguage\":\"es\"},{\"@type\":\"Person\",\"@id\":\"https:\\\/\\\/www.copealcoy.es\\\/es\\\/#\\\/schema\\\/person\\\/e777c87fa024e57d40170af9df39882c\",\"name\":\"Cope Alcoy\",\"image\":{\"@type\":\"ImageObject\",\"inLanguage\":\"es\",\"@id\":\"https:\\\/\\\/secure.gravatar.com\\\/avatar\\\/bb65d0283347e303893ba14f0692005417c1e0e690a325a4c5d8bb2b3943ee14?s=96&d=mm&r=g\",\"url\":\"https:\\\/\\\/secure.gravatar.com\\\/avatar\\\/bb65d0283347e303893ba14f0692005417c1e0e690a325a4c5d8bb2b3943ee14?s=96&d=mm&r=g\",\"contentUrl\":\"https:\\\/\\\/secure.gravatar.com\\\/avatar\\\/bb65d0283347e303893ba14f0692005417c1e0e690a325a4c5d8bb2b3943ee14?s=96&d=mm&r=g\",\"caption\":\"Cope Alcoy\"}}]}<\/script>\n<!-- \/ Yoast SEO plugin. -->","yoast_head_json":{"title":"Un d\u00eda espl\u00e9ndido para la Romer\u00eda a la Font Roja - COPE Alcoy","robots":{"index":"index","follow":"follow","max-snippet":"max-snippet:-1","max-image-preview":"max-image-preview:large","max-video-preview":"max-video-preview:-1"},"canonical":"https:\/\/www.copealcoy.es\/es\/un-dia-esplendido-para-la-romeria-a-la-font-roja\/","og_locale":"es_ES","og_type":"article","og_title":"Un d\u00eda espl\u00e9ndido para la Romer\u00eda a la Font Roja - COPE Alcoy","og_description":"El sol y las elevadas temperaturas han acompa\u00f1ado este domingo 20 de septiembre a centenares de alcoyanos en la romer\u00eda...","og_url":"https:\/\/www.copealcoy.es\/es\/un-dia-esplendido-para-la-romeria-a-la-font-roja\/","og_site_name":"COPE Alcoy","article_published_time":"2015-09-20T14:07:16+00:00","article_modified_time":"2015-09-21T19:34:28+00:00","og_image":[{"width":600,"height":450,"url":"https:\/\/www.copealcoy.es\/wp-content\/uploads\/2015\/09\/CPV15iVWcAAS0pL.jpg","type":"image\/jpeg"}],"author":"Cope Alcoy","twitter_misc":{"Escrito por":"Cope Alcoy","Tiempo de lectura":"2 minutos"},"schema":{"@context":"https:\/\/schema.org","@graph":[{"@type":"Article","@id":"https:\/\/www.copealcoy.es\/es\/un-dia-esplendido-para-la-romeria-a-la-font-roja\/#article","isPartOf":{"@id":"https:\/\/www.copealcoy.es\/es\/un-dia-esplendido-para-la-romeria-a-la-font-roja\/"},"author":{"name":"Cope Alcoy","@id":"https:\/\/www.copealcoy.es\/es\/#\/schema\/person\/e777c87fa024e57d40170af9df39882c"},"headline":"Un d\u00eda espl\u00e9ndido para la Romer\u00eda a la Font Roja","datePublished":"2015-09-20T14:07:16+00:00","dateModified":"2015-09-21T19:34:28+00:00","mainEntityOfPage":{"@id":"https:\/\/www.copealcoy.es\/es\/un-dia-esplendido-para-la-romeria-a-la-font-roja\/"},"wordCount":358,"commentCount":0,"image":{"@id":"https:\/\/www.copealcoy.es\/es\/un-dia-esplendido-para-la-romeria-a-la-font-roja\/#primaryimage"},"thumbnailUrl":"https:\/\/www.copealcoy.es\/wp-content\/uploads\/2015\/09\/CPV15iVWcAAS0pL.jpg","keywords":["Alcoy","Font Roja","Romer\u00eda","Tradiciones"],"articleSection":["Alcoy","Fiesta y Cultura","Noticias","Portada"],"inLanguage":"es"},{"@type":"WebPage","@id":"https:\/\/www.copealcoy.es\/es\/un-dia-esplendido-para-la-romeria-a-la-font-roja\/","url":"https:\/\/www.copealcoy.es\/es\/un-dia-esplendido-para-la-romeria-a-la-font-roja\/","name":"Un d\u00eda espl\u00e9ndido para la Romer\u00eda a la Font Roja - COPE Alcoy","isPartOf":{"@id":"https:\/\/www.copealcoy.es\/es\/#website"},"primaryImageOfPage":{"@id":"https:\/\/www.copealcoy.es\/es\/un-dia-esplendido-para-la-romeria-a-la-font-roja\/#primaryimage"},"image":{"@id":"https:\/\/www.copealcoy.es\/es\/un-dia-esplendido-para-la-romeria-a-la-font-roja\/#primaryimage"},"thumbnailUrl":"https:\/\/www.copealcoy.es\/wp-content\/uploads\/2015\/09\/CPV15iVWcAAS0pL.jpg","datePublished":"2015-09-20T14:07:16+00:00","dateModified":"2015-09-21T19:34:28+00:00","author":{"@id":"https:\/\/www.copealcoy.es\/es\/#\/schema\/person\/e777c87fa024e57d40170af9df39882c"},"breadcrumb":{"@id":"https:\/\/www.copealcoy.es\/es\/un-dia-esplendido-para-la-romeria-a-la-font-roja\/#breadcrumb"},"inLanguage":"es","potentialAction":[{"@type":"ReadAction","target":["https:\/\/www.copealcoy.es\/es\/un-dia-esplendido-para-la-romeria-a-la-font-roja\/"]}]},{"@type":"ImageObject","inLanguage":"es","@id":"https:\/\/www.copealcoy.es\/es\/un-dia-esplendido-para-la-romeria-a-la-font-roja\/#primaryimage","url":"https:\/\/www.copealcoy.es\/wp-content\/uploads\/2015\/09\/CPV15iVWcAAS0pL.jpg","contentUrl":"https:\/\/www.copealcoy.es\/wp-content\/uploads\/2015\/09\/CPV15iVWcAAS0pL.jpg","width":600,"height":450,"caption":"La Virgen de los Lirios a su llegada a la Font Roja \/ Foto: Portal Infofesta"},{"@type":"BreadcrumbList","@id":"https:\/\/www.copealcoy.es\/es\/un-dia-esplendido-para-la-romeria-a-la-font-roja\/#breadcrumb","itemListElement":[{"@type":"ListItem","position":1,"name":"Portada","item":"https:\/\/www.copealcoy.es\/es\/"},{"@type":"ListItem","position":2,"name":"Un d\u00eda espl\u00e9ndido para la Romer\u00eda a la Font Roja"}]},{"@type":"WebSite","@id":"https:\/\/www.copealcoy.es\/es\/#website","url":"https:\/\/www.copealcoy.es\/es\/","name":"COPE Alcoy","description":"Emisora COPE de radio local con emisi\u00f3n online. Pont de Sant Jordi 8-10 03803 Alcoy","potentialAction":[{"@type":"SearchAction","target":{"@type":"EntryPoint","urlTemplate":"https:\/\/www.copealcoy.es\/es\/?s={search_term_string}"},"query-input":{"@type":"PropertyValueSpecification","valueRequired":true,"valueName":"search_term_string"}}],"inLanguage":"es"},{"@type":"Person","@id":"https:\/\/www.copealcoy.es\/es\/#\/schema\/person\/e777c87fa024e57d40170af9df39882c","name":"Cope Alcoy","image":{"@type":"ImageObject","inLanguage":"es","@id":"https:\/\/secure.gravatar.com\/avatar\/bb65d0283347e303893ba14f0692005417c1e0e690a325a4c5d8bb2b3943ee14?s=96&d=mm&r=g","url":"https:\/\/secure.gravatar.com\/avatar\/bb65d0283347e303893ba14f0692005417c1e0e690a325a4c5d8bb2b3943ee14?s=96&d=mm&r=g","contentUrl":"https:\/\/secure.gravatar.com\/avatar\/bb65d0283347e303893ba14f0692005417c1e0e690a325a4c5d8bb2b3943ee14?s=96&d=mm&r=g","caption":"Cope Alcoy"}}]}},"_links":{"self":[{"href":"https:\/\/www.copealcoy.es\/es\/wp-json\/wp\/v2\/posts\/15849","targetHints":{"allow":["GET"]}}],"collection":[{"href":"https:\/\/www.copealcoy.es\/es\/wp-json\/wp\/v2\/posts"}],"about":[{"href":"https:\/\/www.copealcoy.es\/es\/wp-json\/wp\/v2\/types\/post"}],"author":[{"embeddable":true,"href":"https:\/\/www.copealcoy.es\/es\/wp-json\/wp\/v2\/users\/1"}],"replies":[{"embeddable":true,"href":"https:\/\/www.copealcoy.es\/es\/wp-json\/wp\/v2\/comments?post=15849"}],"version-history":[{"count":0,"href":"https:\/\/www.copealcoy.es\/es\/wp-json\/wp\/v2\/posts\/15849\/revisions"}],"wp:featuredmedia":[{"embeddable":true,"href":"https:\/\/www.copealcoy.es\/es\/wp-json\/wp\/v2\/media\/15850"}],"wp:attachment":[{"href":"https:\/\/www.copealcoy.es\/es\/wp-json\/wp\/v2\/media?parent=15849"}],"wp:term":[{"taxonomy":"category","embeddable":true,"href":"https:\/\/www.copealcoy.es\/es\/wp-json\/wp\/v2\/categories?post=15849"},{"taxonomy":"post_tag","embeddable":true,"href":"https:\/\/www.copealcoy.es\/es\/wp-json\/wp\/v2\/tags?post=15849"}],"curies":[{"name":"wp","href":"https:\/\/api.w.org\/{rel}","templated":true}]}}