{"id":158445,"date":"2025-10-14T07:35:01","date_gmt":"2025-10-14T06:35:01","guid":{"rendered":"https:\/\/www.copealcoy.es\/?p=158445"},"modified":"2025-10-14T18:55:31","modified_gmt":"2025-10-14T17:55:31","slug":"mediodia-cope-alcoy-martes-14-de-octubre-2025-1420h","status":"publish","type":"post","link":"https:\/\/www.copealcoy.es\/es\/mediodia-cope-alcoy-martes-14-de-octubre-2025-1420h\/","title":{"rendered":"\u2018Mediod\u00eda Cope\u2019 Alcoy martes 14 de octubre 2025 (14:20h)"},"content":{"rendered":"<p><iframe loading=\"lazy\" title=\"&#039;Mediod\u00eda Cope&#039; Alcoy Martes 14 De Octubre 2025 (14:20h)\" width=\"100%\" height=\"120\" src=\"https:\/\/www.mixcloud.com\/widget\/iframe\/?feed=https%3A%2F%2Fwww.mixcloud.com%2FCOPEAlcoy%2Fmediod%25C3%25ADa-cope-alcoy-martes-14-de-octubre-2025-1420h%2F&amp;hide_cover=1\" frameborder=\"0\" allow=\"encrypted-media; fullscreen; autoplay; idle-detection; speaker-selection; web-share;\"><\/iframe><\/p>\n<p style=\"text-align: justify;\">Hoy martes hemos destacado que <strong>Cocentaina estrena una interesante exposici\u00f3n dedicada a Roger de Ll\u00faria<\/strong>, primer se\u00f1or feudal de la hoy capital del Comtat. Tambi\u00e9n hemos destacado que los Ayuntamientos de nuestras comarcas, junto a los centros educativos y las familias, <strong>reclaman que las Pruebas de Acceso a la Universidad (PAU) se sigan realizando en Alcoy<\/strong>.<\/p>\n<p style=\"text-align: justify;\" data-start=\"449\" data-end=\"992\">Los alcaldes de\u00a0<strong data-start=\"465\" data-end=\"514\">Alcoy, Cocentaina, Muro y Banyeres de Mariola<\/strong>, representantes de los\u00a0<strong data-start=\"643\" data-end=\"684\">institutos y centros con Bachillerato<\/strong>\u00a0de las comarcas de l\u2019Alcoi\u00e0 y el Comtat , as\u00ed como\u00a0<strong data-start=\"715\" data-end=\"770\">alumnado, familias y la plataforma \u201cLes PAU a Casa\u201d<\/strong>, han manifestado de forma conjunta su\u00a0<strong data-start=\"809\" data-end=\"828\">rotundo rechazo<\/strong>\u00a0a la decisi\u00f3n de la\u00a0<a href=\"https:\/\/www.ua.es\/\" target=\"_blank\" rel=\"noopener\"><strong data-start=\"849\" data-end=\"881\">Universidad de Alicante (UA)<\/strong><\/a>\u00a0de\u00a0<strong data-start=\"885\" data-end=\"945\">centralizar las Pruebas de Acceso a la Universidad (PAU)<\/strong>\u00a0en el campus de\u00a0<strong data-start=\"962\" data-end=\"989\">San Vicente del Raspeig<\/strong>. La postura com\u00fan se ha reafirmado este martes en una\u00a0<strong data-start=\"1047\" data-end=\"1096\">reuni\u00f3n celebrada en la Casa de Ferro de Muro<\/strong>, donde se destac\u00f3 la\u00a0<strong data-start=\"1118\" data-end=\"1136\">firme voluntad<\/strong>\u00a0de las comarcas del\u00a0<strong data-start=\"1157\" data-end=\"1179\">Alcoi\u00e0 y el Comtat<\/strong>\u00a0de mantener las pruebas en\u00a0<strong data-start=\"1207\" data-end=\"1216\">Alcoy<\/strong>, tal como se ha hecho durante d\u00e9cadas.<\/p>\n<p style=\"text-align: justify;\" data-start=\"449\" data-end=\"992\">Los representantes municipales, educativos y sociales han subrayado que la medida es\u00a0<em>\u201ctotalmente injustificada\u201d\u00a0<\/em>y supondr\u00eda un\u00a0<strong data-start=\"1390\" data-end=\"1435\">grave perjuicio para unos 400 estudiantes<\/strong>\u00a0que deber\u00edan desplazarse hasta Alicante durante los d\u00edas de examen, con el consiguiente aumento de costes, problemas de transporte y\u00a0<strong data-start=\"1569\" data-end=\"1595\">mayor estr\u00e9s emocional<\/strong>\u00a0en un momento crucial del curso. Adem\u00e1s, han advertido de que la decisi\u00f3n\u00a0<strong data-start=\"1670\" data-end=\"1735\">rompe el principio de igualdad territorial y de oportunidades<\/strong>, dejando en\u00a0<strong data-start=\"1748\" data-end=\"1787\">desventaja al alumnado del interior<\/strong>\u00a0frente al del \u00e1rea metropolitana.<\/p>\n<p style=\"text-align: justify;\" data-start=\"1825\" data-end=\"2281\">La reuni\u00f3n tambi\u00e9n ha servido para\u00a0<strong data-start=\"1860\" data-end=\"1888\">reforzar la coordinaci\u00f3n<\/strong>\u00a0entre los ayuntamientos y los centros educativos, que coinciden en que se trata de\u00a0<strong data-start=\"1972\" data-end=\"1998\">un problema compartido<\/strong>\u00a0que\u00a0<strong data-start=\"2003\" data-end=\"2042\">no puede abordarse de forma aislada<\/strong>. Por ello, las corporaciones municipales reclaman una\u00a0<strong data-start=\"2097\" data-end=\"2154\">nueva reuni\u00f3n conjunta con la Universidad de Alicante<\/strong>, en la que est\u00e9n presentes\u00a0<strong data-start=\"2182\" data-end=\"2213\">todas las partes implicadas<\/strong>, para estudiar alternativas que mantengan la equidad del proceso.<\/p>\n<p style=\"text-align: justify;\" data-start=\"2283\" data-end=\"2824\">El\u00a0<strong data-start=\"2286\" data-end=\"2320\">alcalde de Alcoy, Toni Franc\u00e9s<\/strong>, ha recordado que la ciudad\u00a0<em data-start=\"2349\" data-end=\"2471\">\u201ccuenta con una infraestructura m\u00e1s que adecuada para la celebraci\u00f3n de las pruebas, como se ha demostrado durante a\u00f1os\u201d<\/em>, en referencia al campus de la\u00a0<strong data-start=\"2503\" data-end=\"2551\">Universitat Polit\u00e8cnica de Val\u00e8ncia en Alcoy<\/strong>\u00a0y a otros espacios municipales. Franc\u00e9s ha subrayado adem\u00e1s\u00a0<em data-start=\"2612\" data-end=\"2774\">\u201cel perjuicio y la desigualdad de condiciones a los que se someter\u00eda a centenares de estudiantes de Alcoy y de los municipios cercanos, as\u00ed como a sus familias\u201d<\/em>\u00a0en caso de que el traslado se hiciera efectivo. Por su parte, el\u00a0<strong data-start=\"2843\" data-end=\"2881\">alcalde de Cocentaina, Rub\u00e9n Mu\u00f1oz<\/strong>, ha se\u00f1alado que\u00a0<em data-start=\"2899\" data-end=\"3133\">\u201cno tiene ning\u00fan sentido cambiar algo que funciona. Las instalaciones son adecuadas, la organizaci\u00f3n es ejemplar y los resultados siempre han sido positivos. No entendemos por qu\u00e9 se quiere modificar un modelo que beneficia a todos\u201d<\/em>. Adem\u00e1s, ha a\u00f1adido que\u00a0<em data-start=\"3158\" data-end=\"3317\">\u201cno podemos pedir a nuestros j\u00f3venes que, adem\u00e1s del esfuerzo acad\u00e9mico, tengan que afrontar largos desplazamientos, gastos extra y p\u00e9rdida de concentraci\u00f3n\u201d<\/em>. El\u00a0<strong data-start=\"3325\" data-end=\"3359\">alcalde de Muro, Vicent Molina<\/strong>, ha afirmado que\u00a0<em data-start=\"3377\" data-end=\"3668\">\u201crechazamos de forma contundente la decisi\u00f3n de la Universidad de Alicante, que no podemos entender. Realizar las PAU en Alcoy es perfecto para nuestros alumnos, y no podemos desplazar a cerca de 400 \u201460 de ellos de Muro\u2014 a unas instalaciones lejanas que los pondr\u00edan en clara desigualdad\u201d<\/em>. Desde\u00a0<strong data-start=\"3679\" data-end=\"3702\">Banyeres de Mariola<\/strong>, el alcalde\u00a0<strong data-start=\"3715\" data-end=\"3732\">Josep Sempere<\/strong>\u00a0ha recalcado\u00a0<em data-start=\"3746\" data-end=\"3932\">\u201cla desventaja que supone el desplazamiento del alumnado de Banyeres, por ser la localidad m\u00e1s alejada, con un viaje de hora y media justo antes de unas pruebas que marcar\u00e1n su futuro\u201d<\/em>.<\/p>\n<p style=\"text-align: justify;\" data-start=\"3937\" data-end=\"4253\">Finalmente, los\u00a0<strong data-start=\"3953\" data-end=\"4001\">centros educativos, familias y ayuntamientos<\/strong>\u00a0implicados coinciden en que\u00a0<strong data-start=\"4030\" data-end=\"4113\">centralizar las PAU en San Vicente del Raspeig est\u00e1 fuera de toda consideraci\u00f3n<\/strong>, y defienden que\u00a0<strong data-start=\"4131\" data-end=\"4250\">mantener la actual sede de Alcoy es una cuesti\u00f3n de sentido com\u00fan, equidad educativa y compromiso con el territorio<\/strong>.<\/p>\n","protected":false},"excerpt":{"rendered":"<p>Hoy martes hemos destacado que Cocentaina estrena una interesante exposici\u00f3n dedicada a Roger de Ll\u00faria, primer se\u00f1or feudal de la&#8230;<\/p>\n","protected":false},"author":1,"featured_media":147663,"comment_status":"closed","ping_status":"closed","sticky":false,"template":"","format":"standard","meta":{"footnotes":""},"categories":[6909,89,91,75],"tags":[],"class_list":["post-158445","post","type-post","status-publish","format-standard","has-post-thumbnail","hentry","category-actualidad","category-audiosdelosprogramas","category-informativos","category-noticias"],"yoast_head":"<!-- This site is optimized with the Yoast SEO plugin v27.3 - https:\/\/yoast.com\/product\/yoast-seo-wordpress\/ -->\n<title>\u2018Mediod\u00eda Cope\u2019 Alcoy martes 14 de octubre 2025 (14:20h) - COPE Alcoy<\/title>\n<meta name=\"robots\" content=\"index, follow, max-snippet:-1, max-image-preview:large, max-video-preview:-1\" \/>\n<link rel=\"canonical\" href=\"https:\/\/www.copealcoy.es\/es\/mediodia-cope-alcoy-martes-14-de-octubre-2025-1420h\/\" \/>\n<meta property=\"og:locale\" content=\"es_ES\" \/>\n<meta property=\"og:type\" content=\"article\" \/>\n<meta property=\"og:title\" content=\"\u2018Mediod\u00eda Cope\u2019 Alcoy martes 14 de octubre 2025 (14:20h) - COPE Alcoy\" \/>\n<meta property=\"og:description\" content=\"Hoy martes hemos destacado que Cocentaina estrena una interesante exposici\u00f3n dedicada a Roger de Ll\u00faria, primer se\u00f1or feudal de la...\" \/>\n<meta property=\"og:url\" content=\"https:\/\/www.copealcoy.es\/es\/mediodia-cope-alcoy-martes-14-de-octubre-2025-1420h\/\" \/>\n<meta property=\"og:site_name\" content=\"COPE Alcoy\" \/>\n<meta property=\"article:published_time\" content=\"2025-10-14T06:35:01+00:00\" \/>\n<meta property=\"article:modified_time\" content=\"2025-10-14T17:55:31+00:00\" \/>\n<meta property=\"og:image\" content=\"https:\/\/www.copealcoy.es\/wp-content\/uploads\/2025\/02\/Mediodia-Cope-Castellano.png\" \/>\n\t<meta property=\"og:image:width\" content=\"357\" \/>\n\t<meta property=\"og:image:height\" content=\"290\" \/>\n\t<meta property=\"og:image:type\" content=\"image\/png\" \/>\n<meta name=\"author\" content=\"Cope Alcoy\" \/>\n<meta name=\"twitter:label1\" content=\"Escrito por\" \/>\n\t<meta name=\"twitter:data1\" content=\"Cope Alcoy\" \/>\n\t<meta name=\"twitter:label2\" content=\"Tiempo de lectura\" \/>\n\t<meta name=\"twitter:data2\" content=\"4 minutos\" \/>\n<script type=\"application\/ld+json\" class=\"yoast-schema-graph\">{\"@context\":\"https:\\\/\\\/schema.org\",\"@graph\":[{\"@type\":\"Article\",\"@id\":\"https:\\\/\\\/www.copealcoy.es\\\/es\\\/mediodia-cope-alcoy-martes-14-de-octubre-2025-1420h\\\/#article\",\"isPartOf\":{\"@id\":\"https:\\\/\\\/www.copealcoy.es\\\/es\\\/mediodia-cope-alcoy-martes-14-de-octubre-2025-1420h\\\/\"},\"author\":{\"name\":\"Cope Alcoy\",\"@id\":\"https:\\\/\\\/www.copealcoy.es\\\/es\\\/#\\\/schema\\\/person\\\/e777c87fa024e57d40170af9df39882c\"},\"headline\":\"\u2018Mediod\u00eda Cope\u2019 Alcoy martes 14 de octubre 2025 (14:20h)\",\"datePublished\":\"2025-10-14T06:35:01+00:00\",\"dateModified\":\"2025-10-14T17:55:31+00:00\",\"mainEntityOfPage\":{\"@id\":\"https:\\\/\\\/www.copealcoy.es\\\/es\\\/mediodia-cope-alcoy-martes-14-de-octubre-2025-1420h\\\/\"},\"wordCount\":691,\"image\":{\"@id\":\"https:\\\/\\\/www.copealcoy.es\\\/es\\\/mediodia-cope-alcoy-martes-14-de-octubre-2025-1420h\\\/#primaryimage\"},\"thumbnailUrl\":\"https:\\\/\\\/www.copealcoy.es\\\/wp-content\\\/uploads\\\/2025\\\/02\\\/Mediodia-Cope-Castellano.png\",\"articleSection\":[\"Actualidad\",\"Audios de los programas\",\"Informativos\",\"Noticias\"],\"inLanguage\":\"es\"},{\"@type\":\"WebPage\",\"@id\":\"https:\\\/\\\/www.copealcoy.es\\\/es\\\/mediodia-cope-alcoy-martes-14-de-octubre-2025-1420h\\\/\",\"url\":\"https:\\\/\\\/www.copealcoy.es\\\/es\\\/mediodia-cope-alcoy-martes-14-de-octubre-2025-1420h\\\/\",\"name\":\"\u2018Mediod\u00eda Cope\u2019 Alcoy martes 14 de octubre 2025 (14:20h) - COPE Alcoy\",\"isPartOf\":{\"@id\":\"https:\\\/\\\/www.copealcoy.es\\\/es\\\/#website\"},\"primaryImageOfPage\":{\"@id\":\"https:\\\/\\\/www.copealcoy.es\\\/es\\\/mediodia-cope-alcoy-martes-14-de-octubre-2025-1420h\\\/#primaryimage\"},\"image\":{\"@id\":\"https:\\\/\\\/www.copealcoy.es\\\/es\\\/mediodia-cope-alcoy-martes-14-de-octubre-2025-1420h\\\/#primaryimage\"},\"thumbnailUrl\":\"https:\\\/\\\/www.copealcoy.es\\\/wp-content\\\/uploads\\\/2025\\\/02\\\/Mediodia-Cope-Castellano.png\",\"datePublished\":\"2025-10-14T06:35:01+00:00\",\"dateModified\":\"2025-10-14T17:55:31+00:00\",\"author\":{\"@id\":\"https:\\\/\\\/www.copealcoy.es\\\/es\\\/#\\\/schema\\\/person\\\/e777c87fa024e57d40170af9df39882c\"},\"breadcrumb\":{\"@id\":\"https:\\\/\\\/www.copealcoy.es\\\/es\\\/mediodia-cope-alcoy-martes-14-de-octubre-2025-1420h\\\/#breadcrumb\"},\"inLanguage\":\"es\",\"potentialAction\":[{\"@type\":\"ReadAction\",\"target\":[\"https:\\\/\\\/www.copealcoy.es\\\/es\\\/mediodia-cope-alcoy-martes-14-de-octubre-2025-1420h\\\/\"]}]},{\"@type\":\"ImageObject\",\"inLanguage\":\"es\",\"@id\":\"https:\\\/\\\/www.copealcoy.es\\\/es\\\/mediodia-cope-alcoy-martes-14-de-octubre-2025-1420h\\\/#primaryimage\",\"url\":\"https:\\\/\\\/www.copealcoy.es\\\/wp-content\\\/uploads\\\/2025\\\/02\\\/Mediodia-Cope-Castellano.png\",\"contentUrl\":\"https:\\\/\\\/www.copealcoy.es\\\/wp-content\\\/uploads\\\/2025\\\/02\\\/Mediodia-Cope-Castellano.png\",\"width\":357,\"height\":290},{\"@type\":\"BreadcrumbList\",\"@id\":\"https:\\\/\\\/www.copealcoy.es\\\/es\\\/mediodia-cope-alcoy-martes-14-de-octubre-2025-1420h\\\/#breadcrumb\",\"itemListElement\":[{\"@type\":\"ListItem\",\"position\":1,\"name\":\"Portada\",\"item\":\"https:\\\/\\\/www.copealcoy.es\\\/es\\\/\"},{\"@type\":\"ListItem\",\"position\":2,\"name\":\"\u2018Mediod\u00eda Cope\u2019 Alcoy martes 14 de octubre 2025 (14:20h)\"}]},{\"@type\":\"WebSite\",\"@id\":\"https:\\\/\\\/www.copealcoy.es\\\/es\\\/#website\",\"url\":\"https:\\\/\\\/www.copealcoy.es\\\/es\\\/\",\"name\":\"COPE Alcoy\",\"description\":\"Emisora COPE de radio local con emisi\u00f3n online. Pont de Sant Jordi 8-10 03803 Alcoy\",\"potentialAction\":[{\"@type\":\"SearchAction\",\"target\":{\"@type\":\"EntryPoint\",\"urlTemplate\":\"https:\\\/\\\/www.copealcoy.es\\\/es\\\/?s={search_term_string}\"},\"query-input\":{\"@type\":\"PropertyValueSpecification\",\"valueRequired\":true,\"valueName\":\"search_term_string\"}}],\"inLanguage\":\"es\"},{\"@type\":\"Person\",\"@id\":\"https:\\\/\\\/www.copealcoy.es\\\/es\\\/#\\\/schema\\\/person\\\/e777c87fa024e57d40170af9df39882c\",\"name\":\"Cope Alcoy\",\"image\":{\"@type\":\"ImageObject\",\"inLanguage\":\"es\",\"@id\":\"https:\\\/\\\/secure.gravatar.com\\\/avatar\\\/bb65d0283347e303893ba14f0692005417c1e0e690a325a4c5d8bb2b3943ee14?s=96&d=mm&r=g\",\"url\":\"https:\\\/\\\/secure.gravatar.com\\\/avatar\\\/bb65d0283347e303893ba14f0692005417c1e0e690a325a4c5d8bb2b3943ee14?s=96&d=mm&r=g\",\"contentUrl\":\"https:\\\/\\\/secure.gravatar.com\\\/avatar\\\/bb65d0283347e303893ba14f0692005417c1e0e690a325a4c5d8bb2b3943ee14?s=96&d=mm&r=g\",\"caption\":\"Cope Alcoy\"}}]}<\/script>\n<!-- \/ Yoast SEO plugin. -->","yoast_head_json":{"title":"\u2018Mediod\u00eda Cope\u2019 Alcoy martes 14 de octubre 2025 (14:20h) - COPE Alcoy","robots":{"index":"index","follow":"follow","max-snippet":"max-snippet:-1","max-image-preview":"max-image-preview:large","max-video-preview":"max-video-preview:-1"},"canonical":"https:\/\/www.copealcoy.es\/es\/mediodia-cope-alcoy-martes-14-de-octubre-2025-1420h\/","og_locale":"es_ES","og_type":"article","og_title":"\u2018Mediod\u00eda Cope\u2019 Alcoy martes 14 de octubre 2025 (14:20h) - COPE Alcoy","og_description":"Hoy martes hemos destacado que Cocentaina estrena una interesante exposici\u00f3n dedicada a Roger de Ll\u00faria, primer se\u00f1or feudal de la...","og_url":"https:\/\/www.copealcoy.es\/es\/mediodia-cope-alcoy-martes-14-de-octubre-2025-1420h\/","og_site_name":"COPE Alcoy","article_published_time":"2025-10-14T06:35:01+00:00","article_modified_time":"2025-10-14T17:55:31+00:00","og_image":[{"width":357,"height":290,"url":"https:\/\/www.copealcoy.es\/wp-content\/uploads\/2025\/02\/Mediodia-Cope-Castellano.png","type":"image\/png"}],"author":"Cope Alcoy","twitter_misc":{"Escrito por":"Cope Alcoy","Tiempo de lectura":"4 minutos"},"schema":{"@context":"https:\/\/schema.org","@graph":[{"@type":"Article","@id":"https:\/\/www.copealcoy.es\/es\/mediodia-cope-alcoy-martes-14-de-octubre-2025-1420h\/#article","isPartOf":{"@id":"https:\/\/www.copealcoy.es\/es\/mediodia-cope-alcoy-martes-14-de-octubre-2025-1420h\/"},"author":{"name":"Cope Alcoy","@id":"https:\/\/www.copealcoy.es\/es\/#\/schema\/person\/e777c87fa024e57d40170af9df39882c"},"headline":"\u2018Mediod\u00eda Cope\u2019 Alcoy martes 14 de octubre 2025 (14:20h)","datePublished":"2025-10-14T06:35:01+00:00","dateModified":"2025-10-14T17:55:31+00:00","mainEntityOfPage":{"@id":"https:\/\/www.copealcoy.es\/es\/mediodia-cope-alcoy-martes-14-de-octubre-2025-1420h\/"},"wordCount":691,"image":{"@id":"https:\/\/www.copealcoy.es\/es\/mediodia-cope-alcoy-martes-14-de-octubre-2025-1420h\/#primaryimage"},"thumbnailUrl":"https:\/\/www.copealcoy.es\/wp-content\/uploads\/2025\/02\/Mediodia-Cope-Castellano.png","articleSection":["Actualidad","Audios de los programas","Informativos","Noticias"],"inLanguage":"es"},{"@type":"WebPage","@id":"https:\/\/www.copealcoy.es\/es\/mediodia-cope-alcoy-martes-14-de-octubre-2025-1420h\/","url":"https:\/\/www.copealcoy.es\/es\/mediodia-cope-alcoy-martes-14-de-octubre-2025-1420h\/","name":"\u2018Mediod\u00eda Cope\u2019 Alcoy martes 14 de octubre 2025 (14:20h) - COPE Alcoy","isPartOf":{"@id":"https:\/\/www.copealcoy.es\/es\/#website"},"primaryImageOfPage":{"@id":"https:\/\/www.copealcoy.es\/es\/mediodia-cope-alcoy-martes-14-de-octubre-2025-1420h\/#primaryimage"},"image":{"@id":"https:\/\/www.copealcoy.es\/es\/mediodia-cope-alcoy-martes-14-de-octubre-2025-1420h\/#primaryimage"},"thumbnailUrl":"https:\/\/www.copealcoy.es\/wp-content\/uploads\/2025\/02\/Mediodia-Cope-Castellano.png","datePublished":"2025-10-14T06:35:01+00:00","dateModified":"2025-10-14T17:55:31+00:00","author":{"@id":"https:\/\/www.copealcoy.es\/es\/#\/schema\/person\/e777c87fa024e57d40170af9df39882c"},"breadcrumb":{"@id":"https:\/\/www.copealcoy.es\/es\/mediodia-cope-alcoy-martes-14-de-octubre-2025-1420h\/#breadcrumb"},"inLanguage":"es","potentialAction":[{"@type":"ReadAction","target":["https:\/\/www.copealcoy.es\/es\/mediodia-cope-alcoy-martes-14-de-octubre-2025-1420h\/"]}]},{"@type":"ImageObject","inLanguage":"es","@id":"https:\/\/www.copealcoy.es\/es\/mediodia-cope-alcoy-martes-14-de-octubre-2025-1420h\/#primaryimage","url":"https:\/\/www.copealcoy.es\/wp-content\/uploads\/2025\/02\/Mediodia-Cope-Castellano.png","contentUrl":"https:\/\/www.copealcoy.es\/wp-content\/uploads\/2025\/02\/Mediodia-Cope-Castellano.png","width":357,"height":290},{"@type":"BreadcrumbList","@id":"https:\/\/www.copealcoy.es\/es\/mediodia-cope-alcoy-martes-14-de-octubre-2025-1420h\/#breadcrumb","itemListElement":[{"@type":"ListItem","position":1,"name":"Portada","item":"https:\/\/www.copealcoy.es\/es\/"},{"@type":"ListItem","position":2,"name":"\u2018Mediod\u00eda Cope\u2019 Alcoy martes 14 de octubre 2025 (14:20h)"}]},{"@type":"WebSite","@id":"https:\/\/www.copealcoy.es\/es\/#website","url":"https:\/\/www.copealcoy.es\/es\/","name":"COPE Alcoy","description":"Emisora COPE de radio local con emisi\u00f3n online. Pont de Sant Jordi 8-10 03803 Alcoy","potentialAction":[{"@type":"SearchAction","target":{"@type":"EntryPoint","urlTemplate":"https:\/\/www.copealcoy.es\/es\/?s={search_term_string}"},"query-input":{"@type":"PropertyValueSpecification","valueRequired":true,"valueName":"search_term_string"}}],"inLanguage":"es"},{"@type":"Person","@id":"https:\/\/www.copealcoy.es\/es\/#\/schema\/person\/e777c87fa024e57d40170af9df39882c","name":"Cope Alcoy","image":{"@type":"ImageObject","inLanguage":"es","@id":"https:\/\/secure.gravatar.com\/avatar\/bb65d0283347e303893ba14f0692005417c1e0e690a325a4c5d8bb2b3943ee14?s=96&d=mm&r=g","url":"https:\/\/secure.gravatar.com\/avatar\/bb65d0283347e303893ba14f0692005417c1e0e690a325a4c5d8bb2b3943ee14?s=96&d=mm&r=g","contentUrl":"https:\/\/secure.gravatar.com\/avatar\/bb65d0283347e303893ba14f0692005417c1e0e690a325a4c5d8bb2b3943ee14?s=96&d=mm&r=g","caption":"Cope Alcoy"}}]}},"_links":{"self":[{"href":"https:\/\/www.copealcoy.es\/es\/wp-json\/wp\/v2\/posts\/158445","targetHints":{"allow":["GET"]}}],"collection":[{"href":"https:\/\/www.copealcoy.es\/es\/wp-json\/wp\/v2\/posts"}],"about":[{"href":"https:\/\/www.copealcoy.es\/es\/wp-json\/wp\/v2\/types\/post"}],"author":[{"embeddable":true,"href":"https:\/\/www.copealcoy.es\/es\/wp-json\/wp\/v2\/users\/1"}],"replies":[{"embeddable":true,"href":"https:\/\/www.copealcoy.es\/es\/wp-json\/wp\/v2\/comments?post=158445"}],"version-history":[{"count":1,"href":"https:\/\/www.copealcoy.es\/es\/wp-json\/wp\/v2\/posts\/158445\/revisions"}],"predecessor-version":[{"id":158446,"href":"https:\/\/www.copealcoy.es\/es\/wp-json\/wp\/v2\/posts\/158445\/revisions\/158446"}],"wp:featuredmedia":[{"embeddable":true,"href":"https:\/\/www.copealcoy.es\/es\/wp-json\/wp\/v2\/media\/147663"}],"wp:attachment":[{"href":"https:\/\/www.copealcoy.es\/es\/wp-json\/wp\/v2\/media?parent=158445"}],"wp:term":[{"taxonomy":"category","embeddable":true,"href":"https:\/\/www.copealcoy.es\/es\/wp-json\/wp\/v2\/categories?post=158445"},{"taxonomy":"post_tag","embeddable":true,"href":"https:\/\/www.copealcoy.es\/es\/wp-json\/wp\/v2\/tags?post=158445"}],"curies":[{"name":"wp","href":"https:\/\/api.w.org\/{rel}","templated":true}]}}