{"id":158434,"date":"2025-10-14T07:30:09","date_gmt":"2025-10-14T06:30:09","guid":{"rendered":"https:\/\/www.copealcoy.es\/?p=158434"},"modified":"2025-10-14T15:03:19","modified_gmt":"2025-10-14T14:03:19","slug":"informativo-matinal-martes-14-de-octubre-2025-0750h","status":"publish","type":"post","link":"https:\/\/www.copealcoy.es\/es\/informativo-matinal-martes-14-de-octubre-2025-0750h\/","title":{"rendered":"Informativo matinal martes 14 de octubre 2025 (07:50h)"},"content":{"rendered":"<p><iframe loading=\"lazy\" title=\"Informativo Matinal Martes 14 De Octubre 2025 (07:50h)\" width=\"100%\" height=\"120\" src=\"https:\/\/www.mixcloud.com\/widget\/iframe\/?feed=https%3A%2F%2Fwww.mixcloud.com%2FCOPEAlcoy%2Finformativo-matinal-martes-14-de-octubre-2025-0750h%2F&amp;hide_cover=1\" frameborder=\"0\" allow=\"encrypted-media; fullscreen; autoplay; idle-detection; speaker-selection; web-share;\"><\/iframe><\/p>\n<p style=\"text-align: justify;\">Hoy martes <strong>os hemos contado que la Generalitat Valenciana aprueba la tramitaci\u00f3n de Alcoy Sur\u00a0<\/strong>con car\u00e1cter de urgencia. Tambi\u00e9n hemos destacado que <strong>Cocentaina estrena una interesante exposici\u00f3n cultural centrada en la figura de Roger de Ll\u00faria<\/strong>.<\/p>\n<p style=\"text-align: justify;\" data-start=\"215\" data-end=\"578\">Cocentaina acoge desde este lunes la exposici\u00f3n\u00a0<strong data-start=\"263\" data-end=\"307\">\u2018Ll\u00faria, Se\u00f1ores y Se\u00f1oras de la Tierra\u2019<\/strong>, organizada por el<span style=\"color: #0000ff;\">\u00a0<a style=\"color: #0000ff;\" href=\"https:\/\/www.marqalicante.com\/es\/\" target=\"_blank\" rel=\"noopener\"><strong>Museo Arqueol\u00f3gico de Alicante<\/strong><\/a>\u00a0<\/span><strong>(MARQ)<\/strong>, que recupera la figura hist\u00f3rica de\u00a0<strong data-start=\"373\" data-end=\"392\">Roger de Ll\u00faria<\/strong>\u00a0y su segunda mujer,\u00a0<strong data-start=\"413\" data-end=\"434\">Saurina d\u2019Enten\u00e7a<\/strong>, cuando se cumplen 720 a\u00f1os de la muerte del noble. La muestra se inaugura en el\u00a0<strong data-start=\"516\" data-end=\"532\">Palau Comtal<\/strong>\u00a0y estar\u00e1 abierta al p\u00fablico durante un a\u00f1o.<\/p>\n<p style=\"text-align: justify;\" data-start=\"580\" data-end=\"949\">El\u00a0<strong data-start=\"583\" data-end=\"628\">diputado de Cultura, Juan de Dios Navarro<\/strong>, y el\u00a0<strong data-start=\"635\" data-end=\"673\">alcalde de Cocentaina, Rub\u00e9n Mu\u00f1oz<\/strong>, fueron los encargados de inaugurar la exposici\u00f3n, que cuenta tambi\u00e9n con la colaboraci\u00f3n de la\u00a0<strong data-start=\"770\" data-end=\"791\">Fundaci\u00f3n CV MARQ<\/strong>, la\u00a0<strong data-start=\"796\" data-end=\"824\">Fundaci\u00f3n Banco Sabadell<\/strong>\u00a0y los\u00a0<strong data-start=\"831\" data-end=\"869\">ayuntamientos de Cocentaina y Calp<\/strong>, localidad que ya acogi\u00f3 la muestra en su formato itinerante hace unos meses. Navarro destac\u00f3 la importancia del proyecto:\u00a0<em data-start=\"996\" data-end=\"1354\">\u201cEs muy satisfactorio ver materializadas en esta exposici\u00f3n m\u00e1s de dos d\u00e9cadas de trabajo e investigaci\u00f3n en el yacimiento medieval de la Pobla de Ifach, impulsadas desde la Diputaci\u00f3n de Alicante, a trav\u00e9s del MARQ, gracias a los programas de ayudas para la conservaci\u00f3n, recuperaci\u00f3n y difusi\u00f3n del extraordinario legado patrimonial de nuestra provincia\u201d<\/em>.<\/p>\n<p style=\"text-align: justify;\" data-start=\"1359\" data-end=\"1712\">La inauguraci\u00f3n cont\u00f3 con la participaci\u00f3n del\u00a0<strong data-start=\"1406\" data-end=\"1442\">director del MARQ, Manuel Olcina<\/strong>; el\u00a0<strong data-start=\"1447\" data-end=\"1503\">gerente de la Fundaci\u00f3n CV MARQ, Josep Albert Cort\u00e9s<\/strong>; la representante de la\u00a0<strong data-start=\"1528\" data-end=\"1572\">Fundaci\u00f3n Banco Sabadell, Silvia S\u00e1nchez<\/strong>; as\u00ed como t\u00e9cnicos y comisarios de la muestra, entre ellos\u00a0<strong data-start=\"1632\" data-end=\"1654\">Jos\u00e9 Luis Men\u00e9ndez<\/strong>, director de las excavaciones en la\u00a0<strong data-start=\"1691\" data-end=\"1709\">Pobla de Ifach<\/strong>.<\/p>\n<p style=\"text-align: justify;\" data-start=\"1714\" data-end=\"2171\">La exposici\u00f3n permite por primera vez contemplar piezas clave descubiertas en las excavaciones, como parte de la\u00a0<strong data-start=\"1827\" data-end=\"1875\">b\u00f3veda de la iglesia de Santa Mar\u00eda de Ifach<\/strong>\u00a0y una\u00a0<strong data-start=\"1882\" data-end=\"1919\">ventana de la residencia se\u00f1orial<\/strong>\u00a0que conserva un espectacular\u00a0<strong data-start=\"1949\" data-end=\"1960\">capitel<\/strong>. Adem\u00e1s, incluye un relato gr\u00e1fico tipo\u00a0<strong data-start=\"2001\" data-end=\"2010\">c\u00f3mic<\/strong>\u00a0que recorre la vida de\u00a0<strong data-start=\"2034\" data-end=\"2053\">Roger de Ll\u00faria<\/strong>\u00a0y\u00a0<strong data-start=\"2056\" data-end=\"2077\">Saurina d\u2019Enten\u00e7a<\/strong>, con escenas hist\u00f3ricas inspiradas en las ilustraciones medievales de la\u00a0<strong data-start=\"2151\" data-end=\"2168\">Biblia Morgan<\/strong>\u00a0\u201c<em>las investigaciones en la Pobla de Ifach han impulsado la puesta en valor de estas figuras, que marcaron de manera significativa el desarrollo de Calp y Cocentaina y ejercieron una trascendental influencia sobre la evoluci\u00f3n de esta regi\u00f3n\u201d,\u00a0<\/em>subray\u00f3 el propio\u00a0<strong data-start=\"2173\" data-end=\"2195\">Jos\u00e9 Luis Men\u00e9ndez.\u00a0<\/strong><\/p>\n<p style=\"text-align: justify;\" data-start=\"2500\" data-end=\"2615\">La exposici\u00f3n se podr\u00e1 visitar durante todo un a\u00f1o en la\u00a0<strong data-start=\"2557\" data-end=\"2612\">Sala de Exposiciones del Palau Comtal de Cocentaina<\/strong>. Adem\u00e1s ser\u00e1 uno de los principales atractivos culturales de la pr\u00f3xima Fira de Tots Sants que se celebrar\u00e1 del 31 de octubre al 2 de noviembre.<\/p>\n","protected":false},"excerpt":{"rendered":"<p>Hoy martes os hemos contado que la Generalitat Valenciana aprueba la tramitaci\u00f3n de Alcoy Sur\u00a0con car\u00e1cter de urgencia. Tambi\u00e9n hemos&#8230;<\/p>\n","protected":false},"author":1,"featured_media":147669,"comment_status":"closed","ping_status":"closed","sticky":false,"template":"","format":"standard","meta":{"footnotes":""},"categories":[6909,89,91,75],"tags":[],"class_list":["post-158434","post","type-post","status-publish","format-standard","has-post-thumbnail","hentry","category-actualidad","category-audiosdelosprogramas","category-informativos","category-noticias"],"yoast_head":"<!-- This site is optimized with the Yoast SEO plugin v27.3 - https:\/\/yoast.com\/product\/yoast-seo-wordpress\/ -->\n<title>Informativo matinal martes 14 de octubre 2025 (07:50h) - COPE Alcoy<\/title>\n<meta name=\"robots\" content=\"index, follow, max-snippet:-1, max-image-preview:large, max-video-preview:-1\" \/>\n<link rel=\"canonical\" href=\"https:\/\/www.copealcoy.es\/es\/informativo-matinal-martes-14-de-octubre-2025-0750h\/\" \/>\n<meta property=\"og:locale\" content=\"es_ES\" \/>\n<meta property=\"og:type\" content=\"article\" \/>\n<meta property=\"og:title\" content=\"Informativo matinal martes 14 de octubre 2025 (07:50h) - COPE Alcoy\" \/>\n<meta property=\"og:description\" content=\"Hoy martes os hemos contado que la Generalitat Valenciana aprueba la tramitaci\u00f3n de Alcoy Sur\u00a0con car\u00e1cter de urgencia. Tambi\u00e9n hemos...\" \/>\n<meta property=\"og:url\" content=\"https:\/\/www.copealcoy.es\/es\/informativo-matinal-martes-14-de-octubre-2025-0750h\/\" \/>\n<meta property=\"og:site_name\" content=\"COPE Alcoy\" \/>\n<meta property=\"article:published_time\" content=\"2025-10-14T06:30:09+00:00\" \/>\n<meta property=\"article:modified_time\" content=\"2025-10-14T14:03:19+00:00\" \/>\n<meta property=\"og:image\" content=\"https:\/\/www.copealcoy.es\/wp-content\/uploads\/2025\/02\/Informativo-Matinal-Castellano.png\" \/>\n\t<meta property=\"og:image:width\" content=\"357\" \/>\n\t<meta property=\"og:image:height\" content=\"290\" \/>\n\t<meta property=\"og:image:type\" content=\"image\/png\" \/>\n<meta name=\"author\" content=\"Cope Alcoy\" \/>\n<meta name=\"twitter:label1\" content=\"Escrito por\" \/>\n\t<meta name=\"twitter:data1\" content=\"Cope Alcoy\" \/>\n\t<meta name=\"twitter:label2\" content=\"Tiempo de lectura\" \/>\n\t<meta name=\"twitter:data2\" content=\"3 minutos\" \/>\n<script type=\"application\/ld+json\" class=\"yoast-schema-graph\">{\"@context\":\"https:\\\/\\\/schema.org\",\"@graph\":[{\"@type\":\"Article\",\"@id\":\"https:\\\/\\\/www.copealcoy.es\\\/es\\\/informativo-matinal-martes-14-de-octubre-2025-0750h\\\/#article\",\"isPartOf\":{\"@id\":\"https:\\\/\\\/www.copealcoy.es\\\/es\\\/informativo-matinal-martes-14-de-octubre-2025-0750h\\\/\"},\"author\":{\"name\":\"Cope Alcoy\",\"@id\":\"https:\\\/\\\/www.copealcoy.es\\\/es\\\/#\\\/schema\\\/person\\\/e777c87fa024e57d40170af9df39882c\"},\"headline\":\"Informativo matinal martes 14 de octubre 2025 (07:50h)\",\"datePublished\":\"2025-10-14T06:30:09+00:00\",\"dateModified\":\"2025-10-14T14:03:19+00:00\",\"mainEntityOfPage\":{\"@id\":\"https:\\\/\\\/www.copealcoy.es\\\/es\\\/informativo-matinal-martes-14-de-octubre-2025-0750h\\\/\"},\"wordCount\":498,\"image\":{\"@id\":\"https:\\\/\\\/www.copealcoy.es\\\/es\\\/informativo-matinal-martes-14-de-octubre-2025-0750h\\\/#primaryimage\"},\"thumbnailUrl\":\"https:\\\/\\\/www.copealcoy.es\\\/wp-content\\\/uploads\\\/2025\\\/02\\\/Informativo-Matinal-Castellano.png\",\"articleSection\":[\"Actualidad\",\"Audios de los programas\",\"Informativos\",\"Noticias\"],\"inLanguage\":\"es\"},{\"@type\":\"WebPage\",\"@id\":\"https:\\\/\\\/www.copealcoy.es\\\/es\\\/informativo-matinal-martes-14-de-octubre-2025-0750h\\\/\",\"url\":\"https:\\\/\\\/www.copealcoy.es\\\/es\\\/informativo-matinal-martes-14-de-octubre-2025-0750h\\\/\",\"name\":\"Informativo matinal martes 14 de octubre 2025 (07:50h) - COPE Alcoy\",\"isPartOf\":{\"@id\":\"https:\\\/\\\/www.copealcoy.es\\\/es\\\/#website\"},\"primaryImageOfPage\":{\"@id\":\"https:\\\/\\\/www.copealcoy.es\\\/es\\\/informativo-matinal-martes-14-de-octubre-2025-0750h\\\/#primaryimage\"},\"image\":{\"@id\":\"https:\\\/\\\/www.copealcoy.es\\\/es\\\/informativo-matinal-martes-14-de-octubre-2025-0750h\\\/#primaryimage\"},\"thumbnailUrl\":\"https:\\\/\\\/www.copealcoy.es\\\/wp-content\\\/uploads\\\/2025\\\/02\\\/Informativo-Matinal-Castellano.png\",\"datePublished\":\"2025-10-14T06:30:09+00:00\",\"dateModified\":\"2025-10-14T14:03:19+00:00\",\"author\":{\"@id\":\"https:\\\/\\\/www.copealcoy.es\\\/es\\\/#\\\/schema\\\/person\\\/e777c87fa024e57d40170af9df39882c\"},\"breadcrumb\":{\"@id\":\"https:\\\/\\\/www.copealcoy.es\\\/es\\\/informativo-matinal-martes-14-de-octubre-2025-0750h\\\/#breadcrumb\"},\"inLanguage\":\"es\",\"potentialAction\":[{\"@type\":\"ReadAction\",\"target\":[\"https:\\\/\\\/www.copealcoy.es\\\/es\\\/informativo-matinal-martes-14-de-octubre-2025-0750h\\\/\"]}]},{\"@type\":\"ImageObject\",\"inLanguage\":\"es\",\"@id\":\"https:\\\/\\\/www.copealcoy.es\\\/es\\\/informativo-matinal-martes-14-de-octubre-2025-0750h\\\/#primaryimage\",\"url\":\"https:\\\/\\\/www.copealcoy.es\\\/wp-content\\\/uploads\\\/2025\\\/02\\\/Informativo-Matinal-Castellano.png\",\"contentUrl\":\"https:\\\/\\\/www.copealcoy.es\\\/wp-content\\\/uploads\\\/2025\\\/02\\\/Informativo-Matinal-Castellano.png\",\"width\":357,\"height\":290},{\"@type\":\"BreadcrumbList\",\"@id\":\"https:\\\/\\\/www.copealcoy.es\\\/es\\\/informativo-matinal-martes-14-de-octubre-2025-0750h\\\/#breadcrumb\",\"itemListElement\":[{\"@type\":\"ListItem\",\"position\":1,\"name\":\"Portada\",\"item\":\"https:\\\/\\\/www.copealcoy.es\\\/es\\\/\"},{\"@type\":\"ListItem\",\"position\":2,\"name\":\"Informativo matinal martes 14 de octubre 2025 (07:50h)\"}]},{\"@type\":\"WebSite\",\"@id\":\"https:\\\/\\\/www.copealcoy.es\\\/es\\\/#website\",\"url\":\"https:\\\/\\\/www.copealcoy.es\\\/es\\\/\",\"name\":\"COPE Alcoy\",\"description\":\"Emisora COPE de radio local con emisi\u00f3n online. Pont de Sant Jordi 8-10 03803 Alcoy\",\"potentialAction\":[{\"@type\":\"SearchAction\",\"target\":{\"@type\":\"EntryPoint\",\"urlTemplate\":\"https:\\\/\\\/www.copealcoy.es\\\/es\\\/?s={search_term_string}\"},\"query-input\":{\"@type\":\"PropertyValueSpecification\",\"valueRequired\":true,\"valueName\":\"search_term_string\"}}],\"inLanguage\":\"es\"},{\"@type\":\"Person\",\"@id\":\"https:\\\/\\\/www.copealcoy.es\\\/es\\\/#\\\/schema\\\/person\\\/e777c87fa024e57d40170af9df39882c\",\"name\":\"Cope Alcoy\",\"image\":{\"@type\":\"ImageObject\",\"inLanguage\":\"es\",\"@id\":\"https:\\\/\\\/secure.gravatar.com\\\/avatar\\\/bb65d0283347e303893ba14f0692005417c1e0e690a325a4c5d8bb2b3943ee14?s=96&d=mm&r=g\",\"url\":\"https:\\\/\\\/secure.gravatar.com\\\/avatar\\\/bb65d0283347e303893ba14f0692005417c1e0e690a325a4c5d8bb2b3943ee14?s=96&d=mm&r=g\",\"contentUrl\":\"https:\\\/\\\/secure.gravatar.com\\\/avatar\\\/bb65d0283347e303893ba14f0692005417c1e0e690a325a4c5d8bb2b3943ee14?s=96&d=mm&r=g\",\"caption\":\"Cope Alcoy\"}}]}<\/script>\n<!-- \/ Yoast SEO plugin. -->","yoast_head_json":{"title":"Informativo matinal martes 14 de octubre 2025 (07:50h) - COPE Alcoy","robots":{"index":"index","follow":"follow","max-snippet":"max-snippet:-1","max-image-preview":"max-image-preview:large","max-video-preview":"max-video-preview:-1"},"canonical":"https:\/\/www.copealcoy.es\/es\/informativo-matinal-martes-14-de-octubre-2025-0750h\/","og_locale":"es_ES","og_type":"article","og_title":"Informativo matinal martes 14 de octubre 2025 (07:50h) - COPE Alcoy","og_description":"Hoy martes os hemos contado que la Generalitat Valenciana aprueba la tramitaci\u00f3n de Alcoy Sur\u00a0con car\u00e1cter de urgencia. Tambi\u00e9n hemos...","og_url":"https:\/\/www.copealcoy.es\/es\/informativo-matinal-martes-14-de-octubre-2025-0750h\/","og_site_name":"COPE Alcoy","article_published_time":"2025-10-14T06:30:09+00:00","article_modified_time":"2025-10-14T14:03:19+00:00","og_image":[{"width":357,"height":290,"url":"https:\/\/www.copealcoy.es\/wp-content\/uploads\/2025\/02\/Informativo-Matinal-Castellano.png","type":"image\/png"}],"author":"Cope Alcoy","twitter_misc":{"Escrito por":"Cope Alcoy","Tiempo de lectura":"3 minutos"},"schema":{"@context":"https:\/\/schema.org","@graph":[{"@type":"Article","@id":"https:\/\/www.copealcoy.es\/es\/informativo-matinal-martes-14-de-octubre-2025-0750h\/#article","isPartOf":{"@id":"https:\/\/www.copealcoy.es\/es\/informativo-matinal-martes-14-de-octubre-2025-0750h\/"},"author":{"name":"Cope Alcoy","@id":"https:\/\/www.copealcoy.es\/es\/#\/schema\/person\/e777c87fa024e57d40170af9df39882c"},"headline":"Informativo matinal martes 14 de octubre 2025 (07:50h)","datePublished":"2025-10-14T06:30:09+00:00","dateModified":"2025-10-14T14:03:19+00:00","mainEntityOfPage":{"@id":"https:\/\/www.copealcoy.es\/es\/informativo-matinal-martes-14-de-octubre-2025-0750h\/"},"wordCount":498,"image":{"@id":"https:\/\/www.copealcoy.es\/es\/informativo-matinal-martes-14-de-octubre-2025-0750h\/#primaryimage"},"thumbnailUrl":"https:\/\/www.copealcoy.es\/wp-content\/uploads\/2025\/02\/Informativo-Matinal-Castellano.png","articleSection":["Actualidad","Audios de los programas","Informativos","Noticias"],"inLanguage":"es"},{"@type":"WebPage","@id":"https:\/\/www.copealcoy.es\/es\/informativo-matinal-martes-14-de-octubre-2025-0750h\/","url":"https:\/\/www.copealcoy.es\/es\/informativo-matinal-martes-14-de-octubre-2025-0750h\/","name":"Informativo matinal martes 14 de octubre 2025 (07:50h) - COPE Alcoy","isPartOf":{"@id":"https:\/\/www.copealcoy.es\/es\/#website"},"primaryImageOfPage":{"@id":"https:\/\/www.copealcoy.es\/es\/informativo-matinal-martes-14-de-octubre-2025-0750h\/#primaryimage"},"image":{"@id":"https:\/\/www.copealcoy.es\/es\/informativo-matinal-martes-14-de-octubre-2025-0750h\/#primaryimage"},"thumbnailUrl":"https:\/\/www.copealcoy.es\/wp-content\/uploads\/2025\/02\/Informativo-Matinal-Castellano.png","datePublished":"2025-10-14T06:30:09+00:00","dateModified":"2025-10-14T14:03:19+00:00","author":{"@id":"https:\/\/www.copealcoy.es\/es\/#\/schema\/person\/e777c87fa024e57d40170af9df39882c"},"breadcrumb":{"@id":"https:\/\/www.copealcoy.es\/es\/informativo-matinal-martes-14-de-octubre-2025-0750h\/#breadcrumb"},"inLanguage":"es","potentialAction":[{"@type":"ReadAction","target":["https:\/\/www.copealcoy.es\/es\/informativo-matinal-martes-14-de-octubre-2025-0750h\/"]}]},{"@type":"ImageObject","inLanguage":"es","@id":"https:\/\/www.copealcoy.es\/es\/informativo-matinal-martes-14-de-octubre-2025-0750h\/#primaryimage","url":"https:\/\/www.copealcoy.es\/wp-content\/uploads\/2025\/02\/Informativo-Matinal-Castellano.png","contentUrl":"https:\/\/www.copealcoy.es\/wp-content\/uploads\/2025\/02\/Informativo-Matinal-Castellano.png","width":357,"height":290},{"@type":"BreadcrumbList","@id":"https:\/\/www.copealcoy.es\/es\/informativo-matinal-martes-14-de-octubre-2025-0750h\/#breadcrumb","itemListElement":[{"@type":"ListItem","position":1,"name":"Portada","item":"https:\/\/www.copealcoy.es\/es\/"},{"@type":"ListItem","position":2,"name":"Informativo matinal martes 14 de octubre 2025 (07:50h)"}]},{"@type":"WebSite","@id":"https:\/\/www.copealcoy.es\/es\/#website","url":"https:\/\/www.copealcoy.es\/es\/","name":"COPE Alcoy","description":"Emisora COPE de radio local con emisi\u00f3n online. Pont de Sant Jordi 8-10 03803 Alcoy","potentialAction":[{"@type":"SearchAction","target":{"@type":"EntryPoint","urlTemplate":"https:\/\/www.copealcoy.es\/es\/?s={search_term_string}"},"query-input":{"@type":"PropertyValueSpecification","valueRequired":true,"valueName":"search_term_string"}}],"inLanguage":"es"},{"@type":"Person","@id":"https:\/\/www.copealcoy.es\/es\/#\/schema\/person\/e777c87fa024e57d40170af9df39882c","name":"Cope Alcoy","image":{"@type":"ImageObject","inLanguage":"es","@id":"https:\/\/secure.gravatar.com\/avatar\/bb65d0283347e303893ba14f0692005417c1e0e690a325a4c5d8bb2b3943ee14?s=96&d=mm&r=g","url":"https:\/\/secure.gravatar.com\/avatar\/bb65d0283347e303893ba14f0692005417c1e0e690a325a4c5d8bb2b3943ee14?s=96&d=mm&r=g","contentUrl":"https:\/\/secure.gravatar.com\/avatar\/bb65d0283347e303893ba14f0692005417c1e0e690a325a4c5d8bb2b3943ee14?s=96&d=mm&r=g","caption":"Cope Alcoy"}}]}},"_links":{"self":[{"href":"https:\/\/www.copealcoy.es\/es\/wp-json\/wp\/v2\/posts\/158434","targetHints":{"allow":["GET"]}}],"collection":[{"href":"https:\/\/www.copealcoy.es\/es\/wp-json\/wp\/v2\/posts"}],"about":[{"href":"https:\/\/www.copealcoy.es\/es\/wp-json\/wp\/v2\/types\/post"}],"author":[{"embeddable":true,"href":"https:\/\/www.copealcoy.es\/es\/wp-json\/wp\/v2\/users\/1"}],"replies":[{"embeddable":true,"href":"https:\/\/www.copealcoy.es\/es\/wp-json\/wp\/v2\/comments?post=158434"}],"version-history":[{"count":1,"href":"https:\/\/www.copealcoy.es\/es\/wp-json\/wp\/v2\/posts\/158434\/revisions"}],"predecessor-version":[{"id":158435,"href":"https:\/\/www.copealcoy.es\/es\/wp-json\/wp\/v2\/posts\/158434\/revisions\/158435"}],"wp:featuredmedia":[{"embeddable":true,"href":"https:\/\/www.copealcoy.es\/es\/wp-json\/wp\/v2\/media\/147669"}],"wp:attachment":[{"href":"https:\/\/www.copealcoy.es\/es\/wp-json\/wp\/v2\/media?parent=158434"}],"wp:term":[{"taxonomy":"category","embeddable":true,"href":"https:\/\/www.copealcoy.es\/es\/wp-json\/wp\/v2\/categories?post=158434"},{"taxonomy":"post_tag","embeddable":true,"href":"https:\/\/www.copealcoy.es\/es\/wp-json\/wp\/v2\/tags?post=158434"}],"curies":[{"name":"wp","href":"https:\/\/api.w.org\/{rel}","templated":true}]}}