{"id":15841,"date":"2015-09-20T11:59:20","date_gmt":"2015-09-20T11:59:20","guid":{"rendered":"http:\/\/copealcoi.es\/new\/?p=15841"},"modified":"2015-09-20T11:59:20","modified_gmt":"2015-09-20T11:59:20","slug":"la-diputacion-concede-un-prestamo-a-agres","status":"publish","type":"post","link":"https:\/\/www.copealcoy.es\/es\/la-diputacion-concede-un-prestamo-a-agres\/","title":{"rendered":"La Diputaci\u00f3n concede un pr\u00e9stamo a Agres"},"content":{"rendered":"<p style=\"text-align: justify;\">La Diputaci\u00f3n Provincial de Alicante ha firmado un convenio con el Ayuntamiento de Agres para la concesi\u00f3n de un pr\u00e9stamo por un importe total de 48.200 euros por medio de la Caja de Cr\u00e9dito Provincial para la Cooperaci\u00f3n. El alcalde de esta localidad del Comtat, Josep Manel Franc\u00e9s, junto al presidente del ente, C\u00e9sar S\u00e1nchez, han suscrito el \u00a0convenio para este pr\u00e9stamo que se concede a inter\u00e9s cero permitiendo que el consistorio pueda devolverlo en el plazo de un a\u00f1o. Adem\u00e1s esta cantidad de dinero se destinar\u00e1 a cubrir las necesidades de tesorer\u00eda que pueda tener el Ayuntamiento en los pr\u00f3ximos meses.<\/p>\n<p style=\"text-align: justify;\">El presidente de la Diputaci\u00f3n, C\u00e9sar S\u00e1nchez, ha valorado la importancia de esta medida y ha apuntado que el principal objetivo de\u00a0la Caja de Cr\u00e9dito Provincial de Cooperaci\u00f3n pasa por colaborar con los ayuntamiento m\u00e1s peque\u00f1os mediante la concesi\u00f3n de este tipo de pr\u00e9stamos que permiten hacer frente a sus necesidades econ\u00f3micas.<\/p>\n<p>&nbsp;<\/p>\n","protected":false},"excerpt":{"rendered":"<p>La Diputaci\u00f3n Provincial de Alicante ha firmado un convenio con el Ayuntamiento de Agres para la concesi\u00f3n de un pr\u00e9stamo&#8230;<\/p>\n","protected":false},"author":1,"featured_media":15842,"comment_status":"open","ping_status":"open","sticky":false,"template":"","format":"standard","meta":{"footnotes":""},"categories":[98,75],"tags":[293,237,234,390,1265],"class_list":["post-15841","post","type-post","status-publish","format-standard","has-post-thumbnail","hentry","category-comarcas","category-noticias","tag-agres","tag-comtat","tag-diputacion","tag-economia","tag-prestamo"],"yoast_head":"<!-- This site is optimized with the Yoast SEO plugin v27.3 - https:\/\/yoast.com\/product\/yoast-seo-wordpress\/ -->\n<title>La Diputaci\u00f3n concede un pr\u00e9stamo a Agres - COPE Alcoy<\/title>\n<meta name=\"robots\" content=\"index, follow, max-snippet:-1, max-image-preview:large, max-video-preview:-1\" \/>\n<link rel=\"canonical\" href=\"https:\/\/www.copealcoy.es\/es\/la-diputacion-concede-un-prestamo-a-agres\/\" \/>\n<meta property=\"og:locale\" content=\"es_ES\" \/>\n<meta property=\"og:type\" content=\"article\" \/>\n<meta property=\"og:title\" content=\"La Diputaci\u00f3n concede un pr\u00e9stamo a Agres - COPE Alcoy\" \/>\n<meta property=\"og:description\" content=\"La Diputaci\u00f3n Provincial de Alicante ha firmado un convenio con el Ayuntamiento de Agres para la concesi\u00f3n de un pr\u00e9stamo...\" \/>\n<meta property=\"og:url\" content=\"https:\/\/www.copealcoy.es\/es\/la-diputacion-concede-un-prestamo-a-agres\/\" \/>\n<meta property=\"og:site_name\" content=\"COPE Alcoy\" \/>\n<meta property=\"article:published_time\" content=\"2015-09-20T11:59:20+00:00\" \/>\n<meta property=\"og:image\" content=\"https:\/\/www.copealcoy.es\/wp-content\/uploads\/2015\/09\/img_20367.jpg\" \/>\n\t<meta property=\"og:image:width\" content=\"670\" \/>\n\t<meta property=\"og:image:height\" content=\"377\" \/>\n\t<meta property=\"og:image:type\" content=\"image\/jpeg\" \/>\n<meta name=\"author\" content=\"Cope Alcoy\" \/>\n<meta name=\"twitter:label1\" content=\"Escrito por\" \/>\n\t<meta name=\"twitter:data1\" content=\"Cope Alcoy\" \/>\n\t<meta name=\"twitter:label2\" content=\"Tiempo de lectura\" \/>\n\t<meta name=\"twitter:data2\" content=\"1 minuto\" \/>\n<script type=\"application\/ld+json\" class=\"yoast-schema-graph\">{\"@context\":\"https:\\\/\\\/schema.org\",\"@graph\":[{\"@type\":\"Article\",\"@id\":\"https:\\\/\\\/www.copealcoy.es\\\/es\\\/la-diputacion-concede-un-prestamo-a-agres\\\/#article\",\"isPartOf\":{\"@id\":\"https:\\\/\\\/www.copealcoy.es\\\/es\\\/la-diputacion-concede-un-prestamo-a-agres\\\/\"},\"author\":{\"name\":\"Cope Alcoy\",\"@id\":\"https:\\\/\\\/www.copealcoy.es\\\/es\\\/#\\\/schema\\\/person\\\/e777c87fa024e57d40170af9df39882c\"},\"headline\":\"La Diputaci\u00f3n concede un pr\u00e9stamo a Agres\",\"datePublished\":\"2015-09-20T11:59:20+00:00\",\"mainEntityOfPage\":{\"@id\":\"https:\\\/\\\/www.copealcoy.es\\\/es\\\/la-diputacion-concede-un-prestamo-a-agres\\\/\"},\"wordCount\":188,\"commentCount\":0,\"image\":{\"@id\":\"https:\\\/\\\/www.copealcoy.es\\\/es\\\/la-diputacion-concede-un-prestamo-a-agres\\\/#primaryimage\"},\"thumbnailUrl\":\"https:\\\/\\\/www.copealcoy.es\\\/wp-content\\\/uploads\\\/2015\\\/09\\\/img_20367.jpg\",\"keywords\":[\"Agres\",\"Comtat\",\"Diputaci\u00f3n\",\"Econom\u00eda\",\"prestamo\"],\"articleSection\":[\"Comarcas\",\"Noticias\"],\"inLanguage\":\"es\"},{\"@type\":\"WebPage\",\"@id\":\"https:\\\/\\\/www.copealcoy.es\\\/es\\\/la-diputacion-concede-un-prestamo-a-agres\\\/\",\"url\":\"https:\\\/\\\/www.copealcoy.es\\\/es\\\/la-diputacion-concede-un-prestamo-a-agres\\\/\",\"name\":\"La Diputaci\u00f3n concede un pr\u00e9stamo a Agres - COPE Alcoy\",\"isPartOf\":{\"@id\":\"https:\\\/\\\/www.copealcoy.es\\\/es\\\/#website\"},\"primaryImageOfPage\":{\"@id\":\"https:\\\/\\\/www.copealcoy.es\\\/es\\\/la-diputacion-concede-un-prestamo-a-agres\\\/#primaryimage\"},\"image\":{\"@id\":\"https:\\\/\\\/www.copealcoy.es\\\/es\\\/la-diputacion-concede-un-prestamo-a-agres\\\/#primaryimage\"},\"thumbnailUrl\":\"https:\\\/\\\/www.copealcoy.es\\\/wp-content\\\/uploads\\\/2015\\\/09\\\/img_20367.jpg\",\"datePublished\":\"2015-09-20T11:59:20+00:00\",\"author\":{\"@id\":\"https:\\\/\\\/www.copealcoy.es\\\/es\\\/#\\\/schema\\\/person\\\/e777c87fa024e57d40170af9df39882c\"},\"breadcrumb\":{\"@id\":\"https:\\\/\\\/www.copealcoy.es\\\/es\\\/la-diputacion-concede-un-prestamo-a-agres\\\/#breadcrumb\"},\"inLanguage\":\"es\",\"potentialAction\":[{\"@type\":\"ReadAction\",\"target\":[\"https:\\\/\\\/www.copealcoy.es\\\/es\\\/la-diputacion-concede-un-prestamo-a-agres\\\/\"]}]},{\"@type\":\"ImageObject\",\"inLanguage\":\"es\",\"@id\":\"https:\\\/\\\/www.copealcoy.es\\\/es\\\/la-diputacion-concede-un-prestamo-a-agres\\\/#primaryimage\",\"url\":\"https:\\\/\\\/www.copealcoy.es\\\/wp-content\\\/uploads\\\/2015\\\/09\\\/img_20367.jpg\",\"contentUrl\":\"https:\\\/\\\/www.copealcoy.es\\\/wp-content\\\/uploads\\\/2015\\\/09\\\/img_20367.jpg\",\"width\":670,\"height\":377,\"caption\":\"El presidente de la Diputaci\u00f3n y el alcalde de Agres durante la firma del convenio\"},{\"@type\":\"BreadcrumbList\",\"@id\":\"https:\\\/\\\/www.copealcoy.es\\\/es\\\/la-diputacion-concede-un-prestamo-a-agres\\\/#breadcrumb\",\"itemListElement\":[{\"@type\":\"ListItem\",\"position\":1,\"name\":\"Portada\",\"item\":\"https:\\\/\\\/www.copealcoy.es\\\/es\\\/\"},{\"@type\":\"ListItem\",\"position\":2,\"name\":\"La Diputaci\u00f3n concede un pr\u00e9stamo a Agres\"}]},{\"@type\":\"WebSite\",\"@id\":\"https:\\\/\\\/www.copealcoy.es\\\/es\\\/#website\",\"url\":\"https:\\\/\\\/www.copealcoy.es\\\/es\\\/\",\"name\":\"COPE Alcoy\",\"description\":\"Emisora COPE de radio local con emisi\u00f3n online. Pont de Sant Jordi 8-10 03803 Alcoy\",\"potentialAction\":[{\"@type\":\"SearchAction\",\"target\":{\"@type\":\"EntryPoint\",\"urlTemplate\":\"https:\\\/\\\/www.copealcoy.es\\\/es\\\/?s={search_term_string}\"},\"query-input\":{\"@type\":\"PropertyValueSpecification\",\"valueRequired\":true,\"valueName\":\"search_term_string\"}}],\"inLanguage\":\"es\"},{\"@type\":\"Person\",\"@id\":\"https:\\\/\\\/www.copealcoy.es\\\/es\\\/#\\\/schema\\\/person\\\/e777c87fa024e57d40170af9df39882c\",\"name\":\"Cope Alcoy\",\"image\":{\"@type\":\"ImageObject\",\"inLanguage\":\"es\",\"@id\":\"https:\\\/\\\/secure.gravatar.com\\\/avatar\\\/bb65d0283347e303893ba14f0692005417c1e0e690a325a4c5d8bb2b3943ee14?s=96&d=mm&r=g\",\"url\":\"https:\\\/\\\/secure.gravatar.com\\\/avatar\\\/bb65d0283347e303893ba14f0692005417c1e0e690a325a4c5d8bb2b3943ee14?s=96&d=mm&r=g\",\"contentUrl\":\"https:\\\/\\\/secure.gravatar.com\\\/avatar\\\/bb65d0283347e303893ba14f0692005417c1e0e690a325a4c5d8bb2b3943ee14?s=96&d=mm&r=g\",\"caption\":\"Cope Alcoy\"}}]}<\/script>\n<!-- \/ Yoast SEO plugin. -->","yoast_head_json":{"title":"La Diputaci\u00f3n concede un pr\u00e9stamo a Agres - COPE Alcoy","robots":{"index":"index","follow":"follow","max-snippet":"max-snippet:-1","max-image-preview":"max-image-preview:large","max-video-preview":"max-video-preview:-1"},"canonical":"https:\/\/www.copealcoy.es\/es\/la-diputacion-concede-un-prestamo-a-agres\/","og_locale":"es_ES","og_type":"article","og_title":"La Diputaci\u00f3n concede un pr\u00e9stamo a Agres - COPE Alcoy","og_description":"La Diputaci\u00f3n Provincial de Alicante ha firmado un convenio con el Ayuntamiento de Agres para la concesi\u00f3n de un pr\u00e9stamo...","og_url":"https:\/\/www.copealcoy.es\/es\/la-diputacion-concede-un-prestamo-a-agres\/","og_site_name":"COPE Alcoy","article_published_time":"2015-09-20T11:59:20+00:00","og_image":[{"width":670,"height":377,"url":"https:\/\/www.copealcoy.es\/wp-content\/uploads\/2015\/09\/img_20367.jpg","type":"image\/jpeg"}],"author":"Cope Alcoy","twitter_misc":{"Escrito por":"Cope Alcoy","Tiempo de lectura":"1 minuto"},"schema":{"@context":"https:\/\/schema.org","@graph":[{"@type":"Article","@id":"https:\/\/www.copealcoy.es\/es\/la-diputacion-concede-un-prestamo-a-agres\/#article","isPartOf":{"@id":"https:\/\/www.copealcoy.es\/es\/la-diputacion-concede-un-prestamo-a-agres\/"},"author":{"name":"Cope Alcoy","@id":"https:\/\/www.copealcoy.es\/es\/#\/schema\/person\/e777c87fa024e57d40170af9df39882c"},"headline":"La Diputaci\u00f3n concede un pr\u00e9stamo a Agres","datePublished":"2015-09-20T11:59:20+00:00","mainEntityOfPage":{"@id":"https:\/\/www.copealcoy.es\/es\/la-diputacion-concede-un-prestamo-a-agres\/"},"wordCount":188,"commentCount":0,"image":{"@id":"https:\/\/www.copealcoy.es\/es\/la-diputacion-concede-un-prestamo-a-agres\/#primaryimage"},"thumbnailUrl":"https:\/\/www.copealcoy.es\/wp-content\/uploads\/2015\/09\/img_20367.jpg","keywords":["Agres","Comtat","Diputaci\u00f3n","Econom\u00eda","prestamo"],"articleSection":["Comarcas","Noticias"],"inLanguage":"es"},{"@type":"WebPage","@id":"https:\/\/www.copealcoy.es\/es\/la-diputacion-concede-un-prestamo-a-agres\/","url":"https:\/\/www.copealcoy.es\/es\/la-diputacion-concede-un-prestamo-a-agres\/","name":"La Diputaci\u00f3n concede un pr\u00e9stamo a Agres - COPE Alcoy","isPartOf":{"@id":"https:\/\/www.copealcoy.es\/es\/#website"},"primaryImageOfPage":{"@id":"https:\/\/www.copealcoy.es\/es\/la-diputacion-concede-un-prestamo-a-agres\/#primaryimage"},"image":{"@id":"https:\/\/www.copealcoy.es\/es\/la-diputacion-concede-un-prestamo-a-agres\/#primaryimage"},"thumbnailUrl":"https:\/\/www.copealcoy.es\/wp-content\/uploads\/2015\/09\/img_20367.jpg","datePublished":"2015-09-20T11:59:20+00:00","author":{"@id":"https:\/\/www.copealcoy.es\/es\/#\/schema\/person\/e777c87fa024e57d40170af9df39882c"},"breadcrumb":{"@id":"https:\/\/www.copealcoy.es\/es\/la-diputacion-concede-un-prestamo-a-agres\/#breadcrumb"},"inLanguage":"es","potentialAction":[{"@type":"ReadAction","target":["https:\/\/www.copealcoy.es\/es\/la-diputacion-concede-un-prestamo-a-agres\/"]}]},{"@type":"ImageObject","inLanguage":"es","@id":"https:\/\/www.copealcoy.es\/es\/la-diputacion-concede-un-prestamo-a-agres\/#primaryimage","url":"https:\/\/www.copealcoy.es\/wp-content\/uploads\/2015\/09\/img_20367.jpg","contentUrl":"https:\/\/www.copealcoy.es\/wp-content\/uploads\/2015\/09\/img_20367.jpg","width":670,"height":377,"caption":"El presidente de la Diputaci\u00f3n y el alcalde de Agres durante la firma del convenio"},{"@type":"BreadcrumbList","@id":"https:\/\/www.copealcoy.es\/es\/la-diputacion-concede-un-prestamo-a-agres\/#breadcrumb","itemListElement":[{"@type":"ListItem","position":1,"name":"Portada","item":"https:\/\/www.copealcoy.es\/es\/"},{"@type":"ListItem","position":2,"name":"La Diputaci\u00f3n concede un pr\u00e9stamo a Agres"}]},{"@type":"WebSite","@id":"https:\/\/www.copealcoy.es\/es\/#website","url":"https:\/\/www.copealcoy.es\/es\/","name":"COPE Alcoy","description":"Emisora COPE de radio local con emisi\u00f3n online. Pont de Sant Jordi 8-10 03803 Alcoy","potentialAction":[{"@type":"SearchAction","target":{"@type":"EntryPoint","urlTemplate":"https:\/\/www.copealcoy.es\/es\/?s={search_term_string}"},"query-input":{"@type":"PropertyValueSpecification","valueRequired":true,"valueName":"search_term_string"}}],"inLanguage":"es"},{"@type":"Person","@id":"https:\/\/www.copealcoy.es\/es\/#\/schema\/person\/e777c87fa024e57d40170af9df39882c","name":"Cope Alcoy","image":{"@type":"ImageObject","inLanguage":"es","@id":"https:\/\/secure.gravatar.com\/avatar\/bb65d0283347e303893ba14f0692005417c1e0e690a325a4c5d8bb2b3943ee14?s=96&d=mm&r=g","url":"https:\/\/secure.gravatar.com\/avatar\/bb65d0283347e303893ba14f0692005417c1e0e690a325a4c5d8bb2b3943ee14?s=96&d=mm&r=g","contentUrl":"https:\/\/secure.gravatar.com\/avatar\/bb65d0283347e303893ba14f0692005417c1e0e690a325a4c5d8bb2b3943ee14?s=96&d=mm&r=g","caption":"Cope Alcoy"}}]}},"_links":{"self":[{"href":"https:\/\/www.copealcoy.es\/es\/wp-json\/wp\/v2\/posts\/15841","targetHints":{"allow":["GET"]}}],"collection":[{"href":"https:\/\/www.copealcoy.es\/es\/wp-json\/wp\/v2\/posts"}],"about":[{"href":"https:\/\/www.copealcoy.es\/es\/wp-json\/wp\/v2\/types\/post"}],"author":[{"embeddable":true,"href":"https:\/\/www.copealcoy.es\/es\/wp-json\/wp\/v2\/users\/1"}],"replies":[{"embeddable":true,"href":"https:\/\/www.copealcoy.es\/es\/wp-json\/wp\/v2\/comments?post=15841"}],"version-history":[{"count":0,"href":"https:\/\/www.copealcoy.es\/es\/wp-json\/wp\/v2\/posts\/15841\/revisions"}],"wp:featuredmedia":[{"embeddable":true,"href":"https:\/\/www.copealcoy.es\/es\/wp-json\/wp\/v2\/media\/15842"}],"wp:attachment":[{"href":"https:\/\/www.copealcoy.es\/es\/wp-json\/wp\/v2\/media?parent=15841"}],"wp:term":[{"taxonomy":"category","embeddable":true,"href":"https:\/\/www.copealcoy.es\/es\/wp-json\/wp\/v2\/categories?post=15841"},{"taxonomy":"post_tag","embeddable":true,"href":"https:\/\/www.copealcoy.es\/es\/wp-json\/wp\/v2\/tags?post=15841"}],"curies":[{"name":"wp","href":"https:\/\/api.w.org\/{rel}","templated":true}]}}