{"id":158391,"date":"2025-10-13T15:29:20","date_gmt":"2025-10-13T14:29:20","guid":{"rendered":"https:\/\/www.copealcoy.es\/?p=158391"},"modified":"2025-10-13T15:32:55","modified_gmt":"2025-10-13T14:32:55","slug":"la-generalitat-aprueba-la-tramitacion-de-alcoy-sur-con-caracter-de-urgencia","status":"publish","type":"post","link":"https:\/\/www.copealcoy.es\/es\/la-generalitat-aprueba-la-tramitacion-de-alcoy-sur-con-caracter-de-urgencia\/","title":{"rendered":"La Generalitat aprueba la tramitaci\u00f3n de Alcoy Sur con car\u00e1cter de urgencia"},"content":{"rendered":"<p style=\"text-align: justify;\" data-start=\"234\" data-end=\"774\"><strong data-start=\"234\" data-end=\"243\">Alcoy<\/strong> dar\u00e1 un paso decisivo en su desarrollo industrial tras la aprobaci\u00f3n por parte de la Generalitat de la tramitaci\u00f3n urgente del <strong data-start=\"371\" data-end=\"399\">nuevo parque empresarial<\/strong> de la ciudad. El anuncio lo ha realizado el <a href=\"https:\/\/mediambient.gva.es\/es\/\" target=\"_blank\" rel=\"noopener\"><span style=\"color: #0000ff;\"><strong data-start=\"444\" data-end=\"506\">conseller de Medio Ambiente, Infraestructuras y Territorio<\/strong><\/span><\/a>, Vicente Mart\u00ednez Mus, tras reunirse con representantes de la <strong data-start=\"561\" data-end=\"592\">C\u00e1mara de Comercio de Alcoy<\/strong>, acompa\u00f1ado del <strong data-start=\"609\" data-end=\"678\">secretario auton\u00f3mico de Medio Ambiente y Territorio, Ra\u00fal M\u00e9rida<\/strong>, y el <strong data-start=\"685\" data-end=\"771\">director general de Urbanismo, Paisaje y Evaluaci\u00f3n Ambiental, Miguel \u00c1ngel Ivorra<\/strong>.<\/p>\n<p style=\"text-align: justify;\" data-start=\"776\" data-end=\"1082\">El acuerdo, firmado en mayo, busca la <strong data-start=\"814\" data-end=\"842\">reclasificaci\u00f3n de suelo<\/strong> mediante un <strong data-start=\"855\" data-end=\"887\">Plan Especial supramunicipal<\/strong>, con el objetivo de implantar un \u00e1rea industrial. La tramitaci\u00f3n urgente permitir\u00e1 <strong data-start=\"971\" data-end=\"1020\">reducir a la mitad todos los plazos previstos<\/strong> en la normativa de aprobaci\u00f3n del planeamiento urban\u00edstico.<\/p>\n<p style=\"text-align: justify;\" data-start=\"1084\" data-end=\"1407\">Mart\u00ednez Mus destac\u00f3 que este proyecto llega <strong data-start=\"1129\" data-end=\"1151\">despu\u00e9s de 30 a\u00f1os<\/strong> y supone un impulso clave para el <strong data-start=\"1186\" data-end=\"1233\">crecimiento econ\u00f3mico e industrial de Alcoy<\/strong>. <em data-start=\"1235\" data-end=\"1396\">\u201cPosiciona a la ciudad como un referente gracias a su car\u00e1cter emprendedor y a un ecosistema que integra los \u00e1mbitos educativo, cultural, social y empresarial\u201d<\/em>, a\u00f1adi\u00f3.<\/p>\n<p style=\"text-align: justify;\" data-start=\"1409\" data-end=\"2023\">El conseller se\u00f1al\u00f3 que la medida se enmarca en el <strong data-start=\"1460\" data-end=\"1504\">decreto de simplificaci\u00f3n administrativa<\/strong> aprobado por la Generalitat, que busca <strong data-start=\"1544\" data-end=\"1586\">reducir tr\u00e1mites y eliminar obst\u00e1culos<\/strong> para fomentar la actividad empresarial. Adem\u00e1s, destac\u00f3 que el Plan Especial permitir\u00e1 desbloquear <strong data-start=\"1686\" data-end=\"1717\">suelo industrial de calidad<\/strong>, gestionar directamente las obras de urbanizaci\u00f3n y garantizar la protecci\u00f3n de los <strong data-start=\"1802\" data-end=\"1843\">valores naturales y el medio ambiente<\/strong> de Alcoy y la comarca. <em data-start=\"1867\" data-end=\"2012\">\u201cEs muy importante que las empresas ya establecidas puedan continuar y ampliar su actividad con todas las patas de la sostenibilidad cubiertas\u201d<\/em>, apunt\u00f3.<\/p>\n<p data-start=\"2025\" data-end=\"2063\"><span style=\"color: #0000ff;\"><strong data-start=\"2025\" data-end=\"2061\">Compromisos de las instituciones<\/strong><\/span><\/p>\n<p style=\"text-align: justify;\" data-start=\"2065\" data-end=\"2328\">Seg\u00fan el protocolo, la <strong data-start=\"2088\" data-end=\"2103\">Generalitat<\/strong> ser\u00e1 responsable de tramitar y aprobar el Plan Especial, <strong data-start=\"2161\" data-end=\"2186\">reclasificar el suelo<\/strong> y gestionar directamente las obras de urbanizaci\u00f3n, colaborando estrechamente con el <strong data-start=\"2272\" data-end=\"2297\">Ayuntamiento de Alcoy<\/strong> y la <strong data-start=\"2303\" data-end=\"2325\">C\u00e1mara de Comercio<\/strong>. Por su parte, el <strong data-start=\"2347\" data-end=\"2372\">Ayuntamiento de Alcoy<\/strong> aportar\u00e1 la documentaci\u00f3n e informes necesarios y gestionar\u00e1 conjuntamente las obras, priorizando la gesti\u00f3n directa por parte de l Generalitat. Finalmente, la <strong data-start=\"2525\" data-end=\"2556\">C\u00e1mara de Comercio de Alcoy<\/strong> respaldar\u00e1 la ubicaci\u00f3n del nuevo suelo industrial, presentar\u00e1 iniciativas ante las administraciones y desarrollar\u00e1 el plan en las zonas aptas, seg\u00fan un informe t\u00e9cnico-jur\u00eddico sobre viabilidad ambiental y paisaj\u00edstica.<\/p>\n","protected":false},"excerpt":{"rendered":"<p>Alcoy dar\u00e1 un paso decisivo en su desarrollo industrial tras la aprobaci\u00f3n por parte de la Generalitat de la tramitaci\u00f3n&#8230;<\/p>\n","protected":false},"author":1,"featured_media":158392,"comment_status":"closed","ping_status":"closed","sticky":false,"template":"","format":"standard","meta":{"footnotes":""},"categories":[6909,97,75,125],"tags":[1494,19833,994,20154,2488],"class_list":["post-158391","post","type-post","status-publish","format-standard","has-post-thumbnail","hentry","category-actualidad","category-alcoy","category-noticias","category-portada","tag-alcoy","tag-conseller-martinez-mus-es","tag-generalitat-valenciana","tag-parque-empresarial-alcoy-sur","tag-tramitacion"],"yoast_head":"<!-- This site is optimized with the Yoast SEO plugin v27.3 - https:\/\/yoast.com\/product\/yoast-seo-wordpress\/ -->\n<title>La Generalitat aprueba la tramitaci\u00f3n de Alcoy Sur con car\u00e1cter de urgencia - COPE Alcoy<\/title>\n<meta name=\"description\" content=\"La Generalitat aprueba la tramitaci\u00f3n de Alcoy Sur con car\u00e1cter de urgencia\" \/>\n<meta name=\"robots\" content=\"index, follow, max-snippet:-1, max-image-preview:large, max-video-preview:-1\" \/>\n<link rel=\"canonical\" href=\"https:\/\/www.copealcoy.es\/es\/la-generalitat-aprueba-la-tramitacion-de-alcoy-sur-con-caracter-de-urgencia\/\" \/>\n<meta property=\"og:locale\" content=\"es_ES\" \/>\n<meta property=\"og:type\" content=\"article\" \/>\n<meta property=\"og:title\" content=\"La Generalitat aprueba la tramitaci\u00f3n de Alcoy Sur con car\u00e1cter de urgencia - COPE Alcoy\" \/>\n<meta property=\"og:description\" content=\"La Generalitat aprueba la tramitaci\u00f3n de Alcoy Sur con car\u00e1cter de urgencia\" \/>\n<meta property=\"og:url\" content=\"https:\/\/www.copealcoy.es\/es\/la-generalitat-aprueba-la-tramitacion-de-alcoy-sur-con-caracter-de-urgencia\/\" \/>\n<meta property=\"og:site_name\" content=\"COPE Alcoy\" \/>\n<meta property=\"article:published_time\" content=\"2025-10-13T14:29:20+00:00\" \/>\n<meta property=\"article:modified_time\" content=\"2025-10-13T14:32:55+00:00\" \/>\n<meta property=\"og:image\" content=\"https:\/\/www.copealcoy.es\/wp-content\/uploads\/2025\/10\/articulos-1689751.jpg\" \/>\n\t<meta property=\"og:image:width\" content=\"980\" \/>\n\t<meta property=\"og:image:height\" content=\"738\" \/>\n\t<meta property=\"og:image:type\" content=\"image\/jpeg\" \/>\n<meta name=\"author\" content=\"Cope Alcoy\" \/>\n<meta name=\"twitter:label1\" content=\"Escrito por\" \/>\n\t<meta name=\"twitter:data1\" content=\"Cope Alcoy\" \/>\n\t<meta name=\"twitter:label2\" content=\"Tiempo de lectura\" \/>\n\t<meta name=\"twitter:data2\" content=\"3 minutos\" \/>\n<script type=\"application\/ld+json\" class=\"yoast-schema-graph\">{\"@context\":\"https:\\\/\\\/schema.org\",\"@graph\":[{\"@type\":\"Article\",\"@id\":\"https:\\\/\\\/www.copealcoy.es\\\/es\\\/la-generalitat-aprueba-la-tramitacion-de-alcoy-sur-con-caracter-de-urgencia\\\/#article\",\"isPartOf\":{\"@id\":\"https:\\\/\\\/www.copealcoy.es\\\/es\\\/la-generalitat-aprueba-la-tramitacion-de-alcoy-sur-con-caracter-de-urgencia\\\/\"},\"author\":{\"name\":\"Cope Alcoy\",\"@id\":\"https:\\\/\\\/www.copealcoy.es\\\/es\\\/#\\\/schema\\\/person\\\/e777c87fa024e57d40170af9df39882c\"},\"headline\":\"La Generalitat aprueba la tramitaci\u00f3n de Alcoy Sur con car\u00e1cter de urgencia\",\"datePublished\":\"2025-10-13T14:29:20+00:00\",\"dateModified\":\"2025-10-13T14:32:55+00:00\",\"mainEntityOfPage\":{\"@id\":\"https:\\\/\\\/www.copealcoy.es\\\/es\\\/la-generalitat-aprueba-la-tramitacion-de-alcoy-sur-con-caracter-de-urgencia\\\/\"},\"wordCount\":413,\"image\":{\"@id\":\"https:\\\/\\\/www.copealcoy.es\\\/es\\\/la-generalitat-aprueba-la-tramitacion-de-alcoy-sur-con-caracter-de-urgencia\\\/#primaryimage\"},\"thumbnailUrl\":\"https:\\\/\\\/www.copealcoy.es\\\/wp-content\\\/uploads\\\/2025\\\/10\\\/articulos-1689751.jpg\",\"keywords\":[\"Alcoy\",\"Conseller Mart\u00ednez Mus\",\"Generalitat Valenciana\",\"parque empresarial Alcoy Sur\",\"Tramitaci\u00f3n\"],\"articleSection\":[\"Actualidad\",\"Alcoy\",\"Noticias\",\"Portada\"],\"inLanguage\":\"es\"},{\"@type\":\"WebPage\",\"@id\":\"https:\\\/\\\/www.copealcoy.es\\\/es\\\/la-generalitat-aprueba-la-tramitacion-de-alcoy-sur-con-caracter-de-urgencia\\\/\",\"url\":\"https:\\\/\\\/www.copealcoy.es\\\/es\\\/la-generalitat-aprueba-la-tramitacion-de-alcoy-sur-con-caracter-de-urgencia\\\/\",\"name\":\"La Generalitat aprueba la tramitaci\u00f3n de Alcoy Sur con car\u00e1cter de urgencia - COPE Alcoy\",\"isPartOf\":{\"@id\":\"https:\\\/\\\/www.copealcoy.es\\\/es\\\/#website\"},\"primaryImageOfPage\":{\"@id\":\"https:\\\/\\\/www.copealcoy.es\\\/es\\\/la-generalitat-aprueba-la-tramitacion-de-alcoy-sur-con-caracter-de-urgencia\\\/#primaryimage\"},\"image\":{\"@id\":\"https:\\\/\\\/www.copealcoy.es\\\/es\\\/la-generalitat-aprueba-la-tramitacion-de-alcoy-sur-con-caracter-de-urgencia\\\/#primaryimage\"},\"thumbnailUrl\":\"https:\\\/\\\/www.copealcoy.es\\\/wp-content\\\/uploads\\\/2025\\\/10\\\/articulos-1689751.jpg\",\"datePublished\":\"2025-10-13T14:29:20+00:00\",\"dateModified\":\"2025-10-13T14:32:55+00:00\",\"author\":{\"@id\":\"https:\\\/\\\/www.copealcoy.es\\\/es\\\/#\\\/schema\\\/person\\\/e777c87fa024e57d40170af9df39882c\"},\"description\":\"La Generalitat aprueba la tramitaci\u00f3n de Alcoy Sur con car\u00e1cter de urgencia\",\"breadcrumb\":{\"@id\":\"https:\\\/\\\/www.copealcoy.es\\\/es\\\/la-generalitat-aprueba-la-tramitacion-de-alcoy-sur-con-caracter-de-urgencia\\\/#breadcrumb\"},\"inLanguage\":\"es\",\"potentialAction\":[{\"@type\":\"ReadAction\",\"target\":[\"https:\\\/\\\/www.copealcoy.es\\\/es\\\/la-generalitat-aprueba-la-tramitacion-de-alcoy-sur-con-caracter-de-urgencia\\\/\"]}]},{\"@type\":\"ImageObject\",\"inLanguage\":\"es\",\"@id\":\"https:\\\/\\\/www.copealcoy.es\\\/es\\\/la-generalitat-aprueba-la-tramitacion-de-alcoy-sur-con-caracter-de-urgencia\\\/#primaryimage\",\"url\":\"https:\\\/\\\/www.copealcoy.es\\\/wp-content\\\/uploads\\\/2025\\\/10\\\/articulos-1689751.jpg\",\"contentUrl\":\"https:\\\/\\\/www.copealcoy.es\\\/wp-content\\\/uploads\\\/2025\\\/10\\\/articulos-1689751.jpg\",\"width\":980,\"height\":738},{\"@type\":\"BreadcrumbList\",\"@id\":\"https:\\\/\\\/www.copealcoy.es\\\/es\\\/la-generalitat-aprueba-la-tramitacion-de-alcoy-sur-con-caracter-de-urgencia\\\/#breadcrumb\",\"itemListElement\":[{\"@type\":\"ListItem\",\"position\":1,\"name\":\"Portada\",\"item\":\"https:\\\/\\\/www.copealcoy.es\\\/es\\\/\"},{\"@type\":\"ListItem\",\"position\":2,\"name\":\"La Generalitat aprueba la tramitaci\u00f3n de Alcoy Sur con car\u00e1cter de urgencia\"}]},{\"@type\":\"WebSite\",\"@id\":\"https:\\\/\\\/www.copealcoy.es\\\/es\\\/#website\",\"url\":\"https:\\\/\\\/www.copealcoy.es\\\/es\\\/\",\"name\":\"COPE Alcoy\",\"description\":\"Emisora COPE de radio local con emisi\u00f3n online. Pont de Sant Jordi 8-10 03803 Alcoy\",\"potentialAction\":[{\"@type\":\"SearchAction\",\"target\":{\"@type\":\"EntryPoint\",\"urlTemplate\":\"https:\\\/\\\/www.copealcoy.es\\\/es\\\/?s={search_term_string}\"},\"query-input\":{\"@type\":\"PropertyValueSpecification\",\"valueRequired\":true,\"valueName\":\"search_term_string\"}}],\"inLanguage\":\"es\"},{\"@type\":\"Person\",\"@id\":\"https:\\\/\\\/www.copealcoy.es\\\/es\\\/#\\\/schema\\\/person\\\/e777c87fa024e57d40170af9df39882c\",\"name\":\"Cope Alcoy\",\"image\":{\"@type\":\"ImageObject\",\"inLanguage\":\"es\",\"@id\":\"https:\\\/\\\/secure.gravatar.com\\\/avatar\\\/bb65d0283347e303893ba14f0692005417c1e0e690a325a4c5d8bb2b3943ee14?s=96&d=mm&r=g\",\"url\":\"https:\\\/\\\/secure.gravatar.com\\\/avatar\\\/bb65d0283347e303893ba14f0692005417c1e0e690a325a4c5d8bb2b3943ee14?s=96&d=mm&r=g\",\"contentUrl\":\"https:\\\/\\\/secure.gravatar.com\\\/avatar\\\/bb65d0283347e303893ba14f0692005417c1e0e690a325a4c5d8bb2b3943ee14?s=96&d=mm&r=g\",\"caption\":\"Cope Alcoy\"}}]}<\/script>\n<!-- \/ Yoast SEO plugin. -->","yoast_head_json":{"title":"La Generalitat aprueba la tramitaci\u00f3n de Alcoy Sur con car\u00e1cter de urgencia - COPE Alcoy","description":"La Generalitat aprueba la tramitaci\u00f3n de Alcoy Sur con car\u00e1cter de urgencia","robots":{"index":"index","follow":"follow","max-snippet":"max-snippet:-1","max-image-preview":"max-image-preview:large","max-video-preview":"max-video-preview:-1"},"canonical":"https:\/\/www.copealcoy.es\/es\/la-generalitat-aprueba-la-tramitacion-de-alcoy-sur-con-caracter-de-urgencia\/","og_locale":"es_ES","og_type":"article","og_title":"La Generalitat aprueba la tramitaci\u00f3n de Alcoy Sur con car\u00e1cter de urgencia - COPE Alcoy","og_description":"La Generalitat aprueba la tramitaci\u00f3n de Alcoy Sur con car\u00e1cter de urgencia","og_url":"https:\/\/www.copealcoy.es\/es\/la-generalitat-aprueba-la-tramitacion-de-alcoy-sur-con-caracter-de-urgencia\/","og_site_name":"COPE Alcoy","article_published_time":"2025-10-13T14:29:20+00:00","article_modified_time":"2025-10-13T14:32:55+00:00","og_image":[{"width":980,"height":738,"url":"https:\/\/www.copealcoy.es\/wp-content\/uploads\/2025\/10\/articulos-1689751.jpg","type":"image\/jpeg"}],"author":"Cope Alcoy","twitter_misc":{"Escrito por":"Cope Alcoy","Tiempo de lectura":"3 minutos"},"schema":{"@context":"https:\/\/schema.org","@graph":[{"@type":"Article","@id":"https:\/\/www.copealcoy.es\/es\/la-generalitat-aprueba-la-tramitacion-de-alcoy-sur-con-caracter-de-urgencia\/#article","isPartOf":{"@id":"https:\/\/www.copealcoy.es\/es\/la-generalitat-aprueba-la-tramitacion-de-alcoy-sur-con-caracter-de-urgencia\/"},"author":{"name":"Cope Alcoy","@id":"https:\/\/www.copealcoy.es\/es\/#\/schema\/person\/e777c87fa024e57d40170af9df39882c"},"headline":"La Generalitat aprueba la tramitaci\u00f3n de Alcoy Sur con car\u00e1cter de urgencia","datePublished":"2025-10-13T14:29:20+00:00","dateModified":"2025-10-13T14:32:55+00:00","mainEntityOfPage":{"@id":"https:\/\/www.copealcoy.es\/es\/la-generalitat-aprueba-la-tramitacion-de-alcoy-sur-con-caracter-de-urgencia\/"},"wordCount":413,"image":{"@id":"https:\/\/www.copealcoy.es\/es\/la-generalitat-aprueba-la-tramitacion-de-alcoy-sur-con-caracter-de-urgencia\/#primaryimage"},"thumbnailUrl":"https:\/\/www.copealcoy.es\/wp-content\/uploads\/2025\/10\/articulos-1689751.jpg","keywords":["Alcoy","Conseller Mart\u00ednez Mus","Generalitat Valenciana","parque empresarial Alcoy Sur","Tramitaci\u00f3n"],"articleSection":["Actualidad","Alcoy","Noticias","Portada"],"inLanguage":"es"},{"@type":"WebPage","@id":"https:\/\/www.copealcoy.es\/es\/la-generalitat-aprueba-la-tramitacion-de-alcoy-sur-con-caracter-de-urgencia\/","url":"https:\/\/www.copealcoy.es\/es\/la-generalitat-aprueba-la-tramitacion-de-alcoy-sur-con-caracter-de-urgencia\/","name":"La Generalitat aprueba la tramitaci\u00f3n de Alcoy Sur con car\u00e1cter de urgencia - COPE Alcoy","isPartOf":{"@id":"https:\/\/www.copealcoy.es\/es\/#website"},"primaryImageOfPage":{"@id":"https:\/\/www.copealcoy.es\/es\/la-generalitat-aprueba-la-tramitacion-de-alcoy-sur-con-caracter-de-urgencia\/#primaryimage"},"image":{"@id":"https:\/\/www.copealcoy.es\/es\/la-generalitat-aprueba-la-tramitacion-de-alcoy-sur-con-caracter-de-urgencia\/#primaryimage"},"thumbnailUrl":"https:\/\/www.copealcoy.es\/wp-content\/uploads\/2025\/10\/articulos-1689751.jpg","datePublished":"2025-10-13T14:29:20+00:00","dateModified":"2025-10-13T14:32:55+00:00","author":{"@id":"https:\/\/www.copealcoy.es\/es\/#\/schema\/person\/e777c87fa024e57d40170af9df39882c"},"description":"La Generalitat aprueba la tramitaci\u00f3n de Alcoy Sur con car\u00e1cter de urgencia","breadcrumb":{"@id":"https:\/\/www.copealcoy.es\/es\/la-generalitat-aprueba-la-tramitacion-de-alcoy-sur-con-caracter-de-urgencia\/#breadcrumb"},"inLanguage":"es","potentialAction":[{"@type":"ReadAction","target":["https:\/\/www.copealcoy.es\/es\/la-generalitat-aprueba-la-tramitacion-de-alcoy-sur-con-caracter-de-urgencia\/"]}]},{"@type":"ImageObject","inLanguage":"es","@id":"https:\/\/www.copealcoy.es\/es\/la-generalitat-aprueba-la-tramitacion-de-alcoy-sur-con-caracter-de-urgencia\/#primaryimage","url":"https:\/\/www.copealcoy.es\/wp-content\/uploads\/2025\/10\/articulos-1689751.jpg","contentUrl":"https:\/\/www.copealcoy.es\/wp-content\/uploads\/2025\/10\/articulos-1689751.jpg","width":980,"height":738},{"@type":"BreadcrumbList","@id":"https:\/\/www.copealcoy.es\/es\/la-generalitat-aprueba-la-tramitacion-de-alcoy-sur-con-caracter-de-urgencia\/#breadcrumb","itemListElement":[{"@type":"ListItem","position":1,"name":"Portada","item":"https:\/\/www.copealcoy.es\/es\/"},{"@type":"ListItem","position":2,"name":"La Generalitat aprueba la tramitaci\u00f3n de Alcoy Sur con car\u00e1cter de urgencia"}]},{"@type":"WebSite","@id":"https:\/\/www.copealcoy.es\/es\/#website","url":"https:\/\/www.copealcoy.es\/es\/","name":"COPE Alcoy","description":"Emisora COPE de radio local con emisi\u00f3n online. Pont de Sant Jordi 8-10 03803 Alcoy","potentialAction":[{"@type":"SearchAction","target":{"@type":"EntryPoint","urlTemplate":"https:\/\/www.copealcoy.es\/es\/?s={search_term_string}"},"query-input":{"@type":"PropertyValueSpecification","valueRequired":true,"valueName":"search_term_string"}}],"inLanguage":"es"},{"@type":"Person","@id":"https:\/\/www.copealcoy.es\/es\/#\/schema\/person\/e777c87fa024e57d40170af9df39882c","name":"Cope Alcoy","image":{"@type":"ImageObject","inLanguage":"es","@id":"https:\/\/secure.gravatar.com\/avatar\/bb65d0283347e303893ba14f0692005417c1e0e690a325a4c5d8bb2b3943ee14?s=96&d=mm&r=g","url":"https:\/\/secure.gravatar.com\/avatar\/bb65d0283347e303893ba14f0692005417c1e0e690a325a4c5d8bb2b3943ee14?s=96&d=mm&r=g","contentUrl":"https:\/\/secure.gravatar.com\/avatar\/bb65d0283347e303893ba14f0692005417c1e0e690a325a4c5d8bb2b3943ee14?s=96&d=mm&r=g","caption":"Cope Alcoy"}}]}},"_links":{"self":[{"href":"https:\/\/www.copealcoy.es\/es\/wp-json\/wp\/v2\/posts\/158391","targetHints":{"allow":["GET"]}}],"collection":[{"href":"https:\/\/www.copealcoy.es\/es\/wp-json\/wp\/v2\/posts"}],"about":[{"href":"https:\/\/www.copealcoy.es\/es\/wp-json\/wp\/v2\/types\/post"}],"author":[{"embeddable":true,"href":"https:\/\/www.copealcoy.es\/es\/wp-json\/wp\/v2\/users\/1"}],"replies":[{"embeddable":true,"href":"https:\/\/www.copealcoy.es\/es\/wp-json\/wp\/v2\/comments?post=158391"}],"version-history":[{"count":1,"href":"https:\/\/www.copealcoy.es\/es\/wp-json\/wp\/v2\/posts\/158391\/revisions"}],"predecessor-version":[{"id":158394,"href":"https:\/\/www.copealcoy.es\/es\/wp-json\/wp\/v2\/posts\/158391\/revisions\/158394"}],"wp:featuredmedia":[{"embeddable":true,"href":"https:\/\/www.copealcoy.es\/es\/wp-json\/wp\/v2\/media\/158392"}],"wp:attachment":[{"href":"https:\/\/www.copealcoy.es\/es\/wp-json\/wp\/v2\/media?parent=158391"}],"wp:term":[{"taxonomy":"category","embeddable":true,"href":"https:\/\/www.copealcoy.es\/es\/wp-json\/wp\/v2\/categories?post=158391"},{"taxonomy":"post_tag","embeddable":true,"href":"https:\/\/www.copealcoy.es\/es\/wp-json\/wp\/v2\/tags?post=158391"}],"curies":[{"name":"wp","href":"https:\/\/api.w.org\/{rel}","templated":true}]}}