{"id":158331,"date":"2025-10-16T09:00:16","date_gmt":"2025-10-16T08:00:16","guid":{"rendered":"https:\/\/www.copealcoy.es\/?p=158331"},"modified":"2025-10-16T15:59:25","modified_gmt":"2025-10-16T14:59:25","slug":"cocentaina-participa-con-exito-en-una-nueva-edicion-del-festival-open-house-valencia","status":"publish","type":"post","link":"https:\/\/www.copealcoy.es\/es\/cocentaina-participa-con-exito-en-una-nueva-edicion-del-festival-open-house-valencia\/","title":{"rendered":"Cocentaina participa con \u00e9xito en una nueva edici\u00f3n del festival Open House Valencia"},"content":{"rendered":"<p style=\"text-align: justify;\" data-start=\"214\" data-end=\"638\">El <strong data-start=\"217\" data-end=\"271\">festival de arquitectura <a href=\"https:\/\/www.openhousevalencia.org\/\" target=\"_blank\" rel=\"noopener\"><span style=\"color: #0000ff;\">Open House Valencia (OHV)<\/span><\/a><\/strong> contin\u00faa su recorrido con gran \u00e9xito por los <strong>municipios invitados<\/strong> de esta edici\u00f3n. Tras X\u00e0tiva, <strong data-start=\"372\" data-end=\"386\">Cocentaina<\/strong> fue la localidad protagonista del fin de semana de semana del 4 y 5 de octubre, abriendo las puertas de su <strong data-start=\"471\" data-end=\"496\">patrimonio monumental<\/strong> a m\u00e1s de <strong data-start=\"506\" data-end=\"526\">1.000 visitantes<\/strong>, que recorrieron sus calles y plazas para descubrir la historia viva de un legado que se extiende por siglos.<\/p>\n<p style=\"text-align: justify;\" data-start=\"640\" data-end=\"997\">Durante s\u00e1bado y domingo, los asistentes pudieron participar en <strong data-start=\"704\" data-end=\"735\">visitas guiadas y gratuitas<\/strong> a algunos de los espacios m\u00e1s emblem\u00e1ticos del municipio, como el <strong data-start=\"802\" data-end=\"829\">Convento de los Francicanos<\/strong>, el <strong data-start=\"834\" data-end=\"850\">Palau Comtal<\/strong>, la <strong>Iglesia\u00a0de Santa Maria<\/strong>, el <strong data-start=\"886\" data-end=\"906\">Palau dels Ortiz<\/strong>, la <strong data-start=\"911\" data-end=\"954\">Casa-Museu Centre d\u2019Estudis Contestants<\/strong> y la <strong data-start=\"960\" data-end=\"996\">Biblioteca Municipal Pare Arques<\/strong> &#8220;<em data-start=\"1033\" data-end=\"1463\">Open House Val\u00e8ncia se ha convertido en una cita muy especial. Despu\u00e9s de dos a\u00f1os hemos conseguido consolidar nuestra participaci\u00f3n y, en esta edici\u00f3n, hemos aumentado el n\u00famero de espacios abiertos y de participantes, lo que demuestra el inter\u00e9s creciente por nuestro patrimonio. Este festival nos ha permitido mostrar y compartir toda esa riqueza patrimonial que atesora Cocentaina, un legado que nos identifica como pueblo&#8221;<\/em>, dijo el alcalde de la Villa Condal; <strong>Rub\u00e9n Mu\u00f1oz<\/strong>.<\/p>\n<p style=\"text-align: justify;\" data-start=\"1466\" data-end=\"1976\">El festival tambi\u00e9n incluy\u00f3\u00a0<strong data-start=\"1498\" data-end=\"1527\">rutas urbanas tematizadas<\/strong>, conocidas como <em><strong data-start=\"1544\" data-end=\"1558\">Open Walks<\/strong><\/em>, que permitieron al p\u00fablico acceder a espacios normalmente cerrados, como los <strong data-start=\"1639\" data-end=\"1658\">viveros de agua<\/strong> de algunas viviendas privadas. Adem\u00e1s, se realizaron recorridos por las <strong data-start=\"1731\" data-end=\"1755\">murallas de la villa<\/strong> y rutas centradas en <strong data-start=\"1777\" data-end=\"1797\">leyendas locales<\/strong>. No falt\u00f3 la vertiente m\u00e1s l\u00fadica y gastron\u00f3mica del certamen, con una <strong data-start=\"1869\" data-end=\"1891\">comida de hermandad <\/strong>y un <strong data-start=\"1898\" data-end=\"1919\">aperitivo dominical<\/strong>, que permitieron a los asistentes compartir la experiencia <em data-start=\"2026\" data-end=\"2340\">\u201clos municipios valencianos esconden un gran patrimonio a poner en valor. Desde Open House Valencia hacemos posible que sus puertas se abran al gran p\u00fablico. Es emocionante ver la ilusi\u00f3n en los ojos de los vecinos y vecinas, muchos de los cuales nunca hab\u00edan tenido ocasi\u00f3n de entrar y han quedado maravillados\u201d, <\/em>coment\u00f3 <strong data-start=\"1984\" data-end=\"2000\">Sara Portela<\/strong>, directora del festival. Por su parte, <strong data-start=\"2356\" data-end=\"2374\">Laura Gilabert<\/strong>, coordinadora de Cocentaina como Municipio Invitado en esta propuesta, se\u00f1al\u00f3 que <em data-start=\"2439\" data-end=\"2663\">\u201cla arquitectura es identidad cultural, y conocerla nos hace quererla y conservarla. Open House ha vuelto a Cocentaina con una propuesta de ocio cultural innovadora que dinamiza el patrimonio y nos cohesiona como sociedad&#8221;, <\/em>concluy\u00f3.<\/p>\n<p data-start=\"2666\" data-end=\"2849\">El pr\u00f3ximo <strong>municipio invitado<\/strong> del festival ser\u00e1 <strong data-start=\"2718\" data-end=\"2728\">Ll\u00edria<\/strong>, en el Camp de T\u00faria. Alli se mostrar\u00e1n los <strong data-start=\"2774\" data-end=\"2801\">tesoros arquitect\u00f3nicos<\/strong> de la ciudad los d\u00edas <strong data-start=\"2824\" data-end=\"2846\">18 y 19 de octubre<\/strong>.<\/p>\n","protected":false},"excerpt":{"rendered":"<p>El festival de arquitectura Open House Valencia (OHV) contin\u00faa su recorrido con gran \u00e9xito por los municipios invitados de esta&#8230;<\/p>\n","protected":false},"author":1,"featured_media":158332,"comment_status":"closed","ping_status":"closed","sticky":false,"template":"","format":"standard","meta":{"footnotes":""},"categories":[6909,98,75],"tags":[132,20055,4775,415],"class_list":["post-158331","post","type-post","status-publish","format-standard","has-post-thumbnail","hentry","category-actualidad","category-comarcas","category-noticias","tag-cocentaina","tag-festival-open-house","tag-nueva-edicion","tag-participacion"],"yoast_head":"<!-- This site is optimized with the Yoast SEO plugin v27.3 - https:\/\/yoast.com\/product\/yoast-seo-wordpress\/ -->\n<title>Cocentaina participa con \u00e9xito en una nueva edici\u00f3n del festival Open House Valencia - COPE Alcoy<\/title>\n<meta name=\"description\" content=\"Cocentaina participa con \u00e9xito en una nueva edici\u00f3n del festival Open House Valencia\" \/>\n<meta name=\"robots\" content=\"index, follow, max-snippet:-1, max-image-preview:large, max-video-preview:-1\" \/>\n<link rel=\"canonical\" href=\"https:\/\/www.copealcoy.es\/es\/cocentaina-participa-con-exito-en-una-nueva-edicion-del-festival-open-house-valencia\/\" \/>\n<meta property=\"og:locale\" content=\"es_ES\" \/>\n<meta property=\"og:type\" content=\"article\" \/>\n<meta property=\"og:title\" content=\"Cocentaina participa con \u00e9xito en una nueva edici\u00f3n del festival Open House Valencia - COPE Alcoy\" \/>\n<meta property=\"og:description\" content=\"Cocentaina participa con \u00e9xito en una nueva edici\u00f3n del festival Open House Valencia\" \/>\n<meta property=\"og:url\" content=\"https:\/\/www.copealcoy.es\/es\/cocentaina-participa-con-exito-en-una-nueva-edicion-del-festival-open-house-valencia\/\" \/>\n<meta property=\"og:site_name\" content=\"COPE Alcoy\" \/>\n<meta property=\"article:published_time\" content=\"2025-10-16T08:00:16+00:00\" \/>\n<meta property=\"article:modified_time\" content=\"2025-10-16T14:59:25+00:00\" \/>\n<meta property=\"og:image\" content=\"https:\/\/www.copealcoy.es\/wp-content\/uploads\/2025\/10\/WhatsApp-Image-2025-10-06-at-11.11.26-AM-2.jpeg\" \/>\n\t<meta property=\"og:image:width\" content=\"1600\" \/>\n\t<meta property=\"og:image:height\" content=\"1066\" \/>\n\t<meta property=\"og:image:type\" content=\"image\/jpeg\" \/>\n<meta name=\"author\" content=\"Cope Alcoy\" \/>\n<meta name=\"twitter:label1\" content=\"Escrito por\" \/>\n\t<meta name=\"twitter:data1\" content=\"Cope Alcoy\" \/>\n\t<meta name=\"twitter:label2\" content=\"Tiempo de lectura\" \/>\n\t<meta name=\"twitter:data2\" content=\"3 minutos\" \/>\n<script type=\"application\/ld+json\" class=\"yoast-schema-graph\">{\"@context\":\"https:\\\/\\\/schema.org\",\"@graph\":[{\"@type\":\"Article\",\"@id\":\"https:\\\/\\\/www.copealcoy.es\\\/es\\\/cocentaina-participa-con-exito-en-una-nueva-edicion-del-festival-open-house-valencia\\\/#article\",\"isPartOf\":{\"@id\":\"https:\\\/\\\/www.copealcoy.es\\\/es\\\/cocentaina-participa-con-exito-en-una-nueva-edicion-del-festival-open-house-valencia\\\/\"},\"author\":{\"name\":\"Cope Alcoy\",\"@id\":\"https:\\\/\\\/www.copealcoy.es\\\/es\\\/#\\\/schema\\\/person\\\/e777c87fa024e57d40170af9df39882c\"},\"headline\":\"Cocentaina participa con \u00e9xito en una nueva edici\u00f3n del festival Open House Valencia\",\"datePublished\":\"2025-10-16T08:00:16+00:00\",\"dateModified\":\"2025-10-16T14:59:25+00:00\",\"mainEntityOfPage\":{\"@id\":\"https:\\\/\\\/www.copealcoy.es\\\/es\\\/cocentaina-participa-con-exito-en-una-nueva-edicion-del-festival-open-house-valencia\\\/\"},\"wordCount\":449,\"image\":{\"@id\":\"https:\\\/\\\/www.copealcoy.es\\\/es\\\/cocentaina-participa-con-exito-en-una-nueva-edicion-del-festival-open-house-valencia\\\/#primaryimage\"},\"thumbnailUrl\":\"https:\\\/\\\/www.copealcoy.es\\\/wp-content\\\/uploads\\\/2025\\\/10\\\/WhatsApp-Image-2025-10-06-at-11.11.26-AM-2.jpeg\",\"keywords\":[\"Cocentaina\",\"Festival Open House\",\"nueva edici\u00f3n\",\"Participaci\u00f3n\"],\"articleSection\":[\"Actualidad\",\"Comarcas\",\"Noticias\"],\"inLanguage\":\"es\"},{\"@type\":\"WebPage\",\"@id\":\"https:\\\/\\\/www.copealcoy.es\\\/es\\\/cocentaina-participa-con-exito-en-una-nueva-edicion-del-festival-open-house-valencia\\\/\",\"url\":\"https:\\\/\\\/www.copealcoy.es\\\/es\\\/cocentaina-participa-con-exito-en-una-nueva-edicion-del-festival-open-house-valencia\\\/\",\"name\":\"Cocentaina participa con \u00e9xito en una nueva edici\u00f3n del festival Open House Valencia - COPE Alcoy\",\"isPartOf\":{\"@id\":\"https:\\\/\\\/www.copealcoy.es\\\/es\\\/#website\"},\"primaryImageOfPage\":{\"@id\":\"https:\\\/\\\/www.copealcoy.es\\\/es\\\/cocentaina-participa-con-exito-en-una-nueva-edicion-del-festival-open-house-valencia\\\/#primaryimage\"},\"image\":{\"@id\":\"https:\\\/\\\/www.copealcoy.es\\\/es\\\/cocentaina-participa-con-exito-en-una-nueva-edicion-del-festival-open-house-valencia\\\/#primaryimage\"},\"thumbnailUrl\":\"https:\\\/\\\/www.copealcoy.es\\\/wp-content\\\/uploads\\\/2025\\\/10\\\/WhatsApp-Image-2025-10-06-at-11.11.26-AM-2.jpeg\",\"datePublished\":\"2025-10-16T08:00:16+00:00\",\"dateModified\":\"2025-10-16T14:59:25+00:00\",\"author\":{\"@id\":\"https:\\\/\\\/www.copealcoy.es\\\/es\\\/#\\\/schema\\\/person\\\/e777c87fa024e57d40170af9df39882c\"},\"description\":\"Cocentaina participa con \u00e9xito en una nueva edici\u00f3n del festival Open House Valencia\",\"breadcrumb\":{\"@id\":\"https:\\\/\\\/www.copealcoy.es\\\/es\\\/cocentaina-participa-con-exito-en-una-nueva-edicion-del-festival-open-house-valencia\\\/#breadcrumb\"},\"inLanguage\":\"es\",\"potentialAction\":[{\"@type\":\"ReadAction\",\"target\":[\"https:\\\/\\\/www.copealcoy.es\\\/es\\\/cocentaina-participa-con-exito-en-una-nueva-edicion-del-festival-open-house-valencia\\\/\"]}]},{\"@type\":\"ImageObject\",\"inLanguage\":\"es\",\"@id\":\"https:\\\/\\\/www.copealcoy.es\\\/es\\\/cocentaina-participa-con-exito-en-una-nueva-edicion-del-festival-open-house-valencia\\\/#primaryimage\",\"url\":\"https:\\\/\\\/www.copealcoy.es\\\/wp-content\\\/uploads\\\/2025\\\/10\\\/WhatsApp-Image-2025-10-06-at-11.11.26-AM-2.jpeg\",\"contentUrl\":\"https:\\\/\\\/www.copealcoy.es\\\/wp-content\\\/uploads\\\/2025\\\/10\\\/WhatsApp-Image-2025-10-06-at-11.11.26-AM-2.jpeg\",\"width\":1600,\"height\":1066},{\"@type\":\"BreadcrumbList\",\"@id\":\"https:\\\/\\\/www.copealcoy.es\\\/es\\\/cocentaina-participa-con-exito-en-una-nueva-edicion-del-festival-open-house-valencia\\\/#breadcrumb\",\"itemListElement\":[{\"@type\":\"ListItem\",\"position\":1,\"name\":\"Portada\",\"item\":\"https:\\\/\\\/www.copealcoy.es\\\/es\\\/\"},{\"@type\":\"ListItem\",\"position\":2,\"name\":\"Cocentaina participa con \u00e9xito en una nueva edici\u00f3n del festival Open House Valencia\"}]},{\"@type\":\"WebSite\",\"@id\":\"https:\\\/\\\/www.copealcoy.es\\\/es\\\/#website\",\"url\":\"https:\\\/\\\/www.copealcoy.es\\\/es\\\/\",\"name\":\"COPE Alcoy\",\"description\":\"Emisora COPE de radio local con emisi\u00f3n online. Pont de Sant Jordi 8-10 03803 Alcoy\",\"potentialAction\":[{\"@type\":\"SearchAction\",\"target\":{\"@type\":\"EntryPoint\",\"urlTemplate\":\"https:\\\/\\\/www.copealcoy.es\\\/es\\\/?s={search_term_string}\"},\"query-input\":{\"@type\":\"PropertyValueSpecification\",\"valueRequired\":true,\"valueName\":\"search_term_string\"}}],\"inLanguage\":\"es\"},{\"@type\":\"Person\",\"@id\":\"https:\\\/\\\/www.copealcoy.es\\\/es\\\/#\\\/schema\\\/person\\\/e777c87fa024e57d40170af9df39882c\",\"name\":\"Cope Alcoy\",\"image\":{\"@type\":\"ImageObject\",\"inLanguage\":\"es\",\"@id\":\"https:\\\/\\\/secure.gravatar.com\\\/avatar\\\/bb65d0283347e303893ba14f0692005417c1e0e690a325a4c5d8bb2b3943ee14?s=96&d=mm&r=g\",\"url\":\"https:\\\/\\\/secure.gravatar.com\\\/avatar\\\/bb65d0283347e303893ba14f0692005417c1e0e690a325a4c5d8bb2b3943ee14?s=96&d=mm&r=g\",\"contentUrl\":\"https:\\\/\\\/secure.gravatar.com\\\/avatar\\\/bb65d0283347e303893ba14f0692005417c1e0e690a325a4c5d8bb2b3943ee14?s=96&d=mm&r=g\",\"caption\":\"Cope Alcoy\"}}]}<\/script>\n<!-- \/ Yoast SEO plugin. -->","yoast_head_json":{"title":"Cocentaina participa con \u00e9xito en una nueva edici\u00f3n del festival Open House Valencia - COPE Alcoy","description":"Cocentaina participa con \u00e9xito en una nueva edici\u00f3n del festival Open House Valencia","robots":{"index":"index","follow":"follow","max-snippet":"max-snippet:-1","max-image-preview":"max-image-preview:large","max-video-preview":"max-video-preview:-1"},"canonical":"https:\/\/www.copealcoy.es\/es\/cocentaina-participa-con-exito-en-una-nueva-edicion-del-festival-open-house-valencia\/","og_locale":"es_ES","og_type":"article","og_title":"Cocentaina participa con \u00e9xito en una nueva edici\u00f3n del festival Open House Valencia - COPE Alcoy","og_description":"Cocentaina participa con \u00e9xito en una nueva edici\u00f3n del festival Open House Valencia","og_url":"https:\/\/www.copealcoy.es\/es\/cocentaina-participa-con-exito-en-una-nueva-edicion-del-festival-open-house-valencia\/","og_site_name":"COPE Alcoy","article_published_time":"2025-10-16T08:00:16+00:00","article_modified_time":"2025-10-16T14:59:25+00:00","og_image":[{"width":1600,"height":1066,"url":"https:\/\/www.copealcoy.es\/wp-content\/uploads\/2025\/10\/WhatsApp-Image-2025-10-06-at-11.11.26-AM-2.jpeg","type":"image\/jpeg"}],"author":"Cope Alcoy","twitter_misc":{"Escrito por":"Cope Alcoy","Tiempo de lectura":"3 minutos"},"schema":{"@context":"https:\/\/schema.org","@graph":[{"@type":"Article","@id":"https:\/\/www.copealcoy.es\/es\/cocentaina-participa-con-exito-en-una-nueva-edicion-del-festival-open-house-valencia\/#article","isPartOf":{"@id":"https:\/\/www.copealcoy.es\/es\/cocentaina-participa-con-exito-en-una-nueva-edicion-del-festival-open-house-valencia\/"},"author":{"name":"Cope Alcoy","@id":"https:\/\/www.copealcoy.es\/es\/#\/schema\/person\/e777c87fa024e57d40170af9df39882c"},"headline":"Cocentaina participa con \u00e9xito en una nueva edici\u00f3n del festival Open House Valencia","datePublished":"2025-10-16T08:00:16+00:00","dateModified":"2025-10-16T14:59:25+00:00","mainEntityOfPage":{"@id":"https:\/\/www.copealcoy.es\/es\/cocentaina-participa-con-exito-en-una-nueva-edicion-del-festival-open-house-valencia\/"},"wordCount":449,"image":{"@id":"https:\/\/www.copealcoy.es\/es\/cocentaina-participa-con-exito-en-una-nueva-edicion-del-festival-open-house-valencia\/#primaryimage"},"thumbnailUrl":"https:\/\/www.copealcoy.es\/wp-content\/uploads\/2025\/10\/WhatsApp-Image-2025-10-06-at-11.11.26-AM-2.jpeg","keywords":["Cocentaina","Festival Open House","nueva edici\u00f3n","Participaci\u00f3n"],"articleSection":["Actualidad","Comarcas","Noticias"],"inLanguage":"es"},{"@type":"WebPage","@id":"https:\/\/www.copealcoy.es\/es\/cocentaina-participa-con-exito-en-una-nueva-edicion-del-festival-open-house-valencia\/","url":"https:\/\/www.copealcoy.es\/es\/cocentaina-participa-con-exito-en-una-nueva-edicion-del-festival-open-house-valencia\/","name":"Cocentaina participa con \u00e9xito en una nueva edici\u00f3n del festival Open House Valencia - COPE Alcoy","isPartOf":{"@id":"https:\/\/www.copealcoy.es\/es\/#website"},"primaryImageOfPage":{"@id":"https:\/\/www.copealcoy.es\/es\/cocentaina-participa-con-exito-en-una-nueva-edicion-del-festival-open-house-valencia\/#primaryimage"},"image":{"@id":"https:\/\/www.copealcoy.es\/es\/cocentaina-participa-con-exito-en-una-nueva-edicion-del-festival-open-house-valencia\/#primaryimage"},"thumbnailUrl":"https:\/\/www.copealcoy.es\/wp-content\/uploads\/2025\/10\/WhatsApp-Image-2025-10-06-at-11.11.26-AM-2.jpeg","datePublished":"2025-10-16T08:00:16+00:00","dateModified":"2025-10-16T14:59:25+00:00","author":{"@id":"https:\/\/www.copealcoy.es\/es\/#\/schema\/person\/e777c87fa024e57d40170af9df39882c"},"description":"Cocentaina participa con \u00e9xito en una nueva edici\u00f3n del festival Open House Valencia","breadcrumb":{"@id":"https:\/\/www.copealcoy.es\/es\/cocentaina-participa-con-exito-en-una-nueva-edicion-del-festival-open-house-valencia\/#breadcrumb"},"inLanguage":"es","potentialAction":[{"@type":"ReadAction","target":["https:\/\/www.copealcoy.es\/es\/cocentaina-participa-con-exito-en-una-nueva-edicion-del-festival-open-house-valencia\/"]}]},{"@type":"ImageObject","inLanguage":"es","@id":"https:\/\/www.copealcoy.es\/es\/cocentaina-participa-con-exito-en-una-nueva-edicion-del-festival-open-house-valencia\/#primaryimage","url":"https:\/\/www.copealcoy.es\/wp-content\/uploads\/2025\/10\/WhatsApp-Image-2025-10-06-at-11.11.26-AM-2.jpeg","contentUrl":"https:\/\/www.copealcoy.es\/wp-content\/uploads\/2025\/10\/WhatsApp-Image-2025-10-06-at-11.11.26-AM-2.jpeg","width":1600,"height":1066},{"@type":"BreadcrumbList","@id":"https:\/\/www.copealcoy.es\/es\/cocentaina-participa-con-exito-en-una-nueva-edicion-del-festival-open-house-valencia\/#breadcrumb","itemListElement":[{"@type":"ListItem","position":1,"name":"Portada","item":"https:\/\/www.copealcoy.es\/es\/"},{"@type":"ListItem","position":2,"name":"Cocentaina participa con \u00e9xito en una nueva edici\u00f3n del festival Open House Valencia"}]},{"@type":"WebSite","@id":"https:\/\/www.copealcoy.es\/es\/#website","url":"https:\/\/www.copealcoy.es\/es\/","name":"COPE Alcoy","description":"Emisora COPE de radio local con emisi\u00f3n online. Pont de Sant Jordi 8-10 03803 Alcoy","potentialAction":[{"@type":"SearchAction","target":{"@type":"EntryPoint","urlTemplate":"https:\/\/www.copealcoy.es\/es\/?s={search_term_string}"},"query-input":{"@type":"PropertyValueSpecification","valueRequired":true,"valueName":"search_term_string"}}],"inLanguage":"es"},{"@type":"Person","@id":"https:\/\/www.copealcoy.es\/es\/#\/schema\/person\/e777c87fa024e57d40170af9df39882c","name":"Cope Alcoy","image":{"@type":"ImageObject","inLanguage":"es","@id":"https:\/\/secure.gravatar.com\/avatar\/bb65d0283347e303893ba14f0692005417c1e0e690a325a4c5d8bb2b3943ee14?s=96&d=mm&r=g","url":"https:\/\/secure.gravatar.com\/avatar\/bb65d0283347e303893ba14f0692005417c1e0e690a325a4c5d8bb2b3943ee14?s=96&d=mm&r=g","contentUrl":"https:\/\/secure.gravatar.com\/avatar\/bb65d0283347e303893ba14f0692005417c1e0e690a325a4c5d8bb2b3943ee14?s=96&d=mm&r=g","caption":"Cope Alcoy"}}]}},"_links":{"self":[{"href":"https:\/\/www.copealcoy.es\/es\/wp-json\/wp\/v2\/posts\/158331","targetHints":{"allow":["GET"]}}],"collection":[{"href":"https:\/\/www.copealcoy.es\/es\/wp-json\/wp\/v2\/posts"}],"about":[{"href":"https:\/\/www.copealcoy.es\/es\/wp-json\/wp\/v2\/types\/post"}],"author":[{"embeddable":true,"href":"https:\/\/www.copealcoy.es\/es\/wp-json\/wp\/v2\/users\/1"}],"replies":[{"embeddable":true,"href":"https:\/\/www.copealcoy.es\/es\/wp-json\/wp\/v2\/comments?post=158331"}],"version-history":[{"count":3,"href":"https:\/\/www.copealcoy.es\/es\/wp-json\/wp\/v2\/posts\/158331\/revisions"}],"predecessor-version":[{"id":158524,"href":"https:\/\/www.copealcoy.es\/es\/wp-json\/wp\/v2\/posts\/158331\/revisions\/158524"}],"wp:featuredmedia":[{"embeddable":true,"href":"https:\/\/www.copealcoy.es\/es\/wp-json\/wp\/v2\/media\/158332"}],"wp:attachment":[{"href":"https:\/\/www.copealcoy.es\/es\/wp-json\/wp\/v2\/media?parent=158331"}],"wp:term":[{"taxonomy":"category","embeddable":true,"href":"https:\/\/www.copealcoy.es\/es\/wp-json\/wp\/v2\/categories?post=158331"},{"taxonomy":"post_tag","embeddable":true,"href":"https:\/\/www.copealcoy.es\/es\/wp-json\/wp\/v2\/tags?post=158331"}],"curies":[{"name":"wp","href":"https:\/\/api.w.org\/{rel}","templated":true}]}}