{"id":15821,"date":"2015-09-18T17:26:55","date_gmt":"2015-09-18T17:26:55","guid":{"rendered":"http:\/\/copealcoi.es\/new\/?p=15821"},"modified":"2015-09-18T17:26:55","modified_gmt":"2015-09-18T17:26:55","slug":"muro-prepara-la-xi-feria-gastronomica-y-del-sector-agroalimentario","status":"publish","type":"post","link":"https:\/\/www.copealcoy.es\/es\/muro-prepara-la-xi-feria-gastronomica-y-del-sector-agroalimentario\/","title":{"rendered":"Muro prepara la XI Feria Gastron\u00f3mica y del sector Agroalimentario"},"content":{"rendered":"<p style=\"text-align: justify;\">M\u00e1s de 30 participantes entre establecimientos, entidades y colectivos se sumar\u00e1n a la edici\u00f3n n\u00famero once de la Fira Comercial del Sector Agroalimentari i Gastron\u00f2mic de Muro que se celebrar\u00e1 \u00a0los d\u00edas 2, 3 y 4 de octubre. El certamen se ubicar\u00e1 en la Pla\u00e7a del Matzem y pretende difundir los productos t\u00edpicos locales y de la Comunitat Valenciana. En este sentido durante todo el fin de semana podremos encontrar art\u00edculos como carnes, vinos, panader\u00eda, reposter\u00eda, quesos, salazones o cerveza artesana. Adem\u00e1s el comercio y la hosteler\u00eda local ofrecer\u00e1n degustaciones previa compra de tickets que se podr\u00e1n adquirir en la misma plaza. La Feria contar\u00e1 tambi\u00e9n con demostraciones culinarias as\u00ed como una ludoteca para los m\u00e1s peque\u00f1os y ser\u00e1 inaugurada el viernes 2 de octubre por el Conseller de Econom\u00eda Sostenible, Rafael Climent. Completan la programaci\u00f3n varias actividades y propuestas culturales &#8220;tendremos las actuaciones de los ballets de Mapi Molt\u00f3, Gabi Amador y Elena Tudela que ofrecer\u00e1n diferentes espect\u00e1culos tanto el s\u00e1bado como el domingo&#8221;, explica la edil de Promoci\u00f3n Econ\u00f3mica, Carolina Iv\u00e0\u00f1ez.<\/p>\n<p style=\"text-align: justify;\">Adem\u00e1s la concejal ha detallado que el viernes por la noche estar\u00e1 presente\u00a0Hilari Alonso para ofrecer un concierto mientras que el s\u00e1bado, a partir de las 21:30 horas, el rock tendr\u00e1 especial protagonismo con la presencia de los grupos\u00a0El Ve\u00ed de Dalt, Burumballa y Tarann\u00e0.<\/p>\n","protected":false},"excerpt":{"rendered":"<p>M\u00e1s de 30 participantes entre establecimientos, entidades y colectivos se sumar\u00e1n a la edici\u00f3n n\u00famero once de la Fira Comercial&#8230;<\/p>\n","protected":false},"author":1,"featured_media":15822,"comment_status":"open","ping_status":"open","sticky":false,"template":"","format":"standard","meta":{"footnotes":""},"categories":[98,75],"tags":[467,1120,716,135],"class_list":["post-15821","post","type-post","status-publish","format-standard","has-post-thumbnail","hentry","category-comarcas","category-noticias","tag-comercio","tag-feria","tag-gastronomia","tag-muro"],"yoast_head":"<!-- This site is optimized with the Yoast SEO plugin v27.3 - https:\/\/yoast.com\/product\/yoast-seo-wordpress\/ -->\n<title>Muro prepara la XI Feria Gastron\u00f3mica y del sector Agroalimentario - COPE Alcoy<\/title>\n<meta name=\"robots\" content=\"index, follow, max-snippet:-1, max-image-preview:large, max-video-preview:-1\" \/>\n<link rel=\"canonical\" href=\"https:\/\/www.copealcoy.es\/es\/muro-prepara-la-xi-feria-gastronomica-y-del-sector-agroalimentario\/\" \/>\n<meta property=\"og:locale\" content=\"es_ES\" \/>\n<meta property=\"og:type\" content=\"article\" \/>\n<meta property=\"og:title\" content=\"Muro prepara la XI Feria Gastron\u00f3mica y del sector Agroalimentario - COPE Alcoy\" \/>\n<meta property=\"og:description\" content=\"M\u00e1s de 30 participantes entre establecimientos, entidades y colectivos se sumar\u00e1n a la edici\u00f3n n\u00famero once de la Fira Comercial...\" \/>\n<meta property=\"og:url\" content=\"https:\/\/www.copealcoy.es\/es\/muro-prepara-la-xi-feria-gastronomica-y-del-sector-agroalimentario\/\" \/>\n<meta property=\"og:site_name\" content=\"COPE Alcoy\" \/>\n<meta property=\"article:published_time\" content=\"2015-09-18T17:26:55+00:00\" \/>\n<meta property=\"og:image\" content=\"https:\/\/www.copealcoy.es\/wp-content\/uploads\/2015\/09\/La-edil-de-Promoci\u00f3n-Econ\u00f3mica-junto-a-la-t\u00e9cnico-y-la-presentaci\u00f3n.jpg\" \/>\n\t<meta property=\"og:image:width\" content=\"2102\" \/>\n\t<meta property=\"og:image:height\" content=\"1312\" \/>\n\t<meta property=\"og:image:type\" content=\"image\/jpeg\" \/>\n<meta name=\"author\" content=\"Cope Alcoy\" \/>\n<meta name=\"twitter:label1\" content=\"Escrito por\" \/>\n\t<meta name=\"twitter:data1\" content=\"Cope Alcoy\" \/>\n\t<meta name=\"twitter:label2\" content=\"Tiempo de lectura\" \/>\n\t<meta name=\"twitter:data2\" content=\"1 minuto\" \/>\n<script type=\"application\/ld+json\" class=\"yoast-schema-graph\">{\"@context\":\"https:\\\/\\\/schema.org\",\"@graph\":[{\"@type\":\"Article\",\"@id\":\"https:\\\/\\\/www.copealcoy.es\\\/es\\\/muro-prepara-la-xi-feria-gastronomica-y-del-sector-agroalimentario\\\/#article\",\"isPartOf\":{\"@id\":\"https:\\\/\\\/www.copealcoy.es\\\/es\\\/muro-prepara-la-xi-feria-gastronomica-y-del-sector-agroalimentario\\\/\"},\"author\":{\"name\":\"Cope Alcoy\",\"@id\":\"https:\\\/\\\/www.copealcoy.es\\\/es\\\/#\\\/schema\\\/person\\\/e777c87fa024e57d40170af9df39882c\"},\"headline\":\"Muro prepara la XI Feria Gastron\u00f3mica y del sector Agroalimentario\",\"datePublished\":\"2015-09-18T17:26:55+00:00\",\"mainEntityOfPage\":{\"@id\":\"https:\\\/\\\/www.copealcoy.es\\\/es\\\/muro-prepara-la-xi-feria-gastronomica-y-del-sector-agroalimentario\\\/\"},\"wordCount\":253,\"commentCount\":0,\"image\":{\"@id\":\"https:\\\/\\\/www.copealcoy.es\\\/es\\\/muro-prepara-la-xi-feria-gastronomica-y-del-sector-agroalimentario\\\/#primaryimage\"},\"thumbnailUrl\":\"https:\\\/\\\/www.copealcoy.es\\\/wp-content\\\/uploads\\\/2015\\\/09\\\/La-edil-de-Promoci\u00f3n-Econ\u00f3mica-junto-a-la-t\u00e9cnico-y-la-presentaci\u00f3n.jpg\",\"keywords\":[\"Comercio\",\"Feria\",\"Gastronom\u00eda\",\"Muro\"],\"articleSection\":[\"Comarcas\",\"Noticias\"],\"inLanguage\":\"es\"},{\"@type\":\"WebPage\",\"@id\":\"https:\\\/\\\/www.copealcoy.es\\\/es\\\/muro-prepara-la-xi-feria-gastronomica-y-del-sector-agroalimentario\\\/\",\"url\":\"https:\\\/\\\/www.copealcoy.es\\\/es\\\/muro-prepara-la-xi-feria-gastronomica-y-del-sector-agroalimentario\\\/\",\"name\":\"Muro prepara la XI Feria Gastron\u00f3mica y del sector Agroalimentario - COPE Alcoy\",\"isPartOf\":{\"@id\":\"https:\\\/\\\/www.copealcoy.es\\\/es\\\/#website\"},\"primaryImageOfPage\":{\"@id\":\"https:\\\/\\\/www.copealcoy.es\\\/es\\\/muro-prepara-la-xi-feria-gastronomica-y-del-sector-agroalimentario\\\/#primaryimage\"},\"image\":{\"@id\":\"https:\\\/\\\/www.copealcoy.es\\\/es\\\/muro-prepara-la-xi-feria-gastronomica-y-del-sector-agroalimentario\\\/#primaryimage\"},\"thumbnailUrl\":\"https:\\\/\\\/www.copealcoy.es\\\/wp-content\\\/uploads\\\/2015\\\/09\\\/La-edil-de-Promoci\u00f3n-Econ\u00f3mica-junto-a-la-t\u00e9cnico-y-la-presentaci\u00f3n.jpg\",\"datePublished\":\"2015-09-18T17:26:55+00:00\",\"author\":{\"@id\":\"https:\\\/\\\/www.copealcoy.es\\\/es\\\/#\\\/schema\\\/person\\\/e777c87fa024e57d40170af9df39882c\"},\"breadcrumb\":{\"@id\":\"https:\\\/\\\/www.copealcoy.es\\\/es\\\/muro-prepara-la-xi-feria-gastronomica-y-del-sector-agroalimentario\\\/#breadcrumb\"},\"inLanguage\":\"es\",\"potentialAction\":[{\"@type\":\"ReadAction\",\"target\":[\"https:\\\/\\\/www.copealcoy.es\\\/es\\\/muro-prepara-la-xi-feria-gastronomica-y-del-sector-agroalimentario\\\/\"]}]},{\"@type\":\"ImageObject\",\"inLanguage\":\"es\",\"@id\":\"https:\\\/\\\/www.copealcoy.es\\\/es\\\/muro-prepara-la-xi-feria-gastronomica-y-del-sector-agroalimentario\\\/#primaryimage\",\"url\":\"https:\\\/\\\/www.copealcoy.es\\\/wp-content\\\/uploads\\\/2015\\\/09\\\/La-edil-de-Promoci\u00f3n-Econ\u00f3mica-junto-a-la-t\u00e9cnico-y-la-presentaci\u00f3n.jpg\",\"contentUrl\":\"https:\\\/\\\/www.copealcoy.es\\\/wp-content\\\/uploads\\\/2015\\\/09\\\/La-edil-de-Promoci\u00f3n-Econ\u00f3mica-junto-a-la-t\u00e9cnico-y-la-presentaci\u00f3n.jpg\",\"width\":1730,\"height\":1080,\"caption\":\"La edil Carolina Iv\u00e0\u00f1ez y la t\u00e9cnico del ADL durante la presentaci\u00f3n de la edici\u00f3n 2015 de la Fira\"},{\"@type\":\"BreadcrumbList\",\"@id\":\"https:\\\/\\\/www.copealcoy.es\\\/es\\\/muro-prepara-la-xi-feria-gastronomica-y-del-sector-agroalimentario\\\/#breadcrumb\",\"itemListElement\":[{\"@type\":\"ListItem\",\"position\":1,\"name\":\"Portada\",\"item\":\"https:\\\/\\\/www.copealcoy.es\\\/es\\\/\"},{\"@type\":\"ListItem\",\"position\":2,\"name\":\"Muro prepara la XI Feria Gastron\u00f3mica y del sector Agroalimentario\"}]},{\"@type\":\"WebSite\",\"@id\":\"https:\\\/\\\/www.copealcoy.es\\\/es\\\/#website\",\"url\":\"https:\\\/\\\/www.copealcoy.es\\\/es\\\/\",\"name\":\"COPE Alcoy\",\"description\":\"Emisora COPE de radio local con emisi\u00f3n online. Pont de Sant Jordi 8-10 03803 Alcoy\",\"potentialAction\":[{\"@type\":\"SearchAction\",\"target\":{\"@type\":\"EntryPoint\",\"urlTemplate\":\"https:\\\/\\\/www.copealcoy.es\\\/es\\\/?s={search_term_string}\"},\"query-input\":{\"@type\":\"PropertyValueSpecification\",\"valueRequired\":true,\"valueName\":\"search_term_string\"}}],\"inLanguage\":\"es\"},{\"@type\":\"Person\",\"@id\":\"https:\\\/\\\/www.copealcoy.es\\\/es\\\/#\\\/schema\\\/person\\\/e777c87fa024e57d40170af9df39882c\",\"name\":\"Cope Alcoy\",\"image\":{\"@type\":\"ImageObject\",\"inLanguage\":\"es\",\"@id\":\"https:\\\/\\\/secure.gravatar.com\\\/avatar\\\/bb65d0283347e303893ba14f0692005417c1e0e690a325a4c5d8bb2b3943ee14?s=96&d=mm&r=g\",\"url\":\"https:\\\/\\\/secure.gravatar.com\\\/avatar\\\/bb65d0283347e303893ba14f0692005417c1e0e690a325a4c5d8bb2b3943ee14?s=96&d=mm&r=g\",\"contentUrl\":\"https:\\\/\\\/secure.gravatar.com\\\/avatar\\\/bb65d0283347e303893ba14f0692005417c1e0e690a325a4c5d8bb2b3943ee14?s=96&d=mm&r=g\",\"caption\":\"Cope Alcoy\"}}]}<\/script>\n<!-- \/ Yoast SEO plugin. -->","yoast_head_json":{"title":"Muro prepara la XI Feria Gastron\u00f3mica y del sector Agroalimentario - COPE Alcoy","robots":{"index":"index","follow":"follow","max-snippet":"max-snippet:-1","max-image-preview":"max-image-preview:large","max-video-preview":"max-video-preview:-1"},"canonical":"https:\/\/www.copealcoy.es\/es\/muro-prepara-la-xi-feria-gastronomica-y-del-sector-agroalimentario\/","og_locale":"es_ES","og_type":"article","og_title":"Muro prepara la XI Feria Gastron\u00f3mica y del sector Agroalimentario - COPE Alcoy","og_description":"M\u00e1s de 30 participantes entre establecimientos, entidades y colectivos se sumar\u00e1n a la edici\u00f3n n\u00famero once de la Fira Comercial...","og_url":"https:\/\/www.copealcoy.es\/es\/muro-prepara-la-xi-feria-gastronomica-y-del-sector-agroalimentario\/","og_site_name":"COPE Alcoy","article_published_time":"2015-09-18T17:26:55+00:00","og_image":[{"width":2102,"height":1312,"url":"https:\/\/www.copealcoy.es\/wp-content\/uploads\/2015\/09\/La-edil-de-Promoci\u00f3n-Econ\u00f3mica-junto-a-la-t\u00e9cnico-y-la-presentaci\u00f3n.jpg","type":"image\/jpeg"}],"author":"Cope Alcoy","twitter_misc":{"Escrito por":"Cope Alcoy","Tiempo de lectura":"1 minuto"},"schema":{"@context":"https:\/\/schema.org","@graph":[{"@type":"Article","@id":"https:\/\/www.copealcoy.es\/es\/muro-prepara-la-xi-feria-gastronomica-y-del-sector-agroalimentario\/#article","isPartOf":{"@id":"https:\/\/www.copealcoy.es\/es\/muro-prepara-la-xi-feria-gastronomica-y-del-sector-agroalimentario\/"},"author":{"name":"Cope Alcoy","@id":"https:\/\/www.copealcoy.es\/es\/#\/schema\/person\/e777c87fa024e57d40170af9df39882c"},"headline":"Muro prepara la XI Feria Gastron\u00f3mica y del sector Agroalimentario","datePublished":"2015-09-18T17:26:55+00:00","mainEntityOfPage":{"@id":"https:\/\/www.copealcoy.es\/es\/muro-prepara-la-xi-feria-gastronomica-y-del-sector-agroalimentario\/"},"wordCount":253,"commentCount":0,"image":{"@id":"https:\/\/www.copealcoy.es\/es\/muro-prepara-la-xi-feria-gastronomica-y-del-sector-agroalimentario\/#primaryimage"},"thumbnailUrl":"https:\/\/www.copealcoy.es\/wp-content\/uploads\/2015\/09\/La-edil-de-Promoci\u00f3n-Econ\u00f3mica-junto-a-la-t\u00e9cnico-y-la-presentaci\u00f3n.jpg","keywords":["Comercio","Feria","Gastronom\u00eda","Muro"],"articleSection":["Comarcas","Noticias"],"inLanguage":"es"},{"@type":"WebPage","@id":"https:\/\/www.copealcoy.es\/es\/muro-prepara-la-xi-feria-gastronomica-y-del-sector-agroalimentario\/","url":"https:\/\/www.copealcoy.es\/es\/muro-prepara-la-xi-feria-gastronomica-y-del-sector-agroalimentario\/","name":"Muro prepara la XI Feria Gastron\u00f3mica y del sector Agroalimentario - COPE Alcoy","isPartOf":{"@id":"https:\/\/www.copealcoy.es\/es\/#website"},"primaryImageOfPage":{"@id":"https:\/\/www.copealcoy.es\/es\/muro-prepara-la-xi-feria-gastronomica-y-del-sector-agroalimentario\/#primaryimage"},"image":{"@id":"https:\/\/www.copealcoy.es\/es\/muro-prepara-la-xi-feria-gastronomica-y-del-sector-agroalimentario\/#primaryimage"},"thumbnailUrl":"https:\/\/www.copealcoy.es\/wp-content\/uploads\/2015\/09\/La-edil-de-Promoci\u00f3n-Econ\u00f3mica-junto-a-la-t\u00e9cnico-y-la-presentaci\u00f3n.jpg","datePublished":"2015-09-18T17:26:55+00:00","author":{"@id":"https:\/\/www.copealcoy.es\/es\/#\/schema\/person\/e777c87fa024e57d40170af9df39882c"},"breadcrumb":{"@id":"https:\/\/www.copealcoy.es\/es\/muro-prepara-la-xi-feria-gastronomica-y-del-sector-agroalimentario\/#breadcrumb"},"inLanguage":"es","potentialAction":[{"@type":"ReadAction","target":["https:\/\/www.copealcoy.es\/es\/muro-prepara-la-xi-feria-gastronomica-y-del-sector-agroalimentario\/"]}]},{"@type":"ImageObject","inLanguage":"es","@id":"https:\/\/www.copealcoy.es\/es\/muro-prepara-la-xi-feria-gastronomica-y-del-sector-agroalimentario\/#primaryimage","url":"https:\/\/www.copealcoy.es\/wp-content\/uploads\/2015\/09\/La-edil-de-Promoci\u00f3n-Econ\u00f3mica-junto-a-la-t\u00e9cnico-y-la-presentaci\u00f3n.jpg","contentUrl":"https:\/\/www.copealcoy.es\/wp-content\/uploads\/2015\/09\/La-edil-de-Promoci\u00f3n-Econ\u00f3mica-junto-a-la-t\u00e9cnico-y-la-presentaci\u00f3n.jpg","width":1730,"height":1080,"caption":"La edil Carolina Iv\u00e0\u00f1ez y la t\u00e9cnico del ADL durante la presentaci\u00f3n de la edici\u00f3n 2015 de la Fira"},{"@type":"BreadcrumbList","@id":"https:\/\/www.copealcoy.es\/es\/muro-prepara-la-xi-feria-gastronomica-y-del-sector-agroalimentario\/#breadcrumb","itemListElement":[{"@type":"ListItem","position":1,"name":"Portada","item":"https:\/\/www.copealcoy.es\/es\/"},{"@type":"ListItem","position":2,"name":"Muro prepara la XI Feria Gastron\u00f3mica y del sector Agroalimentario"}]},{"@type":"WebSite","@id":"https:\/\/www.copealcoy.es\/es\/#website","url":"https:\/\/www.copealcoy.es\/es\/","name":"COPE Alcoy","description":"Emisora COPE de radio local con emisi\u00f3n online. Pont de Sant Jordi 8-10 03803 Alcoy","potentialAction":[{"@type":"SearchAction","target":{"@type":"EntryPoint","urlTemplate":"https:\/\/www.copealcoy.es\/es\/?s={search_term_string}"},"query-input":{"@type":"PropertyValueSpecification","valueRequired":true,"valueName":"search_term_string"}}],"inLanguage":"es"},{"@type":"Person","@id":"https:\/\/www.copealcoy.es\/es\/#\/schema\/person\/e777c87fa024e57d40170af9df39882c","name":"Cope Alcoy","image":{"@type":"ImageObject","inLanguage":"es","@id":"https:\/\/secure.gravatar.com\/avatar\/bb65d0283347e303893ba14f0692005417c1e0e690a325a4c5d8bb2b3943ee14?s=96&d=mm&r=g","url":"https:\/\/secure.gravatar.com\/avatar\/bb65d0283347e303893ba14f0692005417c1e0e690a325a4c5d8bb2b3943ee14?s=96&d=mm&r=g","contentUrl":"https:\/\/secure.gravatar.com\/avatar\/bb65d0283347e303893ba14f0692005417c1e0e690a325a4c5d8bb2b3943ee14?s=96&d=mm&r=g","caption":"Cope Alcoy"}}]}},"_links":{"self":[{"href":"https:\/\/www.copealcoy.es\/es\/wp-json\/wp\/v2\/posts\/15821","targetHints":{"allow":["GET"]}}],"collection":[{"href":"https:\/\/www.copealcoy.es\/es\/wp-json\/wp\/v2\/posts"}],"about":[{"href":"https:\/\/www.copealcoy.es\/es\/wp-json\/wp\/v2\/types\/post"}],"author":[{"embeddable":true,"href":"https:\/\/www.copealcoy.es\/es\/wp-json\/wp\/v2\/users\/1"}],"replies":[{"embeddable":true,"href":"https:\/\/www.copealcoy.es\/es\/wp-json\/wp\/v2\/comments?post=15821"}],"version-history":[{"count":0,"href":"https:\/\/www.copealcoy.es\/es\/wp-json\/wp\/v2\/posts\/15821\/revisions"}],"wp:featuredmedia":[{"embeddable":true,"href":"https:\/\/www.copealcoy.es\/es\/wp-json\/wp\/v2\/media\/15822"}],"wp:attachment":[{"href":"https:\/\/www.copealcoy.es\/es\/wp-json\/wp\/v2\/media?parent=15821"}],"wp:term":[{"taxonomy":"category","embeddable":true,"href":"https:\/\/www.copealcoy.es\/es\/wp-json\/wp\/v2\/categories?post=15821"},{"taxonomy":"post_tag","embeddable":true,"href":"https:\/\/www.copealcoy.es\/es\/wp-json\/wp\/v2\/tags?post=15821"}],"curies":[{"name":"wp","href":"https:\/\/api.w.org\/{rel}","templated":true}]}}