{"id":158199,"date":"2025-10-08T13:00:27","date_gmt":"2025-10-08T12:00:27","guid":{"rendered":"https:\/\/www.copealcoy.es\/?p=158199"},"modified":"2025-10-08T13:10:59","modified_gmt":"2025-10-08T12:10:59","slug":"jose-maria-valls-satorres-dirigira-el-himno-de-fiestas-en-2026-y-la-taula-creara-el-cartel","status":"publish","type":"post","link":"https:\/\/www.copealcoy.es\/es\/jose-maria-valls-satorres-dirigira-el-himno-de-fiestas-en-2026-y-la-taula-creara-el-cartel\/","title":{"rendered":"Jos\u00e9 Mar\u00eda Valls Satorres dirigir\u00e1 el Himno de Fiestas en 2026 y La Taula crear\u00e1 el cartel"},"content":{"rendered":"<p style=\"text-align: justify;\" data-start=\"502\" data-end=\"943\">Quedan seis meses para la llegada de las Fiestas de Moros y Cristianos de Alcoy del 2026, una cita que tendr\u00e1 un car\u00e1cter especial con motivo del <strong data-start=\"603\" data-end=\"651\">750 aniversario del patronazgo de Sant Jordi<\/strong> y la celebraci\u00f3n del <strong data-start=\"673\" data-end=\"688\">A\u00f1o Jubilar<\/strong>, que se extender\u00e1 del 23 de abril de 2026 al 23 de abril de 2027. Este doble acontecimiento hist\u00f3rico impregnar\u00e1 todos los actos festivos, con un acento especial en dos de los s\u00edmbolos m\u00e1s queridos de la Fiesta: el <strong data-start=\"906\" data-end=\"915\">Himno de Fiestas<\/strong>\u00a0y el <strong data-start=\"921\" data-end=\"942\">cartel anunciador<\/strong>.<\/p>\n<p style=\"text-align: justify;\" data-start=\"1002\" data-end=\"1318\">Por una parte, el compositor y director <strong data-start=\"1027\" data-end=\"1056\">Jos\u00e9 Mar\u00eda Valls Satorres<\/strong>, nombrado recientemente <strong data-start=\"1081\" data-end=\"1109\">Hijo Predilecto de Alcoy<\/strong>, ser\u00e1 el encargado de dirigir el Himno el <strong data-start=\"1152\" data-end=\"1183\">viernes 24 de abril de 2026<\/strong>. Ser\u00e1 la segunda vez que lo haga, despu\u00e9s de haberlo dirigido en 1984, el a\u00f1o en que se estren\u00f3 su c\u00e9lebre marcha <em data-start=\"1298\" data-end=\"1315\">Pas als Maseros<\/em>. Nacido en Alcoy en 1945, Valls Satorres es una de las figuras m\u00e1s destacadas de la m\u00fasica festera y sinf\u00f3nica valenciana. Se form\u00f3 en el <strong data-start=\"1457\" data-end=\"1508\">Real Conservatorio Superior de M\u00fasica de Madrid<\/strong>, donde estudi\u00f3 Armon\u00eda, Contrapunto, Fuga, Composici\u00f3n, Direcci\u00f3n de Orquesta y Violonchelo. A lo largo de su trayectoria ha colaborado con formaciones como la <strong data-start=\"1671\" data-end=\"1701\">Orquesta Sinf\u00f3nica de RTVE<\/strong>, la <strong data-start=\"1706\" data-end=\"1731\">Filarm\u00f3nica de Madrid<\/strong> o la <strong data-start=\"1737\" data-end=\"1766\">Banda Municipal de Madrid<\/strong>, adem\u00e1s de ejercer como docente en el Conservatorio Manuel de Falla de Alcorc\u00f3n. Entre sus obras m\u00e1s reconocidas figuran <em data-start=\"1891\" data-end=\"1901\">Farolero<\/em>, <em data-start=\"1903\" data-end=\"1916\">Los Soreles<\/em>, <em data-start=\"1918\" data-end=\"1934\">El Conqueridor<\/em>, <em data-start=\"1936\" data-end=\"1951\">Als Cristians<\/em>, <em data-start=\"1953\" data-end=\"1973\">Almog\u00e0ver i alcoi\u00e0<\/em>, <em data-start=\"1975\" data-end=\"1986\">Moz\u00e1rabes<\/em> o <em data-start=\"1989\" data-end=\"2013\">23 d\u2019abril, Sant Jordi<\/em>, marcha solemne dedicada al patr\u00f3n.<\/p>\n<p style=\"text-align: justify;\" data-start=\"2200\" data-end=\"2522\">Al margen de esto, el <strong data-start=\"2203\" data-end=\"2224\">cartel anunciador<\/strong> de las Fiestas de 2026 ser\u00e1 obra de <strong data-start=\"2261\" data-end=\"2282\">La Taula Hub Coop<\/strong>, un proyecto cooperativo especializado en creatividad y branding. Su propuesta se basa en un proceso <strong data-start=\"2384\" data-end=\"2416\">colaborativo y participativo<\/strong>, que implicar\u00e1 a festeros, m\u00fasicos, dise\u00f1adores, costureros, caballistas y vecinos de todas las edades. El proceso incluir\u00e1 reuniones con entidades festivas y un <strong data-start=\"2582\" data-end=\"2615\">taller abierto de co-creaci\u00f3n<\/strong>, donde se recopilar\u00e1n ideas y testimonios que inspirar\u00e1n la obra final. El cartel se descubrir\u00e1 el <strong data-start=\"2715\" data-end=\"2737\">1 de abril de 2026<\/strong> y el equipo de La Taula, formado por ocho profesionales, persigue un doble objetivo: <strong data-start=\"2901\" data-end=\"2979\">dar voz a los protagonistas de la Fiesta y poner en valor el talento local<\/strong>, reforzando el ecosistema creativo del territorio.<\/p>\n<p style=\"text-align: justify;\" data-start=\"2200\" data-end=\"2522\">Desde el <a href=\"https:\/\/www.alcoi.org\/ca\/portal\/index.html\" target=\"_blank\" rel=\"noopener\"><span style=\"color: #0000ff;\"><strong>Ayuntamiento de Alcoy<\/strong><\/span><\/a> <strong>destacan<\/strong> que contar con figuras como Jos\u00e9 Mar\u00eda Valls Satorres, y con un equipo creativo como La Taula, permite unir tradici\u00f3n e innovaci\u00f3n, m\u00fasica y creatividad, en un a\u00f1o tan emblem\u00e1tico como el 750 aniversario del patronazgo de San Jorge. Adem\u00e1s, recuerdan que las Fiestas de 2026 ser\u00e1n mucho m\u00e1s que un aniversario: ser\u00e1n una oportunidad para mostrar la esencia de Alcoy y de su gente &#8220;<em>el cartel y el Himno son dos s\u00edmbolos muy queridos de nuestra Fiesta, y este a\u00f1o tendr\u00e1n un significado a\u00fan m\u00e1s profundo, porque nacen del sentimiento colectivo y del arraigo de un pueblo que vive Sant Jordi con pasi\u00f3n<\/em>&#8220;, concluye el concejal de Fiestas, <strong>Jordi Mart\u00ednez<\/strong>.<\/p>\n","protected":false},"excerpt":{"rendered":"<p>Quedan seis meses para la llegada de las Fiestas de Moros y Cristianos de Alcoy del 2026, una cita que&#8230;<\/p>\n","protected":false},"author":1,"featured_media":158200,"comment_status":"closed","ping_status":"closed","sticky":false,"template":"","format":"standard","meta":{"footnotes":""},"categories":[6909,97,78,75,125],"tags":[17120,1494,3660,565,2765,12009,20126,609,20125],"class_list":["post-158199","post","type-post","status-publish","format-standard","has-post-thumbnail","hentry","category-actualidad","category-alcoy","category-fiestaycultura","category-noticias","category-portada","tag-750-aniversario","tag-alcoy","tag-cartel-anunciador","tag-fiestas","tag-himno-de-fiestas","tag-jose-maria-valls-satorres","tag-la-taula","tag-moros-y-cristianos","tag-patronazgo-san-jorge"],"yoast_head":"<!-- This site is optimized with the Yoast SEO plugin v27.3 - https:\/\/yoast.com\/product\/yoast-seo-wordpress\/ -->\n<title>Jos\u00e9 Mar\u00eda Valls Satorres dirigir\u00e1 el Himno de Fiestas en 2026 y La Taula crear\u00e1 el cartel - COPE Alcoy<\/title>\n<meta name=\"robots\" content=\"index, follow, max-snippet:-1, max-image-preview:large, max-video-preview:-1\" \/>\n<link rel=\"canonical\" href=\"https:\/\/www.copealcoy.es\/es\/jose-maria-valls-satorres-dirigira-el-himno-de-fiestas-en-2026-y-la-taula-creara-el-cartel\/\" \/>\n<meta property=\"og:locale\" content=\"es_ES\" \/>\n<meta property=\"og:type\" content=\"article\" \/>\n<meta property=\"og:title\" content=\"Jos\u00e9 Mar\u00eda Valls Satorres dirigir\u00e1 el Himno de Fiestas en 2026 y La Taula crear\u00e1 el cartel - COPE Alcoy\" \/>\n<meta property=\"og:description\" content=\"Quedan seis meses para la llegada de las Fiestas de Moros y Cristianos de Alcoy del 2026, una cita que...\" \/>\n<meta property=\"og:url\" content=\"https:\/\/www.copealcoy.es\/es\/jose-maria-valls-satorres-dirigira-el-himno-de-fiestas-en-2026-y-la-taula-creara-el-cartel\/\" \/>\n<meta property=\"og:site_name\" content=\"COPE Alcoy\" \/>\n<meta property=\"article:published_time\" content=\"2025-10-08T12:00:27+00:00\" \/>\n<meta property=\"article:modified_time\" content=\"2025-10-08T12:10:59+00:00\" \/>\n<meta property=\"og:image\" content=\"https:\/\/www.copealcoy.es\/wp-content\/uploads\/2025\/10\/Valls-Satorres-y-la-mesa-Valls-Satorres-i-la-taula.jpg_817151193.jpg\" \/>\n\t<meta property=\"og:image:width\" content=\"625\" \/>\n\t<meta property=\"og:image:height\" content=\"289\" \/>\n\t<meta property=\"og:image:type\" content=\"image\/jpeg\" \/>\n<meta name=\"author\" content=\"Cope Alcoy\" \/>\n<meta name=\"twitter:label1\" content=\"Escrito por\" \/>\n\t<meta name=\"twitter:data1\" content=\"Cope Alcoy\" \/>\n\t<meta name=\"twitter:label2\" content=\"Tiempo de lectura\" \/>\n\t<meta name=\"twitter:data2\" content=\"3 minutos\" \/>\n<script type=\"application\/ld+json\" class=\"yoast-schema-graph\">{\"@context\":\"https:\\\/\\\/schema.org\",\"@graph\":[{\"@type\":\"Article\",\"@id\":\"https:\\\/\\\/www.copealcoy.es\\\/es\\\/jose-maria-valls-satorres-dirigira-el-himno-de-fiestas-en-2026-y-la-taula-creara-el-cartel\\\/#article\",\"isPartOf\":{\"@id\":\"https:\\\/\\\/www.copealcoy.es\\\/es\\\/jose-maria-valls-satorres-dirigira-el-himno-de-fiestas-en-2026-y-la-taula-creara-el-cartel\\\/\"},\"author\":{\"name\":\"Cope Alcoy\",\"@id\":\"https:\\\/\\\/www.copealcoy.es\\\/es\\\/#\\\/schema\\\/person\\\/e777c87fa024e57d40170af9df39882c\"},\"headline\":\"Jos\u00e9 Mar\u00eda Valls Satorres dirigir\u00e1 el Himno de Fiestas en 2026 y La Taula crear\u00e1 el cartel\",\"datePublished\":\"2025-10-08T12:00:27+00:00\",\"dateModified\":\"2025-10-08T12:10:59+00:00\",\"mainEntityOfPage\":{\"@id\":\"https:\\\/\\\/www.copealcoy.es\\\/es\\\/jose-maria-valls-satorres-dirigira-el-himno-de-fiestas-en-2026-y-la-taula-creara-el-cartel\\\/\"},\"wordCount\":537,\"image\":{\"@id\":\"https:\\\/\\\/www.copealcoy.es\\\/es\\\/jose-maria-valls-satorres-dirigira-el-himno-de-fiestas-en-2026-y-la-taula-creara-el-cartel\\\/#primaryimage\"},\"thumbnailUrl\":\"https:\\\/\\\/www.copealcoy.es\\\/wp-content\\\/uploads\\\/2025\\\/10\\\/Valls-Satorres-y-la-mesa-Valls-Satorres-i-la-taula.jpg_817151193.jpg\",\"keywords\":[\"750 aniversario\",\"Alcoy\",\"cartel anunciador\",\"Fiestas\",\"Himno de Fiestas\",\"Jos\u00e9 Mar\u00eda Valls Satorres\",\"La Taula\",\"Moros Y Cristianos\",\"patronazgo San Jorge\"],\"articleSection\":[\"Actualidad\",\"Alcoy\",\"Fiesta y Cultura\",\"Noticias\",\"Portada\"],\"inLanguage\":\"es\"},{\"@type\":\"WebPage\",\"@id\":\"https:\\\/\\\/www.copealcoy.es\\\/es\\\/jose-maria-valls-satorres-dirigira-el-himno-de-fiestas-en-2026-y-la-taula-creara-el-cartel\\\/\",\"url\":\"https:\\\/\\\/www.copealcoy.es\\\/es\\\/jose-maria-valls-satorres-dirigira-el-himno-de-fiestas-en-2026-y-la-taula-creara-el-cartel\\\/\",\"name\":\"Jos\u00e9 Mar\u00eda Valls Satorres dirigir\u00e1 el Himno de Fiestas en 2026 y La Taula crear\u00e1 el cartel - COPE Alcoy\",\"isPartOf\":{\"@id\":\"https:\\\/\\\/www.copealcoy.es\\\/es\\\/#website\"},\"primaryImageOfPage\":{\"@id\":\"https:\\\/\\\/www.copealcoy.es\\\/es\\\/jose-maria-valls-satorres-dirigira-el-himno-de-fiestas-en-2026-y-la-taula-creara-el-cartel\\\/#primaryimage\"},\"image\":{\"@id\":\"https:\\\/\\\/www.copealcoy.es\\\/es\\\/jose-maria-valls-satorres-dirigira-el-himno-de-fiestas-en-2026-y-la-taula-creara-el-cartel\\\/#primaryimage\"},\"thumbnailUrl\":\"https:\\\/\\\/www.copealcoy.es\\\/wp-content\\\/uploads\\\/2025\\\/10\\\/Valls-Satorres-y-la-mesa-Valls-Satorres-i-la-taula.jpg_817151193.jpg\",\"datePublished\":\"2025-10-08T12:00:27+00:00\",\"dateModified\":\"2025-10-08T12:10:59+00:00\",\"author\":{\"@id\":\"https:\\\/\\\/www.copealcoy.es\\\/es\\\/#\\\/schema\\\/person\\\/e777c87fa024e57d40170af9df39882c\"},\"breadcrumb\":{\"@id\":\"https:\\\/\\\/www.copealcoy.es\\\/es\\\/jose-maria-valls-satorres-dirigira-el-himno-de-fiestas-en-2026-y-la-taula-creara-el-cartel\\\/#breadcrumb\"},\"inLanguage\":\"es\",\"potentialAction\":[{\"@type\":\"ReadAction\",\"target\":[\"https:\\\/\\\/www.copealcoy.es\\\/es\\\/jose-maria-valls-satorres-dirigira-el-himno-de-fiestas-en-2026-y-la-taula-creara-el-cartel\\\/\"]}]},{\"@type\":\"ImageObject\",\"inLanguage\":\"es\",\"@id\":\"https:\\\/\\\/www.copealcoy.es\\\/es\\\/jose-maria-valls-satorres-dirigira-el-himno-de-fiestas-en-2026-y-la-taula-creara-el-cartel\\\/#primaryimage\",\"url\":\"https:\\\/\\\/www.copealcoy.es\\\/wp-content\\\/uploads\\\/2025\\\/10\\\/Valls-Satorres-y-la-mesa-Valls-Satorres-i-la-taula.jpg_817151193.jpg\",\"contentUrl\":\"https:\\\/\\\/www.copealcoy.es\\\/wp-content\\\/uploads\\\/2025\\\/10\\\/Valls-Satorres-y-la-mesa-Valls-Satorres-i-la-taula.jpg_817151193.jpg\",\"width\":625,\"height\":289},{\"@type\":\"BreadcrumbList\",\"@id\":\"https:\\\/\\\/www.copealcoy.es\\\/es\\\/jose-maria-valls-satorres-dirigira-el-himno-de-fiestas-en-2026-y-la-taula-creara-el-cartel\\\/#breadcrumb\",\"itemListElement\":[{\"@type\":\"ListItem\",\"position\":1,\"name\":\"Portada\",\"item\":\"https:\\\/\\\/www.copealcoy.es\\\/es\\\/\"},{\"@type\":\"ListItem\",\"position\":2,\"name\":\"Jos\u00e9 Mar\u00eda Valls Satorres dirigir\u00e1 el Himno de Fiestas en 2026 y La Taula crear\u00e1 el cartel\"}]},{\"@type\":\"WebSite\",\"@id\":\"https:\\\/\\\/www.copealcoy.es\\\/es\\\/#website\",\"url\":\"https:\\\/\\\/www.copealcoy.es\\\/es\\\/\",\"name\":\"COPE Alcoy\",\"description\":\"Emisora COPE de radio local con emisi\u00f3n online. Pont de Sant Jordi 8-10 03803 Alcoy\",\"potentialAction\":[{\"@type\":\"SearchAction\",\"target\":{\"@type\":\"EntryPoint\",\"urlTemplate\":\"https:\\\/\\\/www.copealcoy.es\\\/es\\\/?s={search_term_string}\"},\"query-input\":{\"@type\":\"PropertyValueSpecification\",\"valueRequired\":true,\"valueName\":\"search_term_string\"}}],\"inLanguage\":\"es\"},{\"@type\":\"Person\",\"@id\":\"https:\\\/\\\/www.copealcoy.es\\\/es\\\/#\\\/schema\\\/person\\\/e777c87fa024e57d40170af9df39882c\",\"name\":\"Cope Alcoy\",\"image\":{\"@type\":\"ImageObject\",\"inLanguage\":\"es\",\"@id\":\"https:\\\/\\\/secure.gravatar.com\\\/avatar\\\/bb65d0283347e303893ba14f0692005417c1e0e690a325a4c5d8bb2b3943ee14?s=96&d=mm&r=g\",\"url\":\"https:\\\/\\\/secure.gravatar.com\\\/avatar\\\/bb65d0283347e303893ba14f0692005417c1e0e690a325a4c5d8bb2b3943ee14?s=96&d=mm&r=g\",\"contentUrl\":\"https:\\\/\\\/secure.gravatar.com\\\/avatar\\\/bb65d0283347e303893ba14f0692005417c1e0e690a325a4c5d8bb2b3943ee14?s=96&d=mm&r=g\",\"caption\":\"Cope Alcoy\"}}]}<\/script>\n<!-- \/ Yoast SEO plugin. -->","yoast_head_json":{"title":"Jos\u00e9 Mar\u00eda Valls Satorres dirigir\u00e1 el Himno de Fiestas en 2026 y La Taula crear\u00e1 el cartel - COPE Alcoy","robots":{"index":"index","follow":"follow","max-snippet":"max-snippet:-1","max-image-preview":"max-image-preview:large","max-video-preview":"max-video-preview:-1"},"canonical":"https:\/\/www.copealcoy.es\/es\/jose-maria-valls-satorres-dirigira-el-himno-de-fiestas-en-2026-y-la-taula-creara-el-cartel\/","og_locale":"es_ES","og_type":"article","og_title":"Jos\u00e9 Mar\u00eda Valls Satorres dirigir\u00e1 el Himno de Fiestas en 2026 y La Taula crear\u00e1 el cartel - COPE Alcoy","og_description":"Quedan seis meses para la llegada de las Fiestas de Moros y Cristianos de Alcoy del 2026, una cita que...","og_url":"https:\/\/www.copealcoy.es\/es\/jose-maria-valls-satorres-dirigira-el-himno-de-fiestas-en-2026-y-la-taula-creara-el-cartel\/","og_site_name":"COPE Alcoy","article_published_time":"2025-10-08T12:00:27+00:00","article_modified_time":"2025-10-08T12:10:59+00:00","og_image":[{"width":625,"height":289,"url":"https:\/\/www.copealcoy.es\/wp-content\/uploads\/2025\/10\/Valls-Satorres-y-la-mesa-Valls-Satorres-i-la-taula.jpg_817151193.jpg","type":"image\/jpeg"}],"author":"Cope Alcoy","twitter_misc":{"Escrito por":"Cope Alcoy","Tiempo de lectura":"3 minutos"},"schema":{"@context":"https:\/\/schema.org","@graph":[{"@type":"Article","@id":"https:\/\/www.copealcoy.es\/es\/jose-maria-valls-satorres-dirigira-el-himno-de-fiestas-en-2026-y-la-taula-creara-el-cartel\/#article","isPartOf":{"@id":"https:\/\/www.copealcoy.es\/es\/jose-maria-valls-satorres-dirigira-el-himno-de-fiestas-en-2026-y-la-taula-creara-el-cartel\/"},"author":{"name":"Cope Alcoy","@id":"https:\/\/www.copealcoy.es\/es\/#\/schema\/person\/e777c87fa024e57d40170af9df39882c"},"headline":"Jos\u00e9 Mar\u00eda Valls Satorres dirigir\u00e1 el Himno de Fiestas en 2026 y La Taula crear\u00e1 el cartel","datePublished":"2025-10-08T12:00:27+00:00","dateModified":"2025-10-08T12:10:59+00:00","mainEntityOfPage":{"@id":"https:\/\/www.copealcoy.es\/es\/jose-maria-valls-satorres-dirigira-el-himno-de-fiestas-en-2026-y-la-taula-creara-el-cartel\/"},"wordCount":537,"image":{"@id":"https:\/\/www.copealcoy.es\/es\/jose-maria-valls-satorres-dirigira-el-himno-de-fiestas-en-2026-y-la-taula-creara-el-cartel\/#primaryimage"},"thumbnailUrl":"https:\/\/www.copealcoy.es\/wp-content\/uploads\/2025\/10\/Valls-Satorres-y-la-mesa-Valls-Satorres-i-la-taula.jpg_817151193.jpg","keywords":["750 aniversario","Alcoy","cartel anunciador","Fiestas","Himno de Fiestas","Jos\u00e9 Mar\u00eda Valls Satorres","La Taula","Moros Y Cristianos","patronazgo San Jorge"],"articleSection":["Actualidad","Alcoy","Fiesta y Cultura","Noticias","Portada"],"inLanguage":"es"},{"@type":"WebPage","@id":"https:\/\/www.copealcoy.es\/es\/jose-maria-valls-satorres-dirigira-el-himno-de-fiestas-en-2026-y-la-taula-creara-el-cartel\/","url":"https:\/\/www.copealcoy.es\/es\/jose-maria-valls-satorres-dirigira-el-himno-de-fiestas-en-2026-y-la-taula-creara-el-cartel\/","name":"Jos\u00e9 Mar\u00eda Valls Satorres dirigir\u00e1 el Himno de Fiestas en 2026 y La Taula crear\u00e1 el cartel - COPE Alcoy","isPartOf":{"@id":"https:\/\/www.copealcoy.es\/es\/#website"},"primaryImageOfPage":{"@id":"https:\/\/www.copealcoy.es\/es\/jose-maria-valls-satorres-dirigira-el-himno-de-fiestas-en-2026-y-la-taula-creara-el-cartel\/#primaryimage"},"image":{"@id":"https:\/\/www.copealcoy.es\/es\/jose-maria-valls-satorres-dirigira-el-himno-de-fiestas-en-2026-y-la-taula-creara-el-cartel\/#primaryimage"},"thumbnailUrl":"https:\/\/www.copealcoy.es\/wp-content\/uploads\/2025\/10\/Valls-Satorres-y-la-mesa-Valls-Satorres-i-la-taula.jpg_817151193.jpg","datePublished":"2025-10-08T12:00:27+00:00","dateModified":"2025-10-08T12:10:59+00:00","author":{"@id":"https:\/\/www.copealcoy.es\/es\/#\/schema\/person\/e777c87fa024e57d40170af9df39882c"},"breadcrumb":{"@id":"https:\/\/www.copealcoy.es\/es\/jose-maria-valls-satorres-dirigira-el-himno-de-fiestas-en-2026-y-la-taula-creara-el-cartel\/#breadcrumb"},"inLanguage":"es","potentialAction":[{"@type":"ReadAction","target":["https:\/\/www.copealcoy.es\/es\/jose-maria-valls-satorres-dirigira-el-himno-de-fiestas-en-2026-y-la-taula-creara-el-cartel\/"]}]},{"@type":"ImageObject","inLanguage":"es","@id":"https:\/\/www.copealcoy.es\/es\/jose-maria-valls-satorres-dirigira-el-himno-de-fiestas-en-2026-y-la-taula-creara-el-cartel\/#primaryimage","url":"https:\/\/www.copealcoy.es\/wp-content\/uploads\/2025\/10\/Valls-Satorres-y-la-mesa-Valls-Satorres-i-la-taula.jpg_817151193.jpg","contentUrl":"https:\/\/www.copealcoy.es\/wp-content\/uploads\/2025\/10\/Valls-Satorres-y-la-mesa-Valls-Satorres-i-la-taula.jpg_817151193.jpg","width":625,"height":289},{"@type":"BreadcrumbList","@id":"https:\/\/www.copealcoy.es\/es\/jose-maria-valls-satorres-dirigira-el-himno-de-fiestas-en-2026-y-la-taula-creara-el-cartel\/#breadcrumb","itemListElement":[{"@type":"ListItem","position":1,"name":"Portada","item":"https:\/\/www.copealcoy.es\/es\/"},{"@type":"ListItem","position":2,"name":"Jos\u00e9 Mar\u00eda Valls Satorres dirigir\u00e1 el Himno de Fiestas en 2026 y La Taula crear\u00e1 el cartel"}]},{"@type":"WebSite","@id":"https:\/\/www.copealcoy.es\/es\/#website","url":"https:\/\/www.copealcoy.es\/es\/","name":"COPE Alcoy","description":"Emisora COPE de radio local con emisi\u00f3n online. Pont de Sant Jordi 8-10 03803 Alcoy","potentialAction":[{"@type":"SearchAction","target":{"@type":"EntryPoint","urlTemplate":"https:\/\/www.copealcoy.es\/es\/?s={search_term_string}"},"query-input":{"@type":"PropertyValueSpecification","valueRequired":true,"valueName":"search_term_string"}}],"inLanguage":"es"},{"@type":"Person","@id":"https:\/\/www.copealcoy.es\/es\/#\/schema\/person\/e777c87fa024e57d40170af9df39882c","name":"Cope Alcoy","image":{"@type":"ImageObject","inLanguage":"es","@id":"https:\/\/secure.gravatar.com\/avatar\/bb65d0283347e303893ba14f0692005417c1e0e690a325a4c5d8bb2b3943ee14?s=96&d=mm&r=g","url":"https:\/\/secure.gravatar.com\/avatar\/bb65d0283347e303893ba14f0692005417c1e0e690a325a4c5d8bb2b3943ee14?s=96&d=mm&r=g","contentUrl":"https:\/\/secure.gravatar.com\/avatar\/bb65d0283347e303893ba14f0692005417c1e0e690a325a4c5d8bb2b3943ee14?s=96&d=mm&r=g","caption":"Cope Alcoy"}}]}},"_links":{"self":[{"href":"https:\/\/www.copealcoy.es\/es\/wp-json\/wp\/v2\/posts\/158199","targetHints":{"allow":["GET"]}}],"collection":[{"href":"https:\/\/www.copealcoy.es\/es\/wp-json\/wp\/v2\/posts"}],"about":[{"href":"https:\/\/www.copealcoy.es\/es\/wp-json\/wp\/v2\/types\/post"}],"author":[{"embeddable":true,"href":"https:\/\/www.copealcoy.es\/es\/wp-json\/wp\/v2\/users\/1"}],"replies":[{"embeddable":true,"href":"https:\/\/www.copealcoy.es\/es\/wp-json\/wp\/v2\/comments?post=158199"}],"version-history":[{"count":3,"href":"https:\/\/www.copealcoy.es\/es\/wp-json\/wp\/v2\/posts\/158199\/revisions"}],"predecessor-version":[{"id":158205,"href":"https:\/\/www.copealcoy.es\/es\/wp-json\/wp\/v2\/posts\/158199\/revisions\/158205"}],"wp:featuredmedia":[{"embeddable":true,"href":"https:\/\/www.copealcoy.es\/es\/wp-json\/wp\/v2\/media\/158200"}],"wp:attachment":[{"href":"https:\/\/www.copealcoy.es\/es\/wp-json\/wp\/v2\/media?parent=158199"}],"wp:term":[{"taxonomy":"category","embeddable":true,"href":"https:\/\/www.copealcoy.es\/es\/wp-json\/wp\/v2\/categories?post=158199"},{"taxonomy":"post_tag","embeddable":true,"href":"https:\/\/www.copealcoy.es\/es\/wp-json\/wp\/v2\/tags?post=158199"}],"curies":[{"name":"wp","href":"https:\/\/api.w.org\/{rel}","templated":true}]}}