{"id":158152,"date":"2025-10-07T13:19:04","date_gmt":"2025-10-07T12:19:04","guid":{"rendered":"https:\/\/www.copealcoy.es\/?p=158152"},"modified":"2025-10-07T14:47:47","modified_gmt":"2025-10-07T13:47:47","slug":"aplazan-la-visita-de-la-festa-de-alcoy-a-fontilles-por-el-mal-tiempo","status":"publish","type":"post","link":"https:\/\/www.copealcoy.es\/es\/aplazan-la-visita-de-la-festa-de-alcoy-a-fontilles-por-el-mal-tiempo\/","title":{"rendered":"Aplazan la visita de la Festa de Alcoy a Fontilles por el mal tiempo"},"content":{"rendered":"<p style=\"text-align: justify;\" data-start=\"413\" data-end=\"817\">La <a href=\"https:\/\/www.facebook.com\/p\/Pe%C3%B1a-Fontilles-100010629463719\/\" target=\"_blank\" rel=\"noopener\"><span style=\"color: #0000ff;\"><strong data-start=\"416\" data-end=\"435\">Penya Fontilles<\/strong><\/span><\/a> ha anunciado el <strong data-start=\"452\" data-end=\"501\">aplazamiento de su tradicional visita festera <\/strong>al Sanatorio de la Vall de Laguar, prevista inicialmente para el <strong data-start=\"533\" data-end=\"557\">s\u00e1bado 11 de octubre<\/strong>, debido a las <strong data-start=\"572\" data-end=\"606\">previsiones de fuertes lluvias<\/strong> durante todo el puente festivo que se acerca. Seg\u00fan los pron\u00f3sticos meteorol\u00f3gicos, se esperan precipitaciones tanto en la ciudad de <strong data-start=\"716\" data-end=\"725\">Alcoy<\/strong>, como en la zona en la que se ubica el Sanatorio de <strong data-start=\"801\" data-end=\"814\">Fontilles<\/strong>, y esta situaci\u00f3n hace inviable poder celebrar los habituales actos festivos al aire libre que tienen lugar cada a\u00f1o por estas fechas en el citado enclave.<\/p>\n<p style=\"text-align: justify;\" data-start=\"819\" data-end=\"1090\">Ante esta situaci\u00f3n, la entidad ha decidido <strong data-start=\"863\" data-end=\"912\">trasladar la mencionada visita al pr\u00f3ximo 1 de noviembre<\/strong>, Festividad de Todos los Santos, y fecha en la que se convertir\u00e1 en <strong data-start=\"947\" data-end=\"997\">el \u00faltimo acto del programa festero de Mig Any. <\/strong>Todo ello coincidir\u00e1 en ese fin de semana con las representaciones del sainete festero, a cargo del Quadre Art\u00edstic de la Asociaci\u00f3n de San Jorge, y con la celebraci\u00f3n tambi\u00e9n de la Fira de Tots Sants de Cocentaina.<\/p>\n<p style=\"text-align: justify;\" data-start=\"819\" data-end=\"1090\">Desde la <strong data-start=\"1101\" data-end=\"1120\">Penya Fontilles<\/strong> lamentan las <strong data-start=\"1134\" data-end=\"1186\">molestias que el cambio de fecha pueda ocasionar<\/strong> y conf\u00edan en que el pr\u00f3ximo 1 de noviembre se mantenga la participaci\u00f3n tal y como estaba prevista. Por \u00faltimo, esperan que <strong data-start=\"1204\" data-end=\"1226\">el tiempo acompa\u00f1e<\/strong> para poder celebrar con normalidad una jornada tan significativa dentro del calendario festero alcoyano.<\/p>\n","protected":false},"excerpt":{"rendered":"<p>La Penya Fontilles ha anunciado el aplazamiento de su tradicional visita festera al Sanatorio de la Vall de Laguar, prevista&#8230;<\/p>\n","protected":false},"author":1,"featured_media":46141,"comment_status":"closed","ping_status":"closed","sticky":false,"template":"","format":"standard","meta":{"footnotes":""},"categories":[6909,97,78,75],"tags":[1494,565,609,3193,1154],"class_list":["post-158152","post","type-post","status-publish","format-standard","has-post-thumbnail","hentry","category-actualidad","category-alcoy","category-fiestaycultura","category-noticias","tag-alcoy","tag-fiestas","tag-moros-y-cristianos","tag-sanatorio-fontilles","tag-visita"],"yoast_head":"<!-- This site is optimized with the Yoast SEO plugin v27.3 - https:\/\/yoast.com\/product\/yoast-seo-wordpress\/ -->\n<title>Aplazan la visita de la Festa de Alcoy a Fontilles por el mal tiempo - COPE Alcoy<\/title>\n<meta name=\"description\" content=\"Aplazan la visita de la Festa de Alcoy a Fontilles por el mal tiempo\" \/>\n<meta name=\"robots\" content=\"index, follow, max-snippet:-1, max-image-preview:large, max-video-preview:-1\" \/>\n<link rel=\"canonical\" href=\"https:\/\/www.copealcoy.es\/es\/aplazan-la-visita-de-la-festa-de-alcoy-a-fontilles-por-el-mal-tiempo\/\" \/>\n<meta property=\"og:locale\" content=\"es_ES\" \/>\n<meta property=\"og:type\" content=\"article\" \/>\n<meta property=\"og:title\" content=\"Aplazan la visita de la Festa de Alcoy a Fontilles por el mal tiempo - COPE Alcoy\" \/>\n<meta property=\"og:description\" content=\"Aplazan la visita de la Festa de Alcoy a Fontilles por el mal tiempo\" \/>\n<meta property=\"og:url\" content=\"https:\/\/www.copealcoy.es\/es\/aplazan-la-visita-de-la-festa-de-alcoy-a-fontilles-por-el-mal-tiempo\/\" \/>\n<meta property=\"og:site_name\" content=\"COPE Alcoy\" \/>\n<meta property=\"article:published_time\" content=\"2025-10-07T12:19:04+00:00\" \/>\n<meta property=\"article:modified_time\" content=\"2025-10-07T13:47:47+00:00\" \/>\n<meta property=\"og:image\" content=\"https:\/\/www.copealcoy.es\/wp-content\/uploads\/2018\/10\/44035755_712555295775446_746969266032476160_n-e1539551113714.jpg\" \/>\n\t<meta property=\"og:image:width\" content=\"708\" \/>\n\t<meta property=\"og:image:height\" content=\"434\" \/>\n\t<meta property=\"og:image:type\" content=\"image\/jpeg\" \/>\n<meta name=\"author\" content=\"Cope Alcoy\" \/>\n<meta name=\"twitter:label1\" content=\"Escrito por\" \/>\n\t<meta name=\"twitter:data1\" content=\"Cope Alcoy\" \/>\n\t<meta name=\"twitter:label2\" content=\"Tiempo de lectura\" \/>\n\t<meta name=\"twitter:data2\" content=\"2 minutos\" \/>\n<script type=\"application\/ld+json\" class=\"yoast-schema-graph\">{\"@context\":\"https:\\\/\\\/schema.org\",\"@graph\":[{\"@type\":\"Article\",\"@id\":\"https:\\\/\\\/www.copealcoy.es\\\/es\\\/aplazan-la-visita-de-la-festa-de-alcoy-a-fontilles-por-el-mal-tiempo\\\/#article\",\"isPartOf\":{\"@id\":\"https:\\\/\\\/www.copealcoy.es\\\/es\\\/aplazan-la-visita-de-la-festa-de-alcoy-a-fontilles-por-el-mal-tiempo\\\/\"},\"author\":{\"name\":\"Cope Alcoy\",\"@id\":\"https:\\\/\\\/www.copealcoy.es\\\/es\\\/#\\\/schema\\\/person\\\/e777c87fa024e57d40170af9df39882c\"},\"headline\":\"Aplazan la visita de la Festa de Alcoy a Fontilles por el mal tiempo\",\"datePublished\":\"2025-10-07T12:19:04+00:00\",\"dateModified\":\"2025-10-07T13:47:47+00:00\",\"mainEntityOfPage\":{\"@id\":\"https:\\\/\\\/www.copealcoy.es\\\/es\\\/aplazan-la-visita-de-la-festa-de-alcoy-a-fontilles-por-el-mal-tiempo\\\/\"},\"wordCount\":250,\"image\":{\"@id\":\"https:\\\/\\\/www.copealcoy.es\\\/es\\\/aplazan-la-visita-de-la-festa-de-alcoy-a-fontilles-por-el-mal-tiempo\\\/#primaryimage\"},\"thumbnailUrl\":\"https:\\\/\\\/www.copealcoy.es\\\/wp-content\\\/uploads\\\/2018\\\/10\\\/44035755_712555295775446_746969266032476160_n-e1539551113714.jpg\",\"keywords\":[\"Alcoy\",\"Fiestas\",\"Moros Y Cristianos\",\"Sanatorio Fontilles\",\"Visita\"],\"articleSection\":[\"Actualidad\",\"Alcoy\",\"Fiesta y Cultura\",\"Noticias\"],\"inLanguage\":\"es\"},{\"@type\":\"WebPage\",\"@id\":\"https:\\\/\\\/www.copealcoy.es\\\/es\\\/aplazan-la-visita-de-la-festa-de-alcoy-a-fontilles-por-el-mal-tiempo\\\/\",\"url\":\"https:\\\/\\\/www.copealcoy.es\\\/es\\\/aplazan-la-visita-de-la-festa-de-alcoy-a-fontilles-por-el-mal-tiempo\\\/\",\"name\":\"Aplazan la visita de la Festa de Alcoy a Fontilles por el mal tiempo - COPE Alcoy\",\"isPartOf\":{\"@id\":\"https:\\\/\\\/www.copealcoy.es\\\/es\\\/#website\"},\"primaryImageOfPage\":{\"@id\":\"https:\\\/\\\/www.copealcoy.es\\\/es\\\/aplazan-la-visita-de-la-festa-de-alcoy-a-fontilles-por-el-mal-tiempo\\\/#primaryimage\"},\"image\":{\"@id\":\"https:\\\/\\\/www.copealcoy.es\\\/es\\\/aplazan-la-visita-de-la-festa-de-alcoy-a-fontilles-por-el-mal-tiempo\\\/#primaryimage\"},\"thumbnailUrl\":\"https:\\\/\\\/www.copealcoy.es\\\/wp-content\\\/uploads\\\/2018\\\/10\\\/44035755_712555295775446_746969266032476160_n-e1539551113714.jpg\",\"datePublished\":\"2025-10-07T12:19:04+00:00\",\"dateModified\":\"2025-10-07T13:47:47+00:00\",\"author\":{\"@id\":\"https:\\\/\\\/www.copealcoy.es\\\/es\\\/#\\\/schema\\\/person\\\/e777c87fa024e57d40170af9df39882c\"},\"description\":\"Aplazan la visita de la Festa de Alcoy a Fontilles por el mal tiempo\",\"breadcrumb\":{\"@id\":\"https:\\\/\\\/www.copealcoy.es\\\/es\\\/aplazan-la-visita-de-la-festa-de-alcoy-a-fontilles-por-el-mal-tiempo\\\/#breadcrumb\"},\"inLanguage\":\"es\",\"potentialAction\":[{\"@type\":\"ReadAction\",\"target\":[\"https:\\\/\\\/www.copealcoy.es\\\/es\\\/aplazan-la-visita-de-la-festa-de-alcoy-a-fontilles-por-el-mal-tiempo\\\/\"]}]},{\"@type\":\"ImageObject\",\"inLanguage\":\"es\",\"@id\":\"https:\\\/\\\/www.copealcoy.es\\\/es\\\/aplazan-la-visita-de-la-festa-de-alcoy-a-fontilles-por-el-mal-tiempo\\\/#primaryimage\",\"url\":\"https:\\\/\\\/www.copealcoy.es\\\/wp-content\\\/uploads\\\/2018\\\/10\\\/44035755_712555295775446_746969266032476160_n-e1539551113714.jpg\",\"contentUrl\":\"https:\\\/\\\/www.copealcoy.es\\\/wp-content\\\/uploads\\\/2018\\\/10\\\/44035755_712555295775446_746969266032476160_n-e1539551113714.jpg\",\"width\":708,\"height\":434,\"caption\":\"Los festeros desfilaron por el entorno del Sanatorio \\\/ Foto: Pe\u00f1a Fontilles\"},{\"@type\":\"BreadcrumbList\",\"@id\":\"https:\\\/\\\/www.copealcoy.es\\\/es\\\/aplazan-la-visita-de-la-festa-de-alcoy-a-fontilles-por-el-mal-tiempo\\\/#breadcrumb\",\"itemListElement\":[{\"@type\":\"ListItem\",\"position\":1,\"name\":\"Portada\",\"item\":\"https:\\\/\\\/www.copealcoy.es\\\/es\\\/\"},{\"@type\":\"ListItem\",\"position\":2,\"name\":\"Aplazan la visita de la Festa de Alcoy a Fontilles por el mal tiempo\"}]},{\"@type\":\"WebSite\",\"@id\":\"https:\\\/\\\/www.copealcoy.es\\\/es\\\/#website\",\"url\":\"https:\\\/\\\/www.copealcoy.es\\\/es\\\/\",\"name\":\"COPE Alcoy\",\"description\":\"Emisora COPE de radio local con emisi\u00f3n online. Pont de Sant Jordi 8-10 03803 Alcoy\",\"potentialAction\":[{\"@type\":\"SearchAction\",\"target\":{\"@type\":\"EntryPoint\",\"urlTemplate\":\"https:\\\/\\\/www.copealcoy.es\\\/es\\\/?s={search_term_string}\"},\"query-input\":{\"@type\":\"PropertyValueSpecification\",\"valueRequired\":true,\"valueName\":\"search_term_string\"}}],\"inLanguage\":\"es\"},{\"@type\":\"Person\",\"@id\":\"https:\\\/\\\/www.copealcoy.es\\\/es\\\/#\\\/schema\\\/person\\\/e777c87fa024e57d40170af9df39882c\",\"name\":\"Cope Alcoy\",\"image\":{\"@type\":\"ImageObject\",\"inLanguage\":\"es\",\"@id\":\"https:\\\/\\\/secure.gravatar.com\\\/avatar\\\/bb65d0283347e303893ba14f0692005417c1e0e690a325a4c5d8bb2b3943ee14?s=96&d=mm&r=g\",\"url\":\"https:\\\/\\\/secure.gravatar.com\\\/avatar\\\/bb65d0283347e303893ba14f0692005417c1e0e690a325a4c5d8bb2b3943ee14?s=96&d=mm&r=g\",\"contentUrl\":\"https:\\\/\\\/secure.gravatar.com\\\/avatar\\\/bb65d0283347e303893ba14f0692005417c1e0e690a325a4c5d8bb2b3943ee14?s=96&d=mm&r=g\",\"caption\":\"Cope Alcoy\"}}]}<\/script>\n<!-- \/ Yoast SEO plugin. -->","yoast_head_json":{"title":"Aplazan la visita de la Festa de Alcoy a Fontilles por el mal tiempo - COPE Alcoy","description":"Aplazan la visita de la Festa de Alcoy a Fontilles por el mal tiempo","robots":{"index":"index","follow":"follow","max-snippet":"max-snippet:-1","max-image-preview":"max-image-preview:large","max-video-preview":"max-video-preview:-1"},"canonical":"https:\/\/www.copealcoy.es\/es\/aplazan-la-visita-de-la-festa-de-alcoy-a-fontilles-por-el-mal-tiempo\/","og_locale":"es_ES","og_type":"article","og_title":"Aplazan la visita de la Festa de Alcoy a Fontilles por el mal tiempo - COPE Alcoy","og_description":"Aplazan la visita de la Festa de Alcoy a Fontilles por el mal tiempo","og_url":"https:\/\/www.copealcoy.es\/es\/aplazan-la-visita-de-la-festa-de-alcoy-a-fontilles-por-el-mal-tiempo\/","og_site_name":"COPE Alcoy","article_published_time":"2025-10-07T12:19:04+00:00","article_modified_time":"2025-10-07T13:47:47+00:00","og_image":[{"width":708,"height":434,"url":"https:\/\/www.copealcoy.es\/wp-content\/uploads\/2018\/10\/44035755_712555295775446_746969266032476160_n-e1539551113714.jpg","type":"image\/jpeg"}],"author":"Cope Alcoy","twitter_misc":{"Escrito por":"Cope Alcoy","Tiempo de lectura":"2 minutos"},"schema":{"@context":"https:\/\/schema.org","@graph":[{"@type":"Article","@id":"https:\/\/www.copealcoy.es\/es\/aplazan-la-visita-de-la-festa-de-alcoy-a-fontilles-por-el-mal-tiempo\/#article","isPartOf":{"@id":"https:\/\/www.copealcoy.es\/es\/aplazan-la-visita-de-la-festa-de-alcoy-a-fontilles-por-el-mal-tiempo\/"},"author":{"name":"Cope Alcoy","@id":"https:\/\/www.copealcoy.es\/es\/#\/schema\/person\/e777c87fa024e57d40170af9df39882c"},"headline":"Aplazan la visita de la Festa de Alcoy a Fontilles por el mal tiempo","datePublished":"2025-10-07T12:19:04+00:00","dateModified":"2025-10-07T13:47:47+00:00","mainEntityOfPage":{"@id":"https:\/\/www.copealcoy.es\/es\/aplazan-la-visita-de-la-festa-de-alcoy-a-fontilles-por-el-mal-tiempo\/"},"wordCount":250,"image":{"@id":"https:\/\/www.copealcoy.es\/es\/aplazan-la-visita-de-la-festa-de-alcoy-a-fontilles-por-el-mal-tiempo\/#primaryimage"},"thumbnailUrl":"https:\/\/www.copealcoy.es\/wp-content\/uploads\/2018\/10\/44035755_712555295775446_746969266032476160_n-e1539551113714.jpg","keywords":["Alcoy","Fiestas","Moros Y Cristianos","Sanatorio Fontilles","Visita"],"articleSection":["Actualidad","Alcoy","Fiesta y Cultura","Noticias"],"inLanguage":"es"},{"@type":"WebPage","@id":"https:\/\/www.copealcoy.es\/es\/aplazan-la-visita-de-la-festa-de-alcoy-a-fontilles-por-el-mal-tiempo\/","url":"https:\/\/www.copealcoy.es\/es\/aplazan-la-visita-de-la-festa-de-alcoy-a-fontilles-por-el-mal-tiempo\/","name":"Aplazan la visita de la Festa de Alcoy a Fontilles por el mal tiempo - COPE Alcoy","isPartOf":{"@id":"https:\/\/www.copealcoy.es\/es\/#website"},"primaryImageOfPage":{"@id":"https:\/\/www.copealcoy.es\/es\/aplazan-la-visita-de-la-festa-de-alcoy-a-fontilles-por-el-mal-tiempo\/#primaryimage"},"image":{"@id":"https:\/\/www.copealcoy.es\/es\/aplazan-la-visita-de-la-festa-de-alcoy-a-fontilles-por-el-mal-tiempo\/#primaryimage"},"thumbnailUrl":"https:\/\/www.copealcoy.es\/wp-content\/uploads\/2018\/10\/44035755_712555295775446_746969266032476160_n-e1539551113714.jpg","datePublished":"2025-10-07T12:19:04+00:00","dateModified":"2025-10-07T13:47:47+00:00","author":{"@id":"https:\/\/www.copealcoy.es\/es\/#\/schema\/person\/e777c87fa024e57d40170af9df39882c"},"description":"Aplazan la visita de la Festa de Alcoy a Fontilles por el mal tiempo","breadcrumb":{"@id":"https:\/\/www.copealcoy.es\/es\/aplazan-la-visita-de-la-festa-de-alcoy-a-fontilles-por-el-mal-tiempo\/#breadcrumb"},"inLanguage":"es","potentialAction":[{"@type":"ReadAction","target":["https:\/\/www.copealcoy.es\/es\/aplazan-la-visita-de-la-festa-de-alcoy-a-fontilles-por-el-mal-tiempo\/"]}]},{"@type":"ImageObject","inLanguage":"es","@id":"https:\/\/www.copealcoy.es\/es\/aplazan-la-visita-de-la-festa-de-alcoy-a-fontilles-por-el-mal-tiempo\/#primaryimage","url":"https:\/\/www.copealcoy.es\/wp-content\/uploads\/2018\/10\/44035755_712555295775446_746969266032476160_n-e1539551113714.jpg","contentUrl":"https:\/\/www.copealcoy.es\/wp-content\/uploads\/2018\/10\/44035755_712555295775446_746969266032476160_n-e1539551113714.jpg","width":708,"height":434,"caption":"Los festeros desfilaron por el entorno del Sanatorio \/ Foto: Pe\u00f1a Fontilles"},{"@type":"BreadcrumbList","@id":"https:\/\/www.copealcoy.es\/es\/aplazan-la-visita-de-la-festa-de-alcoy-a-fontilles-por-el-mal-tiempo\/#breadcrumb","itemListElement":[{"@type":"ListItem","position":1,"name":"Portada","item":"https:\/\/www.copealcoy.es\/es\/"},{"@type":"ListItem","position":2,"name":"Aplazan la visita de la Festa de Alcoy a Fontilles por el mal tiempo"}]},{"@type":"WebSite","@id":"https:\/\/www.copealcoy.es\/es\/#website","url":"https:\/\/www.copealcoy.es\/es\/","name":"COPE Alcoy","description":"Emisora COPE de radio local con emisi\u00f3n online. Pont de Sant Jordi 8-10 03803 Alcoy","potentialAction":[{"@type":"SearchAction","target":{"@type":"EntryPoint","urlTemplate":"https:\/\/www.copealcoy.es\/es\/?s={search_term_string}"},"query-input":{"@type":"PropertyValueSpecification","valueRequired":true,"valueName":"search_term_string"}}],"inLanguage":"es"},{"@type":"Person","@id":"https:\/\/www.copealcoy.es\/es\/#\/schema\/person\/e777c87fa024e57d40170af9df39882c","name":"Cope Alcoy","image":{"@type":"ImageObject","inLanguage":"es","@id":"https:\/\/secure.gravatar.com\/avatar\/bb65d0283347e303893ba14f0692005417c1e0e690a325a4c5d8bb2b3943ee14?s=96&d=mm&r=g","url":"https:\/\/secure.gravatar.com\/avatar\/bb65d0283347e303893ba14f0692005417c1e0e690a325a4c5d8bb2b3943ee14?s=96&d=mm&r=g","contentUrl":"https:\/\/secure.gravatar.com\/avatar\/bb65d0283347e303893ba14f0692005417c1e0e690a325a4c5d8bb2b3943ee14?s=96&d=mm&r=g","caption":"Cope Alcoy"}}]}},"_links":{"self":[{"href":"https:\/\/www.copealcoy.es\/es\/wp-json\/wp\/v2\/posts\/158152","targetHints":{"allow":["GET"]}}],"collection":[{"href":"https:\/\/www.copealcoy.es\/es\/wp-json\/wp\/v2\/posts"}],"about":[{"href":"https:\/\/www.copealcoy.es\/es\/wp-json\/wp\/v2\/types\/post"}],"author":[{"embeddable":true,"href":"https:\/\/www.copealcoy.es\/es\/wp-json\/wp\/v2\/users\/1"}],"replies":[{"embeddable":true,"href":"https:\/\/www.copealcoy.es\/es\/wp-json\/wp\/v2\/comments?post=158152"}],"version-history":[{"count":4,"href":"https:\/\/www.copealcoy.es\/es\/wp-json\/wp\/v2\/posts\/158152\/revisions"}],"predecessor-version":[{"id":158158,"href":"https:\/\/www.copealcoy.es\/es\/wp-json\/wp\/v2\/posts\/158152\/revisions\/158158"}],"wp:featuredmedia":[{"embeddable":true,"href":"https:\/\/www.copealcoy.es\/es\/wp-json\/wp\/v2\/media\/46141"}],"wp:attachment":[{"href":"https:\/\/www.copealcoy.es\/es\/wp-json\/wp\/v2\/media?parent=158152"}],"wp:term":[{"taxonomy":"category","embeddable":true,"href":"https:\/\/www.copealcoy.es\/es\/wp-json\/wp\/v2\/categories?post=158152"},{"taxonomy":"post_tag","embeddable":true,"href":"https:\/\/www.copealcoy.es\/es\/wp-json\/wp\/v2\/tags?post=158152"}],"curies":[{"name":"wp","href":"https:\/\/api.w.org\/{rel}","templated":true}]}}