{"id":158104,"date":"2025-10-08T10:30:31","date_gmt":"2025-10-08T09:30:31","guid":{"rendered":"https:\/\/www.copealcoy.es\/?p=158104"},"modified":"2025-10-08T19:08:06","modified_gmt":"2025-10-08T18:08:06","slug":"la-x-edicion-del-concurso-de-diseno-para-textil-hogar-de-la-catedra-aitex-upv-ya-tiene-ganadores","status":"publish","type":"post","link":"https:\/\/www.copealcoy.es\/es\/la-x-edicion-del-concurso-de-diseno-para-textil-hogar-de-la-catedra-aitex-upv-ya-tiene-ganadores\/","title":{"rendered":"La X edici\u00f3n del Concurso de Dise\u00f1o para Textil-Hogar de la C\u00e1tedra AITEX-UPV ya tiene ganadores"},"content":{"rendered":"<p style=\"text-align: justify;\" data-start=\"280\" data-end=\"694\">La <strong data-start=\"283\" data-end=\"298\">creatividad<\/strong> y la <strong data-start=\"304\" data-end=\"325\">innovaci\u00f3n textil<\/strong> fueron las grandes protagonistas en la <strong data-start=\"365\" data-end=\"448\">d\u00e9cima edici\u00f3n del Concurso de Dise\u00f1o y Desarrollo de Tejidos para Textil-Hogar<\/strong>, organizado por la <a href=\"https:\/\/www.upv.es\/entidades\/epsa\/catedras-aulas-de-empresa\/catedras-aitex\/\" target=\"_blank\" rel=\"noopener\"><span style=\"color: #0000ff;\"><strong data-start=\"468\" data-end=\"489\">C\u00e1tedra AITEX-UPV<\/strong><\/span><\/a>. El certamen, ya consolidado como un <strong data-start=\"527\" data-end=\"549\">referente creativo<\/strong> en el \u00e1mbito universitario, reuni\u00f3 a <strong data-start=\"587\" data-end=\"638\">estudiantes, profesionales y p\u00fablico en general<\/strong>, en una muestra del talento emergente en dise\u00f1o textil.<\/p>\n<p style=\"text-align: justify;\" data-start=\"696\" data-end=\"1012\">Del <strong data-start=\"700\" data-end=\"726\">23 al 27 de septiembre<\/strong>, los proyectos participantes pudieron visitarse en una exposici\u00f3n abierta al p\u00fablico. En total, se presentaron <strong data-start=\"838\" data-end=\"853\">37 trabajos<\/strong>, distribuidos entre las modalidades de <strong data-start=\"893\" data-end=\"913\">Estampaci\u00f3n (34)<\/strong> y <strong data-start=\"916\" data-end=\"932\">Jacquard (3)<\/strong>, cada uno con su <strong data-start=\"950\" data-end=\"1011\">tabl\u00f3n de inspiraci\u00f3n, dise\u00f1os y simulaciones de ambiente <\/strong>&#8220;desde la organizaci\u00f3n destacaron que <em data-start=\"1598\" data-end=\"1800\">\u201ceste concurso no solo premia el talento, sino que impulsa la conexi\u00f3n entre el \u00e1mbito acad\u00e9mico y la industria, fomentando la innovaci\u00f3n sostenible y la formaci\u00f3n de futuros profesionales del textil. <\/em><em data-start=\"2294\" data-end=\"2434\">Seguiremos apostando por una formaci\u00f3n de excelencia y por proyectos que conecten el talento joven con las necesidades reales del sector\u201d<\/em>, subrayaron desde la organizaci\u00f3n.<\/p>\n<p style=\"text-align: justify;\" data-start=\"1014\" data-end=\"1559\">El jurado, formado por destacados representantes del sector textil-hogar, valor\u00f3 la <strong data-start=\"1098\" data-end=\"1114\">originalidad<\/strong>, la <strong data-start=\"1119\" data-end=\"1134\">creatividad<\/strong> y la <strong data-start=\"1140\" data-end=\"1159\">calidad t\u00e9cnica<\/strong> de las propuestas. Los galardones recayeron en <strong data-start=\"1207\" data-end=\"1221\">Iria Costa<\/strong>, con <em data-start=\"1227\" data-end=\"1234\">Fogar<\/em> (1\u00ba premio Jacquard); <strong data-start=\"1257\" data-end=\"1271\">Elia G\u00f3mez<\/strong>, con <em data-start=\"1277\" data-end=\"1290\">Al Solecito<\/em> (2\u00ba premio Jacquard); <strong data-start=\"1313\" data-end=\"1328\">Mar\u00eda L\u00f3pez<\/strong>, con <em data-start=\"1334\" data-end=\"1343\">Le Rose<\/em> (3\u00ba premio Jacquard); <strong data-start=\"1366\" data-end=\"1383\">H\u00e9ctor Mi\u00f1ana<\/strong>, con <em data-start=\"1389\" data-end=\"1412\">Peque\u00f1os Exploradores<\/em> (1\u00ba premio Estampaci\u00f3n); <strong data-start=\"1438\" data-end=\"1454\">Olga Torrens<\/strong>, con <em data-start=\"1460\" data-end=\"1468\">Durumi<\/em> (2\u00ba premio Estampaci\u00f3n); y <strong data-start=\"1496\" data-end=\"1514\">Janne Schepers<\/strong>, con <em data-start=\"1520\" data-end=\"1532\">Late Night<\/em> (3\u00ba premio Estampaci\u00f3n).La <strong data-start=\"1808\" data-end=\"1829\">C\u00e1tedra AITEX-UPV<\/strong>, fruto de la colaboraci\u00f3n entre la <strong data-start=\"1865\" data-end=\"1904\">Universitat Polit\u00e8cnica de Val\u00e8ncia<\/strong> y el <strong data-start=\"1910\" data-end=\"1950\">Instituto Tecnol\u00f3gico Textil (AITEX)<\/strong>, cumple ya una <strong data-start=\"1966\" data-end=\"1991\">d\u00e9cada de trayectoria<\/strong>. Adem\u00e1s, el <strong data-start=\"2004\" data-end=\"2033\">Campus de Alcoy de la UPV<\/strong> refuerza su compromiso con la formaci\u00f3n en este sector con la implantaci\u00f3n, a partir del curso <strong data-start=\"2129\" data-end=\"2140\">2025\/26<\/strong>, del <strong data-start=\"2146\" data-end=\"2226\">Doble Grado en Ingenier\u00eda Qu\u00edmica + Ingenier\u00eda de Tecnolog\u00eda y Dise\u00f1o Textil<\/strong>, que ha completado todas sus plazas en su primera convocatoria.<\/p>\n","protected":false},"excerpt":{"rendered":"<p>La creatividad y la innovaci\u00f3n textil fueron las grandes protagonistas en la d\u00e9cima edici\u00f3n del Concurso de Dise\u00f1o y Desarrollo&#8230;<\/p>\n","protected":false},"author":1,"featured_media":158105,"comment_status":"closed","ping_status":"closed","sticky":false,"template":"","format":"standard","meta":{"footnotes":""},"categories":[6909,97,5374,900,75],"tags":[1494,4393,20113,451,674],"class_list":["post-158104","post","type-post","status-publish","format-standard","has-post-thumbnail","hentry","category-actualidad","category-alcoy","category-campus-de-alcoy","category-educacion","category-noticias","tag-alcoy","tag-catedra-aitex","tag-concurso-de-diseno-para-textil-hogar","tag-premios","tag-upv"],"yoast_head":"<!-- This site is optimized with the Yoast SEO plugin v27.3 - https:\/\/yoast.com\/product\/yoast-seo-wordpress\/ -->\n<title>La X edici\u00f3n del Concurso de Dise\u00f1o para Textil-Hogar de la C\u00e1tedra AITEX-UPV ya tiene ganadores - COPE Alcoy<\/title>\n<meta name=\"description\" content=\"La X edici\u00f3n del Concurso de Dise\u00f1o para Textil-Hogar de la C\u00e1tedra AITEX-UPV ya tiene ganadores\" \/>\n<meta name=\"robots\" content=\"index, follow, max-snippet:-1, max-image-preview:large, max-video-preview:-1\" \/>\n<link rel=\"canonical\" href=\"https:\/\/www.copealcoy.es\/es\/la-x-edicion-del-concurso-de-diseno-para-textil-hogar-de-la-catedra-aitex-upv-ya-tiene-ganadores\/\" \/>\n<meta property=\"og:locale\" content=\"es_ES\" \/>\n<meta property=\"og:type\" content=\"article\" \/>\n<meta property=\"og:title\" content=\"La X edici\u00f3n del Concurso de Dise\u00f1o para Textil-Hogar de la C\u00e1tedra AITEX-UPV ya tiene ganadores - COPE Alcoy\" \/>\n<meta property=\"og:description\" content=\"La X edici\u00f3n del Concurso de Dise\u00f1o para Textil-Hogar de la C\u00e1tedra AITEX-UPV ya tiene ganadores\" \/>\n<meta property=\"og:url\" content=\"https:\/\/www.copealcoy.es\/es\/la-x-edicion-del-concurso-de-diseno-para-textil-hogar-de-la-catedra-aitex-upv-ya-tiene-ganadores\/\" \/>\n<meta property=\"og:site_name\" content=\"COPE Alcoy\" \/>\n<meta property=\"article:published_time\" content=\"2025-10-08T09:30:31+00:00\" \/>\n<meta property=\"article:modified_time\" content=\"2025-10-08T18:08:06+00:00\" \/>\n<meta property=\"og:image\" content=\"https:\/\/www.copealcoy.es\/wp-content\/uploads\/2025\/10\/Entrega-premios.jpg\" \/>\n\t<meta property=\"og:image:width\" content=\"1920\" \/>\n\t<meta property=\"og:image:height\" content=\"939\" \/>\n\t<meta property=\"og:image:type\" content=\"image\/jpeg\" \/>\n<meta name=\"author\" content=\"Cope Alcoy\" \/>\n<meta name=\"twitter:label1\" content=\"Escrito por\" \/>\n\t<meta name=\"twitter:data1\" content=\"Cope Alcoy\" \/>\n\t<meta name=\"twitter:label2\" content=\"Tiempo de lectura\" \/>\n\t<meta name=\"twitter:data2\" content=\"2 minutos\" \/>\n<script type=\"application\/ld+json\" class=\"yoast-schema-graph\">{\"@context\":\"https:\\\/\\\/schema.org\",\"@graph\":[{\"@type\":\"Article\",\"@id\":\"https:\\\/\\\/www.copealcoy.es\\\/es\\\/la-x-edicion-del-concurso-de-diseno-para-textil-hogar-de-la-catedra-aitex-upv-ya-tiene-ganadores\\\/#article\",\"isPartOf\":{\"@id\":\"https:\\\/\\\/www.copealcoy.es\\\/es\\\/la-x-edicion-del-concurso-de-diseno-para-textil-hogar-de-la-catedra-aitex-upv-ya-tiene-ganadores\\\/\"},\"author\":{\"name\":\"Cope Alcoy\",\"@id\":\"https:\\\/\\\/www.copealcoy.es\\\/es\\\/#\\\/schema\\\/person\\\/e777c87fa024e57d40170af9df39882c\"},\"headline\":\"La X edici\u00f3n del Concurso de Dise\u00f1o para Textil-Hogar de la C\u00e1tedra AITEX-UPV ya tiene ganadores\",\"datePublished\":\"2025-10-08T09:30:31+00:00\",\"dateModified\":\"2025-10-08T18:08:06+00:00\",\"mainEntityOfPage\":{\"@id\":\"https:\\\/\\\/www.copealcoy.es\\\/es\\\/la-x-edicion-del-concurso-de-diseno-para-textil-hogar-de-la-catedra-aitex-upv-ya-tiene-ganadores\\\/\"},\"wordCount\":359,\"image\":{\"@id\":\"https:\\\/\\\/www.copealcoy.es\\\/es\\\/la-x-edicion-del-concurso-de-diseno-para-textil-hogar-de-la-catedra-aitex-upv-ya-tiene-ganadores\\\/#primaryimage\"},\"thumbnailUrl\":\"https:\\\/\\\/www.copealcoy.es\\\/wp-content\\\/uploads\\\/2025\\\/10\\\/Entrega-premios.jpg\",\"keywords\":[\"Alcoy\",\"C\u00e1tedra AITEX\",\"Concurso de Dise\u00f1o para Textil-Hogar\",\"Premios\",\"UPV\"],\"articleSection\":[\"Actualidad\",\"Alcoy\",\"Campus de Alcoy\",\"Educaci\u00f3n\",\"Noticias\"],\"inLanguage\":\"es\"},{\"@type\":\"WebPage\",\"@id\":\"https:\\\/\\\/www.copealcoy.es\\\/es\\\/la-x-edicion-del-concurso-de-diseno-para-textil-hogar-de-la-catedra-aitex-upv-ya-tiene-ganadores\\\/\",\"url\":\"https:\\\/\\\/www.copealcoy.es\\\/es\\\/la-x-edicion-del-concurso-de-diseno-para-textil-hogar-de-la-catedra-aitex-upv-ya-tiene-ganadores\\\/\",\"name\":\"La X edici\u00f3n del Concurso de Dise\u00f1o para Textil-Hogar de la C\u00e1tedra AITEX-UPV ya tiene ganadores - COPE Alcoy\",\"isPartOf\":{\"@id\":\"https:\\\/\\\/www.copealcoy.es\\\/es\\\/#website\"},\"primaryImageOfPage\":{\"@id\":\"https:\\\/\\\/www.copealcoy.es\\\/es\\\/la-x-edicion-del-concurso-de-diseno-para-textil-hogar-de-la-catedra-aitex-upv-ya-tiene-ganadores\\\/#primaryimage\"},\"image\":{\"@id\":\"https:\\\/\\\/www.copealcoy.es\\\/es\\\/la-x-edicion-del-concurso-de-diseno-para-textil-hogar-de-la-catedra-aitex-upv-ya-tiene-ganadores\\\/#primaryimage\"},\"thumbnailUrl\":\"https:\\\/\\\/www.copealcoy.es\\\/wp-content\\\/uploads\\\/2025\\\/10\\\/Entrega-premios.jpg\",\"datePublished\":\"2025-10-08T09:30:31+00:00\",\"dateModified\":\"2025-10-08T18:08:06+00:00\",\"author\":{\"@id\":\"https:\\\/\\\/www.copealcoy.es\\\/es\\\/#\\\/schema\\\/person\\\/e777c87fa024e57d40170af9df39882c\"},\"description\":\"La X edici\u00f3n del Concurso de Dise\u00f1o para Textil-Hogar de la C\u00e1tedra AITEX-UPV ya tiene ganadores\",\"breadcrumb\":{\"@id\":\"https:\\\/\\\/www.copealcoy.es\\\/es\\\/la-x-edicion-del-concurso-de-diseno-para-textil-hogar-de-la-catedra-aitex-upv-ya-tiene-ganadores\\\/#breadcrumb\"},\"inLanguage\":\"es\",\"potentialAction\":[{\"@type\":\"ReadAction\",\"target\":[\"https:\\\/\\\/www.copealcoy.es\\\/es\\\/la-x-edicion-del-concurso-de-diseno-para-textil-hogar-de-la-catedra-aitex-upv-ya-tiene-ganadores\\\/\"]}]},{\"@type\":\"ImageObject\",\"inLanguage\":\"es\",\"@id\":\"https:\\\/\\\/www.copealcoy.es\\\/es\\\/la-x-edicion-del-concurso-de-diseno-para-textil-hogar-de-la-catedra-aitex-upv-ya-tiene-ganadores\\\/#primaryimage\",\"url\":\"https:\\\/\\\/www.copealcoy.es\\\/wp-content\\\/uploads\\\/2025\\\/10\\\/Entrega-premios.jpg\",\"contentUrl\":\"https:\\\/\\\/www.copealcoy.es\\\/wp-content\\\/uploads\\\/2025\\\/10\\\/Entrega-premios.jpg\",\"width\":1920,\"height\":939},{\"@type\":\"BreadcrumbList\",\"@id\":\"https:\\\/\\\/www.copealcoy.es\\\/es\\\/la-x-edicion-del-concurso-de-diseno-para-textil-hogar-de-la-catedra-aitex-upv-ya-tiene-ganadores\\\/#breadcrumb\",\"itemListElement\":[{\"@type\":\"ListItem\",\"position\":1,\"name\":\"Portada\",\"item\":\"https:\\\/\\\/www.copealcoy.es\\\/es\\\/\"},{\"@type\":\"ListItem\",\"position\":2,\"name\":\"La X edici\u00f3n del Concurso de Dise\u00f1o para Textil-Hogar de la C\u00e1tedra AITEX-UPV ya tiene ganadores\"}]},{\"@type\":\"WebSite\",\"@id\":\"https:\\\/\\\/www.copealcoy.es\\\/es\\\/#website\",\"url\":\"https:\\\/\\\/www.copealcoy.es\\\/es\\\/\",\"name\":\"COPE Alcoy\",\"description\":\"Emisora COPE de radio local con emisi\u00f3n online. Pont de Sant Jordi 8-10 03803 Alcoy\",\"potentialAction\":[{\"@type\":\"SearchAction\",\"target\":{\"@type\":\"EntryPoint\",\"urlTemplate\":\"https:\\\/\\\/www.copealcoy.es\\\/es\\\/?s={search_term_string}\"},\"query-input\":{\"@type\":\"PropertyValueSpecification\",\"valueRequired\":true,\"valueName\":\"search_term_string\"}}],\"inLanguage\":\"es\"},{\"@type\":\"Person\",\"@id\":\"https:\\\/\\\/www.copealcoy.es\\\/es\\\/#\\\/schema\\\/person\\\/e777c87fa024e57d40170af9df39882c\",\"name\":\"Cope Alcoy\",\"image\":{\"@type\":\"ImageObject\",\"inLanguage\":\"es\",\"@id\":\"https:\\\/\\\/secure.gravatar.com\\\/avatar\\\/bb65d0283347e303893ba14f0692005417c1e0e690a325a4c5d8bb2b3943ee14?s=96&d=mm&r=g\",\"url\":\"https:\\\/\\\/secure.gravatar.com\\\/avatar\\\/bb65d0283347e303893ba14f0692005417c1e0e690a325a4c5d8bb2b3943ee14?s=96&d=mm&r=g\",\"contentUrl\":\"https:\\\/\\\/secure.gravatar.com\\\/avatar\\\/bb65d0283347e303893ba14f0692005417c1e0e690a325a4c5d8bb2b3943ee14?s=96&d=mm&r=g\",\"caption\":\"Cope Alcoy\"}}]}<\/script>\n<!-- \/ Yoast SEO plugin. -->","yoast_head_json":{"title":"La X edici\u00f3n del Concurso de Dise\u00f1o para Textil-Hogar de la C\u00e1tedra AITEX-UPV ya tiene ganadores - COPE Alcoy","description":"La X edici\u00f3n del Concurso de Dise\u00f1o para Textil-Hogar de la C\u00e1tedra AITEX-UPV ya tiene ganadores","robots":{"index":"index","follow":"follow","max-snippet":"max-snippet:-1","max-image-preview":"max-image-preview:large","max-video-preview":"max-video-preview:-1"},"canonical":"https:\/\/www.copealcoy.es\/es\/la-x-edicion-del-concurso-de-diseno-para-textil-hogar-de-la-catedra-aitex-upv-ya-tiene-ganadores\/","og_locale":"es_ES","og_type":"article","og_title":"La X edici\u00f3n del Concurso de Dise\u00f1o para Textil-Hogar de la C\u00e1tedra AITEX-UPV ya tiene ganadores - COPE Alcoy","og_description":"La X edici\u00f3n del Concurso de Dise\u00f1o para Textil-Hogar de la C\u00e1tedra AITEX-UPV ya tiene ganadores","og_url":"https:\/\/www.copealcoy.es\/es\/la-x-edicion-del-concurso-de-diseno-para-textil-hogar-de-la-catedra-aitex-upv-ya-tiene-ganadores\/","og_site_name":"COPE Alcoy","article_published_time":"2025-10-08T09:30:31+00:00","article_modified_time":"2025-10-08T18:08:06+00:00","og_image":[{"width":1920,"height":939,"url":"https:\/\/www.copealcoy.es\/wp-content\/uploads\/2025\/10\/Entrega-premios.jpg","type":"image\/jpeg"}],"author":"Cope Alcoy","twitter_misc":{"Escrito por":"Cope Alcoy","Tiempo de lectura":"2 minutos"},"schema":{"@context":"https:\/\/schema.org","@graph":[{"@type":"Article","@id":"https:\/\/www.copealcoy.es\/es\/la-x-edicion-del-concurso-de-diseno-para-textil-hogar-de-la-catedra-aitex-upv-ya-tiene-ganadores\/#article","isPartOf":{"@id":"https:\/\/www.copealcoy.es\/es\/la-x-edicion-del-concurso-de-diseno-para-textil-hogar-de-la-catedra-aitex-upv-ya-tiene-ganadores\/"},"author":{"name":"Cope Alcoy","@id":"https:\/\/www.copealcoy.es\/es\/#\/schema\/person\/e777c87fa024e57d40170af9df39882c"},"headline":"La X edici\u00f3n del Concurso de Dise\u00f1o para Textil-Hogar de la C\u00e1tedra AITEX-UPV ya tiene ganadores","datePublished":"2025-10-08T09:30:31+00:00","dateModified":"2025-10-08T18:08:06+00:00","mainEntityOfPage":{"@id":"https:\/\/www.copealcoy.es\/es\/la-x-edicion-del-concurso-de-diseno-para-textil-hogar-de-la-catedra-aitex-upv-ya-tiene-ganadores\/"},"wordCount":359,"image":{"@id":"https:\/\/www.copealcoy.es\/es\/la-x-edicion-del-concurso-de-diseno-para-textil-hogar-de-la-catedra-aitex-upv-ya-tiene-ganadores\/#primaryimage"},"thumbnailUrl":"https:\/\/www.copealcoy.es\/wp-content\/uploads\/2025\/10\/Entrega-premios.jpg","keywords":["Alcoy","C\u00e1tedra AITEX","Concurso de Dise\u00f1o para Textil-Hogar","Premios","UPV"],"articleSection":["Actualidad","Alcoy","Campus de Alcoy","Educaci\u00f3n","Noticias"],"inLanguage":"es"},{"@type":"WebPage","@id":"https:\/\/www.copealcoy.es\/es\/la-x-edicion-del-concurso-de-diseno-para-textil-hogar-de-la-catedra-aitex-upv-ya-tiene-ganadores\/","url":"https:\/\/www.copealcoy.es\/es\/la-x-edicion-del-concurso-de-diseno-para-textil-hogar-de-la-catedra-aitex-upv-ya-tiene-ganadores\/","name":"La X edici\u00f3n del Concurso de Dise\u00f1o para Textil-Hogar de la C\u00e1tedra AITEX-UPV ya tiene ganadores - COPE Alcoy","isPartOf":{"@id":"https:\/\/www.copealcoy.es\/es\/#website"},"primaryImageOfPage":{"@id":"https:\/\/www.copealcoy.es\/es\/la-x-edicion-del-concurso-de-diseno-para-textil-hogar-de-la-catedra-aitex-upv-ya-tiene-ganadores\/#primaryimage"},"image":{"@id":"https:\/\/www.copealcoy.es\/es\/la-x-edicion-del-concurso-de-diseno-para-textil-hogar-de-la-catedra-aitex-upv-ya-tiene-ganadores\/#primaryimage"},"thumbnailUrl":"https:\/\/www.copealcoy.es\/wp-content\/uploads\/2025\/10\/Entrega-premios.jpg","datePublished":"2025-10-08T09:30:31+00:00","dateModified":"2025-10-08T18:08:06+00:00","author":{"@id":"https:\/\/www.copealcoy.es\/es\/#\/schema\/person\/e777c87fa024e57d40170af9df39882c"},"description":"La X edici\u00f3n del Concurso de Dise\u00f1o para Textil-Hogar de la C\u00e1tedra AITEX-UPV ya tiene ganadores","breadcrumb":{"@id":"https:\/\/www.copealcoy.es\/es\/la-x-edicion-del-concurso-de-diseno-para-textil-hogar-de-la-catedra-aitex-upv-ya-tiene-ganadores\/#breadcrumb"},"inLanguage":"es","potentialAction":[{"@type":"ReadAction","target":["https:\/\/www.copealcoy.es\/es\/la-x-edicion-del-concurso-de-diseno-para-textil-hogar-de-la-catedra-aitex-upv-ya-tiene-ganadores\/"]}]},{"@type":"ImageObject","inLanguage":"es","@id":"https:\/\/www.copealcoy.es\/es\/la-x-edicion-del-concurso-de-diseno-para-textil-hogar-de-la-catedra-aitex-upv-ya-tiene-ganadores\/#primaryimage","url":"https:\/\/www.copealcoy.es\/wp-content\/uploads\/2025\/10\/Entrega-premios.jpg","contentUrl":"https:\/\/www.copealcoy.es\/wp-content\/uploads\/2025\/10\/Entrega-premios.jpg","width":1920,"height":939},{"@type":"BreadcrumbList","@id":"https:\/\/www.copealcoy.es\/es\/la-x-edicion-del-concurso-de-diseno-para-textil-hogar-de-la-catedra-aitex-upv-ya-tiene-ganadores\/#breadcrumb","itemListElement":[{"@type":"ListItem","position":1,"name":"Portada","item":"https:\/\/www.copealcoy.es\/es\/"},{"@type":"ListItem","position":2,"name":"La X edici\u00f3n del Concurso de Dise\u00f1o para Textil-Hogar de la C\u00e1tedra AITEX-UPV ya tiene ganadores"}]},{"@type":"WebSite","@id":"https:\/\/www.copealcoy.es\/es\/#website","url":"https:\/\/www.copealcoy.es\/es\/","name":"COPE Alcoy","description":"Emisora COPE de radio local con emisi\u00f3n online. Pont de Sant Jordi 8-10 03803 Alcoy","potentialAction":[{"@type":"SearchAction","target":{"@type":"EntryPoint","urlTemplate":"https:\/\/www.copealcoy.es\/es\/?s={search_term_string}"},"query-input":{"@type":"PropertyValueSpecification","valueRequired":true,"valueName":"search_term_string"}}],"inLanguage":"es"},{"@type":"Person","@id":"https:\/\/www.copealcoy.es\/es\/#\/schema\/person\/e777c87fa024e57d40170af9df39882c","name":"Cope Alcoy","image":{"@type":"ImageObject","inLanguage":"es","@id":"https:\/\/secure.gravatar.com\/avatar\/bb65d0283347e303893ba14f0692005417c1e0e690a325a4c5d8bb2b3943ee14?s=96&d=mm&r=g","url":"https:\/\/secure.gravatar.com\/avatar\/bb65d0283347e303893ba14f0692005417c1e0e690a325a4c5d8bb2b3943ee14?s=96&d=mm&r=g","contentUrl":"https:\/\/secure.gravatar.com\/avatar\/bb65d0283347e303893ba14f0692005417c1e0e690a325a4c5d8bb2b3943ee14?s=96&d=mm&r=g","caption":"Cope Alcoy"}}]}},"_links":{"self":[{"href":"https:\/\/www.copealcoy.es\/es\/wp-json\/wp\/v2\/posts\/158104","targetHints":{"allow":["GET"]}}],"collection":[{"href":"https:\/\/www.copealcoy.es\/es\/wp-json\/wp\/v2\/posts"}],"about":[{"href":"https:\/\/www.copealcoy.es\/es\/wp-json\/wp\/v2\/types\/post"}],"author":[{"embeddable":true,"href":"https:\/\/www.copealcoy.es\/es\/wp-json\/wp\/v2\/users\/1"}],"replies":[{"embeddable":true,"href":"https:\/\/www.copealcoy.es\/es\/wp-json\/wp\/v2\/comments?post=158104"}],"version-history":[{"count":1,"href":"https:\/\/www.copealcoy.es\/es\/wp-json\/wp\/v2\/posts\/158104\/revisions"}],"predecessor-version":[{"id":158107,"href":"https:\/\/www.copealcoy.es\/es\/wp-json\/wp\/v2\/posts\/158104\/revisions\/158107"}],"wp:featuredmedia":[{"embeddable":true,"href":"https:\/\/www.copealcoy.es\/es\/wp-json\/wp\/v2\/media\/158105"}],"wp:attachment":[{"href":"https:\/\/www.copealcoy.es\/es\/wp-json\/wp\/v2\/media?parent=158104"}],"wp:term":[{"taxonomy":"category","embeddable":true,"href":"https:\/\/www.copealcoy.es\/es\/wp-json\/wp\/v2\/categories?post=158104"},{"taxonomy":"post_tag","embeddable":true,"href":"https:\/\/www.copealcoy.es\/es\/wp-json\/wp\/v2\/tags?post=158104"}],"curies":[{"name":"wp","href":"https:\/\/api.w.org\/{rel}","templated":true}]}}