{"id":158075,"date":"2025-10-07T09:00:02","date_gmt":"2025-10-07T08:00:02","guid":{"rendered":"https:\/\/www.copealcoy.es\/?p=158075"},"modified":"2025-10-07T12:13:50","modified_gmt":"2025-10-07T11:13:50","slug":"planes-despide-en-otono-el-ciclo-de-fiestas-de-verano-en-la-comarca","status":"publish","type":"post","link":"https:\/\/www.copealcoy.es\/es\/planes-despide-en-otono-el-ciclo-de-fiestas-de-verano-en-la-comarca\/","title":{"rendered":"Planes despide en oto\u00f1o el ciclo de fiestas de verano en la comarca"},"content":{"rendered":"<p style=\"text-align: justify;\"><a href=\"https:\/\/ajuntamentdeplanes.es\/12801024\/index.html\" target=\"_blank\" rel=\"noopener\"><span style=\"color: #0000ff;\"><strong>Planes<\/strong><\/span><\/a> ha celebrado este fin de semana sus fiestas patronales, unas celebraciones que tienen lugar siempre en los primeros d\u00edas del oto\u00f1o y que <strong>cierran el ciclo de festejos de verano<\/strong> en el conjunto de la comarca del Comtat. Los vecinos y las vecinas del municipio <strong>han disfrutado de un amplio abanico de actividades<\/strong> desde el jueves en unas celebraciones que tuvieron como antesala actividades para todas las edades a lo largo del periodo estival.<\/p>\n<p style=\"text-align: justify;\">El <strong>grueso de la programaci\u00f3n<\/strong> arranc\u00f3 el <strong>2 de octubre<\/strong>, a las 20:00h, con el preg\u00f3n de las fiestas que este a\u00f1o estuvo a cargo de la Fil\u00e0 Templaris. Seguidamente tuvo lugar el volteo general de campanas, un pasacalles a cargo de la Uni\u00f3n Musical de Planes y el izado de las banderas junto a la entrega de premios de engalanamientos e incluso el sorteo de un jam\u00f3n entre todos los que han hecho su aportaci\u00f3n econ\u00f3mica para las mencionadas celebraciones.<\/p>\n<p style=\"text-align: justify;\">A partir de ah\u00ed <strong>se sucedieron los actos<\/strong>, destacando las &#8216;Entraetes&#8217; de cada Fil\u00e0, la &#8216;olleta&#8217;, concursos de disfraces y actuaciones musicales dentro de la oferta de ocio nocturno. El <strong>viernes<\/strong>, Planes rindi\u00f3 homenaje a la Virgen del Rosario con la misa solemne en su honor a mediod\u00eda y la procesi\u00f3n vespertina en la que destac\u00f3 el canto de La Salve, un instante que cada a\u00f1o emociona al pueblo. La Diana inici\u00f3 los actos del <strong>s\u00e1bado<\/strong> y a mediod\u00eda, como es habitual, tuvo lugar la eucarist\u00eda dedicada a Sant Roc cuya imagen sali\u00f3 en procesi\u00f3n a las ocho de la tarde. Antes, a las 17:00h, se llev\u00f3 a cabo la esperada Entrada de Moros y Cristianos con la participaci\u00f3n de las Filaes Maseros y Templaris, en el bando cristiano, mientras que en las huestes de la media luna tomaron parte los conocidos como Moros del Raval. M\u00e1s de trescientas personas salieron a este desfile en el que no faltaron ni la m\u00fasica festera ni tampoco los aplausos del numeroso p\u00fablico que acompa\u00f1\u00f3 el paso de los festeros y de las festeras.<\/p>\n<p>Las fiestas de Planes terminaron el <strong>domingo<\/strong> con el d\u00eda dedicado al Sant\u00edsimo Cristo, patr\u00f3n de la localidad. Por la ma\u00f1ana destac\u00f3 la subida en romer\u00eda hasta la ermita, donde a mediod\u00eda se celebr\u00f3 la misa solemne, y por la tarde sali\u00f3 a la calle la imagen en una participativa procesi\u00f3n que finaliz\u00f3 con el disparo de un vistoso castillo de fuegos artificiales. As\u00ed finalizaron las fiestas de verano de la comarca en un oto\u00f1o que trae citas festivas como el 9 d&#8217;Octubre, el Mig Any de las Fiestas de Alcoy o la Fira de Tots Sants de Cocentaina.<\/p>\n<div id='gallery-1' class='gallery galleryid-158075 gallery-columns-2 gallery-size-large'><figure class='gallery-item'>\n\t\t\t<div class='gallery-icon landscape'>\n\t\t\t\t<a href='https:\/\/www.copealcoy.es\/es\/planes-despide-en-otono-el-ciclo-de-fiestas-de-verano-en-la-comarca\/560697669_1295299512392407_4020265774591172112_n\/'><img loading=\"lazy\" decoding=\"async\" width=\"980\" height=\"588\" src=\"https:\/\/www.copealcoy.es\/wp-content\/uploads\/2025\/10\/560697669_1295299512392407_4020265774591172112_n-980x588.jpg\" class=\"attachment-large size-large\" alt=\"\" srcset=\"https:\/\/www.copealcoy.es\/wp-content\/uploads\/2025\/10\/560697669_1295299512392407_4020265774591172112_n-980x588.jpg 980w, https:\/\/www.copealcoy.es\/wp-content\/uploads\/2025\/10\/560697669_1295299512392407_4020265774591172112_n-768x460.jpg 768w\" sizes=\"auto, (max-width: 980px) 100vw, 980px\" \/><\/a>\n\t\t\t<\/div><\/figure><figure class='gallery-item'>\n\t\t\t<div class='gallery-icon landscape'>\n\t\t\t\t<a href='https:\/\/www.copealcoy.es\/es\/planes-despide-en-otono-el-ciclo-de-fiestas-de-verano-en-la-comarca\/558864256_1295299165725775_2831074858763024300_n\/'><img loading=\"lazy\" decoding=\"async\" width=\"980\" height=\"588\" src=\"https:\/\/www.copealcoy.es\/wp-content\/uploads\/2025\/10\/558864256_1295299165725775_2831074858763024300_n-980x588.jpg\" class=\"attachment-large size-large\" alt=\"\" \/><\/a>\n\t\t\t<\/div><\/figure><figure class='gallery-item'>\n\t\t\t<div class='gallery-icon landscape'>\n\t\t\t\t<a href='https:\/\/www.copealcoy.es\/es\/planes-despide-en-otono-el-ciclo-de-fiestas-de-verano-en-la-comarca\/557658945_1295299562392402_998122240543835116_n\/'><img loading=\"lazy\" decoding=\"async\" width=\"980\" height=\"588\" src=\"https:\/\/www.copealcoy.es\/wp-content\/uploads\/2025\/10\/557658945_1295299562392402_998122240543835116_n-980x588.jpg\" class=\"attachment-large size-large\" alt=\"\" \/><\/a>\n\t\t\t<\/div><\/figure><figure class='gallery-item'>\n\t\t\t<div class='gallery-icon landscape'>\n\t\t\t\t<a href='https:\/\/www.copealcoy.es\/es\/planes-despide-en-otono-el-ciclo-de-fiestas-de-verano-en-la-comarca\/557653947_1295299379059087_1953082137763206397_n\/'><img loading=\"lazy\" decoding=\"async\" width=\"980\" height=\"588\" src=\"https:\/\/www.copealcoy.es\/wp-content\/uploads\/2025\/10\/557653947_1295299379059087_1953082137763206397_n-980x588.jpg\" class=\"attachment-large size-large\" alt=\"\" \/><\/a>\n\t\t\t<\/div><\/figure><figure class='gallery-item'>\n\t\t\t<div class='gallery-icon landscape'>\n\t\t\t\t<a href='https:\/\/www.copealcoy.es\/es\/planes-despide-en-otono-el-ciclo-de-fiestas-de-verano-en-la-comarca\/unnamed-2-203\/'><img loading=\"lazy\" decoding=\"async\" width=\"980\" height=\"588\" src=\"https:\/\/www.copealcoy.es\/wp-content\/uploads\/2025\/10\/unnamed-2-980x588.jpg\" class=\"attachment-large size-large\" alt=\"\" \/><\/a>\n\t\t\t<\/div><\/figure><figure class='gallery-item'>\n\t\t\t<div class='gallery-icon landscape'>\n\t\t\t\t<a href='https:\/\/www.copealcoy.es\/es\/planes-despide-en-otono-el-ciclo-de-fiestas-de-verano-en-la-comarca\/unnamed-1-832\/'><img loading=\"lazy\" decoding=\"async\" width=\"980\" height=\"588\" src=\"https:\/\/www.copealcoy.es\/wp-content\/uploads\/2025\/10\/unnamed-1-3-980x588.jpg\" class=\"attachment-large size-large\" alt=\"\" \/><\/a>\n\t\t\t<\/div><\/figure>\n\t\t<\/div>\n\n<p>&nbsp;<\/p>\n","protected":false},"excerpt":{"rendered":"<p>Planes ha celebrado este fin de semana sus fiestas patronales, unas celebraciones que tienen lugar siempre en los primeros d\u00edas&#8230;<\/p>\n","protected":false},"author":1,"featured_media":158085,"comment_status":"closed","ping_status":"closed","sticky":false,"template":"","format":"standard","meta":{"footnotes":""},"categories":[6909,98,75],"tags":[237,2954,4611,963],"class_list":["post-158075","post","type-post","status-publish","format-standard","has-post-thumbnail","hentry","category-actualidad","category-comarcas","category-noticias","tag-comtat","tag-fiestas-patronales","tag-otono","tag-planes"],"yoast_head":"<!-- This site is optimized with the Yoast SEO plugin v27.3 - https:\/\/yoast.com\/product\/yoast-seo-wordpress\/ -->\n<title>Planes despide en oto\u00f1o el ciclo de fiestas de verano en la comarca - COPE Alcoy<\/title>\n<meta name=\"description\" content=\"Planes despide en oto\u00f1o el ciclo de fiestas de verano en la comarca\" \/>\n<meta name=\"robots\" content=\"index, follow, max-snippet:-1, max-image-preview:large, max-video-preview:-1\" \/>\n<link rel=\"canonical\" href=\"https:\/\/www.copealcoy.es\/es\/planes-despide-en-otono-el-ciclo-de-fiestas-de-verano-en-la-comarca\/\" \/>\n<meta property=\"og:locale\" content=\"es_ES\" \/>\n<meta property=\"og:type\" content=\"article\" \/>\n<meta property=\"og:title\" content=\"Planes despide en oto\u00f1o el ciclo de fiestas de verano en la comarca - COPE Alcoy\" \/>\n<meta property=\"og:description\" content=\"Planes despide en oto\u00f1o el ciclo de fiestas de verano en la comarca\" \/>\n<meta property=\"og:url\" content=\"https:\/\/www.copealcoy.es\/es\/planes-despide-en-otono-el-ciclo-de-fiestas-de-verano-en-la-comarca\/\" \/>\n<meta property=\"og:site_name\" content=\"COPE Alcoy\" \/>\n<meta property=\"article:published_time\" content=\"2025-10-07T08:00:02+00:00\" \/>\n<meta property=\"article:modified_time\" content=\"2025-10-07T11:13:50+00:00\" \/>\n<meta property=\"og:image\" content=\"https:\/\/www.copealcoy.es\/wp-content\/uploads\/2025\/10\/560697669_1295299512392407_4020265774591172112_n.jpg\" \/>\n\t<meta property=\"og:image:width\" content=\"1536\" \/>\n\t<meta property=\"og:image:height\" content=\"919\" \/>\n\t<meta property=\"og:image:type\" content=\"image\/jpeg\" \/>\n<meta name=\"author\" content=\"Cope Alcoy\" \/>\n<meta name=\"twitter:label1\" content=\"Escrito por\" \/>\n\t<meta name=\"twitter:data1\" content=\"Cope Alcoy\" \/>\n\t<meta name=\"twitter:label2\" content=\"Tiempo de lectura\" \/>\n\t<meta name=\"twitter:data2\" content=\"3 minutos\" \/>\n<script type=\"application\/ld+json\" class=\"yoast-schema-graph\">{\"@context\":\"https:\\\/\\\/schema.org\",\"@graph\":[{\"@type\":\"Article\",\"@id\":\"https:\\\/\\\/www.copealcoy.es\\\/es\\\/planes-despide-en-otono-el-ciclo-de-fiestas-de-verano-en-la-comarca\\\/#article\",\"isPartOf\":{\"@id\":\"https:\\\/\\\/www.copealcoy.es\\\/es\\\/planes-despide-en-otono-el-ciclo-de-fiestas-de-verano-en-la-comarca\\\/\"},\"author\":{\"name\":\"Cope Alcoy\",\"@id\":\"https:\\\/\\\/www.copealcoy.es\\\/es\\\/#\\\/schema\\\/person\\\/e777c87fa024e57d40170af9df39882c\"},\"headline\":\"Planes despide en oto\u00f1o el ciclo de fiestas de verano en la comarca\",\"datePublished\":\"2025-10-07T08:00:02+00:00\",\"dateModified\":\"2025-10-07T11:13:50+00:00\",\"mainEntityOfPage\":{\"@id\":\"https:\\\/\\\/www.copealcoy.es\\\/es\\\/planes-despide-en-otono-el-ciclo-de-fiestas-de-verano-en-la-comarca\\\/\"},\"wordCount\":483,\"image\":{\"@id\":\"https:\\\/\\\/www.copealcoy.es\\\/es\\\/planes-despide-en-otono-el-ciclo-de-fiestas-de-verano-en-la-comarca\\\/#primaryimage\"},\"thumbnailUrl\":\"https:\\\/\\\/www.copealcoy.es\\\/wp-content\\\/uploads\\\/2025\\\/10\\\/560697669_1295299512392407_4020265774591172112_n.jpg\",\"keywords\":[\"Comtat\",\"fiestas patronales\",\"oto\u00f1o\",\"Planes\"],\"articleSection\":[\"Actualidad\",\"Comarcas\",\"Noticias\"],\"inLanguage\":\"es\"},{\"@type\":\"WebPage\",\"@id\":\"https:\\\/\\\/www.copealcoy.es\\\/es\\\/planes-despide-en-otono-el-ciclo-de-fiestas-de-verano-en-la-comarca\\\/\",\"url\":\"https:\\\/\\\/www.copealcoy.es\\\/es\\\/planes-despide-en-otono-el-ciclo-de-fiestas-de-verano-en-la-comarca\\\/\",\"name\":\"Planes despide en oto\u00f1o el ciclo de fiestas de verano en la comarca - COPE Alcoy\",\"isPartOf\":{\"@id\":\"https:\\\/\\\/www.copealcoy.es\\\/es\\\/#website\"},\"primaryImageOfPage\":{\"@id\":\"https:\\\/\\\/www.copealcoy.es\\\/es\\\/planes-despide-en-otono-el-ciclo-de-fiestas-de-verano-en-la-comarca\\\/#primaryimage\"},\"image\":{\"@id\":\"https:\\\/\\\/www.copealcoy.es\\\/es\\\/planes-despide-en-otono-el-ciclo-de-fiestas-de-verano-en-la-comarca\\\/#primaryimage\"},\"thumbnailUrl\":\"https:\\\/\\\/www.copealcoy.es\\\/wp-content\\\/uploads\\\/2025\\\/10\\\/560697669_1295299512392407_4020265774591172112_n.jpg\",\"datePublished\":\"2025-10-07T08:00:02+00:00\",\"dateModified\":\"2025-10-07T11:13:50+00:00\",\"author\":{\"@id\":\"https:\\\/\\\/www.copealcoy.es\\\/es\\\/#\\\/schema\\\/person\\\/e777c87fa024e57d40170af9df39882c\"},\"description\":\"Planes despide en oto\u00f1o el ciclo de fiestas de verano en la comarca\",\"breadcrumb\":{\"@id\":\"https:\\\/\\\/www.copealcoy.es\\\/es\\\/planes-despide-en-otono-el-ciclo-de-fiestas-de-verano-en-la-comarca\\\/#breadcrumb\"},\"inLanguage\":\"es\",\"potentialAction\":[{\"@type\":\"ReadAction\",\"target\":[\"https:\\\/\\\/www.copealcoy.es\\\/es\\\/planes-despide-en-otono-el-ciclo-de-fiestas-de-verano-en-la-comarca\\\/\"]}]},{\"@type\":\"ImageObject\",\"inLanguage\":\"es\",\"@id\":\"https:\\\/\\\/www.copealcoy.es\\\/es\\\/planes-despide-en-otono-el-ciclo-de-fiestas-de-verano-en-la-comarca\\\/#primaryimage\",\"url\":\"https:\\\/\\\/www.copealcoy.es\\\/wp-content\\\/uploads\\\/2025\\\/10\\\/560697669_1295299512392407_4020265774591172112_n.jpg\",\"contentUrl\":\"https:\\\/\\\/www.copealcoy.es\\\/wp-content\\\/uploads\\\/2025\\\/10\\\/560697669_1295299512392407_4020265774591172112_n.jpg\",\"width\":1536,\"height\":919},{\"@type\":\"BreadcrumbList\",\"@id\":\"https:\\\/\\\/www.copealcoy.es\\\/es\\\/planes-despide-en-otono-el-ciclo-de-fiestas-de-verano-en-la-comarca\\\/#breadcrumb\",\"itemListElement\":[{\"@type\":\"ListItem\",\"position\":1,\"name\":\"Portada\",\"item\":\"https:\\\/\\\/www.copealcoy.es\\\/es\\\/\"},{\"@type\":\"ListItem\",\"position\":2,\"name\":\"Planes despide en oto\u00f1o el ciclo de fiestas de verano en la comarca\"}]},{\"@type\":\"WebSite\",\"@id\":\"https:\\\/\\\/www.copealcoy.es\\\/es\\\/#website\",\"url\":\"https:\\\/\\\/www.copealcoy.es\\\/es\\\/\",\"name\":\"COPE Alcoy\",\"description\":\"Emisora COPE de radio local con emisi\u00f3n online. Pont de Sant Jordi 8-10 03803 Alcoy\",\"potentialAction\":[{\"@type\":\"SearchAction\",\"target\":{\"@type\":\"EntryPoint\",\"urlTemplate\":\"https:\\\/\\\/www.copealcoy.es\\\/es\\\/?s={search_term_string}\"},\"query-input\":{\"@type\":\"PropertyValueSpecification\",\"valueRequired\":true,\"valueName\":\"search_term_string\"}}],\"inLanguage\":\"es\"},{\"@type\":\"Person\",\"@id\":\"https:\\\/\\\/www.copealcoy.es\\\/es\\\/#\\\/schema\\\/person\\\/e777c87fa024e57d40170af9df39882c\",\"name\":\"Cope Alcoy\",\"image\":{\"@type\":\"ImageObject\",\"inLanguage\":\"es\",\"@id\":\"https:\\\/\\\/secure.gravatar.com\\\/avatar\\\/bb65d0283347e303893ba14f0692005417c1e0e690a325a4c5d8bb2b3943ee14?s=96&d=mm&r=g\",\"url\":\"https:\\\/\\\/secure.gravatar.com\\\/avatar\\\/bb65d0283347e303893ba14f0692005417c1e0e690a325a4c5d8bb2b3943ee14?s=96&d=mm&r=g\",\"contentUrl\":\"https:\\\/\\\/secure.gravatar.com\\\/avatar\\\/bb65d0283347e303893ba14f0692005417c1e0e690a325a4c5d8bb2b3943ee14?s=96&d=mm&r=g\",\"caption\":\"Cope Alcoy\"}}]}<\/script>\n<!-- \/ Yoast SEO plugin. -->","yoast_head_json":{"title":"Planes despide en oto\u00f1o el ciclo de fiestas de verano en la comarca - COPE Alcoy","description":"Planes despide en oto\u00f1o el ciclo de fiestas de verano en la comarca","robots":{"index":"index","follow":"follow","max-snippet":"max-snippet:-1","max-image-preview":"max-image-preview:large","max-video-preview":"max-video-preview:-1"},"canonical":"https:\/\/www.copealcoy.es\/es\/planes-despide-en-otono-el-ciclo-de-fiestas-de-verano-en-la-comarca\/","og_locale":"es_ES","og_type":"article","og_title":"Planes despide en oto\u00f1o el ciclo de fiestas de verano en la comarca - COPE Alcoy","og_description":"Planes despide en oto\u00f1o el ciclo de fiestas de verano en la comarca","og_url":"https:\/\/www.copealcoy.es\/es\/planes-despide-en-otono-el-ciclo-de-fiestas-de-verano-en-la-comarca\/","og_site_name":"COPE Alcoy","article_published_time":"2025-10-07T08:00:02+00:00","article_modified_time":"2025-10-07T11:13:50+00:00","og_image":[{"width":1536,"height":919,"url":"https:\/\/www.copealcoy.es\/wp-content\/uploads\/2025\/10\/560697669_1295299512392407_4020265774591172112_n.jpg","type":"image\/jpeg"}],"author":"Cope Alcoy","twitter_misc":{"Escrito por":"Cope Alcoy","Tiempo de lectura":"3 minutos"},"schema":{"@context":"https:\/\/schema.org","@graph":[{"@type":"Article","@id":"https:\/\/www.copealcoy.es\/es\/planes-despide-en-otono-el-ciclo-de-fiestas-de-verano-en-la-comarca\/#article","isPartOf":{"@id":"https:\/\/www.copealcoy.es\/es\/planes-despide-en-otono-el-ciclo-de-fiestas-de-verano-en-la-comarca\/"},"author":{"name":"Cope Alcoy","@id":"https:\/\/www.copealcoy.es\/es\/#\/schema\/person\/e777c87fa024e57d40170af9df39882c"},"headline":"Planes despide en oto\u00f1o el ciclo de fiestas de verano en la comarca","datePublished":"2025-10-07T08:00:02+00:00","dateModified":"2025-10-07T11:13:50+00:00","mainEntityOfPage":{"@id":"https:\/\/www.copealcoy.es\/es\/planes-despide-en-otono-el-ciclo-de-fiestas-de-verano-en-la-comarca\/"},"wordCount":483,"image":{"@id":"https:\/\/www.copealcoy.es\/es\/planes-despide-en-otono-el-ciclo-de-fiestas-de-verano-en-la-comarca\/#primaryimage"},"thumbnailUrl":"https:\/\/www.copealcoy.es\/wp-content\/uploads\/2025\/10\/560697669_1295299512392407_4020265774591172112_n.jpg","keywords":["Comtat","fiestas patronales","oto\u00f1o","Planes"],"articleSection":["Actualidad","Comarcas","Noticias"],"inLanguage":"es"},{"@type":"WebPage","@id":"https:\/\/www.copealcoy.es\/es\/planes-despide-en-otono-el-ciclo-de-fiestas-de-verano-en-la-comarca\/","url":"https:\/\/www.copealcoy.es\/es\/planes-despide-en-otono-el-ciclo-de-fiestas-de-verano-en-la-comarca\/","name":"Planes despide en oto\u00f1o el ciclo de fiestas de verano en la comarca - COPE Alcoy","isPartOf":{"@id":"https:\/\/www.copealcoy.es\/es\/#website"},"primaryImageOfPage":{"@id":"https:\/\/www.copealcoy.es\/es\/planes-despide-en-otono-el-ciclo-de-fiestas-de-verano-en-la-comarca\/#primaryimage"},"image":{"@id":"https:\/\/www.copealcoy.es\/es\/planes-despide-en-otono-el-ciclo-de-fiestas-de-verano-en-la-comarca\/#primaryimage"},"thumbnailUrl":"https:\/\/www.copealcoy.es\/wp-content\/uploads\/2025\/10\/560697669_1295299512392407_4020265774591172112_n.jpg","datePublished":"2025-10-07T08:00:02+00:00","dateModified":"2025-10-07T11:13:50+00:00","author":{"@id":"https:\/\/www.copealcoy.es\/es\/#\/schema\/person\/e777c87fa024e57d40170af9df39882c"},"description":"Planes despide en oto\u00f1o el ciclo de fiestas de verano en la comarca","breadcrumb":{"@id":"https:\/\/www.copealcoy.es\/es\/planes-despide-en-otono-el-ciclo-de-fiestas-de-verano-en-la-comarca\/#breadcrumb"},"inLanguage":"es","potentialAction":[{"@type":"ReadAction","target":["https:\/\/www.copealcoy.es\/es\/planes-despide-en-otono-el-ciclo-de-fiestas-de-verano-en-la-comarca\/"]}]},{"@type":"ImageObject","inLanguage":"es","@id":"https:\/\/www.copealcoy.es\/es\/planes-despide-en-otono-el-ciclo-de-fiestas-de-verano-en-la-comarca\/#primaryimage","url":"https:\/\/www.copealcoy.es\/wp-content\/uploads\/2025\/10\/560697669_1295299512392407_4020265774591172112_n.jpg","contentUrl":"https:\/\/www.copealcoy.es\/wp-content\/uploads\/2025\/10\/560697669_1295299512392407_4020265774591172112_n.jpg","width":1536,"height":919},{"@type":"BreadcrumbList","@id":"https:\/\/www.copealcoy.es\/es\/planes-despide-en-otono-el-ciclo-de-fiestas-de-verano-en-la-comarca\/#breadcrumb","itemListElement":[{"@type":"ListItem","position":1,"name":"Portada","item":"https:\/\/www.copealcoy.es\/es\/"},{"@type":"ListItem","position":2,"name":"Planes despide en oto\u00f1o el ciclo de fiestas de verano en la comarca"}]},{"@type":"WebSite","@id":"https:\/\/www.copealcoy.es\/es\/#website","url":"https:\/\/www.copealcoy.es\/es\/","name":"COPE Alcoy","description":"Emisora COPE de radio local con emisi\u00f3n online. Pont de Sant Jordi 8-10 03803 Alcoy","potentialAction":[{"@type":"SearchAction","target":{"@type":"EntryPoint","urlTemplate":"https:\/\/www.copealcoy.es\/es\/?s={search_term_string}"},"query-input":{"@type":"PropertyValueSpecification","valueRequired":true,"valueName":"search_term_string"}}],"inLanguage":"es"},{"@type":"Person","@id":"https:\/\/www.copealcoy.es\/es\/#\/schema\/person\/e777c87fa024e57d40170af9df39882c","name":"Cope Alcoy","image":{"@type":"ImageObject","inLanguage":"es","@id":"https:\/\/secure.gravatar.com\/avatar\/bb65d0283347e303893ba14f0692005417c1e0e690a325a4c5d8bb2b3943ee14?s=96&d=mm&r=g","url":"https:\/\/secure.gravatar.com\/avatar\/bb65d0283347e303893ba14f0692005417c1e0e690a325a4c5d8bb2b3943ee14?s=96&d=mm&r=g","contentUrl":"https:\/\/secure.gravatar.com\/avatar\/bb65d0283347e303893ba14f0692005417c1e0e690a325a4c5d8bb2b3943ee14?s=96&d=mm&r=g","caption":"Cope Alcoy"}}]}},"_links":{"self":[{"href":"https:\/\/www.copealcoy.es\/es\/wp-json\/wp\/v2\/posts\/158075","targetHints":{"allow":["GET"]}}],"collection":[{"href":"https:\/\/www.copealcoy.es\/es\/wp-json\/wp\/v2\/posts"}],"about":[{"href":"https:\/\/www.copealcoy.es\/es\/wp-json\/wp\/v2\/types\/post"}],"author":[{"embeddable":true,"href":"https:\/\/www.copealcoy.es\/es\/wp-json\/wp\/v2\/users\/1"}],"replies":[{"embeddable":true,"href":"https:\/\/www.copealcoy.es\/es\/wp-json\/wp\/v2\/comments?post=158075"}],"version-history":[{"count":3,"href":"https:\/\/www.copealcoy.es\/es\/wp-json\/wp\/v2\/posts\/158075\/revisions"}],"predecessor-version":[{"id":158133,"href":"https:\/\/www.copealcoy.es\/es\/wp-json\/wp\/v2\/posts\/158075\/revisions\/158133"}],"wp:featuredmedia":[{"embeddable":true,"href":"https:\/\/www.copealcoy.es\/es\/wp-json\/wp\/v2\/media\/158085"}],"wp:attachment":[{"href":"https:\/\/www.copealcoy.es\/es\/wp-json\/wp\/v2\/media?parent=158075"}],"wp:term":[{"taxonomy":"category","embeddable":true,"href":"https:\/\/www.copealcoy.es\/es\/wp-json\/wp\/v2\/categories?post=158075"},{"taxonomy":"post_tag","embeddable":true,"href":"https:\/\/www.copealcoy.es\/es\/wp-json\/wp\/v2\/tags?post=158075"}],"curies":[{"name":"wp","href":"https:\/\/api.w.org\/{rel}","templated":true}]}}