{"id":158032,"date":"2025-10-03T09:31:53","date_gmt":"2025-10-03T08:31:53","guid":{"rendered":"https:\/\/www.copealcoy.es\/?p=158032"},"modified":"2025-10-03T09:39:04","modified_gmt":"2025-10-03T08:39:04","slug":"la-generalitat-reafirma-su-compromiso-para-abrir-el-cdti-en-alcoy","status":"publish","type":"post","link":"https:\/\/www.copealcoy.es\/es\/la-generalitat-reafirma-su-compromiso-para-abrir-el-cdti-en-alcoy\/","title":{"rendered":"La Generalitat reafirma su compromiso para abrir el CDTi en Alcoy"},"content":{"rendered":"<p style=\"text-align: justify;\" data-start=\"259\" data-end=\"623\">El <strong data-start=\"262\" data-end=\"293\">director general de<a href=\"https:\/\/www.turisme.gva.es\/opencms\/opencms\/turisme\/es\/index.jsp\" target=\"_blank\" rel=\"noopener\"><span style=\"color: #0000ff;\"> Turismo<\/span><\/a><\/strong>, <strong data-start=\"295\" data-end=\"314\">Israel Mart\u00ednez<\/strong>, se reunieron ayer con el <strong data-start=\"349\" data-end=\"369\">alcalde de Alcoy<\/strong>, <strong data-start=\"371\" data-end=\"387\">Toni Franc\u00e9s<\/strong>, y la <strong data-start=\"394\" data-end=\"417\">concejal de Turismo<\/strong>, <strong data-start=\"419\" data-end=\"438\">Lorena Zamorano<\/strong>, para abordar el estado del proyecto del <strong data-start=\"480\" data-end=\"530\">Centro de Turismo de Interior (CdT+i) de Rodes<\/strong> y reforzar la <strong data-start=\"545\" data-end=\"561\">colaboraci\u00f3n<\/strong> en la <strong data-start=\"568\" data-end=\"591\">formaci\u00f3n tur\u00edstica<\/strong> en las comarcas del interior.<\/p>\n<p style=\"text-align: justify;\" data-start=\"625\" data-end=\"960\">Tras el encuentro, Mart\u00ednez <strong>se\u00f1al\u00f3<\/strong> que <em data-start=\"664\" data-end=\"957\">\u201cpor parte de Turisme Comunitat Valenciana se mantiene el firme compromiso con la financiaci\u00f3n, la formaci\u00f3n y el desarrollo tur\u00edstico del interior, y se seguir\u00e1 trabajando para que el CdT+i de Rodes sea pronto una realidad, con la colaboraci\u00f3n leal de todas las administraciones implicadas\u201d<\/em>. El director general de Turismo <strong>a\u00f1adi\u00f3<\/strong> que <em data-start=\"1004\" data-end=\"1128\">\u201ceste encuentro ha servido para avanzar en la formalizaci\u00f3n del convenio para proceder a la apertura de las instalaciones\u201d<\/em> y subray\u00f3 que <em data-start=\"1143\" data-end=\"1368\">\u201cdesde Turisme se ha manifestado la m\u00e1xima disposici\u00f3n para colaborar en esta fase, con el objetivo de dotar al centro de una programaci\u00f3n formativa estable, de calidad y con una gesti\u00f3n eficiente y sostenible en el tiempo\u201d<\/em>.<\/p>\n<p style=\"text-align: justify;\" data-start=\"1373\" data-end=\"1848\">En este sentido, Mart\u00ednez avanz\u00f3 que <em data-start=\"1410\" data-end=\"1548\">\u201cla voluntad de ambas partes es la puesta en funcionamiento del nuevo CdT+i de Alcoy lo antes posible, si todos los tr\u00e1mites se cumplen\u201d<\/em>. Adem\u00e1s, destac\u00f3 que <em data-start=\"1570\" data-end=\"1675\">\u201cdesde la Generalitat buscamos que este nuevo CdT sea un referente en turismo de interior e innovaci\u00f3n\u201d<\/em>, y subray\u00f3 la colaboraci\u00f3n conjunta de <strong data-start=\"1715\" data-end=\"1729\">Turisme CV<\/strong> con el <strong data-start=\"1737\" data-end=\"1762\">Ayuntamiento de Alcoy<\/strong> en el desarrollo de un modelo de <strong data-start=\"1796\" data-end=\"1803\">CdT<\/strong> <em data-start=\"1804\" data-end=\"1845\">\u201ctotalmente optimizado para la comarca\u201d<\/em>.<\/p>\n<p style=\"text-align: justify;\" data-start=\"1850\" data-end=\"2067\">Durante la reuni\u00f3n, el director general de Turismo insisti\u00f3 en que <em data-start=\"1917\" data-end=\"2064\">\u201cseguiremos manteniendo futuras reuniones de trabajo con el consistorio que deben culminar con la puesta en marcha del nuevo centro de formaci\u00f3n\u201d<\/em>. Asimismo, desde la Generalitat se reiter\u00f3 la <strong data-start=\"2114\" data-end=\"2137\">apuesta estrat\u00e9gica<\/strong> por la <strong data-start=\"2145\" data-end=\"2168\">formaci\u00f3n tur\u00edstica<\/strong>, considerada un pilar fundamental para la <strong data-start=\"2211\" data-end=\"2260\">cualificaci\u00f3n y profesionalizaci\u00f3n del sector<\/strong>. En palabras de Mart\u00ednez, <em data-start=\"2287\" data-end=\"2419\">\u201cla Red de Centros de Turismo (CdT) constituye una herramienta clave para acercar la formaci\u00f3n especializada a todo el territorio\u201d<\/em>.<\/p>\n<p style=\"text-align: justify;\" data-start=\"2424\" data-end=\"2855\">En el caso de Alcoy, la Generalitat ha garantizado la <strong data-start=\"2478\" data-end=\"2501\">actividad formativa<\/strong> a trav\u00e9s de los <strong data-start=\"2518\" data-end=\"2545\">cursos del CIP FP Batoi<\/strong>, mientras se completa el proceso administrativo del <strong data-start=\"2598\" data-end=\"2622\">nuevo CdT+i de Rodes<\/strong>. <em data-start=\"2624\" data-end=\"2833\">\u201cDesde 2020 hasta el primer semestre de 2025 se han impartido en la ciudad un total de 108 cursos con 1.389 participantes, y para estos meses de septiembre y octubre hay seis acciones formativas programadas\u201d<\/em>, concluy\u00f3 Mart\u00ednez.<\/p>\n","protected":false},"excerpt":{"rendered":"<p>El director general de Turismo, Israel Mart\u00ednez, se reunieron ayer con el alcalde de Alcoy, Toni Franc\u00e9s, y la concejal&#8230;<\/p>\n","protected":false},"author":1,"featured_media":158033,"comment_status":"closed","ping_status":"closed","sticky":false,"template":"","format":"standard","meta":{"footnotes":""},"categories":[6909,97,75,125],"tags":[1494,994,20103,1074],"class_list":["post-158032","post","type-post","status-publish","format-standard","has-post-thumbnail","hentry","category-actualidad","category-alcoy","category-noticias","category-portada","tag-alcoy","tag-generalitat-valenciana","tag-proyecto-cdti","tag-reunion"],"yoast_head":"<!-- This site is optimized with the Yoast SEO plugin v27.3 - https:\/\/yoast.com\/product\/yoast-seo-wordpress\/ -->\n<title>La Generalitat reafirma su compromiso para abrir el CDTi en Alcoy - COPE Alcoy<\/title>\n<meta name=\"description\" content=\"La Generalitat reafirma su compromiso para abrir el CDTi en Alcoy\" \/>\n<meta name=\"robots\" content=\"index, follow, max-snippet:-1, max-image-preview:large, max-video-preview:-1\" \/>\n<link rel=\"canonical\" href=\"https:\/\/www.copealcoy.es\/es\/la-generalitat-reafirma-su-compromiso-para-abrir-el-cdti-en-alcoy\/\" \/>\n<meta property=\"og:locale\" content=\"es_ES\" \/>\n<meta property=\"og:type\" content=\"article\" \/>\n<meta property=\"og:title\" content=\"La Generalitat reafirma su compromiso para abrir el CDTi en Alcoy - COPE Alcoy\" \/>\n<meta property=\"og:description\" content=\"La Generalitat reafirma su compromiso para abrir el CDTi en Alcoy\" \/>\n<meta property=\"og:url\" content=\"https:\/\/www.copealcoy.es\/es\/la-generalitat-reafirma-su-compromiso-para-abrir-el-cdti-en-alcoy\/\" \/>\n<meta property=\"og:site_name\" content=\"COPE Alcoy\" \/>\n<meta property=\"article:published_time\" content=\"2025-10-03T08:31:53+00:00\" \/>\n<meta property=\"article:modified_time\" content=\"2025-10-03T08:39:04+00:00\" \/>\n<meta property=\"og:image\" content=\"https:\/\/www.copealcoy.es\/wp-content\/uploads\/2025\/10\/WhatsApp-Image-2025-10-02-at-12.55.45.jpeg\" \/>\n\t<meta property=\"og:image:width\" content=\"980\" \/>\n\t<meta property=\"og:image:height\" content=\"797\" \/>\n\t<meta property=\"og:image:type\" content=\"image\/jpeg\" \/>\n<meta name=\"author\" content=\"Cope Alcoy\" \/>\n<meta name=\"twitter:label1\" content=\"Escrito por\" \/>\n\t<meta name=\"twitter:data1\" content=\"Cope Alcoy\" \/>\n\t<meta name=\"twitter:label2\" content=\"Tiempo de lectura\" \/>\n\t<meta name=\"twitter:data2\" content=\"3 minutos\" \/>\n<script type=\"application\/ld+json\" class=\"yoast-schema-graph\">{\"@context\":\"https:\\\/\\\/schema.org\",\"@graph\":[{\"@type\":\"Article\",\"@id\":\"https:\\\/\\\/www.copealcoy.es\\\/es\\\/la-generalitat-reafirma-su-compromiso-para-abrir-el-cdti-en-alcoy\\\/#article\",\"isPartOf\":{\"@id\":\"https:\\\/\\\/www.copealcoy.es\\\/es\\\/la-generalitat-reafirma-su-compromiso-para-abrir-el-cdti-en-alcoy\\\/\"},\"author\":{\"name\":\"Cope Alcoy\",\"@id\":\"https:\\\/\\\/www.copealcoy.es\\\/es\\\/#\\\/schema\\\/person\\\/e777c87fa024e57d40170af9df39882c\"},\"headline\":\"La Generalitat reafirma su compromiso para abrir el CDTi en Alcoy\",\"datePublished\":\"2025-10-03T08:31:53+00:00\",\"dateModified\":\"2025-10-03T08:39:04+00:00\",\"mainEntityOfPage\":{\"@id\":\"https:\\\/\\\/www.copealcoy.es\\\/es\\\/la-generalitat-reafirma-su-compromiso-para-abrir-el-cdti-en-alcoy\\\/\"},\"wordCount\":439,\"image\":{\"@id\":\"https:\\\/\\\/www.copealcoy.es\\\/es\\\/la-generalitat-reafirma-su-compromiso-para-abrir-el-cdti-en-alcoy\\\/#primaryimage\"},\"thumbnailUrl\":\"https:\\\/\\\/www.copealcoy.es\\\/wp-content\\\/uploads\\\/2025\\\/10\\\/WhatsApp-Image-2025-10-02-at-12.55.45.jpeg\",\"keywords\":[\"Alcoy\",\"Generalitat Valenciana\",\"proyecto CDTi\",\"reuni\u00f3n\"],\"articleSection\":[\"Actualidad\",\"Alcoy\",\"Noticias\",\"Portada\"],\"inLanguage\":\"es\"},{\"@type\":\"WebPage\",\"@id\":\"https:\\\/\\\/www.copealcoy.es\\\/es\\\/la-generalitat-reafirma-su-compromiso-para-abrir-el-cdti-en-alcoy\\\/\",\"url\":\"https:\\\/\\\/www.copealcoy.es\\\/es\\\/la-generalitat-reafirma-su-compromiso-para-abrir-el-cdti-en-alcoy\\\/\",\"name\":\"La Generalitat reafirma su compromiso para abrir el CDTi en Alcoy - COPE Alcoy\",\"isPartOf\":{\"@id\":\"https:\\\/\\\/www.copealcoy.es\\\/es\\\/#website\"},\"primaryImageOfPage\":{\"@id\":\"https:\\\/\\\/www.copealcoy.es\\\/es\\\/la-generalitat-reafirma-su-compromiso-para-abrir-el-cdti-en-alcoy\\\/#primaryimage\"},\"image\":{\"@id\":\"https:\\\/\\\/www.copealcoy.es\\\/es\\\/la-generalitat-reafirma-su-compromiso-para-abrir-el-cdti-en-alcoy\\\/#primaryimage\"},\"thumbnailUrl\":\"https:\\\/\\\/www.copealcoy.es\\\/wp-content\\\/uploads\\\/2025\\\/10\\\/WhatsApp-Image-2025-10-02-at-12.55.45.jpeg\",\"datePublished\":\"2025-10-03T08:31:53+00:00\",\"dateModified\":\"2025-10-03T08:39:04+00:00\",\"author\":{\"@id\":\"https:\\\/\\\/www.copealcoy.es\\\/es\\\/#\\\/schema\\\/person\\\/e777c87fa024e57d40170af9df39882c\"},\"description\":\"La Generalitat reafirma su compromiso para abrir el CDTi en Alcoy\",\"breadcrumb\":{\"@id\":\"https:\\\/\\\/www.copealcoy.es\\\/es\\\/la-generalitat-reafirma-su-compromiso-para-abrir-el-cdti-en-alcoy\\\/#breadcrumb\"},\"inLanguage\":\"es\",\"potentialAction\":[{\"@type\":\"ReadAction\",\"target\":[\"https:\\\/\\\/www.copealcoy.es\\\/es\\\/la-generalitat-reafirma-su-compromiso-para-abrir-el-cdti-en-alcoy\\\/\"]}]},{\"@type\":\"ImageObject\",\"inLanguage\":\"es\",\"@id\":\"https:\\\/\\\/www.copealcoy.es\\\/es\\\/la-generalitat-reafirma-su-compromiso-para-abrir-el-cdti-en-alcoy\\\/#primaryimage\",\"url\":\"https:\\\/\\\/www.copealcoy.es\\\/wp-content\\\/uploads\\\/2025\\\/10\\\/WhatsApp-Image-2025-10-02-at-12.55.45.jpeg\",\"contentUrl\":\"https:\\\/\\\/www.copealcoy.es\\\/wp-content\\\/uploads\\\/2025\\\/10\\\/WhatsApp-Image-2025-10-02-at-12.55.45.jpeg\",\"width\":980,\"height\":797},{\"@type\":\"BreadcrumbList\",\"@id\":\"https:\\\/\\\/www.copealcoy.es\\\/es\\\/la-generalitat-reafirma-su-compromiso-para-abrir-el-cdti-en-alcoy\\\/#breadcrumb\",\"itemListElement\":[{\"@type\":\"ListItem\",\"position\":1,\"name\":\"Portada\",\"item\":\"https:\\\/\\\/www.copealcoy.es\\\/es\\\/\"},{\"@type\":\"ListItem\",\"position\":2,\"name\":\"La Generalitat reafirma su compromiso para abrir el CDTi en Alcoy\"}]},{\"@type\":\"WebSite\",\"@id\":\"https:\\\/\\\/www.copealcoy.es\\\/es\\\/#website\",\"url\":\"https:\\\/\\\/www.copealcoy.es\\\/es\\\/\",\"name\":\"COPE Alcoy\",\"description\":\"Emisora COPE de radio local con emisi\u00f3n online. Pont de Sant Jordi 8-10 03803 Alcoy\",\"potentialAction\":[{\"@type\":\"SearchAction\",\"target\":{\"@type\":\"EntryPoint\",\"urlTemplate\":\"https:\\\/\\\/www.copealcoy.es\\\/es\\\/?s={search_term_string}\"},\"query-input\":{\"@type\":\"PropertyValueSpecification\",\"valueRequired\":true,\"valueName\":\"search_term_string\"}}],\"inLanguage\":\"es\"},{\"@type\":\"Person\",\"@id\":\"https:\\\/\\\/www.copealcoy.es\\\/es\\\/#\\\/schema\\\/person\\\/e777c87fa024e57d40170af9df39882c\",\"name\":\"Cope Alcoy\",\"image\":{\"@type\":\"ImageObject\",\"inLanguage\":\"es\",\"@id\":\"https:\\\/\\\/secure.gravatar.com\\\/avatar\\\/bb65d0283347e303893ba14f0692005417c1e0e690a325a4c5d8bb2b3943ee14?s=96&d=mm&r=g\",\"url\":\"https:\\\/\\\/secure.gravatar.com\\\/avatar\\\/bb65d0283347e303893ba14f0692005417c1e0e690a325a4c5d8bb2b3943ee14?s=96&d=mm&r=g\",\"contentUrl\":\"https:\\\/\\\/secure.gravatar.com\\\/avatar\\\/bb65d0283347e303893ba14f0692005417c1e0e690a325a4c5d8bb2b3943ee14?s=96&d=mm&r=g\",\"caption\":\"Cope Alcoy\"}}]}<\/script>\n<!-- \/ Yoast SEO plugin. -->","yoast_head_json":{"title":"La Generalitat reafirma su compromiso para abrir el CDTi en Alcoy - COPE Alcoy","description":"La Generalitat reafirma su compromiso para abrir el CDTi en Alcoy","robots":{"index":"index","follow":"follow","max-snippet":"max-snippet:-1","max-image-preview":"max-image-preview:large","max-video-preview":"max-video-preview:-1"},"canonical":"https:\/\/www.copealcoy.es\/es\/la-generalitat-reafirma-su-compromiso-para-abrir-el-cdti-en-alcoy\/","og_locale":"es_ES","og_type":"article","og_title":"La Generalitat reafirma su compromiso para abrir el CDTi en Alcoy - COPE Alcoy","og_description":"La Generalitat reafirma su compromiso para abrir el CDTi en Alcoy","og_url":"https:\/\/www.copealcoy.es\/es\/la-generalitat-reafirma-su-compromiso-para-abrir-el-cdti-en-alcoy\/","og_site_name":"COPE Alcoy","article_published_time":"2025-10-03T08:31:53+00:00","article_modified_time":"2025-10-03T08:39:04+00:00","og_image":[{"width":980,"height":797,"url":"https:\/\/www.copealcoy.es\/wp-content\/uploads\/2025\/10\/WhatsApp-Image-2025-10-02-at-12.55.45.jpeg","type":"image\/jpeg"}],"author":"Cope Alcoy","twitter_misc":{"Escrito por":"Cope Alcoy","Tiempo de lectura":"3 minutos"},"schema":{"@context":"https:\/\/schema.org","@graph":[{"@type":"Article","@id":"https:\/\/www.copealcoy.es\/es\/la-generalitat-reafirma-su-compromiso-para-abrir-el-cdti-en-alcoy\/#article","isPartOf":{"@id":"https:\/\/www.copealcoy.es\/es\/la-generalitat-reafirma-su-compromiso-para-abrir-el-cdti-en-alcoy\/"},"author":{"name":"Cope Alcoy","@id":"https:\/\/www.copealcoy.es\/es\/#\/schema\/person\/e777c87fa024e57d40170af9df39882c"},"headline":"La Generalitat reafirma su compromiso para abrir el CDTi en Alcoy","datePublished":"2025-10-03T08:31:53+00:00","dateModified":"2025-10-03T08:39:04+00:00","mainEntityOfPage":{"@id":"https:\/\/www.copealcoy.es\/es\/la-generalitat-reafirma-su-compromiso-para-abrir-el-cdti-en-alcoy\/"},"wordCount":439,"image":{"@id":"https:\/\/www.copealcoy.es\/es\/la-generalitat-reafirma-su-compromiso-para-abrir-el-cdti-en-alcoy\/#primaryimage"},"thumbnailUrl":"https:\/\/www.copealcoy.es\/wp-content\/uploads\/2025\/10\/WhatsApp-Image-2025-10-02-at-12.55.45.jpeg","keywords":["Alcoy","Generalitat Valenciana","proyecto CDTi","reuni\u00f3n"],"articleSection":["Actualidad","Alcoy","Noticias","Portada"],"inLanguage":"es"},{"@type":"WebPage","@id":"https:\/\/www.copealcoy.es\/es\/la-generalitat-reafirma-su-compromiso-para-abrir-el-cdti-en-alcoy\/","url":"https:\/\/www.copealcoy.es\/es\/la-generalitat-reafirma-su-compromiso-para-abrir-el-cdti-en-alcoy\/","name":"La Generalitat reafirma su compromiso para abrir el CDTi en Alcoy - COPE Alcoy","isPartOf":{"@id":"https:\/\/www.copealcoy.es\/es\/#website"},"primaryImageOfPage":{"@id":"https:\/\/www.copealcoy.es\/es\/la-generalitat-reafirma-su-compromiso-para-abrir-el-cdti-en-alcoy\/#primaryimage"},"image":{"@id":"https:\/\/www.copealcoy.es\/es\/la-generalitat-reafirma-su-compromiso-para-abrir-el-cdti-en-alcoy\/#primaryimage"},"thumbnailUrl":"https:\/\/www.copealcoy.es\/wp-content\/uploads\/2025\/10\/WhatsApp-Image-2025-10-02-at-12.55.45.jpeg","datePublished":"2025-10-03T08:31:53+00:00","dateModified":"2025-10-03T08:39:04+00:00","author":{"@id":"https:\/\/www.copealcoy.es\/es\/#\/schema\/person\/e777c87fa024e57d40170af9df39882c"},"description":"La Generalitat reafirma su compromiso para abrir el CDTi en Alcoy","breadcrumb":{"@id":"https:\/\/www.copealcoy.es\/es\/la-generalitat-reafirma-su-compromiso-para-abrir-el-cdti-en-alcoy\/#breadcrumb"},"inLanguage":"es","potentialAction":[{"@type":"ReadAction","target":["https:\/\/www.copealcoy.es\/es\/la-generalitat-reafirma-su-compromiso-para-abrir-el-cdti-en-alcoy\/"]}]},{"@type":"ImageObject","inLanguage":"es","@id":"https:\/\/www.copealcoy.es\/es\/la-generalitat-reafirma-su-compromiso-para-abrir-el-cdti-en-alcoy\/#primaryimage","url":"https:\/\/www.copealcoy.es\/wp-content\/uploads\/2025\/10\/WhatsApp-Image-2025-10-02-at-12.55.45.jpeg","contentUrl":"https:\/\/www.copealcoy.es\/wp-content\/uploads\/2025\/10\/WhatsApp-Image-2025-10-02-at-12.55.45.jpeg","width":980,"height":797},{"@type":"BreadcrumbList","@id":"https:\/\/www.copealcoy.es\/es\/la-generalitat-reafirma-su-compromiso-para-abrir-el-cdti-en-alcoy\/#breadcrumb","itemListElement":[{"@type":"ListItem","position":1,"name":"Portada","item":"https:\/\/www.copealcoy.es\/es\/"},{"@type":"ListItem","position":2,"name":"La Generalitat reafirma su compromiso para abrir el CDTi en Alcoy"}]},{"@type":"WebSite","@id":"https:\/\/www.copealcoy.es\/es\/#website","url":"https:\/\/www.copealcoy.es\/es\/","name":"COPE Alcoy","description":"Emisora COPE de radio local con emisi\u00f3n online. Pont de Sant Jordi 8-10 03803 Alcoy","potentialAction":[{"@type":"SearchAction","target":{"@type":"EntryPoint","urlTemplate":"https:\/\/www.copealcoy.es\/es\/?s={search_term_string}"},"query-input":{"@type":"PropertyValueSpecification","valueRequired":true,"valueName":"search_term_string"}}],"inLanguage":"es"},{"@type":"Person","@id":"https:\/\/www.copealcoy.es\/es\/#\/schema\/person\/e777c87fa024e57d40170af9df39882c","name":"Cope Alcoy","image":{"@type":"ImageObject","inLanguage":"es","@id":"https:\/\/secure.gravatar.com\/avatar\/bb65d0283347e303893ba14f0692005417c1e0e690a325a4c5d8bb2b3943ee14?s=96&d=mm&r=g","url":"https:\/\/secure.gravatar.com\/avatar\/bb65d0283347e303893ba14f0692005417c1e0e690a325a4c5d8bb2b3943ee14?s=96&d=mm&r=g","contentUrl":"https:\/\/secure.gravatar.com\/avatar\/bb65d0283347e303893ba14f0692005417c1e0e690a325a4c5d8bb2b3943ee14?s=96&d=mm&r=g","caption":"Cope Alcoy"}}]}},"_links":{"self":[{"href":"https:\/\/www.copealcoy.es\/es\/wp-json\/wp\/v2\/posts\/158032","targetHints":{"allow":["GET"]}}],"collection":[{"href":"https:\/\/www.copealcoy.es\/es\/wp-json\/wp\/v2\/posts"}],"about":[{"href":"https:\/\/www.copealcoy.es\/es\/wp-json\/wp\/v2\/types\/post"}],"author":[{"embeddable":true,"href":"https:\/\/www.copealcoy.es\/es\/wp-json\/wp\/v2\/users\/1"}],"replies":[{"embeddable":true,"href":"https:\/\/www.copealcoy.es\/es\/wp-json\/wp\/v2\/comments?post=158032"}],"version-history":[{"count":1,"href":"https:\/\/www.copealcoy.es\/es\/wp-json\/wp\/v2\/posts\/158032\/revisions"}],"predecessor-version":[{"id":158035,"href":"https:\/\/www.copealcoy.es\/es\/wp-json\/wp\/v2\/posts\/158032\/revisions\/158035"}],"wp:featuredmedia":[{"embeddable":true,"href":"https:\/\/www.copealcoy.es\/es\/wp-json\/wp\/v2\/media\/158033"}],"wp:attachment":[{"href":"https:\/\/www.copealcoy.es\/es\/wp-json\/wp\/v2\/media?parent=158032"}],"wp:term":[{"taxonomy":"category","embeddable":true,"href":"https:\/\/www.copealcoy.es\/es\/wp-json\/wp\/v2\/categories?post=158032"},{"taxonomy":"post_tag","embeddable":true,"href":"https:\/\/www.copealcoy.es\/es\/wp-json\/wp\/v2\/tags?post=158032"}],"curies":[{"name":"wp","href":"https:\/\/api.w.org\/{rel}","templated":true}]}}