{"id":157987,"date":"2025-10-02T07:35:21","date_gmt":"2025-10-02T06:35:21","guid":{"rendered":"https:\/\/www.copealcoy.es\/?p=157987"},"modified":"2025-10-02T16:55:52","modified_gmt":"2025-10-02T15:55:52","slug":"mediodia-cope-alcoy-jueves-2-de-octubre-2025-1420h","status":"publish","type":"post","link":"https:\/\/www.copealcoy.es\/es\/mediodia-cope-alcoy-jueves-2-de-octubre-2025-1420h\/","title":{"rendered":"\u2018Mediod\u00eda Cope\u2019 Alcoy jueves 2 de octubre 2025 (14:20h)"},"content":{"rendered":"<p><iframe loading=\"lazy\" title=\"&#039;Mediod\u00eda Cope&#039; Alcoy Jueves 2 De Octubre 2025 (14:20h)\" width=\"100%\" height=\"120\" src=\"https:\/\/www.mixcloud.com\/widget\/iframe\/?feed=https%3A%2F%2Fwww.mixcloud.com%2FCOPEAlcoy%2Fmediod%25C3%25ADa-cope-alcoy-jueves-2-de-octubre-2025-1420h%2F&amp;hide_cover=1\" frameborder=\"0\" allow=\"encrypted-media; fullscreen; autoplay; idle-detection; speaker-selection; web-share;\"><\/iframe><\/p>\n<p style=\"text-align: justify;\" data-start=\"209\" data-end=\"522\">Hoy jueves hemos recordado que <strong>ayer arranc\u00f3 el Campeonato de Cotos del Mig Any de las Fiestas de Moros y Cristianos de Alcoy<\/strong>. Tambi\u00e9n hemos comentado que<strong> nuestra ciudad incorporar\u00e1 drones en el marco de un proyecto pionero de emergencias y transporte sanitario<\/strong>.<\/p>\n<p style=\"text-align: justify;\" data-start=\"209\" data-end=\"522\">El\u00a0<span style=\"color: #0000ff;\"><a style=\"color: #0000ff;\" href=\"https:\/\/www.alcoi.org\/ca\/portal\/index.html\" target=\"_blank\" rel=\"noopener\"><strong>Ayuntamiento de Alcoy<\/strong><\/a>\u00a0<\/span>ha iniciado el proceso para adquirir\u00a0<strong data-start=\"271\" data-end=\"309\">cuatro drones de \u00faltima generaci\u00f3n<\/strong>\u00a0con el objetivo de desarrollar un proyecto pionero. Este \u00faltimo, seg\u00fan la informaci\u00f3n facilitada por el consistorio, estar\u00e1 centrado en\u00a0<strong>el uso de aeronaves no tripuladas<\/strong>\u00a0con aterrizaje aut\u00f3nomo en servicios log\u00edsticos hospitalarios y de emergencias en entornos orogr\u00e1ficos complejos.<\/p>\n<p style=\"text-align: justify;\" data-start=\"524\" data-end=\"974\">La licitaci\u00f3n, con un presupuesto base de\u00a0<strong data-start=\"566\" data-end=\"582\">27.722 euros<\/strong>, contempla la compra de un dron DJI Matrice 350 RTK, un DJI Mavic 3 Enterprise Thermal con visi\u00f3n t\u00e9rmica y dos DJI Mini 4 Pro para pruebas de vuelo y tareas complementarias. Estas aeronaves permitir\u00e1n realizar pruebas de transporte de medicamentos y material sanitario, as\u00ed como operaciones de b\u00fasqueda y rescate, vigilancia de zonas rurales y monitorizaci\u00f3n en situaciones de emergencia \u201c<em data-start=\"1417\" data-end=\"1686\">con este proyecto, Alcoy vuelve a situarse a la vanguardia de la innovaci\u00f3n tecnol\u00f3gica en el \u00e1mbito municipal, apostando por soluciones que refuerzan la seguridad, la atenci\u00f3n sanitaria y la calidad de vida de la ciudadan\u00eda en un territorio de orograf\u00eda complicada\u201d,\u00a0<\/em>afirma el alcalde;\u00a0<strong>Toni Franc\u00e9s<\/strong>.<\/p>\n<p style=\"text-align: justify;\" data-start=\"976\" data-end=\"1379\">El proyecto, que concluir\u00e1 en\u00a0<strong data-start=\"1006\" data-end=\"1027\">diciembre de 2026<\/strong>, cuenta con una subvenci\u00f3n del\u00a0<strong data-start=\"1059\" data-end=\"1128\">70% por parte de la Agencia Valenciana de la Innovaci\u00f3n (IVACE+i)<\/strong>\u00a0y sit\u00faa a Alcoy como el \u00fanico ayuntamiento beneficiario en esta convocatoria. Adem\u00e1s, se desarrollar\u00e1 en colaboraci\u00f3n con universidades, centros tecnol\u00f3gicos, entidades sanitarias y la Polic\u00eda Local dentro del marco del\u00a0<strong data-start=\"1349\" data-end=\"1376\">Sandbox Urbano de Alcoy<\/strong>.<\/p>\n","protected":false},"excerpt":{"rendered":"<p>Hoy jueves hemos recordado que ayer arranc\u00f3 el Campeonato de Cotos del Mig Any de las Fiestas de Moros y&#8230;<\/p>\n","protected":false},"author":1,"featured_media":147663,"comment_status":"closed","ping_status":"closed","sticky":false,"template":"","format":"standard","meta":{"footnotes":""},"categories":[6909,89,91,75],"tags":[],"class_list":["post-157987","post","type-post","status-publish","format-standard","has-post-thumbnail","hentry","category-actualidad","category-audiosdelosprogramas","category-informativos","category-noticias"],"yoast_head":"<!-- This site is optimized with the Yoast SEO plugin v27.3 - https:\/\/yoast.com\/product\/yoast-seo-wordpress\/ -->\n<title>\u2018Mediod\u00eda Cope\u2019 Alcoy jueves 2 de octubre 2025 (14:20h) - COPE Alcoy<\/title>\n<meta name=\"robots\" content=\"index, follow, max-snippet:-1, max-image-preview:large, max-video-preview:-1\" \/>\n<link rel=\"canonical\" href=\"https:\/\/www.copealcoy.es\/es\/mediodia-cope-alcoy-jueves-2-de-octubre-2025-1420h\/\" \/>\n<meta property=\"og:locale\" content=\"es_ES\" \/>\n<meta property=\"og:type\" content=\"article\" \/>\n<meta property=\"og:title\" content=\"\u2018Mediod\u00eda Cope\u2019 Alcoy jueves 2 de octubre 2025 (14:20h) - COPE Alcoy\" \/>\n<meta property=\"og:description\" content=\"Hoy jueves hemos recordado que ayer arranc\u00f3 el Campeonato de Cotos del Mig Any de las Fiestas de Moros y...\" \/>\n<meta property=\"og:url\" content=\"https:\/\/www.copealcoy.es\/es\/mediodia-cope-alcoy-jueves-2-de-octubre-2025-1420h\/\" \/>\n<meta property=\"og:site_name\" content=\"COPE Alcoy\" \/>\n<meta property=\"article:published_time\" content=\"2025-10-02T06:35:21+00:00\" \/>\n<meta property=\"article:modified_time\" content=\"2025-10-02T15:55:52+00:00\" \/>\n<meta property=\"og:image\" content=\"https:\/\/www.copealcoy.es\/wp-content\/uploads\/2025\/02\/Mediodia-Cope-Castellano.png\" \/>\n\t<meta property=\"og:image:width\" content=\"357\" \/>\n\t<meta property=\"og:image:height\" content=\"290\" \/>\n\t<meta property=\"og:image:type\" content=\"image\/png\" \/>\n<meta name=\"author\" content=\"Cope Alcoy\" \/>\n<meta name=\"twitter:label1\" content=\"Escrito por\" \/>\n\t<meta name=\"twitter:data1\" content=\"Cope Alcoy\" \/>\n\t<meta name=\"twitter:label2\" content=\"Tiempo de lectura\" \/>\n\t<meta name=\"twitter:data2\" content=\"2 minutos\" \/>\n<script type=\"application\/ld+json\" class=\"yoast-schema-graph\">{\"@context\":\"https:\\\/\\\/schema.org\",\"@graph\":[{\"@type\":\"Article\",\"@id\":\"https:\\\/\\\/www.copealcoy.es\\\/es\\\/mediodia-cope-alcoy-jueves-2-de-octubre-2025-1420h\\\/#article\",\"isPartOf\":{\"@id\":\"https:\\\/\\\/www.copealcoy.es\\\/es\\\/mediodia-cope-alcoy-jueves-2-de-octubre-2025-1420h\\\/\"},\"author\":{\"name\":\"Cope Alcoy\",\"@id\":\"https:\\\/\\\/www.copealcoy.es\\\/es\\\/#\\\/schema\\\/person\\\/e777c87fa024e57d40170af9df39882c\"},\"headline\":\"\u2018Mediod\u00eda Cope\u2019 Alcoy jueves 2 de octubre 2025 (14:20h)\",\"datePublished\":\"2025-10-02T06:35:21+00:00\",\"dateModified\":\"2025-10-02T15:55:52+00:00\",\"mainEntityOfPage\":{\"@id\":\"https:\\\/\\\/www.copealcoy.es\\\/es\\\/mediodia-cope-alcoy-jueves-2-de-octubre-2025-1420h\\\/\"},\"wordCount\":314,\"image\":{\"@id\":\"https:\\\/\\\/www.copealcoy.es\\\/es\\\/mediodia-cope-alcoy-jueves-2-de-octubre-2025-1420h\\\/#primaryimage\"},\"thumbnailUrl\":\"https:\\\/\\\/www.copealcoy.es\\\/wp-content\\\/uploads\\\/2025\\\/02\\\/Mediodia-Cope-Castellano.png\",\"articleSection\":[\"Actualidad\",\"Audios de los programas\",\"Informativos\",\"Noticias\"],\"inLanguage\":\"es\"},{\"@type\":\"WebPage\",\"@id\":\"https:\\\/\\\/www.copealcoy.es\\\/es\\\/mediodia-cope-alcoy-jueves-2-de-octubre-2025-1420h\\\/\",\"url\":\"https:\\\/\\\/www.copealcoy.es\\\/es\\\/mediodia-cope-alcoy-jueves-2-de-octubre-2025-1420h\\\/\",\"name\":\"\u2018Mediod\u00eda Cope\u2019 Alcoy jueves 2 de octubre 2025 (14:20h) - COPE Alcoy\",\"isPartOf\":{\"@id\":\"https:\\\/\\\/www.copealcoy.es\\\/es\\\/#website\"},\"primaryImageOfPage\":{\"@id\":\"https:\\\/\\\/www.copealcoy.es\\\/es\\\/mediodia-cope-alcoy-jueves-2-de-octubre-2025-1420h\\\/#primaryimage\"},\"image\":{\"@id\":\"https:\\\/\\\/www.copealcoy.es\\\/es\\\/mediodia-cope-alcoy-jueves-2-de-octubre-2025-1420h\\\/#primaryimage\"},\"thumbnailUrl\":\"https:\\\/\\\/www.copealcoy.es\\\/wp-content\\\/uploads\\\/2025\\\/02\\\/Mediodia-Cope-Castellano.png\",\"datePublished\":\"2025-10-02T06:35:21+00:00\",\"dateModified\":\"2025-10-02T15:55:52+00:00\",\"author\":{\"@id\":\"https:\\\/\\\/www.copealcoy.es\\\/es\\\/#\\\/schema\\\/person\\\/e777c87fa024e57d40170af9df39882c\"},\"breadcrumb\":{\"@id\":\"https:\\\/\\\/www.copealcoy.es\\\/es\\\/mediodia-cope-alcoy-jueves-2-de-octubre-2025-1420h\\\/#breadcrumb\"},\"inLanguage\":\"es\",\"potentialAction\":[{\"@type\":\"ReadAction\",\"target\":[\"https:\\\/\\\/www.copealcoy.es\\\/es\\\/mediodia-cope-alcoy-jueves-2-de-octubre-2025-1420h\\\/\"]}]},{\"@type\":\"ImageObject\",\"inLanguage\":\"es\",\"@id\":\"https:\\\/\\\/www.copealcoy.es\\\/es\\\/mediodia-cope-alcoy-jueves-2-de-octubre-2025-1420h\\\/#primaryimage\",\"url\":\"https:\\\/\\\/www.copealcoy.es\\\/wp-content\\\/uploads\\\/2025\\\/02\\\/Mediodia-Cope-Castellano.png\",\"contentUrl\":\"https:\\\/\\\/www.copealcoy.es\\\/wp-content\\\/uploads\\\/2025\\\/02\\\/Mediodia-Cope-Castellano.png\",\"width\":357,\"height\":290},{\"@type\":\"BreadcrumbList\",\"@id\":\"https:\\\/\\\/www.copealcoy.es\\\/es\\\/mediodia-cope-alcoy-jueves-2-de-octubre-2025-1420h\\\/#breadcrumb\",\"itemListElement\":[{\"@type\":\"ListItem\",\"position\":1,\"name\":\"Portada\",\"item\":\"https:\\\/\\\/www.copealcoy.es\\\/es\\\/\"},{\"@type\":\"ListItem\",\"position\":2,\"name\":\"\u2018Mediod\u00eda Cope\u2019 Alcoy jueves 2 de octubre 2025 (14:20h)\"}]},{\"@type\":\"WebSite\",\"@id\":\"https:\\\/\\\/www.copealcoy.es\\\/es\\\/#website\",\"url\":\"https:\\\/\\\/www.copealcoy.es\\\/es\\\/\",\"name\":\"COPE Alcoy\",\"description\":\"Emisora COPE de radio local con emisi\u00f3n online. Pont de Sant Jordi 8-10 03803 Alcoy\",\"potentialAction\":[{\"@type\":\"SearchAction\",\"target\":{\"@type\":\"EntryPoint\",\"urlTemplate\":\"https:\\\/\\\/www.copealcoy.es\\\/es\\\/?s={search_term_string}\"},\"query-input\":{\"@type\":\"PropertyValueSpecification\",\"valueRequired\":true,\"valueName\":\"search_term_string\"}}],\"inLanguage\":\"es\"},{\"@type\":\"Person\",\"@id\":\"https:\\\/\\\/www.copealcoy.es\\\/es\\\/#\\\/schema\\\/person\\\/e777c87fa024e57d40170af9df39882c\",\"name\":\"Cope Alcoy\",\"image\":{\"@type\":\"ImageObject\",\"inLanguage\":\"es\",\"@id\":\"https:\\\/\\\/secure.gravatar.com\\\/avatar\\\/bb65d0283347e303893ba14f0692005417c1e0e690a325a4c5d8bb2b3943ee14?s=96&d=mm&r=g\",\"url\":\"https:\\\/\\\/secure.gravatar.com\\\/avatar\\\/bb65d0283347e303893ba14f0692005417c1e0e690a325a4c5d8bb2b3943ee14?s=96&d=mm&r=g\",\"contentUrl\":\"https:\\\/\\\/secure.gravatar.com\\\/avatar\\\/bb65d0283347e303893ba14f0692005417c1e0e690a325a4c5d8bb2b3943ee14?s=96&d=mm&r=g\",\"caption\":\"Cope Alcoy\"}}]}<\/script>\n<!-- \/ Yoast SEO plugin. -->","yoast_head_json":{"title":"\u2018Mediod\u00eda Cope\u2019 Alcoy jueves 2 de octubre 2025 (14:20h) - COPE Alcoy","robots":{"index":"index","follow":"follow","max-snippet":"max-snippet:-1","max-image-preview":"max-image-preview:large","max-video-preview":"max-video-preview:-1"},"canonical":"https:\/\/www.copealcoy.es\/es\/mediodia-cope-alcoy-jueves-2-de-octubre-2025-1420h\/","og_locale":"es_ES","og_type":"article","og_title":"\u2018Mediod\u00eda Cope\u2019 Alcoy jueves 2 de octubre 2025 (14:20h) - COPE Alcoy","og_description":"Hoy jueves hemos recordado que ayer arranc\u00f3 el Campeonato de Cotos del Mig Any de las Fiestas de Moros y...","og_url":"https:\/\/www.copealcoy.es\/es\/mediodia-cope-alcoy-jueves-2-de-octubre-2025-1420h\/","og_site_name":"COPE Alcoy","article_published_time":"2025-10-02T06:35:21+00:00","article_modified_time":"2025-10-02T15:55:52+00:00","og_image":[{"width":357,"height":290,"url":"https:\/\/www.copealcoy.es\/wp-content\/uploads\/2025\/02\/Mediodia-Cope-Castellano.png","type":"image\/png"}],"author":"Cope Alcoy","twitter_misc":{"Escrito por":"Cope Alcoy","Tiempo de lectura":"2 minutos"},"schema":{"@context":"https:\/\/schema.org","@graph":[{"@type":"Article","@id":"https:\/\/www.copealcoy.es\/es\/mediodia-cope-alcoy-jueves-2-de-octubre-2025-1420h\/#article","isPartOf":{"@id":"https:\/\/www.copealcoy.es\/es\/mediodia-cope-alcoy-jueves-2-de-octubre-2025-1420h\/"},"author":{"name":"Cope Alcoy","@id":"https:\/\/www.copealcoy.es\/es\/#\/schema\/person\/e777c87fa024e57d40170af9df39882c"},"headline":"\u2018Mediod\u00eda Cope\u2019 Alcoy jueves 2 de octubre 2025 (14:20h)","datePublished":"2025-10-02T06:35:21+00:00","dateModified":"2025-10-02T15:55:52+00:00","mainEntityOfPage":{"@id":"https:\/\/www.copealcoy.es\/es\/mediodia-cope-alcoy-jueves-2-de-octubre-2025-1420h\/"},"wordCount":314,"image":{"@id":"https:\/\/www.copealcoy.es\/es\/mediodia-cope-alcoy-jueves-2-de-octubre-2025-1420h\/#primaryimage"},"thumbnailUrl":"https:\/\/www.copealcoy.es\/wp-content\/uploads\/2025\/02\/Mediodia-Cope-Castellano.png","articleSection":["Actualidad","Audios de los programas","Informativos","Noticias"],"inLanguage":"es"},{"@type":"WebPage","@id":"https:\/\/www.copealcoy.es\/es\/mediodia-cope-alcoy-jueves-2-de-octubre-2025-1420h\/","url":"https:\/\/www.copealcoy.es\/es\/mediodia-cope-alcoy-jueves-2-de-octubre-2025-1420h\/","name":"\u2018Mediod\u00eda Cope\u2019 Alcoy jueves 2 de octubre 2025 (14:20h) - COPE Alcoy","isPartOf":{"@id":"https:\/\/www.copealcoy.es\/es\/#website"},"primaryImageOfPage":{"@id":"https:\/\/www.copealcoy.es\/es\/mediodia-cope-alcoy-jueves-2-de-octubre-2025-1420h\/#primaryimage"},"image":{"@id":"https:\/\/www.copealcoy.es\/es\/mediodia-cope-alcoy-jueves-2-de-octubre-2025-1420h\/#primaryimage"},"thumbnailUrl":"https:\/\/www.copealcoy.es\/wp-content\/uploads\/2025\/02\/Mediodia-Cope-Castellano.png","datePublished":"2025-10-02T06:35:21+00:00","dateModified":"2025-10-02T15:55:52+00:00","author":{"@id":"https:\/\/www.copealcoy.es\/es\/#\/schema\/person\/e777c87fa024e57d40170af9df39882c"},"breadcrumb":{"@id":"https:\/\/www.copealcoy.es\/es\/mediodia-cope-alcoy-jueves-2-de-octubre-2025-1420h\/#breadcrumb"},"inLanguage":"es","potentialAction":[{"@type":"ReadAction","target":["https:\/\/www.copealcoy.es\/es\/mediodia-cope-alcoy-jueves-2-de-octubre-2025-1420h\/"]}]},{"@type":"ImageObject","inLanguage":"es","@id":"https:\/\/www.copealcoy.es\/es\/mediodia-cope-alcoy-jueves-2-de-octubre-2025-1420h\/#primaryimage","url":"https:\/\/www.copealcoy.es\/wp-content\/uploads\/2025\/02\/Mediodia-Cope-Castellano.png","contentUrl":"https:\/\/www.copealcoy.es\/wp-content\/uploads\/2025\/02\/Mediodia-Cope-Castellano.png","width":357,"height":290},{"@type":"BreadcrumbList","@id":"https:\/\/www.copealcoy.es\/es\/mediodia-cope-alcoy-jueves-2-de-octubre-2025-1420h\/#breadcrumb","itemListElement":[{"@type":"ListItem","position":1,"name":"Portada","item":"https:\/\/www.copealcoy.es\/es\/"},{"@type":"ListItem","position":2,"name":"\u2018Mediod\u00eda Cope\u2019 Alcoy jueves 2 de octubre 2025 (14:20h)"}]},{"@type":"WebSite","@id":"https:\/\/www.copealcoy.es\/es\/#website","url":"https:\/\/www.copealcoy.es\/es\/","name":"COPE Alcoy","description":"Emisora COPE de radio local con emisi\u00f3n online. Pont de Sant Jordi 8-10 03803 Alcoy","potentialAction":[{"@type":"SearchAction","target":{"@type":"EntryPoint","urlTemplate":"https:\/\/www.copealcoy.es\/es\/?s={search_term_string}"},"query-input":{"@type":"PropertyValueSpecification","valueRequired":true,"valueName":"search_term_string"}}],"inLanguage":"es"},{"@type":"Person","@id":"https:\/\/www.copealcoy.es\/es\/#\/schema\/person\/e777c87fa024e57d40170af9df39882c","name":"Cope Alcoy","image":{"@type":"ImageObject","inLanguage":"es","@id":"https:\/\/secure.gravatar.com\/avatar\/bb65d0283347e303893ba14f0692005417c1e0e690a325a4c5d8bb2b3943ee14?s=96&d=mm&r=g","url":"https:\/\/secure.gravatar.com\/avatar\/bb65d0283347e303893ba14f0692005417c1e0e690a325a4c5d8bb2b3943ee14?s=96&d=mm&r=g","contentUrl":"https:\/\/secure.gravatar.com\/avatar\/bb65d0283347e303893ba14f0692005417c1e0e690a325a4c5d8bb2b3943ee14?s=96&d=mm&r=g","caption":"Cope Alcoy"}}]}},"_links":{"self":[{"href":"https:\/\/www.copealcoy.es\/es\/wp-json\/wp\/v2\/posts\/157987","targetHints":{"allow":["GET"]}}],"collection":[{"href":"https:\/\/www.copealcoy.es\/es\/wp-json\/wp\/v2\/posts"}],"about":[{"href":"https:\/\/www.copealcoy.es\/es\/wp-json\/wp\/v2\/types\/post"}],"author":[{"embeddable":true,"href":"https:\/\/www.copealcoy.es\/es\/wp-json\/wp\/v2\/users\/1"}],"replies":[{"embeddable":true,"href":"https:\/\/www.copealcoy.es\/es\/wp-json\/wp\/v2\/comments?post=157987"}],"version-history":[{"count":1,"href":"https:\/\/www.copealcoy.es\/es\/wp-json\/wp\/v2\/posts\/157987\/revisions"}],"predecessor-version":[{"id":157988,"href":"https:\/\/www.copealcoy.es\/es\/wp-json\/wp\/v2\/posts\/157987\/revisions\/157988"}],"wp:featuredmedia":[{"embeddable":true,"href":"https:\/\/www.copealcoy.es\/es\/wp-json\/wp\/v2\/media\/147663"}],"wp:attachment":[{"href":"https:\/\/www.copealcoy.es\/es\/wp-json\/wp\/v2\/media?parent=157987"}],"wp:term":[{"taxonomy":"category","embeddable":true,"href":"https:\/\/www.copealcoy.es\/es\/wp-json\/wp\/v2\/categories?post=157987"},{"taxonomy":"post_tag","embeddable":true,"href":"https:\/\/www.copealcoy.es\/es\/wp-json\/wp\/v2\/tags?post=157987"}],"curies":[{"name":"wp","href":"https:\/\/api.w.org\/{rel}","templated":true}]}}