{"id":157974,"date":"2025-10-02T11:49:28","date_gmt":"2025-10-02T10:49:28","guid":{"rendered":"https:\/\/www.copealcoy.es\/?p=157974"},"modified":"2025-10-02T16:44:25","modified_gmt":"2025-10-02T15:44:25","slug":"el-campeonato-de-cotos-del-mig-any-2025-deja-ya-sus-primeros-resultados","status":"publish","type":"post","link":"https:\/\/www.copealcoy.es\/es\/el-campeonato-de-cotos-del-mig-any-2025-deja-ya-sus-primeros-resultados\/","title":{"rendered":"El Campeonato de Cotos del Mig Any 2025 deja ya sus primeros resultados"},"content":{"rendered":"<p style=\"text-align: justify;\" data-start=\"236\" data-end=\"471\">El tradicional Campeonato de Cotos del Mig Any de las <a href=\"https:\/\/www.asjordi.org\/\" target=\"_blank\" rel=\"noopener\"><span style=\"color: #0000ff;\"><strong>Fiestas de Moros y Cristianos de Alcoy<\/strong><\/span><\/a> ya tiene configurada su ronda de <strong data-start=\"301\" data-end=\"321\">octavos de final. <\/strong>Todo ello, tras disputarse ayer por la tarde <strong>la primera eliminatoria<\/strong> en la sede de los Antiguos Alumnos de los Salesianos<\/p>\n<p style=\"text-align: justify;\" data-start=\"473\" data-end=\"834\">Los emparejamientos que han quedado establecidos son: <strong data-start=\"518\" data-end=\"713\">Realistes-Domingo Miques, Abencerrajes-Jud\u00edos, Marrakesch-Asturianos, Berberiscos-Labradores, Muntanyesos-Tomasines, Cides-Andaluces, Verdes-Benimerines y Cord\u00f3n-Societat Musical Nova d&#8217;Alcoi<\/strong>.\u00a0 La primera ronda dej\u00f3 <strong>los siguientes resultados<\/strong>: Navarros 2-Realistes 3, Chano 1-Domingo Miques 3, Aragonesos 0-Abencerrajes 3, Jud\u00edos 3-Alcodianos 1, Cruzados 2-Marrakesch 3, Asturianos 3-Musica Primitiva Apolo 0, Guzmanes 1-Berberiscos 3, Llana 2-Labradores 3, Magenta 2-Muntayesos 3, Moz\u00e1rabes 0-Tomasinas 3, Ligeros 0-Cides 3, Junta Directiva 2-Andaluces 3, Mud\u00e9jares 2-Verdes 3, Almog\u00e1vares 2-Benimerines 3, Cord\u00f3n 3-Uni\u00f3 Musical 1 y Vascos 2-Societat Musical Nova d&#8217;Alcoi 3.<\/p>\n<p style=\"text-align: justify;\" data-start=\"473\" data-end=\"834\">La pr\u00f3xima cita ser\u00e1 el <strong>martes 7 de octubre<\/strong> en la sede de la Fil\u00e0 Verds, que ostenta en 2026 el cargo de Escuadra del Mig en el bando moro. El resultado final del torneo lo conoceremos a finales de octubre en v\u00edsperas de la celebraci\u00f3n de la jornada central del Mig Any.<\/p>\n","protected":false},"excerpt":{"rendered":"<p>El tradicional Campeonato de Cotos del Mig Any de las Fiestas de Moros y Cristianos de Alcoy ya tiene configurada&#8230;<\/p>\n","protected":false},"author":1,"featured_media":157975,"comment_status":"closed","ping_status":"closed","sticky":false,"template":"","format":"standard","meta":{"footnotes":""},"categories":[6909,97,78,75],"tags":[1494,3100,2001,1455],"class_list":["post-157974","post","type-post","status-publish","format-standard","has-post-thumbnail","hentry","category-actualidad","category-alcoy","category-fiestaycultura","category-noticias","tag-alcoy","tag-campeonato-de-cotos","tag-fiestas-de-moros-y-cristianos","tag-mig-any"],"yoast_head":"<!-- This site is optimized with the Yoast SEO plugin v27.3 - https:\/\/yoast.com\/product\/yoast-seo-wordpress\/ -->\n<title>El Campeonato de Cotos del Mig Any 2025 deja ya sus primeros resultados - COPE Alcoy<\/title>\n<meta name=\"description\" content=\"El Campeonato de Cotos del Mig Any 2025 deja ya sus primeros resultados\" \/>\n<meta name=\"robots\" content=\"index, follow, max-snippet:-1, max-image-preview:large, max-video-preview:-1\" \/>\n<link rel=\"canonical\" href=\"https:\/\/www.copealcoy.es\/es\/el-campeonato-de-cotos-del-mig-any-2025-deja-ya-sus-primeros-resultados\/\" \/>\n<meta property=\"og:locale\" content=\"es_ES\" \/>\n<meta property=\"og:type\" content=\"article\" \/>\n<meta property=\"og:title\" content=\"El Campeonato de Cotos del Mig Any 2025 deja ya sus primeros resultados - COPE Alcoy\" \/>\n<meta property=\"og:description\" content=\"El Campeonato de Cotos del Mig Any 2025 deja ya sus primeros resultados\" \/>\n<meta property=\"og:url\" content=\"https:\/\/www.copealcoy.es\/es\/el-campeonato-de-cotos-del-mig-any-2025-deja-ya-sus-primeros-resultados\/\" \/>\n<meta property=\"og:site_name\" content=\"COPE Alcoy\" \/>\n<meta property=\"article:published_time\" content=\"2025-10-02T10:49:28+00:00\" \/>\n<meta property=\"article:modified_time\" content=\"2025-10-02T15:44:25+00:00\" \/>\n<meta property=\"og:image\" content=\"https:\/\/www.copealcoy.es\/wp-content\/uploads\/2025\/10\/upload-images-noticias-Mig-Any-Mig-Any-2025-IMG-20251002-WA0011-1200x0-zc0.jpg\" \/>\n\t<meta property=\"og:image:width\" content=\"1198\" \/>\n\t<meta property=\"og:image:height\" content=\"610\" \/>\n\t<meta property=\"og:image:type\" content=\"image\/jpeg\" \/>\n<meta name=\"author\" content=\"Cope Alcoy\" \/>\n<meta name=\"twitter:label1\" content=\"Escrito por\" \/>\n\t<meta name=\"twitter:data1\" content=\"Cope Alcoy\" \/>\n\t<meta name=\"twitter:label2\" content=\"Tiempo de lectura\" \/>\n\t<meta name=\"twitter:data2\" content=\"2 minutos\" \/>\n<script type=\"application\/ld+json\" class=\"yoast-schema-graph\">{\"@context\":\"https:\\\/\\\/schema.org\",\"@graph\":[{\"@type\":\"Article\",\"@id\":\"https:\\\/\\\/www.copealcoy.es\\\/es\\\/el-campeonato-de-cotos-del-mig-any-2025-deja-ya-sus-primeros-resultados\\\/#article\",\"isPartOf\":{\"@id\":\"https:\\\/\\\/www.copealcoy.es\\\/es\\\/el-campeonato-de-cotos-del-mig-any-2025-deja-ya-sus-primeros-resultados\\\/\"},\"author\":{\"name\":\"Cope Alcoy\",\"@id\":\"https:\\\/\\\/www.copealcoy.es\\\/es\\\/#\\\/schema\\\/person\\\/e777c87fa024e57d40170af9df39882c\"},\"headline\":\"El Campeonato de Cotos del Mig Any 2025 deja ya sus primeros resultados\",\"datePublished\":\"2025-10-02T10:49:28+00:00\",\"dateModified\":\"2025-10-02T15:44:25+00:00\",\"mainEntityOfPage\":{\"@id\":\"https:\\\/\\\/www.copealcoy.es\\\/es\\\/el-campeonato-de-cotos-del-mig-any-2025-deja-ya-sus-primeros-resultados\\\/\"},\"wordCount\":190,\"image\":{\"@id\":\"https:\\\/\\\/www.copealcoy.es\\\/es\\\/el-campeonato-de-cotos-del-mig-any-2025-deja-ya-sus-primeros-resultados\\\/#primaryimage\"},\"thumbnailUrl\":\"https:\\\/\\\/www.copealcoy.es\\\/wp-content\\\/uploads\\\/2025\\\/10\\\/upload-images-noticias-Mig-Any-Mig-Any-2025-IMG-20251002-WA0011-1200x0-zc0.jpg\",\"keywords\":[\"Alcoy\",\"Campeonato de Cotos\",\"Fiestas de Moros y Cristianos\",\"Mig Any\"],\"articleSection\":[\"Actualidad\",\"Alcoy\",\"Fiesta y Cultura\",\"Noticias\"],\"inLanguage\":\"es\"},{\"@type\":\"WebPage\",\"@id\":\"https:\\\/\\\/www.copealcoy.es\\\/es\\\/el-campeonato-de-cotos-del-mig-any-2025-deja-ya-sus-primeros-resultados\\\/\",\"url\":\"https:\\\/\\\/www.copealcoy.es\\\/es\\\/el-campeonato-de-cotos-del-mig-any-2025-deja-ya-sus-primeros-resultados\\\/\",\"name\":\"El Campeonato de Cotos del Mig Any 2025 deja ya sus primeros resultados - COPE Alcoy\",\"isPartOf\":{\"@id\":\"https:\\\/\\\/www.copealcoy.es\\\/es\\\/#website\"},\"primaryImageOfPage\":{\"@id\":\"https:\\\/\\\/www.copealcoy.es\\\/es\\\/el-campeonato-de-cotos-del-mig-any-2025-deja-ya-sus-primeros-resultados\\\/#primaryimage\"},\"image\":{\"@id\":\"https:\\\/\\\/www.copealcoy.es\\\/es\\\/el-campeonato-de-cotos-del-mig-any-2025-deja-ya-sus-primeros-resultados\\\/#primaryimage\"},\"thumbnailUrl\":\"https:\\\/\\\/www.copealcoy.es\\\/wp-content\\\/uploads\\\/2025\\\/10\\\/upload-images-noticias-Mig-Any-Mig-Any-2025-IMG-20251002-WA0011-1200x0-zc0.jpg\",\"datePublished\":\"2025-10-02T10:49:28+00:00\",\"dateModified\":\"2025-10-02T15:44:25+00:00\",\"author\":{\"@id\":\"https:\\\/\\\/www.copealcoy.es\\\/es\\\/#\\\/schema\\\/person\\\/e777c87fa024e57d40170af9df39882c\"},\"description\":\"El Campeonato de Cotos del Mig Any 2025 deja ya sus primeros resultados\",\"breadcrumb\":{\"@id\":\"https:\\\/\\\/www.copealcoy.es\\\/es\\\/el-campeonato-de-cotos-del-mig-any-2025-deja-ya-sus-primeros-resultados\\\/#breadcrumb\"},\"inLanguage\":\"es\",\"potentialAction\":[{\"@type\":\"ReadAction\",\"target\":[\"https:\\\/\\\/www.copealcoy.es\\\/es\\\/el-campeonato-de-cotos-del-mig-any-2025-deja-ya-sus-primeros-resultados\\\/\"]}]},{\"@type\":\"ImageObject\",\"inLanguage\":\"es\",\"@id\":\"https:\\\/\\\/www.copealcoy.es\\\/es\\\/el-campeonato-de-cotos-del-mig-any-2025-deja-ya-sus-primeros-resultados\\\/#primaryimage\",\"url\":\"https:\\\/\\\/www.copealcoy.es\\\/wp-content\\\/uploads\\\/2025\\\/10\\\/upload-images-noticias-Mig-Any-Mig-Any-2025-IMG-20251002-WA0011-1200x0-zc0.jpg\",\"contentUrl\":\"https:\\\/\\\/www.copealcoy.es\\\/wp-content\\\/uploads\\\/2025\\\/10\\\/upload-images-noticias-Mig-Any-Mig-Any-2025-IMG-20251002-WA0011-1200x0-zc0.jpg\",\"width\":1198,\"height\":610},{\"@type\":\"BreadcrumbList\",\"@id\":\"https:\\\/\\\/www.copealcoy.es\\\/es\\\/el-campeonato-de-cotos-del-mig-any-2025-deja-ya-sus-primeros-resultados\\\/#breadcrumb\",\"itemListElement\":[{\"@type\":\"ListItem\",\"position\":1,\"name\":\"Portada\",\"item\":\"https:\\\/\\\/www.copealcoy.es\\\/es\\\/\"},{\"@type\":\"ListItem\",\"position\":2,\"name\":\"El Campeonato de Cotos del Mig Any 2025 deja ya sus primeros resultados\"}]},{\"@type\":\"WebSite\",\"@id\":\"https:\\\/\\\/www.copealcoy.es\\\/es\\\/#website\",\"url\":\"https:\\\/\\\/www.copealcoy.es\\\/es\\\/\",\"name\":\"COPE Alcoy\",\"description\":\"Emisora COPE de radio local con emisi\u00f3n online. Pont de Sant Jordi 8-10 03803 Alcoy\",\"potentialAction\":[{\"@type\":\"SearchAction\",\"target\":{\"@type\":\"EntryPoint\",\"urlTemplate\":\"https:\\\/\\\/www.copealcoy.es\\\/es\\\/?s={search_term_string}\"},\"query-input\":{\"@type\":\"PropertyValueSpecification\",\"valueRequired\":true,\"valueName\":\"search_term_string\"}}],\"inLanguage\":\"es\"},{\"@type\":\"Person\",\"@id\":\"https:\\\/\\\/www.copealcoy.es\\\/es\\\/#\\\/schema\\\/person\\\/e777c87fa024e57d40170af9df39882c\",\"name\":\"Cope Alcoy\",\"image\":{\"@type\":\"ImageObject\",\"inLanguage\":\"es\",\"@id\":\"https:\\\/\\\/secure.gravatar.com\\\/avatar\\\/bb65d0283347e303893ba14f0692005417c1e0e690a325a4c5d8bb2b3943ee14?s=96&d=mm&r=g\",\"url\":\"https:\\\/\\\/secure.gravatar.com\\\/avatar\\\/bb65d0283347e303893ba14f0692005417c1e0e690a325a4c5d8bb2b3943ee14?s=96&d=mm&r=g\",\"contentUrl\":\"https:\\\/\\\/secure.gravatar.com\\\/avatar\\\/bb65d0283347e303893ba14f0692005417c1e0e690a325a4c5d8bb2b3943ee14?s=96&d=mm&r=g\",\"caption\":\"Cope Alcoy\"}}]}<\/script>\n<!-- \/ Yoast SEO plugin. -->","yoast_head_json":{"title":"El Campeonato de Cotos del Mig Any 2025 deja ya sus primeros resultados - COPE Alcoy","description":"El Campeonato de Cotos del Mig Any 2025 deja ya sus primeros resultados","robots":{"index":"index","follow":"follow","max-snippet":"max-snippet:-1","max-image-preview":"max-image-preview:large","max-video-preview":"max-video-preview:-1"},"canonical":"https:\/\/www.copealcoy.es\/es\/el-campeonato-de-cotos-del-mig-any-2025-deja-ya-sus-primeros-resultados\/","og_locale":"es_ES","og_type":"article","og_title":"El Campeonato de Cotos del Mig Any 2025 deja ya sus primeros resultados - COPE Alcoy","og_description":"El Campeonato de Cotos del Mig Any 2025 deja ya sus primeros resultados","og_url":"https:\/\/www.copealcoy.es\/es\/el-campeonato-de-cotos-del-mig-any-2025-deja-ya-sus-primeros-resultados\/","og_site_name":"COPE Alcoy","article_published_time":"2025-10-02T10:49:28+00:00","article_modified_time":"2025-10-02T15:44:25+00:00","og_image":[{"width":1198,"height":610,"url":"https:\/\/www.copealcoy.es\/wp-content\/uploads\/2025\/10\/upload-images-noticias-Mig-Any-Mig-Any-2025-IMG-20251002-WA0011-1200x0-zc0.jpg","type":"image\/jpeg"}],"author":"Cope Alcoy","twitter_misc":{"Escrito por":"Cope Alcoy","Tiempo de lectura":"2 minutos"},"schema":{"@context":"https:\/\/schema.org","@graph":[{"@type":"Article","@id":"https:\/\/www.copealcoy.es\/es\/el-campeonato-de-cotos-del-mig-any-2025-deja-ya-sus-primeros-resultados\/#article","isPartOf":{"@id":"https:\/\/www.copealcoy.es\/es\/el-campeonato-de-cotos-del-mig-any-2025-deja-ya-sus-primeros-resultados\/"},"author":{"name":"Cope Alcoy","@id":"https:\/\/www.copealcoy.es\/es\/#\/schema\/person\/e777c87fa024e57d40170af9df39882c"},"headline":"El Campeonato de Cotos del Mig Any 2025 deja ya sus primeros resultados","datePublished":"2025-10-02T10:49:28+00:00","dateModified":"2025-10-02T15:44:25+00:00","mainEntityOfPage":{"@id":"https:\/\/www.copealcoy.es\/es\/el-campeonato-de-cotos-del-mig-any-2025-deja-ya-sus-primeros-resultados\/"},"wordCount":190,"image":{"@id":"https:\/\/www.copealcoy.es\/es\/el-campeonato-de-cotos-del-mig-any-2025-deja-ya-sus-primeros-resultados\/#primaryimage"},"thumbnailUrl":"https:\/\/www.copealcoy.es\/wp-content\/uploads\/2025\/10\/upload-images-noticias-Mig-Any-Mig-Any-2025-IMG-20251002-WA0011-1200x0-zc0.jpg","keywords":["Alcoy","Campeonato de Cotos","Fiestas de Moros y Cristianos","Mig Any"],"articleSection":["Actualidad","Alcoy","Fiesta y Cultura","Noticias"],"inLanguage":"es"},{"@type":"WebPage","@id":"https:\/\/www.copealcoy.es\/es\/el-campeonato-de-cotos-del-mig-any-2025-deja-ya-sus-primeros-resultados\/","url":"https:\/\/www.copealcoy.es\/es\/el-campeonato-de-cotos-del-mig-any-2025-deja-ya-sus-primeros-resultados\/","name":"El Campeonato de Cotos del Mig Any 2025 deja ya sus primeros resultados - COPE Alcoy","isPartOf":{"@id":"https:\/\/www.copealcoy.es\/es\/#website"},"primaryImageOfPage":{"@id":"https:\/\/www.copealcoy.es\/es\/el-campeonato-de-cotos-del-mig-any-2025-deja-ya-sus-primeros-resultados\/#primaryimage"},"image":{"@id":"https:\/\/www.copealcoy.es\/es\/el-campeonato-de-cotos-del-mig-any-2025-deja-ya-sus-primeros-resultados\/#primaryimage"},"thumbnailUrl":"https:\/\/www.copealcoy.es\/wp-content\/uploads\/2025\/10\/upload-images-noticias-Mig-Any-Mig-Any-2025-IMG-20251002-WA0011-1200x0-zc0.jpg","datePublished":"2025-10-02T10:49:28+00:00","dateModified":"2025-10-02T15:44:25+00:00","author":{"@id":"https:\/\/www.copealcoy.es\/es\/#\/schema\/person\/e777c87fa024e57d40170af9df39882c"},"description":"El Campeonato de Cotos del Mig Any 2025 deja ya sus primeros resultados","breadcrumb":{"@id":"https:\/\/www.copealcoy.es\/es\/el-campeonato-de-cotos-del-mig-any-2025-deja-ya-sus-primeros-resultados\/#breadcrumb"},"inLanguage":"es","potentialAction":[{"@type":"ReadAction","target":["https:\/\/www.copealcoy.es\/es\/el-campeonato-de-cotos-del-mig-any-2025-deja-ya-sus-primeros-resultados\/"]}]},{"@type":"ImageObject","inLanguage":"es","@id":"https:\/\/www.copealcoy.es\/es\/el-campeonato-de-cotos-del-mig-any-2025-deja-ya-sus-primeros-resultados\/#primaryimage","url":"https:\/\/www.copealcoy.es\/wp-content\/uploads\/2025\/10\/upload-images-noticias-Mig-Any-Mig-Any-2025-IMG-20251002-WA0011-1200x0-zc0.jpg","contentUrl":"https:\/\/www.copealcoy.es\/wp-content\/uploads\/2025\/10\/upload-images-noticias-Mig-Any-Mig-Any-2025-IMG-20251002-WA0011-1200x0-zc0.jpg","width":1198,"height":610},{"@type":"BreadcrumbList","@id":"https:\/\/www.copealcoy.es\/es\/el-campeonato-de-cotos-del-mig-any-2025-deja-ya-sus-primeros-resultados\/#breadcrumb","itemListElement":[{"@type":"ListItem","position":1,"name":"Portada","item":"https:\/\/www.copealcoy.es\/es\/"},{"@type":"ListItem","position":2,"name":"El Campeonato de Cotos del Mig Any 2025 deja ya sus primeros resultados"}]},{"@type":"WebSite","@id":"https:\/\/www.copealcoy.es\/es\/#website","url":"https:\/\/www.copealcoy.es\/es\/","name":"COPE Alcoy","description":"Emisora COPE de radio local con emisi\u00f3n online. Pont de Sant Jordi 8-10 03803 Alcoy","potentialAction":[{"@type":"SearchAction","target":{"@type":"EntryPoint","urlTemplate":"https:\/\/www.copealcoy.es\/es\/?s={search_term_string}"},"query-input":{"@type":"PropertyValueSpecification","valueRequired":true,"valueName":"search_term_string"}}],"inLanguage":"es"},{"@type":"Person","@id":"https:\/\/www.copealcoy.es\/es\/#\/schema\/person\/e777c87fa024e57d40170af9df39882c","name":"Cope Alcoy","image":{"@type":"ImageObject","inLanguage":"es","@id":"https:\/\/secure.gravatar.com\/avatar\/bb65d0283347e303893ba14f0692005417c1e0e690a325a4c5d8bb2b3943ee14?s=96&d=mm&r=g","url":"https:\/\/secure.gravatar.com\/avatar\/bb65d0283347e303893ba14f0692005417c1e0e690a325a4c5d8bb2b3943ee14?s=96&d=mm&r=g","contentUrl":"https:\/\/secure.gravatar.com\/avatar\/bb65d0283347e303893ba14f0692005417c1e0e690a325a4c5d8bb2b3943ee14?s=96&d=mm&r=g","caption":"Cope Alcoy"}}]}},"_links":{"self":[{"href":"https:\/\/www.copealcoy.es\/es\/wp-json\/wp\/v2\/posts\/157974","targetHints":{"allow":["GET"]}}],"collection":[{"href":"https:\/\/www.copealcoy.es\/es\/wp-json\/wp\/v2\/posts"}],"about":[{"href":"https:\/\/www.copealcoy.es\/es\/wp-json\/wp\/v2\/types\/post"}],"author":[{"embeddable":true,"href":"https:\/\/www.copealcoy.es\/es\/wp-json\/wp\/v2\/users\/1"}],"replies":[{"embeddable":true,"href":"https:\/\/www.copealcoy.es\/es\/wp-json\/wp\/v2\/comments?post=157974"}],"version-history":[{"count":2,"href":"https:\/\/www.copealcoy.es\/es\/wp-json\/wp\/v2\/posts\/157974\/revisions"}],"predecessor-version":[{"id":157986,"href":"https:\/\/www.copealcoy.es\/es\/wp-json\/wp\/v2\/posts\/157974\/revisions\/157986"}],"wp:featuredmedia":[{"embeddable":true,"href":"https:\/\/www.copealcoy.es\/es\/wp-json\/wp\/v2\/media\/157975"}],"wp:attachment":[{"href":"https:\/\/www.copealcoy.es\/es\/wp-json\/wp\/v2\/media?parent=157974"}],"wp:term":[{"taxonomy":"category","embeddable":true,"href":"https:\/\/www.copealcoy.es\/es\/wp-json\/wp\/v2\/categories?post=157974"},{"taxonomy":"post_tag","embeddable":true,"href":"https:\/\/www.copealcoy.es\/es\/wp-json\/wp\/v2\/tags?post=157974"}],"curies":[{"name":"wp","href":"https:\/\/api.w.org\/{rel}","templated":true}]}}