{"id":157968,"date":"2025-10-02T12:33:45","date_gmt":"2025-10-02T11:33:45","guid":{"rendered":"https:\/\/www.copealcoy.es\/?p=157968"},"modified":"2025-10-02T12:37:47","modified_gmt":"2025-10-02T11:37:47","slug":"alcoy-adquirira-drones-para-emergencias-y-transporte-sanitario","status":"publish","type":"post","link":"https:\/\/www.copealcoy.es\/es\/alcoy-adquirira-drones-para-emergencias-y-transporte-sanitario\/","title":{"rendered":"Alcoy adquirir\u00e1 drones para emergencias y transporte sanitario"},"content":{"rendered":"<p style=\"text-align: justify;\" data-start=\"209\" data-end=\"522\">El <a href=\"https:\/\/www.alcoi.org\/ca\/portal\/index.html\" target=\"_blank\" rel=\"noopener\"><span style=\"color: #0000ff;\"><strong>Ayuntamiento de Alcoy<\/strong><\/span><\/a> ha iniciado el proceso para adquirir <strong data-start=\"271\" data-end=\"309\">cuatro drones de \u00faltima generaci\u00f3n<\/strong> con el objetivo de desarrollar un proyecto pionero. Este \u00faltimo, seg\u00fan la informaci\u00f3n facilitada por el consistorio, estar\u00e1 centrado en <strong>el uso de aeronaves no tripuladas<\/strong> con aterrizaje aut\u00f3nomo en servicios log\u00edsticos hospitalarios y de emergencias en entornos orogr\u00e1ficos complejos.<\/p>\n<p style=\"text-align: justify;\" data-start=\"524\" data-end=\"974\">La licitaci\u00f3n, con un presupuesto base de <strong data-start=\"566\" data-end=\"582\">27.722 euros<\/strong>, contempla la compra de un dron DJI Matrice 350 RTK, un DJI Mavic 3 Enterprise Thermal con visi\u00f3n t\u00e9rmica y dos DJI Mini 4 Pro para pruebas de vuelo y tareas complementarias. Estas aeronaves permitir\u00e1n realizar pruebas de transporte de medicamentos y material sanitario, as\u00ed como operaciones de b\u00fasqueda y rescate, vigilancia de zonas rurales y monitorizaci\u00f3n en situaciones de emergencia &#8220;<em data-start=\"1417\" data-end=\"1686\">con este proyecto, Alcoy vuelve a situarse a la vanguardia de la innovaci\u00f3n tecnol\u00f3gica en el \u00e1mbito municipal, apostando por soluciones que refuerzan la seguridad, la atenci\u00f3n sanitaria y la calidad de vida de la ciudadan\u00eda en un territorio de orograf\u00eda complicada&#8221;, <\/em>afirma el alcalde; <strong>Toni Franc\u00e9s<\/strong>.<\/p>\n<p style=\"text-align: justify;\" data-start=\"976\" data-end=\"1379\">El proyecto, que concluir\u00e1 en <strong data-start=\"1006\" data-end=\"1027\">diciembre de 2026<\/strong>, cuenta con una subvenci\u00f3n del <strong data-start=\"1059\" data-end=\"1128\">70% por parte de la Agencia Valenciana de la Innovaci\u00f3n (IVACE+i)<\/strong> y sit\u00faa a Alcoy como el \u00fanico ayuntamiento beneficiario en esta convocatoria. Adem\u00e1s, se desarrollar\u00e1 en colaboraci\u00f3n con universidades, centros tecnol\u00f3gicos, entidades sanitarias y la Polic\u00eda Local dentro del marco del <strong data-start=\"1349\" data-end=\"1376\">Sandbox Urbano de Alcoy<\/strong>.<\/p>\n","protected":false},"excerpt":{"rendered":"<p>El Ayuntamiento de Alcoy ha iniciado el proceso para adquirir cuatro drones de \u00faltima generaci\u00f3n con el objetivo de desarrollar&#8230;<\/p>\n","protected":false},"author":1,"featured_media":157969,"comment_status":"closed","ping_status":"closed","sticky":false,"template":"","format":"standard","meta":{"footnotes":""},"categories":[6909,97,75],"tags":[7177,1494,20090,20091],"class_list":["post-157968","post","type-post","status-publish","format-standard","has-post-thumbnail","hentry","category-actualidad","category-alcoy","category-noticias","tag-adquisicion","tag-alcoy","tag-drones","tag-proyecto-pionero"],"yoast_head":"<!-- This site is optimized with the Yoast SEO plugin v27.3 - https:\/\/yoast.com\/product\/yoast-seo-wordpress\/ -->\n<title>Alcoy adquirir\u00e1 drones para emergencias y transporte sanitario - COPE Alcoy<\/title>\n<meta name=\"description\" content=\"Alcoy adquirir\u00e1 drones para emergencias y transporte sanitario\" \/>\n<meta name=\"robots\" content=\"index, follow, max-snippet:-1, max-image-preview:large, max-video-preview:-1\" \/>\n<link rel=\"canonical\" href=\"https:\/\/www.copealcoy.es\/es\/alcoy-adquirira-drones-para-emergencias-y-transporte-sanitario\/\" \/>\n<meta property=\"og:locale\" content=\"es_ES\" \/>\n<meta property=\"og:type\" content=\"article\" \/>\n<meta property=\"og:title\" content=\"Alcoy adquirir\u00e1 drones para emergencias y transporte sanitario - COPE Alcoy\" \/>\n<meta property=\"og:description\" content=\"Alcoy adquirir\u00e1 drones para emergencias y transporte sanitario\" \/>\n<meta property=\"og:url\" content=\"https:\/\/www.copealcoy.es\/es\/alcoy-adquirira-drones-para-emergencias-y-transporte-sanitario\/\" \/>\n<meta property=\"og:site_name\" content=\"COPE Alcoy\" \/>\n<meta property=\"article:published_time\" content=\"2025-10-02T11:33:45+00:00\" \/>\n<meta property=\"article:modified_time\" content=\"2025-10-02T11:37:47+00:00\" \/>\n<meta property=\"og:image\" content=\"https:\/\/www.copealcoy.es\/wp-content\/uploads\/2025\/10\/Dron-DJI-Matrice-350-RTK.jpg_1498709691.jpg\" \/>\n\t<meta property=\"og:image:width\" content=\"625\" \/>\n\t<meta property=\"og:image:height\" content=\"313\" \/>\n\t<meta property=\"og:image:type\" content=\"image\/jpeg\" \/>\n<meta name=\"author\" content=\"Cope Alcoy\" \/>\n<meta name=\"twitter:label1\" content=\"Escrito por\" \/>\n\t<meta name=\"twitter:data1\" content=\"Cope Alcoy\" \/>\n\t<meta name=\"twitter:label2\" content=\"Tiempo de lectura\" \/>\n\t<meta name=\"twitter:data2\" content=\"2 minutos\" \/>\n<script type=\"application\/ld+json\" class=\"yoast-schema-graph\">{\"@context\":\"https:\\\/\\\/schema.org\",\"@graph\":[{\"@type\":\"Article\",\"@id\":\"https:\\\/\\\/www.copealcoy.es\\\/es\\\/alcoy-adquirira-drones-para-emergencias-y-transporte-sanitario\\\/#article\",\"isPartOf\":{\"@id\":\"https:\\\/\\\/www.copealcoy.es\\\/es\\\/alcoy-adquirira-drones-para-emergencias-y-transporte-sanitario\\\/\"},\"author\":{\"name\":\"Cope Alcoy\",\"@id\":\"https:\\\/\\\/www.copealcoy.es\\\/es\\\/#\\\/schema\\\/person\\\/e777c87fa024e57d40170af9df39882c\"},\"headline\":\"Alcoy adquirir\u00e1 drones para emergencias y transporte sanitario\",\"datePublished\":\"2025-10-02T11:33:45+00:00\",\"dateModified\":\"2025-10-02T11:37:47+00:00\",\"mainEntityOfPage\":{\"@id\":\"https:\\\/\\\/www.copealcoy.es\\\/es\\\/alcoy-adquirira-drones-para-emergencias-y-transporte-sanitario\\\/\"},\"wordCount\":259,\"image\":{\"@id\":\"https:\\\/\\\/www.copealcoy.es\\\/es\\\/alcoy-adquirira-drones-para-emergencias-y-transporte-sanitario\\\/#primaryimage\"},\"thumbnailUrl\":\"https:\\\/\\\/www.copealcoy.es\\\/wp-content\\\/uploads\\\/2025\\\/10\\\/Dron-DJI-Matrice-350-RTK.jpg_1498709691.jpg\",\"keywords\":[\"adquisici\u00f3n\",\"Alcoy\",\"drones\",\"proyecto pionero\"],\"articleSection\":[\"Actualidad\",\"Alcoy\",\"Noticias\"],\"inLanguage\":\"es\"},{\"@type\":\"WebPage\",\"@id\":\"https:\\\/\\\/www.copealcoy.es\\\/es\\\/alcoy-adquirira-drones-para-emergencias-y-transporte-sanitario\\\/\",\"url\":\"https:\\\/\\\/www.copealcoy.es\\\/es\\\/alcoy-adquirira-drones-para-emergencias-y-transporte-sanitario\\\/\",\"name\":\"Alcoy adquirir\u00e1 drones para emergencias y transporte sanitario - COPE Alcoy\",\"isPartOf\":{\"@id\":\"https:\\\/\\\/www.copealcoy.es\\\/es\\\/#website\"},\"primaryImageOfPage\":{\"@id\":\"https:\\\/\\\/www.copealcoy.es\\\/es\\\/alcoy-adquirira-drones-para-emergencias-y-transporte-sanitario\\\/#primaryimage\"},\"image\":{\"@id\":\"https:\\\/\\\/www.copealcoy.es\\\/es\\\/alcoy-adquirira-drones-para-emergencias-y-transporte-sanitario\\\/#primaryimage\"},\"thumbnailUrl\":\"https:\\\/\\\/www.copealcoy.es\\\/wp-content\\\/uploads\\\/2025\\\/10\\\/Dron-DJI-Matrice-350-RTK.jpg_1498709691.jpg\",\"datePublished\":\"2025-10-02T11:33:45+00:00\",\"dateModified\":\"2025-10-02T11:37:47+00:00\",\"author\":{\"@id\":\"https:\\\/\\\/www.copealcoy.es\\\/es\\\/#\\\/schema\\\/person\\\/e777c87fa024e57d40170af9df39882c\"},\"description\":\"Alcoy adquirir\u00e1 drones para emergencias y transporte sanitario\",\"breadcrumb\":{\"@id\":\"https:\\\/\\\/www.copealcoy.es\\\/es\\\/alcoy-adquirira-drones-para-emergencias-y-transporte-sanitario\\\/#breadcrumb\"},\"inLanguage\":\"es\",\"potentialAction\":[{\"@type\":\"ReadAction\",\"target\":[\"https:\\\/\\\/www.copealcoy.es\\\/es\\\/alcoy-adquirira-drones-para-emergencias-y-transporte-sanitario\\\/\"]}]},{\"@type\":\"ImageObject\",\"inLanguage\":\"es\",\"@id\":\"https:\\\/\\\/www.copealcoy.es\\\/es\\\/alcoy-adquirira-drones-para-emergencias-y-transporte-sanitario\\\/#primaryimage\",\"url\":\"https:\\\/\\\/www.copealcoy.es\\\/wp-content\\\/uploads\\\/2025\\\/10\\\/Dron-DJI-Matrice-350-RTK.jpg_1498709691.jpg\",\"contentUrl\":\"https:\\\/\\\/www.copealcoy.es\\\/wp-content\\\/uploads\\\/2025\\\/10\\\/Dron-DJI-Matrice-350-RTK.jpg_1498709691.jpg\",\"width\":625,\"height\":313},{\"@type\":\"BreadcrumbList\",\"@id\":\"https:\\\/\\\/www.copealcoy.es\\\/es\\\/alcoy-adquirira-drones-para-emergencias-y-transporte-sanitario\\\/#breadcrumb\",\"itemListElement\":[{\"@type\":\"ListItem\",\"position\":1,\"name\":\"Portada\",\"item\":\"https:\\\/\\\/www.copealcoy.es\\\/es\\\/\"},{\"@type\":\"ListItem\",\"position\":2,\"name\":\"Alcoy adquirir\u00e1 drones para emergencias y transporte sanitario\"}]},{\"@type\":\"WebSite\",\"@id\":\"https:\\\/\\\/www.copealcoy.es\\\/es\\\/#website\",\"url\":\"https:\\\/\\\/www.copealcoy.es\\\/es\\\/\",\"name\":\"COPE Alcoy\",\"description\":\"Emisora COPE de radio local con emisi\u00f3n online. Pont de Sant Jordi 8-10 03803 Alcoy\",\"potentialAction\":[{\"@type\":\"SearchAction\",\"target\":{\"@type\":\"EntryPoint\",\"urlTemplate\":\"https:\\\/\\\/www.copealcoy.es\\\/es\\\/?s={search_term_string}\"},\"query-input\":{\"@type\":\"PropertyValueSpecification\",\"valueRequired\":true,\"valueName\":\"search_term_string\"}}],\"inLanguage\":\"es\"},{\"@type\":\"Person\",\"@id\":\"https:\\\/\\\/www.copealcoy.es\\\/es\\\/#\\\/schema\\\/person\\\/e777c87fa024e57d40170af9df39882c\",\"name\":\"Cope Alcoy\",\"image\":{\"@type\":\"ImageObject\",\"inLanguage\":\"es\",\"@id\":\"https:\\\/\\\/secure.gravatar.com\\\/avatar\\\/bb65d0283347e303893ba14f0692005417c1e0e690a325a4c5d8bb2b3943ee14?s=96&d=mm&r=g\",\"url\":\"https:\\\/\\\/secure.gravatar.com\\\/avatar\\\/bb65d0283347e303893ba14f0692005417c1e0e690a325a4c5d8bb2b3943ee14?s=96&d=mm&r=g\",\"contentUrl\":\"https:\\\/\\\/secure.gravatar.com\\\/avatar\\\/bb65d0283347e303893ba14f0692005417c1e0e690a325a4c5d8bb2b3943ee14?s=96&d=mm&r=g\",\"caption\":\"Cope Alcoy\"}}]}<\/script>\n<!-- \/ Yoast SEO plugin. -->","yoast_head_json":{"title":"Alcoy adquirir\u00e1 drones para emergencias y transporte sanitario - COPE Alcoy","description":"Alcoy adquirir\u00e1 drones para emergencias y transporte sanitario","robots":{"index":"index","follow":"follow","max-snippet":"max-snippet:-1","max-image-preview":"max-image-preview:large","max-video-preview":"max-video-preview:-1"},"canonical":"https:\/\/www.copealcoy.es\/es\/alcoy-adquirira-drones-para-emergencias-y-transporte-sanitario\/","og_locale":"es_ES","og_type":"article","og_title":"Alcoy adquirir\u00e1 drones para emergencias y transporte sanitario - COPE Alcoy","og_description":"Alcoy adquirir\u00e1 drones para emergencias y transporte sanitario","og_url":"https:\/\/www.copealcoy.es\/es\/alcoy-adquirira-drones-para-emergencias-y-transporte-sanitario\/","og_site_name":"COPE Alcoy","article_published_time":"2025-10-02T11:33:45+00:00","article_modified_time":"2025-10-02T11:37:47+00:00","og_image":[{"width":625,"height":313,"url":"https:\/\/www.copealcoy.es\/wp-content\/uploads\/2025\/10\/Dron-DJI-Matrice-350-RTK.jpg_1498709691.jpg","type":"image\/jpeg"}],"author":"Cope Alcoy","twitter_misc":{"Escrito por":"Cope Alcoy","Tiempo de lectura":"2 minutos"},"schema":{"@context":"https:\/\/schema.org","@graph":[{"@type":"Article","@id":"https:\/\/www.copealcoy.es\/es\/alcoy-adquirira-drones-para-emergencias-y-transporte-sanitario\/#article","isPartOf":{"@id":"https:\/\/www.copealcoy.es\/es\/alcoy-adquirira-drones-para-emergencias-y-transporte-sanitario\/"},"author":{"name":"Cope Alcoy","@id":"https:\/\/www.copealcoy.es\/es\/#\/schema\/person\/e777c87fa024e57d40170af9df39882c"},"headline":"Alcoy adquirir\u00e1 drones para emergencias y transporte sanitario","datePublished":"2025-10-02T11:33:45+00:00","dateModified":"2025-10-02T11:37:47+00:00","mainEntityOfPage":{"@id":"https:\/\/www.copealcoy.es\/es\/alcoy-adquirira-drones-para-emergencias-y-transporte-sanitario\/"},"wordCount":259,"image":{"@id":"https:\/\/www.copealcoy.es\/es\/alcoy-adquirira-drones-para-emergencias-y-transporte-sanitario\/#primaryimage"},"thumbnailUrl":"https:\/\/www.copealcoy.es\/wp-content\/uploads\/2025\/10\/Dron-DJI-Matrice-350-RTK.jpg_1498709691.jpg","keywords":["adquisici\u00f3n","Alcoy","drones","proyecto pionero"],"articleSection":["Actualidad","Alcoy","Noticias"],"inLanguage":"es"},{"@type":"WebPage","@id":"https:\/\/www.copealcoy.es\/es\/alcoy-adquirira-drones-para-emergencias-y-transporte-sanitario\/","url":"https:\/\/www.copealcoy.es\/es\/alcoy-adquirira-drones-para-emergencias-y-transporte-sanitario\/","name":"Alcoy adquirir\u00e1 drones para emergencias y transporte sanitario - COPE Alcoy","isPartOf":{"@id":"https:\/\/www.copealcoy.es\/es\/#website"},"primaryImageOfPage":{"@id":"https:\/\/www.copealcoy.es\/es\/alcoy-adquirira-drones-para-emergencias-y-transporte-sanitario\/#primaryimage"},"image":{"@id":"https:\/\/www.copealcoy.es\/es\/alcoy-adquirira-drones-para-emergencias-y-transporte-sanitario\/#primaryimage"},"thumbnailUrl":"https:\/\/www.copealcoy.es\/wp-content\/uploads\/2025\/10\/Dron-DJI-Matrice-350-RTK.jpg_1498709691.jpg","datePublished":"2025-10-02T11:33:45+00:00","dateModified":"2025-10-02T11:37:47+00:00","author":{"@id":"https:\/\/www.copealcoy.es\/es\/#\/schema\/person\/e777c87fa024e57d40170af9df39882c"},"description":"Alcoy adquirir\u00e1 drones para emergencias y transporte sanitario","breadcrumb":{"@id":"https:\/\/www.copealcoy.es\/es\/alcoy-adquirira-drones-para-emergencias-y-transporte-sanitario\/#breadcrumb"},"inLanguage":"es","potentialAction":[{"@type":"ReadAction","target":["https:\/\/www.copealcoy.es\/es\/alcoy-adquirira-drones-para-emergencias-y-transporte-sanitario\/"]}]},{"@type":"ImageObject","inLanguage":"es","@id":"https:\/\/www.copealcoy.es\/es\/alcoy-adquirira-drones-para-emergencias-y-transporte-sanitario\/#primaryimage","url":"https:\/\/www.copealcoy.es\/wp-content\/uploads\/2025\/10\/Dron-DJI-Matrice-350-RTK.jpg_1498709691.jpg","contentUrl":"https:\/\/www.copealcoy.es\/wp-content\/uploads\/2025\/10\/Dron-DJI-Matrice-350-RTK.jpg_1498709691.jpg","width":625,"height":313},{"@type":"BreadcrumbList","@id":"https:\/\/www.copealcoy.es\/es\/alcoy-adquirira-drones-para-emergencias-y-transporte-sanitario\/#breadcrumb","itemListElement":[{"@type":"ListItem","position":1,"name":"Portada","item":"https:\/\/www.copealcoy.es\/es\/"},{"@type":"ListItem","position":2,"name":"Alcoy adquirir\u00e1 drones para emergencias y transporte sanitario"}]},{"@type":"WebSite","@id":"https:\/\/www.copealcoy.es\/es\/#website","url":"https:\/\/www.copealcoy.es\/es\/","name":"COPE Alcoy","description":"Emisora COPE de radio local con emisi\u00f3n online. Pont de Sant Jordi 8-10 03803 Alcoy","potentialAction":[{"@type":"SearchAction","target":{"@type":"EntryPoint","urlTemplate":"https:\/\/www.copealcoy.es\/es\/?s={search_term_string}"},"query-input":{"@type":"PropertyValueSpecification","valueRequired":true,"valueName":"search_term_string"}}],"inLanguage":"es"},{"@type":"Person","@id":"https:\/\/www.copealcoy.es\/es\/#\/schema\/person\/e777c87fa024e57d40170af9df39882c","name":"Cope Alcoy","image":{"@type":"ImageObject","inLanguage":"es","@id":"https:\/\/secure.gravatar.com\/avatar\/bb65d0283347e303893ba14f0692005417c1e0e690a325a4c5d8bb2b3943ee14?s=96&d=mm&r=g","url":"https:\/\/secure.gravatar.com\/avatar\/bb65d0283347e303893ba14f0692005417c1e0e690a325a4c5d8bb2b3943ee14?s=96&d=mm&r=g","contentUrl":"https:\/\/secure.gravatar.com\/avatar\/bb65d0283347e303893ba14f0692005417c1e0e690a325a4c5d8bb2b3943ee14?s=96&d=mm&r=g","caption":"Cope Alcoy"}}]}},"_links":{"self":[{"href":"https:\/\/www.copealcoy.es\/es\/wp-json\/wp\/v2\/posts\/157968","targetHints":{"allow":["GET"]}}],"collection":[{"href":"https:\/\/www.copealcoy.es\/es\/wp-json\/wp\/v2\/posts"}],"about":[{"href":"https:\/\/www.copealcoy.es\/es\/wp-json\/wp\/v2\/types\/post"}],"author":[{"embeddable":true,"href":"https:\/\/www.copealcoy.es\/es\/wp-json\/wp\/v2\/users\/1"}],"replies":[{"embeddable":true,"href":"https:\/\/www.copealcoy.es\/es\/wp-json\/wp\/v2\/comments?post=157968"}],"version-history":[{"count":1,"href":"https:\/\/www.copealcoy.es\/es\/wp-json\/wp\/v2\/posts\/157968\/revisions"}],"predecessor-version":[{"id":157971,"href":"https:\/\/www.copealcoy.es\/es\/wp-json\/wp\/v2\/posts\/157968\/revisions\/157971"}],"wp:featuredmedia":[{"embeddable":true,"href":"https:\/\/www.copealcoy.es\/es\/wp-json\/wp\/v2\/media\/157969"}],"wp:attachment":[{"href":"https:\/\/www.copealcoy.es\/es\/wp-json\/wp\/v2\/media?parent=157968"}],"wp:term":[{"taxonomy":"category","embeddable":true,"href":"https:\/\/www.copealcoy.es\/es\/wp-json\/wp\/v2\/categories?post=157968"},{"taxonomy":"post_tag","embeddable":true,"href":"https:\/\/www.copealcoy.es\/es\/wp-json\/wp\/v2\/tags?post=157968"}],"curies":[{"name":"wp","href":"https:\/\/api.w.org\/{rel}","templated":true}]}}