{"id":157946,"date":"2025-10-01T07:35:11","date_gmt":"2025-10-01T06:35:11","guid":{"rendered":"https:\/\/www.copealcoy.es\/?p=157946"},"modified":"2025-10-01T17:29:34","modified_gmt":"2025-10-01T16:29:34","slug":"mediodia-cope-alcoy-miercoles-1-de-octubre-2025-1420h","status":"publish","type":"post","link":"https:\/\/www.copealcoy.es\/es\/mediodia-cope-alcoy-miercoles-1-de-octubre-2025-1420h\/","title":{"rendered":"&#8216;Mediod\u00eda Cope&#8217; Alcoy mi\u00e9rcoles 1 de octubre 2025 (14:20h)"},"content":{"rendered":"<p><iframe loading=\"lazy\" title=\"&#039;Mediod\u00eda Cope&#039; Alcoy Mi\u00e9rcoles 1 De Octubre 2025 (14:20h)\" width=\"100%\" height=\"120\" src=\"https:\/\/www.mixcloud.com\/widget\/iframe\/?feed=https%3A%2F%2Fwww.mixcloud.com%2FCOPEAlcoy%2Fmediod%25C3%25ADa-cope-alcoy-mi%25C3%25A9rcoles-1-de-octubre-2025-1420h%2F&amp;hide_cover=1\" frameborder=\"0\" allow=\"encrypted-media; fullscreen; autoplay; idle-detection; speaker-selection; web-share;\"><\/iframe><\/p>\n<p style=\"text-align: justify;\">Una de las noticias destacadas de este mi\u00e9rcoles tiene que ver con <strong>el regreso de los ex\u00e1menes te\u00f3ricos de conducir a Alcoy<\/strong>. Os hemos contado que <strong>el Ayuntamiento y la DGT han alcanzado un acuerdo para que las pruebas se retomen en la ciudad a partir del pr\u00f3ximo 13 de octubre<\/strong>.<\/p>\n<p style=\"text-align: justify;\" data-start=\"215\" data-end=\"540\">Los\u00a0<strong data-start=\"249\" data-end=\"282\">ex\u00e1menes te\u00f3ricos de conducir<\/strong>\u00a0de la\u00a0<a href=\"https:\/\/www.dgt.es\/inicio\/\" target=\"_blank\" rel=\"noopener\"><strong data-start=\"289\" data-end=\"327\"><span style=\"color: #0000ff;\">Direcci\u00f3n General de Tr\u00e1fico (DGT)<\/span><\/strong><span style=\"color: #0000ff;\">\u00a0<\/span><\/a>se reanudar\u00e1n en\u00a0<strong data-start=\"345\" data-end=\"354\">Alcoy<\/strong>\u00a0a partir del lunes 13 de octubre, tras el acuerdo alcanzado entre el\u00a0<strong data-start=\"424\" data-end=\"440\">Ayuntamiento<\/strong>\u00a0y la\u00a0<strong data-start=\"446\" data-end=\"453\">DGT<\/strong>, que ha permitido la firma de un\u00a0<strong data-start=\"487\" data-end=\"499\">convenio<\/strong>\u00a0para retomar las pruebas en la ciudad. As\u00ed lo han comunicado desde el consistorio de nuestra ciudad a \u00faltima hora de la ma\u00f1ana de este mi\u00e9rcoles.<\/p>\n<p style=\"text-align: justify;\" data-start=\"542\" data-end=\"951\">Alcoy, como\u00a0<strong data-start=\"554\" data-end=\"575\">centro desplazado<\/strong>\u00a0de la DGT, garantiza que tanto los\u00a0<strong data-start=\"611\" data-end=\"632\">ex\u00e1menes te\u00f3ricos<\/strong>\u00a0como los\u00a0<strong data-start=\"642\" data-end=\"655\">pr\u00e1cticos<\/strong>\u00a0puedan realizarse sin que los\u00a0<strong data-start=\"686\" data-end=\"700\">aspirantes<\/strong>\u00a0tengan que desplazarse a otros municipios. Las pruebas se celebrar\u00e1n en la\u00a0<strong data-start=\"776\" data-end=\"790\">misma aula<\/strong>\u00a0y bajo las\u00a0<strong data-start=\"802\" data-end=\"824\">mismas condiciones<\/strong>\u00a0que antes, en\u00a0<strong data-start=\"839\" data-end=\"856\">formato papel<\/strong>, dado que el espacio se encuentra en\u00a0<strong data-start=\"894\" data-end=\"919\">perfectas condiciones<\/strong>\u00a0para acoger a los aspirantes \u201cc<em data-start=\"953\" data-end=\"1120\">on la firma del convenio garantizamos que, desde el pr\u00f3ximo 13 de octubre, los ex\u00e1menes vuelvan a realizarse en Alcoy de la misma manera que se hac\u00edan hasta ahora\u201d<\/em>, destaca el concejal de Movilidad,\u00a0<strong data-start=\"1156\" data-end=\"1174\">Jordi Mart\u00ednez<\/strong>.<\/p>\n<p style=\"text-align: justify;\" data-start=\"1179\" data-end=\"1414\">Este retorno de las pruebas a la ciudad\u00a0<strong>evitar\u00e1 que quienes se vayan a examinar se tengan que desplazar hasta Alicante<\/strong>, situaci\u00f3n a la que se han enfrentado en las \u00faltimas semanas. Este hecho, como ya contamos en COPE ALCOY, hab\u00eda despertado la cr\u00edticas del Partido Popular de nuestra ciudad y la formaci\u00f3n pol\u00edtica\u00a0<strong>pidi\u00f3 al ejecutivo municipal una soluci\u00f3n urgente a la\u00a0<\/strong><strong>problem\u00e1tica\u00a0<\/strong>que ahora llegar\u00e1 tras la firma del mencionado convenio.<\/p>\n<p style=\"text-align: justify;\" data-start=\"1179\" data-end=\"1414\"><strong>Imagen:<\/strong>\u00a0COPE<\/p>\n","protected":false},"excerpt":{"rendered":"<p>Una de las noticias destacadas de este mi\u00e9rcoles tiene que ver con el regreso de los ex\u00e1menes te\u00f3ricos de conducir&#8230;<\/p>\n","protected":false},"author":1,"featured_media":147663,"comment_status":"closed","ping_status":"closed","sticky":false,"template":"","format":"standard","meta":{"footnotes":""},"categories":[6909,89,91,75],"tags":[],"class_list":["post-157946","post","type-post","status-publish","format-standard","has-post-thumbnail","hentry","category-actualidad","category-audiosdelosprogramas","category-informativos","category-noticias"],"yoast_head":"<!-- This site is optimized with the Yoast SEO plugin v27.3 - https:\/\/yoast.com\/product\/yoast-seo-wordpress\/ -->\n<title>&#039;Mediod\u00eda Cope&#039; Alcoy mi\u00e9rcoles 1 de octubre 2025 (14:20h) - COPE Alcoy<\/title>\n<meta name=\"robots\" content=\"index, follow, max-snippet:-1, max-image-preview:large, max-video-preview:-1\" \/>\n<link rel=\"canonical\" href=\"https:\/\/www.copealcoy.es\/es\/mediodia-cope-alcoy-miercoles-1-de-octubre-2025-1420h\/\" \/>\n<meta property=\"og:locale\" content=\"es_ES\" \/>\n<meta property=\"og:type\" content=\"article\" \/>\n<meta property=\"og:title\" content=\"&#039;Mediod\u00eda Cope&#039; Alcoy mi\u00e9rcoles 1 de octubre 2025 (14:20h) - COPE Alcoy\" \/>\n<meta property=\"og:description\" content=\"Una de las noticias destacadas de este mi\u00e9rcoles tiene que ver con el regreso de los ex\u00e1menes te\u00f3ricos de conducir...\" \/>\n<meta property=\"og:url\" content=\"https:\/\/www.copealcoy.es\/es\/mediodia-cope-alcoy-miercoles-1-de-octubre-2025-1420h\/\" \/>\n<meta property=\"og:site_name\" content=\"COPE Alcoy\" \/>\n<meta property=\"article:published_time\" content=\"2025-10-01T06:35:11+00:00\" \/>\n<meta property=\"article:modified_time\" content=\"2025-10-01T16:29:34+00:00\" \/>\n<meta property=\"og:image\" content=\"https:\/\/www.copealcoy.es\/wp-content\/uploads\/2025\/02\/Mediodia-Cope-Castellano.png\" \/>\n\t<meta property=\"og:image:width\" content=\"357\" \/>\n\t<meta property=\"og:image:height\" content=\"290\" \/>\n\t<meta property=\"og:image:type\" content=\"image\/png\" \/>\n<meta name=\"author\" content=\"Cope Alcoy\" \/>\n<meta name=\"twitter:label1\" content=\"Escrito por\" \/>\n\t<meta name=\"twitter:data1\" content=\"Cope Alcoy\" \/>\n\t<meta name=\"twitter:label2\" content=\"Tiempo de lectura\" \/>\n\t<meta name=\"twitter:data2\" content=\"2 minutos\" \/>\n<script type=\"application\/ld+json\" class=\"yoast-schema-graph\">{\"@context\":\"https:\\\/\\\/schema.org\",\"@graph\":[{\"@type\":\"Article\",\"@id\":\"https:\\\/\\\/www.copealcoy.es\\\/es\\\/mediodia-cope-alcoy-miercoles-1-de-octubre-2025-1420h\\\/#article\",\"isPartOf\":{\"@id\":\"https:\\\/\\\/www.copealcoy.es\\\/es\\\/mediodia-cope-alcoy-miercoles-1-de-octubre-2025-1420h\\\/\"},\"author\":{\"name\":\"Cope Alcoy\",\"@id\":\"https:\\\/\\\/www.copealcoy.es\\\/es\\\/#\\\/schema\\\/person\\\/e777c87fa024e57d40170af9df39882c\"},\"headline\":\"&#8216;Mediod\u00eda Cope&#8217; Alcoy mi\u00e9rcoles 1 de octubre 2025 (14:20h)\",\"datePublished\":\"2025-10-01T06:35:11+00:00\",\"dateModified\":\"2025-10-01T16:29:34+00:00\",\"mainEntityOfPage\":{\"@id\":\"https:\\\/\\\/www.copealcoy.es\\\/es\\\/mediodia-cope-alcoy-miercoles-1-de-octubre-2025-1420h\\\/\"},\"wordCount\":335,\"image\":{\"@id\":\"https:\\\/\\\/www.copealcoy.es\\\/es\\\/mediodia-cope-alcoy-miercoles-1-de-octubre-2025-1420h\\\/#primaryimage\"},\"thumbnailUrl\":\"https:\\\/\\\/www.copealcoy.es\\\/wp-content\\\/uploads\\\/2025\\\/02\\\/Mediodia-Cope-Castellano.png\",\"articleSection\":[\"Actualidad\",\"Audios de los programas\",\"Informativos\",\"Noticias\"],\"inLanguage\":\"es\"},{\"@type\":\"WebPage\",\"@id\":\"https:\\\/\\\/www.copealcoy.es\\\/es\\\/mediodia-cope-alcoy-miercoles-1-de-octubre-2025-1420h\\\/\",\"url\":\"https:\\\/\\\/www.copealcoy.es\\\/es\\\/mediodia-cope-alcoy-miercoles-1-de-octubre-2025-1420h\\\/\",\"name\":\"'Mediod\u00eda Cope' Alcoy mi\u00e9rcoles 1 de octubre 2025 (14:20h) - COPE Alcoy\",\"isPartOf\":{\"@id\":\"https:\\\/\\\/www.copealcoy.es\\\/es\\\/#website\"},\"primaryImageOfPage\":{\"@id\":\"https:\\\/\\\/www.copealcoy.es\\\/es\\\/mediodia-cope-alcoy-miercoles-1-de-octubre-2025-1420h\\\/#primaryimage\"},\"image\":{\"@id\":\"https:\\\/\\\/www.copealcoy.es\\\/es\\\/mediodia-cope-alcoy-miercoles-1-de-octubre-2025-1420h\\\/#primaryimage\"},\"thumbnailUrl\":\"https:\\\/\\\/www.copealcoy.es\\\/wp-content\\\/uploads\\\/2025\\\/02\\\/Mediodia-Cope-Castellano.png\",\"datePublished\":\"2025-10-01T06:35:11+00:00\",\"dateModified\":\"2025-10-01T16:29:34+00:00\",\"author\":{\"@id\":\"https:\\\/\\\/www.copealcoy.es\\\/es\\\/#\\\/schema\\\/person\\\/e777c87fa024e57d40170af9df39882c\"},\"breadcrumb\":{\"@id\":\"https:\\\/\\\/www.copealcoy.es\\\/es\\\/mediodia-cope-alcoy-miercoles-1-de-octubre-2025-1420h\\\/#breadcrumb\"},\"inLanguage\":\"es\",\"potentialAction\":[{\"@type\":\"ReadAction\",\"target\":[\"https:\\\/\\\/www.copealcoy.es\\\/es\\\/mediodia-cope-alcoy-miercoles-1-de-octubre-2025-1420h\\\/\"]}]},{\"@type\":\"ImageObject\",\"inLanguage\":\"es\",\"@id\":\"https:\\\/\\\/www.copealcoy.es\\\/es\\\/mediodia-cope-alcoy-miercoles-1-de-octubre-2025-1420h\\\/#primaryimage\",\"url\":\"https:\\\/\\\/www.copealcoy.es\\\/wp-content\\\/uploads\\\/2025\\\/02\\\/Mediodia-Cope-Castellano.png\",\"contentUrl\":\"https:\\\/\\\/www.copealcoy.es\\\/wp-content\\\/uploads\\\/2025\\\/02\\\/Mediodia-Cope-Castellano.png\",\"width\":357,\"height\":290},{\"@type\":\"BreadcrumbList\",\"@id\":\"https:\\\/\\\/www.copealcoy.es\\\/es\\\/mediodia-cope-alcoy-miercoles-1-de-octubre-2025-1420h\\\/#breadcrumb\",\"itemListElement\":[{\"@type\":\"ListItem\",\"position\":1,\"name\":\"Portada\",\"item\":\"https:\\\/\\\/www.copealcoy.es\\\/es\\\/\"},{\"@type\":\"ListItem\",\"position\":2,\"name\":\"&#8216;Mediod\u00eda Cope&#8217; Alcoy mi\u00e9rcoles 1 de octubre 2025 (14:20h)\"}]},{\"@type\":\"WebSite\",\"@id\":\"https:\\\/\\\/www.copealcoy.es\\\/es\\\/#website\",\"url\":\"https:\\\/\\\/www.copealcoy.es\\\/es\\\/\",\"name\":\"COPE Alcoy\",\"description\":\"Emisora COPE de radio local con emisi\u00f3n online. Pont de Sant Jordi 8-10 03803 Alcoy\",\"potentialAction\":[{\"@type\":\"SearchAction\",\"target\":{\"@type\":\"EntryPoint\",\"urlTemplate\":\"https:\\\/\\\/www.copealcoy.es\\\/es\\\/?s={search_term_string}\"},\"query-input\":{\"@type\":\"PropertyValueSpecification\",\"valueRequired\":true,\"valueName\":\"search_term_string\"}}],\"inLanguage\":\"es\"},{\"@type\":\"Person\",\"@id\":\"https:\\\/\\\/www.copealcoy.es\\\/es\\\/#\\\/schema\\\/person\\\/e777c87fa024e57d40170af9df39882c\",\"name\":\"Cope Alcoy\",\"image\":{\"@type\":\"ImageObject\",\"inLanguage\":\"es\",\"@id\":\"https:\\\/\\\/secure.gravatar.com\\\/avatar\\\/bb65d0283347e303893ba14f0692005417c1e0e690a325a4c5d8bb2b3943ee14?s=96&d=mm&r=g\",\"url\":\"https:\\\/\\\/secure.gravatar.com\\\/avatar\\\/bb65d0283347e303893ba14f0692005417c1e0e690a325a4c5d8bb2b3943ee14?s=96&d=mm&r=g\",\"contentUrl\":\"https:\\\/\\\/secure.gravatar.com\\\/avatar\\\/bb65d0283347e303893ba14f0692005417c1e0e690a325a4c5d8bb2b3943ee14?s=96&d=mm&r=g\",\"caption\":\"Cope Alcoy\"}}]}<\/script>\n<!-- \/ Yoast SEO plugin. -->","yoast_head_json":{"title":"'Mediod\u00eda Cope' Alcoy mi\u00e9rcoles 1 de octubre 2025 (14:20h) - COPE Alcoy","robots":{"index":"index","follow":"follow","max-snippet":"max-snippet:-1","max-image-preview":"max-image-preview:large","max-video-preview":"max-video-preview:-1"},"canonical":"https:\/\/www.copealcoy.es\/es\/mediodia-cope-alcoy-miercoles-1-de-octubre-2025-1420h\/","og_locale":"es_ES","og_type":"article","og_title":"'Mediod\u00eda Cope' Alcoy mi\u00e9rcoles 1 de octubre 2025 (14:20h) - COPE Alcoy","og_description":"Una de las noticias destacadas de este mi\u00e9rcoles tiene que ver con el regreso de los ex\u00e1menes te\u00f3ricos de conducir...","og_url":"https:\/\/www.copealcoy.es\/es\/mediodia-cope-alcoy-miercoles-1-de-octubre-2025-1420h\/","og_site_name":"COPE Alcoy","article_published_time":"2025-10-01T06:35:11+00:00","article_modified_time":"2025-10-01T16:29:34+00:00","og_image":[{"width":357,"height":290,"url":"https:\/\/www.copealcoy.es\/wp-content\/uploads\/2025\/02\/Mediodia-Cope-Castellano.png","type":"image\/png"}],"author":"Cope Alcoy","twitter_misc":{"Escrito por":"Cope Alcoy","Tiempo de lectura":"2 minutos"},"schema":{"@context":"https:\/\/schema.org","@graph":[{"@type":"Article","@id":"https:\/\/www.copealcoy.es\/es\/mediodia-cope-alcoy-miercoles-1-de-octubre-2025-1420h\/#article","isPartOf":{"@id":"https:\/\/www.copealcoy.es\/es\/mediodia-cope-alcoy-miercoles-1-de-octubre-2025-1420h\/"},"author":{"name":"Cope Alcoy","@id":"https:\/\/www.copealcoy.es\/es\/#\/schema\/person\/e777c87fa024e57d40170af9df39882c"},"headline":"&#8216;Mediod\u00eda Cope&#8217; Alcoy mi\u00e9rcoles 1 de octubre 2025 (14:20h)","datePublished":"2025-10-01T06:35:11+00:00","dateModified":"2025-10-01T16:29:34+00:00","mainEntityOfPage":{"@id":"https:\/\/www.copealcoy.es\/es\/mediodia-cope-alcoy-miercoles-1-de-octubre-2025-1420h\/"},"wordCount":335,"image":{"@id":"https:\/\/www.copealcoy.es\/es\/mediodia-cope-alcoy-miercoles-1-de-octubre-2025-1420h\/#primaryimage"},"thumbnailUrl":"https:\/\/www.copealcoy.es\/wp-content\/uploads\/2025\/02\/Mediodia-Cope-Castellano.png","articleSection":["Actualidad","Audios de los programas","Informativos","Noticias"],"inLanguage":"es"},{"@type":"WebPage","@id":"https:\/\/www.copealcoy.es\/es\/mediodia-cope-alcoy-miercoles-1-de-octubre-2025-1420h\/","url":"https:\/\/www.copealcoy.es\/es\/mediodia-cope-alcoy-miercoles-1-de-octubre-2025-1420h\/","name":"'Mediod\u00eda Cope' Alcoy mi\u00e9rcoles 1 de octubre 2025 (14:20h) - COPE Alcoy","isPartOf":{"@id":"https:\/\/www.copealcoy.es\/es\/#website"},"primaryImageOfPage":{"@id":"https:\/\/www.copealcoy.es\/es\/mediodia-cope-alcoy-miercoles-1-de-octubre-2025-1420h\/#primaryimage"},"image":{"@id":"https:\/\/www.copealcoy.es\/es\/mediodia-cope-alcoy-miercoles-1-de-octubre-2025-1420h\/#primaryimage"},"thumbnailUrl":"https:\/\/www.copealcoy.es\/wp-content\/uploads\/2025\/02\/Mediodia-Cope-Castellano.png","datePublished":"2025-10-01T06:35:11+00:00","dateModified":"2025-10-01T16:29:34+00:00","author":{"@id":"https:\/\/www.copealcoy.es\/es\/#\/schema\/person\/e777c87fa024e57d40170af9df39882c"},"breadcrumb":{"@id":"https:\/\/www.copealcoy.es\/es\/mediodia-cope-alcoy-miercoles-1-de-octubre-2025-1420h\/#breadcrumb"},"inLanguage":"es","potentialAction":[{"@type":"ReadAction","target":["https:\/\/www.copealcoy.es\/es\/mediodia-cope-alcoy-miercoles-1-de-octubre-2025-1420h\/"]}]},{"@type":"ImageObject","inLanguage":"es","@id":"https:\/\/www.copealcoy.es\/es\/mediodia-cope-alcoy-miercoles-1-de-octubre-2025-1420h\/#primaryimage","url":"https:\/\/www.copealcoy.es\/wp-content\/uploads\/2025\/02\/Mediodia-Cope-Castellano.png","contentUrl":"https:\/\/www.copealcoy.es\/wp-content\/uploads\/2025\/02\/Mediodia-Cope-Castellano.png","width":357,"height":290},{"@type":"BreadcrumbList","@id":"https:\/\/www.copealcoy.es\/es\/mediodia-cope-alcoy-miercoles-1-de-octubre-2025-1420h\/#breadcrumb","itemListElement":[{"@type":"ListItem","position":1,"name":"Portada","item":"https:\/\/www.copealcoy.es\/es\/"},{"@type":"ListItem","position":2,"name":"&#8216;Mediod\u00eda Cope&#8217; Alcoy mi\u00e9rcoles 1 de octubre 2025 (14:20h)"}]},{"@type":"WebSite","@id":"https:\/\/www.copealcoy.es\/es\/#website","url":"https:\/\/www.copealcoy.es\/es\/","name":"COPE Alcoy","description":"Emisora COPE de radio local con emisi\u00f3n online. Pont de Sant Jordi 8-10 03803 Alcoy","potentialAction":[{"@type":"SearchAction","target":{"@type":"EntryPoint","urlTemplate":"https:\/\/www.copealcoy.es\/es\/?s={search_term_string}"},"query-input":{"@type":"PropertyValueSpecification","valueRequired":true,"valueName":"search_term_string"}}],"inLanguage":"es"},{"@type":"Person","@id":"https:\/\/www.copealcoy.es\/es\/#\/schema\/person\/e777c87fa024e57d40170af9df39882c","name":"Cope Alcoy","image":{"@type":"ImageObject","inLanguage":"es","@id":"https:\/\/secure.gravatar.com\/avatar\/bb65d0283347e303893ba14f0692005417c1e0e690a325a4c5d8bb2b3943ee14?s=96&d=mm&r=g","url":"https:\/\/secure.gravatar.com\/avatar\/bb65d0283347e303893ba14f0692005417c1e0e690a325a4c5d8bb2b3943ee14?s=96&d=mm&r=g","contentUrl":"https:\/\/secure.gravatar.com\/avatar\/bb65d0283347e303893ba14f0692005417c1e0e690a325a4c5d8bb2b3943ee14?s=96&d=mm&r=g","caption":"Cope Alcoy"}}]}},"_links":{"self":[{"href":"https:\/\/www.copealcoy.es\/es\/wp-json\/wp\/v2\/posts\/157946","targetHints":{"allow":["GET"]}}],"collection":[{"href":"https:\/\/www.copealcoy.es\/es\/wp-json\/wp\/v2\/posts"}],"about":[{"href":"https:\/\/www.copealcoy.es\/es\/wp-json\/wp\/v2\/types\/post"}],"author":[{"embeddable":true,"href":"https:\/\/www.copealcoy.es\/es\/wp-json\/wp\/v2\/users\/1"}],"replies":[{"embeddable":true,"href":"https:\/\/www.copealcoy.es\/es\/wp-json\/wp\/v2\/comments?post=157946"}],"version-history":[{"count":1,"href":"https:\/\/www.copealcoy.es\/es\/wp-json\/wp\/v2\/posts\/157946\/revisions"}],"predecessor-version":[{"id":157947,"href":"https:\/\/www.copealcoy.es\/es\/wp-json\/wp\/v2\/posts\/157946\/revisions\/157947"}],"wp:featuredmedia":[{"embeddable":true,"href":"https:\/\/www.copealcoy.es\/es\/wp-json\/wp\/v2\/media\/147663"}],"wp:attachment":[{"href":"https:\/\/www.copealcoy.es\/es\/wp-json\/wp\/v2\/media?parent=157946"}],"wp:term":[{"taxonomy":"category","embeddable":true,"href":"https:\/\/www.copealcoy.es\/es\/wp-json\/wp\/v2\/categories?post=157946"},{"taxonomy":"post_tag","embeddable":true,"href":"https:\/\/www.copealcoy.es\/es\/wp-json\/wp\/v2\/tags?post=157946"}],"curies":[{"name":"wp","href":"https:\/\/api.w.org\/{rel}","templated":true}]}}