{"id":157926,"date":"2025-10-02T12:24:39","date_gmt":"2025-10-02T11:24:39","guid":{"rendered":"https:\/\/www.copealcoy.es\/?p=157926"},"modified":"2025-10-02T17:51:40","modified_gmt":"2025-10-02T16:51:40","slug":"vuelve-a-estar-regulado-el-acceso-al-parque-natural-de-la-font-roja-en-alcoy","status":"publish","type":"post","link":"https:\/\/www.copealcoy.es\/es\/vuelve-a-estar-regulado-el-acceso-al-parque-natural-de-la-font-roja-en-alcoy\/","title":{"rendered":"Vuelve a estar regulado el acceso al Parque Natural de la Font Roja en Alcoy"},"content":{"rendered":"<p style=\"text-align: justify;\" data-start=\"291\" data-end=\"735\">El <a href=\"https:\/\/parquesnaturales.gva.es\/es\/web\/pn-font-roja\" target=\"_blank\" rel=\"noopener\"><span style=\"color: #0000ff;\"><strong data-start=\"294\" data-end=\"328\">Parque Natural de la Font Roja<\/strong><\/span><\/a> pondr\u00e1 en marcha este oto\u00f1o una <strong data-start=\"361\" data-end=\"385\">regulaci\u00f3n de acceso<\/strong> para turismos en la carretera <strong data-start=\"416\" data-end=\"426\">CV-797<\/strong>, con el objetivo de <strong data-start=\"447\" data-end=\"479\">conservar el entorno natural<\/strong> y garantizar la <strong data-start=\"496\" data-end=\"527\">seguridad de los visitantes<\/strong>. La medida responde a la elevada presi\u00f3n de visitas en fechas como <strong data-start=\"595\" data-end=\"630\">Semana Santa, primavera y oto\u00f1o<\/strong>, que superan la capacidad de carga del paraje y generan problemas de <strong data-start=\"700\" data-end=\"732\">aparcamiento y orden p\u00fablico<\/strong>.<\/p>\n<p style=\"text-align: justify;\" data-start=\"737\" data-end=\"1123\">El control se efectuar\u00e1 mediante una <strong data-start=\"774\" data-end=\"798\">barrera automatizada<\/strong> en el km 0,7 de la carretera, junto a la v\u00eda que da acceso al paraje de Sant Antoni, que permitir\u00e1 el paso \u00fanicamente a los veh\u00edculos con <strong data-start=\"882\" data-end=\"900\">reserva previa<\/strong>, adem\u00e1s de vecinos y clientes de alojamientos y hosteler\u00eda de la zona. La regulaci\u00f3n estar\u00e1 activa los <strong data-start=\"1004\" data-end=\"1036\">s\u00e1bados, domingos y festivos<\/strong> entre el <strong data-start=\"1046\" data-end=\"1082\">9 de octubre y el 8 de diciembre<\/strong>, en horario de <strong data-start=\"1098\" data-end=\"1120\">8:00 a 14:00 horas<\/strong>.<\/p>\n<p style=\"text-align: justify;\" data-start=\"1125\" data-end=\"1488\">El <strong data-start=\"1128\" data-end=\"1144\">aparcamiento<\/strong> contar\u00e1 con <strong data-start=\"1157\" data-end=\"1180\">55 plazas limitadas<\/strong>, que deber\u00e1n reservarse a trav\u00e9s de la <strong data-start=\"1220\" data-end=\"1262\">web del Parque Natural de la Font Roja <\/strong>&#8220;<em data-start=\"1538\" data-end=\"1706\">esta medida busca compatibilizar la conservaci\u00f3n del espacio con el disfrute de los visitantes, evitando situaciones de masificaci\u00f3n y garantizando un acceso seguro&#8221;, <\/em>indican desde la direcci\u00f3n del parque.\u00a0Como alternativa, el <strong data-start=\"1285\" data-end=\"1310\">Ayuntamiento de Alcoy<\/strong> ampliar\u00e1 el <strong data-start=\"1323\" data-end=\"1363\">servicio de autob\u00fas urbano (L\u00ednea 5)<\/strong> hasta el santuario, con salidas desde el aparcamiento del Cementerio Municipal y un precio de <strong data-start=\"1458\" data-end=\"1485\">0,85 euros <\/strong>por trayecto.<\/p>\n","protected":false},"excerpt":{"rendered":"<p>El Parque Natural de la Font Roja pondr\u00e1 en marcha este oto\u00f1o una regulaci\u00f3n de acceso para turismos en la&#8230;<\/p>\n","protected":false},"author":1,"featured_media":141106,"comment_status":"closed","ping_status":"closed","sticky":false,"template":"","format":"standard","meta":{"footnotes":""},"categories":[6909,97,75,125],"tags":[211,1494,5314,437,10067],"class_list":["post-157926","post","type-post","status-publish","format-standard","has-post-thumbnail","hentry","category-actualidad","category-alcoy","category-noticias","category-portada","tag-acceso","tag-alcoy","tag-barrera","tag-font-roja","tag-regulacion"],"yoast_head":"<!-- This site is optimized with the Yoast SEO plugin v27.3 - https:\/\/yoast.com\/product\/yoast-seo-wordpress\/ -->\n<title>Vuelve a estar regulado el acceso al Parque Natural de la Font Roja en Alcoy - COPE Alcoy<\/title>\n<meta name=\"description\" content=\"Vuelve estar activa la barrera que regula el acceso al Parque Natural de la Font Roja\" \/>\n<meta name=\"robots\" content=\"index, follow, max-snippet:-1, max-image-preview:large, max-video-preview:-1\" \/>\n<link rel=\"canonical\" href=\"https:\/\/www.copealcoy.es\/es\/vuelve-a-estar-regulado-el-acceso-al-parque-natural-de-la-font-roja-en-alcoy\/\" \/>\n<meta property=\"og:locale\" content=\"es_ES\" \/>\n<meta property=\"og:type\" content=\"article\" \/>\n<meta property=\"og:title\" content=\"Vuelve a estar regulado el acceso al Parque Natural de la Font Roja en Alcoy - COPE Alcoy\" \/>\n<meta property=\"og:description\" content=\"Vuelve estar activa la barrera que regula el acceso al Parque Natural de la Font Roja\" \/>\n<meta property=\"og:url\" content=\"https:\/\/www.copealcoy.es\/es\/vuelve-a-estar-regulado-el-acceso-al-parque-natural-de-la-font-roja-en-alcoy\/\" \/>\n<meta property=\"og:site_name\" content=\"COPE Alcoy\" \/>\n<meta property=\"article:published_time\" content=\"2025-10-02T11:24:39+00:00\" \/>\n<meta property=\"article:modified_time\" content=\"2025-10-02T16:51:40+00:00\" \/>\n<meta property=\"og:image\" content=\"https:\/\/www.copealcoy.es\/wp-content\/uploads\/2024\/10\/WhatsApp-Image-2022-03-21-at-16.46.03-RAojbTl8YM64adqnolaGmzH-1248x770@Las-Provincias.webp\" \/>\n\t<meta property=\"og:image:width\" content=\"1248\" \/>\n\t<meta property=\"og:image:height\" content=\"770\" \/>\n\t<meta property=\"og:image:type\" content=\"image\/webp\" \/>\n<meta name=\"author\" content=\"Cope Alcoy\" \/>\n<meta name=\"twitter:label1\" content=\"Escrito por\" \/>\n\t<meta name=\"twitter:data1\" content=\"Cope Alcoy\" \/>\n\t<meta name=\"twitter:label2\" content=\"Tiempo de lectura\" \/>\n\t<meta name=\"twitter:data2\" content=\"2 minutos\" \/>\n<script type=\"application\/ld+json\" class=\"yoast-schema-graph\">{\"@context\":\"https:\\\/\\\/schema.org\",\"@graph\":[{\"@type\":\"Article\",\"@id\":\"https:\\\/\\\/www.copealcoy.es\\\/es\\\/vuelve-a-estar-regulado-el-acceso-al-parque-natural-de-la-font-roja-en-alcoy\\\/#article\",\"isPartOf\":{\"@id\":\"https:\\\/\\\/www.copealcoy.es\\\/es\\\/vuelve-a-estar-regulado-el-acceso-al-parque-natural-de-la-font-roja-en-alcoy\\\/\"},\"author\":{\"name\":\"Cope Alcoy\",\"@id\":\"https:\\\/\\\/www.copealcoy.es\\\/es\\\/#\\\/schema\\\/person\\\/e777c87fa024e57d40170af9df39882c\"},\"headline\":\"Vuelve a estar regulado el acceso al Parque Natural de la Font Roja en Alcoy\",\"datePublished\":\"2025-10-02T11:24:39+00:00\",\"dateModified\":\"2025-10-02T16:51:40+00:00\",\"mainEntityOfPage\":{\"@id\":\"https:\\\/\\\/www.copealcoy.es\\\/es\\\/vuelve-a-estar-regulado-el-acceso-al-parque-natural-de-la-font-roja-en-alcoy\\\/\"},\"wordCount\":255,\"image\":{\"@id\":\"https:\\\/\\\/www.copealcoy.es\\\/es\\\/vuelve-a-estar-regulado-el-acceso-al-parque-natural-de-la-font-roja-en-alcoy\\\/#primaryimage\"},\"thumbnailUrl\":\"https:\\\/\\\/www.copealcoy.es\\\/wp-content\\\/uploads\\\/2024\\\/10\\\/WhatsApp-Image-2022-03-21-at-16.46.03-RAojbTl8YM64adqnolaGmzH-1248x770@Las-Provincias.webp\",\"keywords\":[\"acceso\",\"Alcoy\",\"Barrera\",\"Font Roja\",\"regulaci\u00f3n\"],\"articleSection\":[\"Actualidad\",\"Alcoy\",\"Noticias\",\"Portada\"],\"inLanguage\":\"es\"},{\"@type\":\"WebPage\",\"@id\":\"https:\\\/\\\/www.copealcoy.es\\\/es\\\/vuelve-a-estar-regulado-el-acceso-al-parque-natural-de-la-font-roja-en-alcoy\\\/\",\"url\":\"https:\\\/\\\/www.copealcoy.es\\\/es\\\/vuelve-a-estar-regulado-el-acceso-al-parque-natural-de-la-font-roja-en-alcoy\\\/\",\"name\":\"Vuelve a estar regulado el acceso al Parque Natural de la Font Roja en Alcoy - COPE Alcoy\",\"isPartOf\":{\"@id\":\"https:\\\/\\\/www.copealcoy.es\\\/es\\\/#website\"},\"primaryImageOfPage\":{\"@id\":\"https:\\\/\\\/www.copealcoy.es\\\/es\\\/vuelve-a-estar-regulado-el-acceso-al-parque-natural-de-la-font-roja-en-alcoy\\\/#primaryimage\"},\"image\":{\"@id\":\"https:\\\/\\\/www.copealcoy.es\\\/es\\\/vuelve-a-estar-regulado-el-acceso-al-parque-natural-de-la-font-roja-en-alcoy\\\/#primaryimage\"},\"thumbnailUrl\":\"https:\\\/\\\/www.copealcoy.es\\\/wp-content\\\/uploads\\\/2024\\\/10\\\/WhatsApp-Image-2022-03-21-at-16.46.03-RAojbTl8YM64adqnolaGmzH-1248x770@Las-Provincias.webp\",\"datePublished\":\"2025-10-02T11:24:39+00:00\",\"dateModified\":\"2025-10-02T16:51:40+00:00\",\"author\":{\"@id\":\"https:\\\/\\\/www.copealcoy.es\\\/es\\\/#\\\/schema\\\/person\\\/e777c87fa024e57d40170af9df39882c\"},\"description\":\"Vuelve estar activa la barrera que regula el acceso al Parque Natural de la Font Roja\",\"breadcrumb\":{\"@id\":\"https:\\\/\\\/www.copealcoy.es\\\/es\\\/vuelve-a-estar-regulado-el-acceso-al-parque-natural-de-la-font-roja-en-alcoy\\\/#breadcrumb\"},\"inLanguage\":\"es\",\"potentialAction\":[{\"@type\":\"ReadAction\",\"target\":[\"https:\\\/\\\/www.copealcoy.es\\\/es\\\/vuelve-a-estar-regulado-el-acceso-al-parque-natural-de-la-font-roja-en-alcoy\\\/\"]}]},{\"@type\":\"ImageObject\",\"inLanguage\":\"es\",\"@id\":\"https:\\\/\\\/www.copealcoy.es\\\/es\\\/vuelve-a-estar-regulado-el-acceso-al-parque-natural-de-la-font-roja-en-alcoy\\\/#primaryimage\",\"url\":\"https:\\\/\\\/www.copealcoy.es\\\/wp-content\\\/uploads\\\/2024\\\/10\\\/WhatsApp-Image-2022-03-21-at-16.46.03-RAojbTl8YM64adqnolaGmzH-1248x770@Las-Provincias.webp\",\"contentUrl\":\"https:\\\/\\\/www.copealcoy.es\\\/wp-content\\\/uploads\\\/2024\\\/10\\\/WhatsApp-Image-2022-03-21-at-16.46.03-RAojbTl8YM64adqnolaGmzH-1248x770@Las-Provincias.webp\",\"width\":1248,\"height\":770},{\"@type\":\"BreadcrumbList\",\"@id\":\"https:\\\/\\\/www.copealcoy.es\\\/es\\\/vuelve-a-estar-regulado-el-acceso-al-parque-natural-de-la-font-roja-en-alcoy\\\/#breadcrumb\",\"itemListElement\":[{\"@type\":\"ListItem\",\"position\":1,\"name\":\"Portada\",\"item\":\"https:\\\/\\\/www.copealcoy.es\\\/es\\\/\"},{\"@type\":\"ListItem\",\"position\":2,\"name\":\"Vuelve a estar regulado el acceso al Parque Natural de la Font Roja en Alcoy\"}]},{\"@type\":\"WebSite\",\"@id\":\"https:\\\/\\\/www.copealcoy.es\\\/es\\\/#website\",\"url\":\"https:\\\/\\\/www.copealcoy.es\\\/es\\\/\",\"name\":\"COPE Alcoy\",\"description\":\"Emisora COPE de radio local con emisi\u00f3n online. Pont de Sant Jordi 8-10 03803 Alcoy\",\"potentialAction\":[{\"@type\":\"SearchAction\",\"target\":{\"@type\":\"EntryPoint\",\"urlTemplate\":\"https:\\\/\\\/www.copealcoy.es\\\/es\\\/?s={search_term_string}\"},\"query-input\":{\"@type\":\"PropertyValueSpecification\",\"valueRequired\":true,\"valueName\":\"search_term_string\"}}],\"inLanguage\":\"es\"},{\"@type\":\"Person\",\"@id\":\"https:\\\/\\\/www.copealcoy.es\\\/es\\\/#\\\/schema\\\/person\\\/e777c87fa024e57d40170af9df39882c\",\"name\":\"Cope Alcoy\",\"image\":{\"@type\":\"ImageObject\",\"inLanguage\":\"es\",\"@id\":\"https:\\\/\\\/secure.gravatar.com\\\/avatar\\\/bb65d0283347e303893ba14f0692005417c1e0e690a325a4c5d8bb2b3943ee14?s=96&d=mm&r=g\",\"url\":\"https:\\\/\\\/secure.gravatar.com\\\/avatar\\\/bb65d0283347e303893ba14f0692005417c1e0e690a325a4c5d8bb2b3943ee14?s=96&d=mm&r=g\",\"contentUrl\":\"https:\\\/\\\/secure.gravatar.com\\\/avatar\\\/bb65d0283347e303893ba14f0692005417c1e0e690a325a4c5d8bb2b3943ee14?s=96&d=mm&r=g\",\"caption\":\"Cope Alcoy\"}}]}<\/script>\n<!-- \/ Yoast SEO plugin. -->","yoast_head_json":{"title":"Vuelve a estar regulado el acceso al Parque Natural de la Font Roja en Alcoy - COPE Alcoy","description":"Vuelve estar activa la barrera que regula el acceso al Parque Natural de la Font Roja","robots":{"index":"index","follow":"follow","max-snippet":"max-snippet:-1","max-image-preview":"max-image-preview:large","max-video-preview":"max-video-preview:-1"},"canonical":"https:\/\/www.copealcoy.es\/es\/vuelve-a-estar-regulado-el-acceso-al-parque-natural-de-la-font-roja-en-alcoy\/","og_locale":"es_ES","og_type":"article","og_title":"Vuelve a estar regulado el acceso al Parque Natural de la Font Roja en Alcoy - COPE Alcoy","og_description":"Vuelve estar activa la barrera que regula el acceso al Parque Natural de la Font Roja","og_url":"https:\/\/www.copealcoy.es\/es\/vuelve-a-estar-regulado-el-acceso-al-parque-natural-de-la-font-roja-en-alcoy\/","og_site_name":"COPE Alcoy","article_published_time":"2025-10-02T11:24:39+00:00","article_modified_time":"2025-10-02T16:51:40+00:00","og_image":[{"width":1248,"height":770,"url":"https:\/\/www.copealcoy.es\/wp-content\/uploads\/2024\/10\/WhatsApp-Image-2022-03-21-at-16.46.03-RAojbTl8YM64adqnolaGmzH-1248x770@Las-Provincias.webp","type":"image\/webp"}],"author":"Cope Alcoy","twitter_misc":{"Escrito por":"Cope Alcoy","Tiempo de lectura":"2 minutos"},"schema":{"@context":"https:\/\/schema.org","@graph":[{"@type":"Article","@id":"https:\/\/www.copealcoy.es\/es\/vuelve-a-estar-regulado-el-acceso-al-parque-natural-de-la-font-roja-en-alcoy\/#article","isPartOf":{"@id":"https:\/\/www.copealcoy.es\/es\/vuelve-a-estar-regulado-el-acceso-al-parque-natural-de-la-font-roja-en-alcoy\/"},"author":{"name":"Cope Alcoy","@id":"https:\/\/www.copealcoy.es\/es\/#\/schema\/person\/e777c87fa024e57d40170af9df39882c"},"headline":"Vuelve a estar regulado el acceso al Parque Natural de la Font Roja en Alcoy","datePublished":"2025-10-02T11:24:39+00:00","dateModified":"2025-10-02T16:51:40+00:00","mainEntityOfPage":{"@id":"https:\/\/www.copealcoy.es\/es\/vuelve-a-estar-regulado-el-acceso-al-parque-natural-de-la-font-roja-en-alcoy\/"},"wordCount":255,"image":{"@id":"https:\/\/www.copealcoy.es\/es\/vuelve-a-estar-regulado-el-acceso-al-parque-natural-de-la-font-roja-en-alcoy\/#primaryimage"},"thumbnailUrl":"https:\/\/www.copealcoy.es\/wp-content\/uploads\/2024\/10\/WhatsApp-Image-2022-03-21-at-16.46.03-RAojbTl8YM64adqnolaGmzH-1248x770@Las-Provincias.webp","keywords":["acceso","Alcoy","Barrera","Font Roja","regulaci\u00f3n"],"articleSection":["Actualidad","Alcoy","Noticias","Portada"],"inLanguage":"es"},{"@type":"WebPage","@id":"https:\/\/www.copealcoy.es\/es\/vuelve-a-estar-regulado-el-acceso-al-parque-natural-de-la-font-roja-en-alcoy\/","url":"https:\/\/www.copealcoy.es\/es\/vuelve-a-estar-regulado-el-acceso-al-parque-natural-de-la-font-roja-en-alcoy\/","name":"Vuelve a estar regulado el acceso al Parque Natural de la Font Roja en Alcoy - COPE Alcoy","isPartOf":{"@id":"https:\/\/www.copealcoy.es\/es\/#website"},"primaryImageOfPage":{"@id":"https:\/\/www.copealcoy.es\/es\/vuelve-a-estar-regulado-el-acceso-al-parque-natural-de-la-font-roja-en-alcoy\/#primaryimage"},"image":{"@id":"https:\/\/www.copealcoy.es\/es\/vuelve-a-estar-regulado-el-acceso-al-parque-natural-de-la-font-roja-en-alcoy\/#primaryimage"},"thumbnailUrl":"https:\/\/www.copealcoy.es\/wp-content\/uploads\/2024\/10\/WhatsApp-Image-2022-03-21-at-16.46.03-RAojbTl8YM64adqnolaGmzH-1248x770@Las-Provincias.webp","datePublished":"2025-10-02T11:24:39+00:00","dateModified":"2025-10-02T16:51:40+00:00","author":{"@id":"https:\/\/www.copealcoy.es\/es\/#\/schema\/person\/e777c87fa024e57d40170af9df39882c"},"description":"Vuelve estar activa la barrera que regula el acceso al Parque Natural de la Font Roja","breadcrumb":{"@id":"https:\/\/www.copealcoy.es\/es\/vuelve-a-estar-regulado-el-acceso-al-parque-natural-de-la-font-roja-en-alcoy\/#breadcrumb"},"inLanguage":"es","potentialAction":[{"@type":"ReadAction","target":["https:\/\/www.copealcoy.es\/es\/vuelve-a-estar-regulado-el-acceso-al-parque-natural-de-la-font-roja-en-alcoy\/"]}]},{"@type":"ImageObject","inLanguage":"es","@id":"https:\/\/www.copealcoy.es\/es\/vuelve-a-estar-regulado-el-acceso-al-parque-natural-de-la-font-roja-en-alcoy\/#primaryimage","url":"https:\/\/www.copealcoy.es\/wp-content\/uploads\/2024\/10\/WhatsApp-Image-2022-03-21-at-16.46.03-RAojbTl8YM64adqnolaGmzH-1248x770@Las-Provincias.webp","contentUrl":"https:\/\/www.copealcoy.es\/wp-content\/uploads\/2024\/10\/WhatsApp-Image-2022-03-21-at-16.46.03-RAojbTl8YM64adqnolaGmzH-1248x770@Las-Provincias.webp","width":1248,"height":770},{"@type":"BreadcrumbList","@id":"https:\/\/www.copealcoy.es\/es\/vuelve-a-estar-regulado-el-acceso-al-parque-natural-de-la-font-roja-en-alcoy\/#breadcrumb","itemListElement":[{"@type":"ListItem","position":1,"name":"Portada","item":"https:\/\/www.copealcoy.es\/es\/"},{"@type":"ListItem","position":2,"name":"Vuelve a estar regulado el acceso al Parque Natural de la Font Roja en Alcoy"}]},{"@type":"WebSite","@id":"https:\/\/www.copealcoy.es\/es\/#website","url":"https:\/\/www.copealcoy.es\/es\/","name":"COPE Alcoy","description":"Emisora COPE de radio local con emisi\u00f3n online. Pont de Sant Jordi 8-10 03803 Alcoy","potentialAction":[{"@type":"SearchAction","target":{"@type":"EntryPoint","urlTemplate":"https:\/\/www.copealcoy.es\/es\/?s={search_term_string}"},"query-input":{"@type":"PropertyValueSpecification","valueRequired":true,"valueName":"search_term_string"}}],"inLanguage":"es"},{"@type":"Person","@id":"https:\/\/www.copealcoy.es\/es\/#\/schema\/person\/e777c87fa024e57d40170af9df39882c","name":"Cope Alcoy","image":{"@type":"ImageObject","inLanguage":"es","@id":"https:\/\/secure.gravatar.com\/avatar\/bb65d0283347e303893ba14f0692005417c1e0e690a325a4c5d8bb2b3943ee14?s=96&d=mm&r=g","url":"https:\/\/secure.gravatar.com\/avatar\/bb65d0283347e303893ba14f0692005417c1e0e690a325a4c5d8bb2b3943ee14?s=96&d=mm&r=g","contentUrl":"https:\/\/secure.gravatar.com\/avatar\/bb65d0283347e303893ba14f0692005417c1e0e690a325a4c5d8bb2b3943ee14?s=96&d=mm&r=g","caption":"Cope Alcoy"}}]}},"_links":{"self":[{"href":"https:\/\/www.copealcoy.es\/es\/wp-json\/wp\/v2\/posts\/157926","targetHints":{"allow":["GET"]}}],"collection":[{"href":"https:\/\/www.copealcoy.es\/es\/wp-json\/wp\/v2\/posts"}],"about":[{"href":"https:\/\/www.copealcoy.es\/es\/wp-json\/wp\/v2\/types\/post"}],"author":[{"embeddable":true,"href":"https:\/\/www.copealcoy.es\/es\/wp-json\/wp\/v2\/users\/1"}],"replies":[{"embeddable":true,"href":"https:\/\/www.copealcoy.es\/es\/wp-json\/wp\/v2\/comments?post=157926"}],"version-history":[{"count":2,"href":"https:\/\/www.copealcoy.es\/es\/wp-json\/wp\/v2\/posts\/157926\/revisions"}],"predecessor-version":[{"id":157998,"href":"https:\/\/www.copealcoy.es\/es\/wp-json\/wp\/v2\/posts\/157926\/revisions\/157998"}],"wp:featuredmedia":[{"embeddable":true,"href":"https:\/\/www.copealcoy.es\/es\/wp-json\/wp\/v2\/media\/141106"}],"wp:attachment":[{"href":"https:\/\/www.copealcoy.es\/es\/wp-json\/wp\/v2\/media?parent=157926"}],"wp:term":[{"taxonomy":"category","embeddable":true,"href":"https:\/\/www.copealcoy.es\/es\/wp-json\/wp\/v2\/categories?post=157926"},{"taxonomy":"post_tag","embeddable":true,"href":"https:\/\/www.copealcoy.es\/es\/wp-json\/wp\/v2\/tags?post=157926"}],"curies":[{"name":"wp","href":"https:\/\/api.w.org\/{rel}","templated":true}]}}