{"id":157917,"date":"2025-10-02T08:00:02","date_gmt":"2025-10-02T07:00:02","guid":{"rendered":"https:\/\/www.copealcoy.es\/?p=157917"},"modified":"2025-10-04T10:05:43","modified_gmt":"2025-10-04T09:05:43","slug":"la-cova-de-lor-de-beniarres-reabre-las-puertas-y-estrena-novedades-en-su-espacio-expositivo","status":"publish","type":"post","link":"https:\/\/www.copealcoy.es\/es\/la-cova-de-lor-de-beniarres-reabre-las-puertas-y-estrena-novedades-en-su-espacio-expositivo\/","title":{"rendered":"La Cova de l&#8217;Or de Beniarr\u00e9s reabre las puertas y estrena novedades en su espacio expositivo"},"content":{"rendered":"<p style=\"text-align: justify;\" data-start=\"243\" data-end=\"662\">El <strong data-start=\"246\" data-end=\"289\">yacimiento neol\u00edtico de la Cova de l\u2019Or<\/strong>, en <a href=\"https:\/\/www.beniarres.es\/\" target=\"_blank\" rel=\"noopener\"><span style=\"color: #0000ff;\"><strong data-start=\"294\" data-end=\"307\">Beniarr\u00e9s<\/strong><\/span><\/a>, reabrir\u00e1 sus puertas al p\u00fablico el pr\u00f3ximo <strong data-start=\"352\" data-end=\"369\">11 de octubre<\/strong> despu\u00e9s de las obras de mejora realizadas este verano. La <strong data-start=\"428\" data-end=\"454\">Diputaci\u00f3n de Alicante<\/strong> y la <strong data-start=\"460\" data-end=\"481\">Fundaci\u00f3n CV MARQ<\/strong> han invertido <strong data-start=\"496\" data-end=\"512\">65.000 euros<\/strong> en la ampliaci\u00f3n del recorrido y en la actualizaci\u00f3n de los contenidos expositivos, con el objetivo de enriquecer la experiencia de los visitantes.<\/p>\n<p style=\"text-align: justify;\" data-start=\"1039\" data-end=\"1485\">Durante la campa\u00f1a de excavaci\u00f3n, se han hallado <strong data-start=\"1088\" data-end=\"1123\">materiales de diferentes \u00e9pocas<\/strong>, que van desde <strong data-start=\"1139\" data-end=\"1166\">cer\u00e1mica del siglo XVII<\/strong> hasta <strong data-start=\"1173\" data-end=\"1209\">monedas romanas del siglo I d.C.<\/strong>, adem\u00e1s de restos <strong data-start=\"1228\" data-end=\"1289\">ib\u00e9ricos, neol\u00edticos, huesos humanos y ajuares funerarios<\/strong>. Estos hallazgos se est\u00e1n analizando junto con pruebas de <strong data-start=\"1348\" data-end=\"1355\">C14<\/strong>, estudios <strong data-start=\"1366\" data-end=\"1380\">geol\u00f3gicos<\/strong> y <strong data-start=\"1383\" data-end=\"1403\">sedimentol\u00f3gicos<\/strong>, con el fin de obtener m\u00e1s informaci\u00f3n sobre los usos hist\u00f3ricos de la cavidad \u00a0&#8220;<em data-start=\"731\" data-end=\"1034\">los trabajos, coordinados por el \u00c1rea de Arquitectura de la instituci\u00f3n provincial, se enmarcan en la segunda fase del Plan General de Investigaci\u00f3n y Musealizaci\u00f3n del Yacimiento, autorizado por la Conselleria de Cultura, y se iniciaron a primeros de agosto, prolong\u00e1ndose hasta primeros de octubre&#8221;, <\/em>detalla el diputado de Cultura; <strong>Juan de Dios Navarro<\/strong>.<\/p>\n<p style=\"text-align: justify;\" data-start=\"1487\" data-end=\"1930\">Las mejoras incluyen nuevos <strong data-start=\"1515\" data-end=\"1557\">recursos museogr\u00e1ficos y audiovisuales<\/strong>, accesibilidad renovada, un <strong data-start=\"1586\" data-end=\"1620\">itinerario lineal de 65 metros<\/strong> y experiencias interactivas con <strong data-start=\"1653\" data-end=\"1667\">c\u00f3digos QR<\/strong> enlazados a la web del <strong data-start=\"1691\" data-end=\"1699\">MARQ<\/strong>. Entre los atractivos destaca una grabaci\u00f3n con <strong data-start=\"1748\" data-end=\"1756\">dron<\/strong> y la recreaci\u00f3n del recorrido del <strong data-start=\"1791\" data-end=\"1839\">haz de luz solar en el solsticio de invierno<\/strong>, lo que permitir\u00e1 comprender mejor el valor cultural y cient\u00edfico de este enclave \u00fanico.<\/p>\n","protected":false},"excerpt":{"rendered":"<p>El yacimiento neol\u00edtico de la Cova de l\u2019Or, en Beniarr\u00e9s, reabrir\u00e1 sus puertas al p\u00fablico el pr\u00f3ximo 11 de octubre&#8230;<\/p>\n","protected":false},"author":1,"featured_media":158070,"comment_status":"closed","ping_status":"closed","sticky":false,"template":"","format":"standard","meta":{"footnotes":""},"categories":[6909,98,75],"tags":[851,3211,947,1031,3338],"class_list":["post-157917","post","type-post","status-publish","format-standard","has-post-thumbnail","hentry","category-actualidad","category-comarcas","category-noticias","tag-beniarres","tag-cova-de-lor","tag-diputacion-de-alicante","tag-marq","tag-reapertura"],"yoast_head":"<!-- This site is optimized with the Yoast SEO plugin v27.3 - https:\/\/yoast.com\/product\/yoast-seo-wordpress\/ -->\n<title>La Cova de l&#039;Or de Beniarr\u00e9s reabre las puertas y estrena novedades en su espacio expositivo - COPE Alcoy<\/title>\n<meta name=\"description\" content=\"La Cova de l&#039;Or de Beniarr\u00e9s reabre sus puertas con novedades en su espacio expositivo\" \/>\n<meta name=\"robots\" content=\"index, follow, max-snippet:-1, max-image-preview:large, max-video-preview:-1\" \/>\n<link rel=\"canonical\" href=\"https:\/\/www.copealcoy.es\/es\/la-cova-de-lor-de-beniarres-reabre-las-puertas-y-estrena-novedades-en-su-espacio-expositivo\/\" \/>\n<meta property=\"og:locale\" content=\"es_ES\" \/>\n<meta property=\"og:type\" content=\"article\" \/>\n<meta property=\"og:title\" content=\"La Cova de l&#039;Or de Beniarr\u00e9s reabre las puertas y estrena novedades en su espacio expositivo - COPE Alcoy\" \/>\n<meta property=\"og:description\" content=\"La Cova de l&#039;Or de Beniarr\u00e9s reabre sus puertas con novedades en su espacio expositivo\" \/>\n<meta property=\"og:url\" content=\"https:\/\/www.copealcoy.es\/es\/la-cova-de-lor-de-beniarres-reabre-las-puertas-y-estrena-novedades-en-su-espacio-expositivo\/\" \/>\n<meta property=\"og:site_name\" content=\"COPE Alcoy\" \/>\n<meta property=\"article:published_time\" content=\"2025-10-02T07:00:02+00:00\" \/>\n<meta property=\"article:modified_time\" content=\"2025-10-04T09:05:43+00:00\" \/>\n<meta property=\"og:image\" content=\"https:\/\/www.copealcoy.es\/wp-content\/uploads\/2025\/10\/2-Exterior-de-la-Cova-de-lor-tras-su-acondicionamiento-Foto-Diputacion-de-Alicante-scaled-e1759568708440.jpg\" \/>\n\t<meta property=\"og:image:width\" content=\"800\" \/>\n\t<meta property=\"og:image:height\" content=\"533\" \/>\n\t<meta property=\"og:image:type\" content=\"image\/jpeg\" \/>\n<meta name=\"author\" content=\"Cope Alcoy\" \/>\n<meta name=\"twitter:label1\" content=\"Escrito por\" \/>\n\t<meta name=\"twitter:data1\" content=\"Cope Alcoy\" \/>\n\t<meta name=\"twitter:label2\" content=\"Tiempo de lectura\" \/>\n\t<meta name=\"twitter:data2\" content=\"2 minutos\" \/>\n<script type=\"application\/ld+json\" class=\"yoast-schema-graph\">{\"@context\":\"https:\\\/\\\/schema.org\",\"@graph\":[{\"@type\":\"Article\",\"@id\":\"https:\\\/\\\/www.copealcoy.es\\\/es\\\/la-cova-de-lor-de-beniarres-reabre-las-puertas-y-estrena-novedades-en-su-espacio-expositivo\\\/#article\",\"isPartOf\":{\"@id\":\"https:\\\/\\\/www.copealcoy.es\\\/es\\\/la-cova-de-lor-de-beniarres-reabre-las-puertas-y-estrena-novedades-en-su-espacio-expositivo\\\/\"},\"author\":{\"name\":\"Cope Alcoy\",\"@id\":\"https:\\\/\\\/www.copealcoy.es\\\/es\\\/#\\\/schema\\\/person\\\/e777c87fa024e57d40170af9df39882c\"},\"headline\":\"La Cova de l&#8217;Or de Beniarr\u00e9s reabre las puertas y estrena novedades en su espacio expositivo\",\"datePublished\":\"2025-10-02T07:00:02+00:00\",\"dateModified\":\"2025-10-04T09:05:43+00:00\",\"mainEntityOfPage\":{\"@id\":\"https:\\\/\\\/www.copealcoy.es\\\/es\\\/la-cova-de-lor-de-beniarres-reabre-las-puertas-y-estrena-novedades-en-su-espacio-expositivo\\\/\"},\"wordCount\":295,\"image\":{\"@id\":\"https:\\\/\\\/www.copealcoy.es\\\/es\\\/la-cova-de-lor-de-beniarres-reabre-las-puertas-y-estrena-novedades-en-su-espacio-expositivo\\\/#primaryimage\"},\"thumbnailUrl\":\"https:\\\/\\\/www.copealcoy.es\\\/wp-content\\\/uploads\\\/2025\\\/10\\\/2-Exterior-de-la-Cova-de-lor-tras-su-acondicionamiento-Foto-Diputacion-de-Alicante-scaled-e1759568708440.jpg\",\"keywords\":[\"Beniarres\",\"Cova de l\u00b4Or\",\"Diputaci\u00f3n de Alicante\",\"MARQ\",\"reapertura\"],\"articleSection\":[\"Actualidad\",\"Comarcas\",\"Noticias\"],\"inLanguage\":\"es\"},{\"@type\":\"WebPage\",\"@id\":\"https:\\\/\\\/www.copealcoy.es\\\/es\\\/la-cova-de-lor-de-beniarres-reabre-las-puertas-y-estrena-novedades-en-su-espacio-expositivo\\\/\",\"url\":\"https:\\\/\\\/www.copealcoy.es\\\/es\\\/la-cova-de-lor-de-beniarres-reabre-las-puertas-y-estrena-novedades-en-su-espacio-expositivo\\\/\",\"name\":\"La Cova de l'Or de Beniarr\u00e9s reabre las puertas y estrena novedades en su espacio expositivo - COPE Alcoy\",\"isPartOf\":{\"@id\":\"https:\\\/\\\/www.copealcoy.es\\\/es\\\/#website\"},\"primaryImageOfPage\":{\"@id\":\"https:\\\/\\\/www.copealcoy.es\\\/es\\\/la-cova-de-lor-de-beniarres-reabre-las-puertas-y-estrena-novedades-en-su-espacio-expositivo\\\/#primaryimage\"},\"image\":{\"@id\":\"https:\\\/\\\/www.copealcoy.es\\\/es\\\/la-cova-de-lor-de-beniarres-reabre-las-puertas-y-estrena-novedades-en-su-espacio-expositivo\\\/#primaryimage\"},\"thumbnailUrl\":\"https:\\\/\\\/www.copealcoy.es\\\/wp-content\\\/uploads\\\/2025\\\/10\\\/2-Exterior-de-la-Cova-de-lor-tras-su-acondicionamiento-Foto-Diputacion-de-Alicante-scaled-e1759568708440.jpg\",\"datePublished\":\"2025-10-02T07:00:02+00:00\",\"dateModified\":\"2025-10-04T09:05:43+00:00\",\"author\":{\"@id\":\"https:\\\/\\\/www.copealcoy.es\\\/es\\\/#\\\/schema\\\/person\\\/e777c87fa024e57d40170af9df39882c\"},\"description\":\"La Cova de l'Or de Beniarr\u00e9s reabre sus puertas con novedades en su espacio expositivo\",\"breadcrumb\":{\"@id\":\"https:\\\/\\\/www.copealcoy.es\\\/es\\\/la-cova-de-lor-de-beniarres-reabre-las-puertas-y-estrena-novedades-en-su-espacio-expositivo\\\/#breadcrumb\"},\"inLanguage\":\"es\",\"potentialAction\":[{\"@type\":\"ReadAction\",\"target\":[\"https:\\\/\\\/www.copealcoy.es\\\/es\\\/la-cova-de-lor-de-beniarres-reabre-las-puertas-y-estrena-novedades-en-su-espacio-expositivo\\\/\"]}]},{\"@type\":\"ImageObject\",\"inLanguage\":\"es\",\"@id\":\"https:\\\/\\\/www.copealcoy.es\\\/es\\\/la-cova-de-lor-de-beniarres-reabre-las-puertas-y-estrena-novedades-en-su-espacio-expositivo\\\/#primaryimage\",\"url\":\"https:\\\/\\\/www.copealcoy.es\\\/wp-content\\\/uploads\\\/2025\\\/10\\\/2-Exterior-de-la-Cova-de-lor-tras-su-acondicionamiento-Foto-Diputacion-de-Alicante-scaled-e1759568708440.jpg\",\"contentUrl\":\"https:\\\/\\\/www.copealcoy.es\\\/wp-content\\\/uploads\\\/2025\\\/10\\\/2-Exterior-de-la-Cova-de-lor-tras-su-acondicionamiento-Foto-Diputacion-de-Alicante-scaled-e1759568708440.jpg\",\"width\":800,\"height\":533},{\"@type\":\"BreadcrumbList\",\"@id\":\"https:\\\/\\\/www.copealcoy.es\\\/es\\\/la-cova-de-lor-de-beniarres-reabre-las-puertas-y-estrena-novedades-en-su-espacio-expositivo\\\/#breadcrumb\",\"itemListElement\":[{\"@type\":\"ListItem\",\"position\":1,\"name\":\"Portada\",\"item\":\"https:\\\/\\\/www.copealcoy.es\\\/es\\\/\"},{\"@type\":\"ListItem\",\"position\":2,\"name\":\"La Cova de l&#8217;Or de Beniarr\u00e9s reabre las puertas y estrena novedades en su espacio expositivo\"}]},{\"@type\":\"WebSite\",\"@id\":\"https:\\\/\\\/www.copealcoy.es\\\/es\\\/#website\",\"url\":\"https:\\\/\\\/www.copealcoy.es\\\/es\\\/\",\"name\":\"COPE Alcoy\",\"description\":\"Emisora COPE de radio local con emisi\u00f3n online. Pont de Sant Jordi 8-10 03803 Alcoy\",\"potentialAction\":[{\"@type\":\"SearchAction\",\"target\":{\"@type\":\"EntryPoint\",\"urlTemplate\":\"https:\\\/\\\/www.copealcoy.es\\\/es\\\/?s={search_term_string}\"},\"query-input\":{\"@type\":\"PropertyValueSpecification\",\"valueRequired\":true,\"valueName\":\"search_term_string\"}}],\"inLanguage\":\"es\"},{\"@type\":\"Person\",\"@id\":\"https:\\\/\\\/www.copealcoy.es\\\/es\\\/#\\\/schema\\\/person\\\/e777c87fa024e57d40170af9df39882c\",\"name\":\"Cope Alcoy\",\"image\":{\"@type\":\"ImageObject\",\"inLanguage\":\"es\",\"@id\":\"https:\\\/\\\/secure.gravatar.com\\\/avatar\\\/bb65d0283347e303893ba14f0692005417c1e0e690a325a4c5d8bb2b3943ee14?s=96&d=mm&r=g\",\"url\":\"https:\\\/\\\/secure.gravatar.com\\\/avatar\\\/bb65d0283347e303893ba14f0692005417c1e0e690a325a4c5d8bb2b3943ee14?s=96&d=mm&r=g\",\"contentUrl\":\"https:\\\/\\\/secure.gravatar.com\\\/avatar\\\/bb65d0283347e303893ba14f0692005417c1e0e690a325a4c5d8bb2b3943ee14?s=96&d=mm&r=g\",\"caption\":\"Cope Alcoy\"}}]}<\/script>\n<!-- \/ Yoast SEO plugin. -->","yoast_head_json":{"title":"La Cova de l'Or de Beniarr\u00e9s reabre las puertas y estrena novedades en su espacio expositivo - COPE Alcoy","description":"La Cova de l'Or de Beniarr\u00e9s reabre sus puertas con novedades en su espacio expositivo","robots":{"index":"index","follow":"follow","max-snippet":"max-snippet:-1","max-image-preview":"max-image-preview:large","max-video-preview":"max-video-preview:-1"},"canonical":"https:\/\/www.copealcoy.es\/es\/la-cova-de-lor-de-beniarres-reabre-las-puertas-y-estrena-novedades-en-su-espacio-expositivo\/","og_locale":"es_ES","og_type":"article","og_title":"La Cova de l'Or de Beniarr\u00e9s reabre las puertas y estrena novedades en su espacio expositivo - COPE Alcoy","og_description":"La Cova de l'Or de Beniarr\u00e9s reabre sus puertas con novedades en su espacio expositivo","og_url":"https:\/\/www.copealcoy.es\/es\/la-cova-de-lor-de-beniarres-reabre-las-puertas-y-estrena-novedades-en-su-espacio-expositivo\/","og_site_name":"COPE Alcoy","article_published_time":"2025-10-02T07:00:02+00:00","article_modified_time":"2025-10-04T09:05:43+00:00","og_image":[{"width":800,"height":533,"url":"https:\/\/www.copealcoy.es\/wp-content\/uploads\/2025\/10\/2-Exterior-de-la-Cova-de-lor-tras-su-acondicionamiento-Foto-Diputacion-de-Alicante-scaled-e1759568708440.jpg","type":"image\/jpeg"}],"author":"Cope Alcoy","twitter_misc":{"Escrito por":"Cope Alcoy","Tiempo de lectura":"2 minutos"},"schema":{"@context":"https:\/\/schema.org","@graph":[{"@type":"Article","@id":"https:\/\/www.copealcoy.es\/es\/la-cova-de-lor-de-beniarres-reabre-las-puertas-y-estrena-novedades-en-su-espacio-expositivo\/#article","isPartOf":{"@id":"https:\/\/www.copealcoy.es\/es\/la-cova-de-lor-de-beniarres-reabre-las-puertas-y-estrena-novedades-en-su-espacio-expositivo\/"},"author":{"name":"Cope Alcoy","@id":"https:\/\/www.copealcoy.es\/es\/#\/schema\/person\/e777c87fa024e57d40170af9df39882c"},"headline":"La Cova de l&#8217;Or de Beniarr\u00e9s reabre las puertas y estrena novedades en su espacio expositivo","datePublished":"2025-10-02T07:00:02+00:00","dateModified":"2025-10-04T09:05:43+00:00","mainEntityOfPage":{"@id":"https:\/\/www.copealcoy.es\/es\/la-cova-de-lor-de-beniarres-reabre-las-puertas-y-estrena-novedades-en-su-espacio-expositivo\/"},"wordCount":295,"image":{"@id":"https:\/\/www.copealcoy.es\/es\/la-cova-de-lor-de-beniarres-reabre-las-puertas-y-estrena-novedades-en-su-espacio-expositivo\/#primaryimage"},"thumbnailUrl":"https:\/\/www.copealcoy.es\/wp-content\/uploads\/2025\/10\/2-Exterior-de-la-Cova-de-lor-tras-su-acondicionamiento-Foto-Diputacion-de-Alicante-scaled-e1759568708440.jpg","keywords":["Beniarres","Cova de l\u00b4Or","Diputaci\u00f3n de Alicante","MARQ","reapertura"],"articleSection":["Actualidad","Comarcas","Noticias"],"inLanguage":"es"},{"@type":"WebPage","@id":"https:\/\/www.copealcoy.es\/es\/la-cova-de-lor-de-beniarres-reabre-las-puertas-y-estrena-novedades-en-su-espacio-expositivo\/","url":"https:\/\/www.copealcoy.es\/es\/la-cova-de-lor-de-beniarres-reabre-las-puertas-y-estrena-novedades-en-su-espacio-expositivo\/","name":"La Cova de l'Or de Beniarr\u00e9s reabre las puertas y estrena novedades en su espacio expositivo - COPE Alcoy","isPartOf":{"@id":"https:\/\/www.copealcoy.es\/es\/#website"},"primaryImageOfPage":{"@id":"https:\/\/www.copealcoy.es\/es\/la-cova-de-lor-de-beniarres-reabre-las-puertas-y-estrena-novedades-en-su-espacio-expositivo\/#primaryimage"},"image":{"@id":"https:\/\/www.copealcoy.es\/es\/la-cova-de-lor-de-beniarres-reabre-las-puertas-y-estrena-novedades-en-su-espacio-expositivo\/#primaryimage"},"thumbnailUrl":"https:\/\/www.copealcoy.es\/wp-content\/uploads\/2025\/10\/2-Exterior-de-la-Cova-de-lor-tras-su-acondicionamiento-Foto-Diputacion-de-Alicante-scaled-e1759568708440.jpg","datePublished":"2025-10-02T07:00:02+00:00","dateModified":"2025-10-04T09:05:43+00:00","author":{"@id":"https:\/\/www.copealcoy.es\/es\/#\/schema\/person\/e777c87fa024e57d40170af9df39882c"},"description":"La Cova de l'Or de Beniarr\u00e9s reabre sus puertas con novedades en su espacio expositivo","breadcrumb":{"@id":"https:\/\/www.copealcoy.es\/es\/la-cova-de-lor-de-beniarres-reabre-las-puertas-y-estrena-novedades-en-su-espacio-expositivo\/#breadcrumb"},"inLanguage":"es","potentialAction":[{"@type":"ReadAction","target":["https:\/\/www.copealcoy.es\/es\/la-cova-de-lor-de-beniarres-reabre-las-puertas-y-estrena-novedades-en-su-espacio-expositivo\/"]}]},{"@type":"ImageObject","inLanguage":"es","@id":"https:\/\/www.copealcoy.es\/es\/la-cova-de-lor-de-beniarres-reabre-las-puertas-y-estrena-novedades-en-su-espacio-expositivo\/#primaryimage","url":"https:\/\/www.copealcoy.es\/wp-content\/uploads\/2025\/10\/2-Exterior-de-la-Cova-de-lor-tras-su-acondicionamiento-Foto-Diputacion-de-Alicante-scaled-e1759568708440.jpg","contentUrl":"https:\/\/www.copealcoy.es\/wp-content\/uploads\/2025\/10\/2-Exterior-de-la-Cova-de-lor-tras-su-acondicionamiento-Foto-Diputacion-de-Alicante-scaled-e1759568708440.jpg","width":800,"height":533},{"@type":"BreadcrumbList","@id":"https:\/\/www.copealcoy.es\/es\/la-cova-de-lor-de-beniarres-reabre-las-puertas-y-estrena-novedades-en-su-espacio-expositivo\/#breadcrumb","itemListElement":[{"@type":"ListItem","position":1,"name":"Portada","item":"https:\/\/www.copealcoy.es\/es\/"},{"@type":"ListItem","position":2,"name":"La Cova de l&#8217;Or de Beniarr\u00e9s reabre las puertas y estrena novedades en su espacio expositivo"}]},{"@type":"WebSite","@id":"https:\/\/www.copealcoy.es\/es\/#website","url":"https:\/\/www.copealcoy.es\/es\/","name":"COPE Alcoy","description":"Emisora COPE de radio local con emisi\u00f3n online. Pont de Sant Jordi 8-10 03803 Alcoy","potentialAction":[{"@type":"SearchAction","target":{"@type":"EntryPoint","urlTemplate":"https:\/\/www.copealcoy.es\/es\/?s={search_term_string}"},"query-input":{"@type":"PropertyValueSpecification","valueRequired":true,"valueName":"search_term_string"}}],"inLanguage":"es"},{"@type":"Person","@id":"https:\/\/www.copealcoy.es\/es\/#\/schema\/person\/e777c87fa024e57d40170af9df39882c","name":"Cope Alcoy","image":{"@type":"ImageObject","inLanguage":"es","@id":"https:\/\/secure.gravatar.com\/avatar\/bb65d0283347e303893ba14f0692005417c1e0e690a325a4c5d8bb2b3943ee14?s=96&d=mm&r=g","url":"https:\/\/secure.gravatar.com\/avatar\/bb65d0283347e303893ba14f0692005417c1e0e690a325a4c5d8bb2b3943ee14?s=96&d=mm&r=g","contentUrl":"https:\/\/secure.gravatar.com\/avatar\/bb65d0283347e303893ba14f0692005417c1e0e690a325a4c5d8bb2b3943ee14?s=96&d=mm&r=g","caption":"Cope Alcoy"}}]}},"_links":{"self":[{"href":"https:\/\/www.copealcoy.es\/es\/wp-json\/wp\/v2\/posts\/157917","targetHints":{"allow":["GET"]}}],"collection":[{"href":"https:\/\/www.copealcoy.es\/es\/wp-json\/wp\/v2\/posts"}],"about":[{"href":"https:\/\/www.copealcoy.es\/es\/wp-json\/wp\/v2\/types\/post"}],"author":[{"embeddable":true,"href":"https:\/\/www.copealcoy.es\/es\/wp-json\/wp\/v2\/users\/1"}],"replies":[{"embeddable":true,"href":"https:\/\/www.copealcoy.es\/es\/wp-json\/wp\/v2\/comments?post=157917"}],"version-history":[{"count":3,"href":"https:\/\/www.copealcoy.es\/es\/wp-json\/wp\/v2\/posts\/157917\/revisions"}],"predecessor-version":[{"id":158069,"href":"https:\/\/www.copealcoy.es\/es\/wp-json\/wp\/v2\/posts\/157917\/revisions\/158069"}],"wp:featuredmedia":[{"embeddable":true,"href":"https:\/\/www.copealcoy.es\/es\/wp-json\/wp\/v2\/media\/158070"}],"wp:attachment":[{"href":"https:\/\/www.copealcoy.es\/es\/wp-json\/wp\/v2\/media?parent=157917"}],"wp:term":[{"taxonomy":"category","embeddable":true,"href":"https:\/\/www.copealcoy.es\/es\/wp-json\/wp\/v2\/categories?post=157917"},{"taxonomy":"post_tag","embeddable":true,"href":"https:\/\/www.copealcoy.es\/es\/wp-json\/wp\/v2\/tags?post=157917"}],"curies":[{"name":"wp","href":"https:\/\/api.w.org\/{rel}","templated":true}]}}