{"id":157880,"date":"2025-09-30T14:52:04","date_gmt":"2025-09-30T13:52:04","guid":{"rendered":"https:\/\/www.copealcoy.es\/?p=157880"},"modified":"2025-09-30T14:52:04","modified_gmt":"2025-09-30T13:52:04","slug":"una-interesante-exposicion-ahonda-en-la-huella-de-san-jorge-presente-en-todo-el-mundo","status":"publish","type":"post","link":"https:\/\/www.copealcoy.es\/es\/una-interesante-exposicion-ahonda-en-la-huella-de-san-jorge-presente-en-todo-el-mundo\/","title":{"rendered":"Una interesante exposici\u00f3n ahonda en la huella de San Jorge presente en todo el mundo"},"content":{"rendered":"<p style=\"text-align: justify;\">La <a href=\"https:\/\/www.facebook.com\/filaandaluces?locale=ca_ES\" target=\"_blank\" rel=\"noopener\"><span style=\"color: #0000ff;\"><strong>Fil\u00e0 Andaluces de Alcoy<\/strong><\/span><\/a>, con motivo del cargo de Capit\u00e1n Cristiano que ostentar\u00e1 en las fiestas de nuestra ciudad del pr\u00f3ximo a\u00f1o, ha organizado <strong>una interesante exposici\u00f3n cultural<\/strong> que ser\u00e1 inaugurada este viernes 3 de octubre. La muestra, que cuenta con el respaldo de Fundaci\u00f3n Mutua de Levante, el Ayuntamiento de Alcoy y la Asociaci\u00f3n de San Jorge; <strong>nos propone un interesante recorrido por la figura de San Jorge<\/strong> y su presencia en los cinco continentes del mundo.<\/p>\n<p style=\"text-align: justify;\"><em>Sant Jordi Universal\u00a0<\/em>es el t\u00edtulo de la citada exposici\u00f3n y a trav\u00e9s de la misma podremos descubrir iconograf\u00eda, tradiciones o las diferentes formas en las que se celebra la festividad del m\u00e1rtir a lo largo y ancho del planeta &#8220;<em>nuestro objetivo es mostrar que mientras nosotros aqu\u00ed llevamos a cabo las Fiestas de Moros y Cristianos en su honor, en Inglaterra, Polonia, Egipto o Australia tambi\u00e9n est\u00e1n rindiendo homenaje a San Jorge pero de una forma totalmente diferente<\/em>&#8220;, ha explicado en este martes <strong>Nando Moncho<\/strong>; Primer Tro de los Andaluces. Desde la formaci\u00f3n festera animan a la ciudadan\u00eda, tanto de Alcoy como de las poblaciones de la comarca, a visitar esta exposici\u00f3n y se\u00f1alan que esta es una de las diferentes actividades que los Andaluces han preparado con ocasi\u00f3n de la capitan\u00eda &#8220;<em>hemos presentado recientemente un libro sobre la figura de Al-Azraq y en marzo queremos realizar un concierto que tendr\u00e1 car\u00e1cter ben\u00e9fico<\/em>&#8220;, apunt\u00f3 el Capit\u00e1n Cristiano de 2026; Javi Ferr\u00e1ndiz.<\/p>\n<p style=\"text-align: justify;\">La exposici\u00f3n cuenta con el respaldo del Ayuntamiento de Alcoy y <strong>se enmarca tambi\u00e9n dentro de los actos previos a la conmemoraci\u00f3n del 750 aniversario del patronazgo de San Jorge<\/strong> &#8220;<em>hace unos a\u00f1os celebramos 750 a\u00f1os de la fundaci\u00f3n de la ciudad y en 2026 esta efem\u00e9ride, lo cual demuestra que buena parte de nuestra historia ha estado estrechamente ligada a nuestro patr\u00f3n<\/em>&#8220;, coment\u00f3 el concejal de Fiestas; <strong>Jordi Mart\u00ednez<\/strong>. Tambi\u00e9n el Presidente de la Asociaci\u00f3n de San Jorge <strong>ha felicitado a la Fil\u00e0 Andaluces por este proyecto<\/strong> y ha destacado el car\u00e1cter did\u00e1ctico de la mencionada muestra &#8220;gracias a ella podremos descubrir la universalidad de San Jorge e incluso conocer mejor la importancia de la figura de nuestro patr\u00f3n&#8221;, concluy\u00f3 Francisco Garc\u00eda.<\/p>\n<p style=\"text-align: justify;\">La exposici\u00f3n <em>Sant Jordi Universal<\/em> estar\u00e1 en marcha hasta el 29 de octubre, <strong>formando parte as\u00ed de la programaci\u00f3n del Mig Any<\/strong>, tal y como ha explicado <strong>Pep Jord\u00e0<\/strong> en representaci\u00f3n de Fundaci\u00f3n Mutua de Levante. La intenci\u00f3n es que despu\u00e9s pueda recorrer los centros educativos de la ciudad e incluso otras poblaciones donde la figura de San Jorge est\u00e1 plenamente arraigada.<\/p>\n","protected":false},"excerpt":{"rendered":"<p>La Fil\u00e0 Andaluces de Alcoy, con motivo del cargo de Capit\u00e1n Cristiano que ostentar\u00e1 en las fiestas de nuestra ciudad&#8230;<\/p>\n","protected":false},"author":1,"featured_media":157881,"comment_status":"closed","ping_status":"closed","sticky":false,"template":"","format":"standard","meta":{"footnotes":""},"categories":[6909,97,78,75],"tags":[1494,1311,20079,3581,20080],"class_list":["post-157880","post","type-post","status-publish","format-standard","has-post-thumbnail","hentry","category-actualidad","category-alcoy","category-fiestaycultura","category-noticias","tag-alcoy","tag-capitan-cristiano","tag-exposion","tag-fila-andaluces","tag-sant-jordi-universal"],"yoast_head":"<!-- This site is optimized with the Yoast SEO plugin v27.3 - https:\/\/yoast.com\/product\/yoast-seo-wordpress\/ -->\n<title>Una interesante exposici\u00f3n ahonda en la huella de San Jorge presente en todo el mundo - COPE Alcoy<\/title>\n<meta name=\"description\" content=\"Una interesante exposici\u00f3n ahonda en la huella de San Jorge presente en todo el mundo\" \/>\n<meta name=\"robots\" content=\"index, follow, max-snippet:-1, max-image-preview:large, max-video-preview:-1\" \/>\n<link rel=\"canonical\" href=\"https:\/\/www.copealcoy.es\/es\/una-interesante-exposicion-ahonda-en-la-huella-de-san-jorge-presente-en-todo-el-mundo\/\" \/>\n<meta property=\"og:locale\" content=\"es_ES\" \/>\n<meta property=\"og:type\" content=\"article\" \/>\n<meta property=\"og:title\" content=\"Una interesante exposici\u00f3n ahonda en la huella de San Jorge presente en todo el mundo - COPE Alcoy\" \/>\n<meta property=\"og:description\" content=\"Una interesante exposici\u00f3n ahonda en la huella de San Jorge presente en todo el mundo\" \/>\n<meta property=\"og:url\" content=\"https:\/\/www.copealcoy.es\/es\/una-interesante-exposicion-ahonda-en-la-huella-de-san-jorge-presente-en-todo-el-mundo\/\" \/>\n<meta property=\"og:site_name\" content=\"COPE Alcoy\" \/>\n<meta property=\"article:published_time\" content=\"2025-09-30T13:52:04+00:00\" \/>\n<meta property=\"og:image\" content=\"https:\/\/www.copealcoy.es\/wp-content\/uploads\/2025\/09\/556827699_1245316137635953_5010998701889660072_n.jpg\" \/>\n\t<meta property=\"og:image:width\" content=\"1078\" \/>\n\t<meta property=\"og:image:height\" content=\"607\" \/>\n\t<meta property=\"og:image:type\" content=\"image\/jpeg\" \/>\n<meta name=\"author\" content=\"Cope Alcoy\" \/>\n<meta name=\"twitter:label1\" content=\"Escrito por\" \/>\n\t<meta name=\"twitter:data1\" content=\"Cope Alcoy\" \/>\n\t<meta name=\"twitter:label2\" content=\"Tiempo de lectura\" \/>\n\t<meta name=\"twitter:data2\" content=\"3 minutos\" \/>\n<script type=\"application\/ld+json\" class=\"yoast-schema-graph\">{\"@context\":\"https:\\\/\\\/schema.org\",\"@graph\":[{\"@type\":\"Article\",\"@id\":\"https:\\\/\\\/www.copealcoy.es\\\/es\\\/una-interesante-exposicion-ahonda-en-la-huella-de-san-jorge-presente-en-todo-el-mundo\\\/#article\",\"isPartOf\":{\"@id\":\"https:\\\/\\\/www.copealcoy.es\\\/es\\\/una-interesante-exposicion-ahonda-en-la-huella-de-san-jorge-presente-en-todo-el-mundo\\\/\"},\"author\":{\"name\":\"Cope Alcoy\",\"@id\":\"https:\\\/\\\/www.copealcoy.es\\\/es\\\/#\\\/schema\\\/person\\\/e777c87fa024e57d40170af9df39882c\"},\"headline\":\"Una interesante exposici\u00f3n ahonda en la huella de San Jorge presente en todo el mundo\",\"datePublished\":\"2025-09-30T13:52:04+00:00\",\"mainEntityOfPage\":{\"@id\":\"https:\\\/\\\/www.copealcoy.es\\\/es\\\/una-interesante-exposicion-ahonda-en-la-huella-de-san-jorge-presente-en-todo-el-mundo\\\/\"},\"wordCount\":480,\"image\":{\"@id\":\"https:\\\/\\\/www.copealcoy.es\\\/es\\\/una-interesante-exposicion-ahonda-en-la-huella-de-san-jorge-presente-en-todo-el-mundo\\\/#primaryimage\"},\"thumbnailUrl\":\"https:\\\/\\\/www.copealcoy.es\\\/wp-content\\\/uploads\\\/2025\\\/09\\\/556827699_1245316137635953_5010998701889660072_n.jpg\",\"keywords\":[\"Alcoy\",\"capit\u00e1n cristiano\",\"exposi\u00f3n\",\"Fil\u00e0 Andaluces\",\"Sant Jordi Universal\"],\"articleSection\":[\"Actualidad\",\"Alcoy\",\"Fiesta y Cultura\",\"Noticias\"],\"inLanguage\":\"es\"},{\"@type\":\"WebPage\",\"@id\":\"https:\\\/\\\/www.copealcoy.es\\\/es\\\/una-interesante-exposicion-ahonda-en-la-huella-de-san-jorge-presente-en-todo-el-mundo\\\/\",\"url\":\"https:\\\/\\\/www.copealcoy.es\\\/es\\\/una-interesante-exposicion-ahonda-en-la-huella-de-san-jorge-presente-en-todo-el-mundo\\\/\",\"name\":\"Una interesante exposici\u00f3n ahonda en la huella de San Jorge presente en todo el mundo - COPE Alcoy\",\"isPartOf\":{\"@id\":\"https:\\\/\\\/www.copealcoy.es\\\/es\\\/#website\"},\"primaryImageOfPage\":{\"@id\":\"https:\\\/\\\/www.copealcoy.es\\\/es\\\/una-interesante-exposicion-ahonda-en-la-huella-de-san-jorge-presente-en-todo-el-mundo\\\/#primaryimage\"},\"image\":{\"@id\":\"https:\\\/\\\/www.copealcoy.es\\\/es\\\/una-interesante-exposicion-ahonda-en-la-huella-de-san-jorge-presente-en-todo-el-mundo\\\/#primaryimage\"},\"thumbnailUrl\":\"https:\\\/\\\/www.copealcoy.es\\\/wp-content\\\/uploads\\\/2025\\\/09\\\/556827699_1245316137635953_5010998701889660072_n.jpg\",\"datePublished\":\"2025-09-30T13:52:04+00:00\",\"author\":{\"@id\":\"https:\\\/\\\/www.copealcoy.es\\\/es\\\/#\\\/schema\\\/person\\\/e777c87fa024e57d40170af9df39882c\"},\"description\":\"Una interesante exposici\u00f3n ahonda en la huella de San Jorge presente en todo el mundo\",\"breadcrumb\":{\"@id\":\"https:\\\/\\\/www.copealcoy.es\\\/es\\\/una-interesante-exposicion-ahonda-en-la-huella-de-san-jorge-presente-en-todo-el-mundo\\\/#breadcrumb\"},\"inLanguage\":\"es\",\"potentialAction\":[{\"@type\":\"ReadAction\",\"target\":[\"https:\\\/\\\/www.copealcoy.es\\\/es\\\/una-interesante-exposicion-ahonda-en-la-huella-de-san-jorge-presente-en-todo-el-mundo\\\/\"]}]},{\"@type\":\"ImageObject\",\"inLanguage\":\"es\",\"@id\":\"https:\\\/\\\/www.copealcoy.es\\\/es\\\/una-interesante-exposicion-ahonda-en-la-huella-de-san-jorge-presente-en-todo-el-mundo\\\/#primaryimage\",\"url\":\"https:\\\/\\\/www.copealcoy.es\\\/wp-content\\\/uploads\\\/2025\\\/09\\\/556827699_1245316137635953_5010998701889660072_n.jpg\",\"contentUrl\":\"https:\\\/\\\/www.copealcoy.es\\\/wp-content\\\/uploads\\\/2025\\\/09\\\/556827699_1245316137635953_5010998701889660072_n.jpg\",\"width\":1078,\"height\":607},{\"@type\":\"BreadcrumbList\",\"@id\":\"https:\\\/\\\/www.copealcoy.es\\\/es\\\/una-interesante-exposicion-ahonda-en-la-huella-de-san-jorge-presente-en-todo-el-mundo\\\/#breadcrumb\",\"itemListElement\":[{\"@type\":\"ListItem\",\"position\":1,\"name\":\"Portada\",\"item\":\"https:\\\/\\\/www.copealcoy.es\\\/es\\\/\"},{\"@type\":\"ListItem\",\"position\":2,\"name\":\"Una interesante exposici\u00f3n ahonda en la huella de San Jorge presente en todo el mundo\"}]},{\"@type\":\"WebSite\",\"@id\":\"https:\\\/\\\/www.copealcoy.es\\\/es\\\/#website\",\"url\":\"https:\\\/\\\/www.copealcoy.es\\\/es\\\/\",\"name\":\"COPE Alcoy\",\"description\":\"Emisora COPE de radio local con emisi\u00f3n online. Pont de Sant Jordi 8-10 03803 Alcoy\",\"potentialAction\":[{\"@type\":\"SearchAction\",\"target\":{\"@type\":\"EntryPoint\",\"urlTemplate\":\"https:\\\/\\\/www.copealcoy.es\\\/es\\\/?s={search_term_string}\"},\"query-input\":{\"@type\":\"PropertyValueSpecification\",\"valueRequired\":true,\"valueName\":\"search_term_string\"}}],\"inLanguage\":\"es\"},{\"@type\":\"Person\",\"@id\":\"https:\\\/\\\/www.copealcoy.es\\\/es\\\/#\\\/schema\\\/person\\\/e777c87fa024e57d40170af9df39882c\",\"name\":\"Cope Alcoy\",\"image\":{\"@type\":\"ImageObject\",\"inLanguage\":\"es\",\"@id\":\"https:\\\/\\\/secure.gravatar.com\\\/avatar\\\/bb65d0283347e303893ba14f0692005417c1e0e690a325a4c5d8bb2b3943ee14?s=96&d=mm&r=g\",\"url\":\"https:\\\/\\\/secure.gravatar.com\\\/avatar\\\/bb65d0283347e303893ba14f0692005417c1e0e690a325a4c5d8bb2b3943ee14?s=96&d=mm&r=g\",\"contentUrl\":\"https:\\\/\\\/secure.gravatar.com\\\/avatar\\\/bb65d0283347e303893ba14f0692005417c1e0e690a325a4c5d8bb2b3943ee14?s=96&d=mm&r=g\",\"caption\":\"Cope Alcoy\"}}]}<\/script>\n<!-- \/ Yoast SEO plugin. -->","yoast_head_json":{"title":"Una interesante exposici\u00f3n ahonda en la huella de San Jorge presente en todo el mundo - COPE Alcoy","description":"Una interesante exposici\u00f3n ahonda en la huella de San Jorge presente en todo el mundo","robots":{"index":"index","follow":"follow","max-snippet":"max-snippet:-1","max-image-preview":"max-image-preview:large","max-video-preview":"max-video-preview:-1"},"canonical":"https:\/\/www.copealcoy.es\/es\/una-interesante-exposicion-ahonda-en-la-huella-de-san-jorge-presente-en-todo-el-mundo\/","og_locale":"es_ES","og_type":"article","og_title":"Una interesante exposici\u00f3n ahonda en la huella de San Jorge presente en todo el mundo - COPE Alcoy","og_description":"Una interesante exposici\u00f3n ahonda en la huella de San Jorge presente en todo el mundo","og_url":"https:\/\/www.copealcoy.es\/es\/una-interesante-exposicion-ahonda-en-la-huella-de-san-jorge-presente-en-todo-el-mundo\/","og_site_name":"COPE Alcoy","article_published_time":"2025-09-30T13:52:04+00:00","og_image":[{"width":1078,"height":607,"url":"https:\/\/www.copealcoy.es\/wp-content\/uploads\/2025\/09\/556827699_1245316137635953_5010998701889660072_n.jpg","type":"image\/jpeg"}],"author":"Cope Alcoy","twitter_misc":{"Escrito por":"Cope Alcoy","Tiempo de lectura":"3 minutos"},"schema":{"@context":"https:\/\/schema.org","@graph":[{"@type":"Article","@id":"https:\/\/www.copealcoy.es\/es\/una-interesante-exposicion-ahonda-en-la-huella-de-san-jorge-presente-en-todo-el-mundo\/#article","isPartOf":{"@id":"https:\/\/www.copealcoy.es\/es\/una-interesante-exposicion-ahonda-en-la-huella-de-san-jorge-presente-en-todo-el-mundo\/"},"author":{"name":"Cope Alcoy","@id":"https:\/\/www.copealcoy.es\/es\/#\/schema\/person\/e777c87fa024e57d40170af9df39882c"},"headline":"Una interesante exposici\u00f3n ahonda en la huella de San Jorge presente en todo el mundo","datePublished":"2025-09-30T13:52:04+00:00","mainEntityOfPage":{"@id":"https:\/\/www.copealcoy.es\/es\/una-interesante-exposicion-ahonda-en-la-huella-de-san-jorge-presente-en-todo-el-mundo\/"},"wordCount":480,"image":{"@id":"https:\/\/www.copealcoy.es\/es\/una-interesante-exposicion-ahonda-en-la-huella-de-san-jorge-presente-en-todo-el-mundo\/#primaryimage"},"thumbnailUrl":"https:\/\/www.copealcoy.es\/wp-content\/uploads\/2025\/09\/556827699_1245316137635953_5010998701889660072_n.jpg","keywords":["Alcoy","capit\u00e1n cristiano","exposi\u00f3n","Fil\u00e0 Andaluces","Sant Jordi Universal"],"articleSection":["Actualidad","Alcoy","Fiesta y Cultura","Noticias"],"inLanguage":"es"},{"@type":"WebPage","@id":"https:\/\/www.copealcoy.es\/es\/una-interesante-exposicion-ahonda-en-la-huella-de-san-jorge-presente-en-todo-el-mundo\/","url":"https:\/\/www.copealcoy.es\/es\/una-interesante-exposicion-ahonda-en-la-huella-de-san-jorge-presente-en-todo-el-mundo\/","name":"Una interesante exposici\u00f3n ahonda en la huella de San Jorge presente en todo el mundo - COPE Alcoy","isPartOf":{"@id":"https:\/\/www.copealcoy.es\/es\/#website"},"primaryImageOfPage":{"@id":"https:\/\/www.copealcoy.es\/es\/una-interesante-exposicion-ahonda-en-la-huella-de-san-jorge-presente-en-todo-el-mundo\/#primaryimage"},"image":{"@id":"https:\/\/www.copealcoy.es\/es\/una-interesante-exposicion-ahonda-en-la-huella-de-san-jorge-presente-en-todo-el-mundo\/#primaryimage"},"thumbnailUrl":"https:\/\/www.copealcoy.es\/wp-content\/uploads\/2025\/09\/556827699_1245316137635953_5010998701889660072_n.jpg","datePublished":"2025-09-30T13:52:04+00:00","author":{"@id":"https:\/\/www.copealcoy.es\/es\/#\/schema\/person\/e777c87fa024e57d40170af9df39882c"},"description":"Una interesante exposici\u00f3n ahonda en la huella de San Jorge presente en todo el mundo","breadcrumb":{"@id":"https:\/\/www.copealcoy.es\/es\/una-interesante-exposicion-ahonda-en-la-huella-de-san-jorge-presente-en-todo-el-mundo\/#breadcrumb"},"inLanguage":"es","potentialAction":[{"@type":"ReadAction","target":["https:\/\/www.copealcoy.es\/es\/una-interesante-exposicion-ahonda-en-la-huella-de-san-jorge-presente-en-todo-el-mundo\/"]}]},{"@type":"ImageObject","inLanguage":"es","@id":"https:\/\/www.copealcoy.es\/es\/una-interesante-exposicion-ahonda-en-la-huella-de-san-jorge-presente-en-todo-el-mundo\/#primaryimage","url":"https:\/\/www.copealcoy.es\/wp-content\/uploads\/2025\/09\/556827699_1245316137635953_5010998701889660072_n.jpg","contentUrl":"https:\/\/www.copealcoy.es\/wp-content\/uploads\/2025\/09\/556827699_1245316137635953_5010998701889660072_n.jpg","width":1078,"height":607},{"@type":"BreadcrumbList","@id":"https:\/\/www.copealcoy.es\/es\/una-interesante-exposicion-ahonda-en-la-huella-de-san-jorge-presente-en-todo-el-mundo\/#breadcrumb","itemListElement":[{"@type":"ListItem","position":1,"name":"Portada","item":"https:\/\/www.copealcoy.es\/es\/"},{"@type":"ListItem","position":2,"name":"Una interesante exposici\u00f3n ahonda en la huella de San Jorge presente en todo el mundo"}]},{"@type":"WebSite","@id":"https:\/\/www.copealcoy.es\/es\/#website","url":"https:\/\/www.copealcoy.es\/es\/","name":"COPE Alcoy","description":"Emisora COPE de radio local con emisi\u00f3n online. Pont de Sant Jordi 8-10 03803 Alcoy","potentialAction":[{"@type":"SearchAction","target":{"@type":"EntryPoint","urlTemplate":"https:\/\/www.copealcoy.es\/es\/?s={search_term_string}"},"query-input":{"@type":"PropertyValueSpecification","valueRequired":true,"valueName":"search_term_string"}}],"inLanguage":"es"},{"@type":"Person","@id":"https:\/\/www.copealcoy.es\/es\/#\/schema\/person\/e777c87fa024e57d40170af9df39882c","name":"Cope Alcoy","image":{"@type":"ImageObject","inLanguage":"es","@id":"https:\/\/secure.gravatar.com\/avatar\/bb65d0283347e303893ba14f0692005417c1e0e690a325a4c5d8bb2b3943ee14?s=96&d=mm&r=g","url":"https:\/\/secure.gravatar.com\/avatar\/bb65d0283347e303893ba14f0692005417c1e0e690a325a4c5d8bb2b3943ee14?s=96&d=mm&r=g","contentUrl":"https:\/\/secure.gravatar.com\/avatar\/bb65d0283347e303893ba14f0692005417c1e0e690a325a4c5d8bb2b3943ee14?s=96&d=mm&r=g","caption":"Cope Alcoy"}}]}},"_links":{"self":[{"href":"https:\/\/www.copealcoy.es\/es\/wp-json\/wp\/v2\/posts\/157880","targetHints":{"allow":["GET"]}}],"collection":[{"href":"https:\/\/www.copealcoy.es\/es\/wp-json\/wp\/v2\/posts"}],"about":[{"href":"https:\/\/www.copealcoy.es\/es\/wp-json\/wp\/v2\/types\/post"}],"author":[{"embeddable":true,"href":"https:\/\/www.copealcoy.es\/es\/wp-json\/wp\/v2\/users\/1"}],"replies":[{"embeddable":true,"href":"https:\/\/www.copealcoy.es\/es\/wp-json\/wp\/v2\/comments?post=157880"}],"version-history":[{"count":1,"href":"https:\/\/www.copealcoy.es\/es\/wp-json\/wp\/v2\/posts\/157880\/revisions"}],"predecessor-version":[{"id":157883,"href":"https:\/\/www.copealcoy.es\/es\/wp-json\/wp\/v2\/posts\/157880\/revisions\/157883"}],"wp:featuredmedia":[{"embeddable":true,"href":"https:\/\/www.copealcoy.es\/es\/wp-json\/wp\/v2\/media\/157881"}],"wp:attachment":[{"href":"https:\/\/www.copealcoy.es\/es\/wp-json\/wp\/v2\/media?parent=157880"}],"wp:term":[{"taxonomy":"category","embeddable":true,"href":"https:\/\/www.copealcoy.es\/es\/wp-json\/wp\/v2\/categories?post=157880"},{"taxonomy":"post_tag","embeddable":true,"href":"https:\/\/www.copealcoy.es\/es\/wp-json\/wp\/v2\/tags?post=157880"}],"curies":[{"name":"wp","href":"https:\/\/api.w.org\/{rel}","templated":true}]}}