{"id":15782,"date":"2015-09-17T09:38:08","date_gmt":"2015-09-17T09:38:08","guid":{"rendered":"http:\/\/copealcoi.es\/new\/?p=15782"},"modified":"2015-09-20T15:52:29","modified_gmt":"2015-09-20T15:52:29","slug":"muro-pide-a-conselleria-la-construccion-del-bracal","status":"publish","type":"post","link":"https:\/\/www.copealcoy.es\/es\/muro-pide-a-conselleria-la-construccion-del-bracal\/","title":{"rendered":"Muro pide a Conseller\u00eda la construcci\u00f3n del Bracal"},"content":{"rendered":"<p style=\"text-align: justify;\">El alcalde de Muro Francesc Valls y la edil de Educaci\u00f3n Fani Juan, ambos de Esquerra Unida, se trasladaron el lunes hasta la Conseller\u00eda de Educaci\u00f3n para pedir una soluci\u00f3n a la construcci\u00f3n del nuevo colegio El Bracal pendiente desde hace ocho a\u00f1os. Ambos denunciaron que los barracones presentan goteras que generaron problemas en las aulas durante las pasas lluvias al mismo tiempo que hicieron entrega del mural reivindicativo que elaboraron los alumnos el jueves 10 de septiembre en el acto de inicio del curso. Adem\u00e1s el primer edil murero ha lamentado que el Conseller Marz\u00e0 todav\u00eda no les haya recibido para analizar la situaci\u00f3n e informar del estado\u00a0en el que se encuentra el proyecto del futuro centro educativo. Recordar que el titular de Educaci\u00f3n estuvo el pasado 31 de julio en el municipio y visit\u00f3 el Bracal comprometi\u00e9ndose a agilizar el proceso para que el nuevo colegio pueda ser pronto una realidad.<\/p>\n","protected":false},"excerpt":{"rendered":"<p>El alcalde de Muro Francesc Valls y la edil de Educaci\u00f3n Fani Juan, ambos de Esquerra Unida, se trasladaron el&#8230;<\/p>\n","protected":false},"author":1,"featured_media":15853,"comment_status":"open","ping_status":"open","sticky":false,"template":"","format":"standard","meta":{"footnotes":""},"categories":[98,75],"tags":[998,561,242,135],"class_list":["post-15782","post","type-post","status-publish","format-standard","has-post-thumbnail","hentry","category-comarcas","category-noticias","tag-bracal","tag-conselleria","tag-esquerra-unida","tag-muro"],"yoast_head":"<!-- This site is optimized with the Yoast SEO plugin v27.3 - https:\/\/yoast.com\/product\/yoast-seo-wordpress\/ -->\n<title>Muro pide a Conseller\u00eda la construcci\u00f3n del Bracal - COPE Alcoy<\/title>\n<meta name=\"robots\" content=\"index, follow, max-snippet:-1, max-image-preview:large, max-video-preview:-1\" \/>\n<link rel=\"canonical\" href=\"https:\/\/www.copealcoy.es\/es\/muro-pide-a-conselleria-la-construccion-del-bracal\/\" \/>\n<meta property=\"og:locale\" content=\"es_ES\" \/>\n<meta property=\"og:type\" content=\"article\" \/>\n<meta property=\"og:title\" content=\"Muro pide a Conseller\u00eda la construcci\u00f3n del Bracal - COPE Alcoy\" \/>\n<meta property=\"og:description\" content=\"El alcalde de Muro Francesc Valls y la edil de Educaci\u00f3n Fani Juan, ambos de Esquerra Unida, se trasladaron el...\" \/>\n<meta property=\"og:url\" content=\"https:\/\/www.copealcoy.es\/es\/muro-pide-a-conselleria-la-construccion-del-bracal\/\" \/>\n<meta property=\"og:site_name\" content=\"COPE Alcoy\" \/>\n<meta property=\"article:published_time\" content=\"2015-09-17T09:38:08+00:00\" \/>\n<meta property=\"article:modified_time\" content=\"2015-09-20T15:52:29+00:00\" \/>\n<meta property=\"og:image\" content=\"https:\/\/www.copealcoy.es\/wp-content\/uploads\/2015\/09\/img_20333.jpg\" \/>\n\t<meta property=\"og:image:width\" content=\"670\" \/>\n\t<meta property=\"og:image:height\" content=\"377\" \/>\n\t<meta property=\"og:image:type\" content=\"image\/jpeg\" \/>\n<meta name=\"author\" content=\"Cope Alcoy\" \/>\n<meta name=\"twitter:label1\" content=\"Escrito por\" \/>\n\t<meta name=\"twitter:data1\" content=\"Cope Alcoy\" \/>\n\t<meta name=\"twitter:label2\" content=\"Tiempo de lectura\" \/>\n\t<meta name=\"twitter:data2\" content=\"1 minuto\" \/>\n<script type=\"application\/ld+json\" class=\"yoast-schema-graph\">{\"@context\":\"https:\\\/\\\/schema.org\",\"@graph\":[{\"@type\":\"Article\",\"@id\":\"https:\\\/\\\/www.copealcoy.es\\\/es\\\/muro-pide-a-conselleria-la-construccion-del-bracal\\\/#article\",\"isPartOf\":{\"@id\":\"https:\\\/\\\/www.copealcoy.es\\\/es\\\/muro-pide-a-conselleria-la-construccion-del-bracal\\\/\"},\"author\":{\"name\":\"Cope Alcoy\",\"@id\":\"https:\\\/\\\/www.copealcoy.es\\\/es\\\/#\\\/schema\\\/person\\\/e777c87fa024e57d40170af9df39882c\"},\"headline\":\"Muro pide a Conseller\u00eda la construcci\u00f3n del Bracal\",\"datePublished\":\"2015-09-17T09:38:08+00:00\",\"dateModified\":\"2015-09-20T15:52:29+00:00\",\"mainEntityOfPage\":{\"@id\":\"https:\\\/\\\/www.copealcoy.es\\\/es\\\/muro-pide-a-conselleria-la-construccion-del-bracal\\\/\"},\"wordCount\":173,\"commentCount\":0,\"image\":{\"@id\":\"https:\\\/\\\/www.copealcoy.es\\\/es\\\/muro-pide-a-conselleria-la-construccion-del-bracal\\\/#primaryimage\"},\"thumbnailUrl\":\"https:\\\/\\\/www.copealcoy.es\\\/wp-content\\\/uploads\\\/2015\\\/09\\\/img_20333.jpg\",\"keywords\":[\"Bracal\",\"Conseller\u00eda\",\"Esquerra Unida\",\"Muro\"],\"articleSection\":[\"Comarcas\",\"Noticias\"],\"inLanguage\":\"es\"},{\"@type\":\"WebPage\",\"@id\":\"https:\\\/\\\/www.copealcoy.es\\\/es\\\/muro-pide-a-conselleria-la-construccion-del-bracal\\\/\",\"url\":\"https:\\\/\\\/www.copealcoy.es\\\/es\\\/muro-pide-a-conselleria-la-construccion-del-bracal\\\/\",\"name\":\"Muro pide a Conseller\u00eda la construcci\u00f3n del Bracal - COPE Alcoy\",\"isPartOf\":{\"@id\":\"https:\\\/\\\/www.copealcoy.es\\\/es\\\/#website\"},\"primaryImageOfPage\":{\"@id\":\"https:\\\/\\\/www.copealcoy.es\\\/es\\\/muro-pide-a-conselleria-la-construccion-del-bracal\\\/#primaryimage\"},\"image\":{\"@id\":\"https:\\\/\\\/www.copealcoy.es\\\/es\\\/muro-pide-a-conselleria-la-construccion-del-bracal\\\/#primaryimage\"},\"thumbnailUrl\":\"https:\\\/\\\/www.copealcoy.es\\\/wp-content\\\/uploads\\\/2015\\\/09\\\/img_20333.jpg\",\"datePublished\":\"2015-09-17T09:38:08+00:00\",\"dateModified\":\"2015-09-20T15:52:29+00:00\",\"author\":{\"@id\":\"https:\\\/\\\/www.copealcoy.es\\\/es\\\/#\\\/schema\\\/person\\\/e777c87fa024e57d40170af9df39882c\"},\"breadcrumb\":{\"@id\":\"https:\\\/\\\/www.copealcoy.es\\\/es\\\/muro-pide-a-conselleria-la-construccion-del-bracal\\\/#breadcrumb\"},\"inLanguage\":\"es\",\"potentialAction\":[{\"@type\":\"ReadAction\",\"target\":[\"https:\\\/\\\/www.copealcoy.es\\\/es\\\/muro-pide-a-conselleria-la-construccion-del-bracal\\\/\"]}]},{\"@type\":\"ImageObject\",\"inLanguage\":\"es\",\"@id\":\"https:\\\/\\\/www.copealcoy.es\\\/es\\\/muro-pide-a-conselleria-la-construccion-del-bracal\\\/#primaryimage\",\"url\":\"https:\\\/\\\/www.copealcoy.es\\\/wp-content\\\/uploads\\\/2015\\\/09\\\/img_20333.jpg\",\"contentUrl\":\"https:\\\/\\\/www.copealcoy.es\\\/wp-content\\\/uploads\\\/2015\\\/09\\\/img_20333.jpg\",\"width\":670,\"height\":377,\"caption\":\"Francesc Valls y Fani Juan en Conseller\u00eda\"},{\"@type\":\"BreadcrumbList\",\"@id\":\"https:\\\/\\\/www.copealcoy.es\\\/es\\\/muro-pide-a-conselleria-la-construccion-del-bracal\\\/#breadcrumb\",\"itemListElement\":[{\"@type\":\"ListItem\",\"position\":1,\"name\":\"Portada\",\"item\":\"https:\\\/\\\/www.copealcoy.es\\\/es\\\/\"},{\"@type\":\"ListItem\",\"position\":2,\"name\":\"Muro pide a Conseller\u00eda la construcci\u00f3n del Bracal\"}]},{\"@type\":\"WebSite\",\"@id\":\"https:\\\/\\\/www.copealcoy.es\\\/es\\\/#website\",\"url\":\"https:\\\/\\\/www.copealcoy.es\\\/es\\\/\",\"name\":\"COPE Alcoy\",\"description\":\"Emisora COPE de radio local con emisi\u00f3n online. Pont de Sant Jordi 8-10 03803 Alcoy\",\"potentialAction\":[{\"@type\":\"SearchAction\",\"target\":{\"@type\":\"EntryPoint\",\"urlTemplate\":\"https:\\\/\\\/www.copealcoy.es\\\/es\\\/?s={search_term_string}\"},\"query-input\":{\"@type\":\"PropertyValueSpecification\",\"valueRequired\":true,\"valueName\":\"search_term_string\"}}],\"inLanguage\":\"es\"},{\"@type\":\"Person\",\"@id\":\"https:\\\/\\\/www.copealcoy.es\\\/es\\\/#\\\/schema\\\/person\\\/e777c87fa024e57d40170af9df39882c\",\"name\":\"Cope Alcoy\",\"image\":{\"@type\":\"ImageObject\",\"inLanguage\":\"es\",\"@id\":\"https:\\\/\\\/secure.gravatar.com\\\/avatar\\\/bb65d0283347e303893ba14f0692005417c1e0e690a325a4c5d8bb2b3943ee14?s=96&d=mm&r=g\",\"url\":\"https:\\\/\\\/secure.gravatar.com\\\/avatar\\\/bb65d0283347e303893ba14f0692005417c1e0e690a325a4c5d8bb2b3943ee14?s=96&d=mm&r=g\",\"contentUrl\":\"https:\\\/\\\/secure.gravatar.com\\\/avatar\\\/bb65d0283347e303893ba14f0692005417c1e0e690a325a4c5d8bb2b3943ee14?s=96&d=mm&r=g\",\"caption\":\"Cope Alcoy\"}}]}<\/script>\n<!-- \/ Yoast SEO plugin. -->","yoast_head_json":{"title":"Muro pide a Conseller\u00eda la construcci\u00f3n del Bracal - COPE Alcoy","robots":{"index":"index","follow":"follow","max-snippet":"max-snippet:-1","max-image-preview":"max-image-preview:large","max-video-preview":"max-video-preview:-1"},"canonical":"https:\/\/www.copealcoy.es\/es\/muro-pide-a-conselleria-la-construccion-del-bracal\/","og_locale":"es_ES","og_type":"article","og_title":"Muro pide a Conseller\u00eda la construcci\u00f3n del Bracal - COPE Alcoy","og_description":"El alcalde de Muro Francesc Valls y la edil de Educaci\u00f3n Fani Juan, ambos de Esquerra Unida, se trasladaron el...","og_url":"https:\/\/www.copealcoy.es\/es\/muro-pide-a-conselleria-la-construccion-del-bracal\/","og_site_name":"COPE Alcoy","article_published_time":"2015-09-17T09:38:08+00:00","article_modified_time":"2015-09-20T15:52:29+00:00","og_image":[{"width":670,"height":377,"url":"https:\/\/www.copealcoy.es\/wp-content\/uploads\/2015\/09\/img_20333.jpg","type":"image\/jpeg"}],"author":"Cope Alcoy","twitter_misc":{"Escrito por":"Cope Alcoy","Tiempo de lectura":"1 minuto"},"schema":{"@context":"https:\/\/schema.org","@graph":[{"@type":"Article","@id":"https:\/\/www.copealcoy.es\/es\/muro-pide-a-conselleria-la-construccion-del-bracal\/#article","isPartOf":{"@id":"https:\/\/www.copealcoy.es\/es\/muro-pide-a-conselleria-la-construccion-del-bracal\/"},"author":{"name":"Cope Alcoy","@id":"https:\/\/www.copealcoy.es\/es\/#\/schema\/person\/e777c87fa024e57d40170af9df39882c"},"headline":"Muro pide a Conseller\u00eda la construcci\u00f3n del Bracal","datePublished":"2015-09-17T09:38:08+00:00","dateModified":"2015-09-20T15:52:29+00:00","mainEntityOfPage":{"@id":"https:\/\/www.copealcoy.es\/es\/muro-pide-a-conselleria-la-construccion-del-bracal\/"},"wordCount":173,"commentCount":0,"image":{"@id":"https:\/\/www.copealcoy.es\/es\/muro-pide-a-conselleria-la-construccion-del-bracal\/#primaryimage"},"thumbnailUrl":"https:\/\/www.copealcoy.es\/wp-content\/uploads\/2015\/09\/img_20333.jpg","keywords":["Bracal","Conseller\u00eda","Esquerra Unida","Muro"],"articleSection":["Comarcas","Noticias"],"inLanguage":"es"},{"@type":"WebPage","@id":"https:\/\/www.copealcoy.es\/es\/muro-pide-a-conselleria-la-construccion-del-bracal\/","url":"https:\/\/www.copealcoy.es\/es\/muro-pide-a-conselleria-la-construccion-del-bracal\/","name":"Muro pide a Conseller\u00eda la construcci\u00f3n del Bracal - COPE Alcoy","isPartOf":{"@id":"https:\/\/www.copealcoy.es\/es\/#website"},"primaryImageOfPage":{"@id":"https:\/\/www.copealcoy.es\/es\/muro-pide-a-conselleria-la-construccion-del-bracal\/#primaryimage"},"image":{"@id":"https:\/\/www.copealcoy.es\/es\/muro-pide-a-conselleria-la-construccion-del-bracal\/#primaryimage"},"thumbnailUrl":"https:\/\/www.copealcoy.es\/wp-content\/uploads\/2015\/09\/img_20333.jpg","datePublished":"2015-09-17T09:38:08+00:00","dateModified":"2015-09-20T15:52:29+00:00","author":{"@id":"https:\/\/www.copealcoy.es\/es\/#\/schema\/person\/e777c87fa024e57d40170af9df39882c"},"breadcrumb":{"@id":"https:\/\/www.copealcoy.es\/es\/muro-pide-a-conselleria-la-construccion-del-bracal\/#breadcrumb"},"inLanguage":"es","potentialAction":[{"@type":"ReadAction","target":["https:\/\/www.copealcoy.es\/es\/muro-pide-a-conselleria-la-construccion-del-bracal\/"]}]},{"@type":"ImageObject","inLanguage":"es","@id":"https:\/\/www.copealcoy.es\/es\/muro-pide-a-conselleria-la-construccion-del-bracal\/#primaryimage","url":"https:\/\/www.copealcoy.es\/wp-content\/uploads\/2015\/09\/img_20333.jpg","contentUrl":"https:\/\/www.copealcoy.es\/wp-content\/uploads\/2015\/09\/img_20333.jpg","width":670,"height":377,"caption":"Francesc Valls y Fani Juan en Conseller\u00eda"},{"@type":"BreadcrumbList","@id":"https:\/\/www.copealcoy.es\/es\/muro-pide-a-conselleria-la-construccion-del-bracal\/#breadcrumb","itemListElement":[{"@type":"ListItem","position":1,"name":"Portada","item":"https:\/\/www.copealcoy.es\/es\/"},{"@type":"ListItem","position":2,"name":"Muro pide a Conseller\u00eda la construcci\u00f3n del Bracal"}]},{"@type":"WebSite","@id":"https:\/\/www.copealcoy.es\/es\/#website","url":"https:\/\/www.copealcoy.es\/es\/","name":"COPE Alcoy","description":"Emisora COPE de radio local con emisi\u00f3n online. Pont de Sant Jordi 8-10 03803 Alcoy","potentialAction":[{"@type":"SearchAction","target":{"@type":"EntryPoint","urlTemplate":"https:\/\/www.copealcoy.es\/es\/?s={search_term_string}"},"query-input":{"@type":"PropertyValueSpecification","valueRequired":true,"valueName":"search_term_string"}}],"inLanguage":"es"},{"@type":"Person","@id":"https:\/\/www.copealcoy.es\/es\/#\/schema\/person\/e777c87fa024e57d40170af9df39882c","name":"Cope Alcoy","image":{"@type":"ImageObject","inLanguage":"es","@id":"https:\/\/secure.gravatar.com\/avatar\/bb65d0283347e303893ba14f0692005417c1e0e690a325a4c5d8bb2b3943ee14?s=96&d=mm&r=g","url":"https:\/\/secure.gravatar.com\/avatar\/bb65d0283347e303893ba14f0692005417c1e0e690a325a4c5d8bb2b3943ee14?s=96&d=mm&r=g","contentUrl":"https:\/\/secure.gravatar.com\/avatar\/bb65d0283347e303893ba14f0692005417c1e0e690a325a4c5d8bb2b3943ee14?s=96&d=mm&r=g","caption":"Cope Alcoy"}}]}},"_links":{"self":[{"href":"https:\/\/www.copealcoy.es\/es\/wp-json\/wp\/v2\/posts\/15782","targetHints":{"allow":["GET"]}}],"collection":[{"href":"https:\/\/www.copealcoy.es\/es\/wp-json\/wp\/v2\/posts"}],"about":[{"href":"https:\/\/www.copealcoy.es\/es\/wp-json\/wp\/v2\/types\/post"}],"author":[{"embeddable":true,"href":"https:\/\/www.copealcoy.es\/es\/wp-json\/wp\/v2\/users\/1"}],"replies":[{"embeddable":true,"href":"https:\/\/www.copealcoy.es\/es\/wp-json\/wp\/v2\/comments?post=15782"}],"version-history":[{"count":0,"href":"https:\/\/www.copealcoy.es\/es\/wp-json\/wp\/v2\/posts\/15782\/revisions"}],"wp:featuredmedia":[{"embeddable":true,"href":"https:\/\/www.copealcoy.es\/es\/wp-json\/wp\/v2\/media\/15853"}],"wp:attachment":[{"href":"https:\/\/www.copealcoy.es\/es\/wp-json\/wp\/v2\/media?parent=15782"}],"wp:term":[{"taxonomy":"category","embeddable":true,"href":"https:\/\/www.copealcoy.es\/es\/wp-json\/wp\/v2\/categories?post=15782"},{"taxonomy":"post_tag","embeddable":true,"href":"https:\/\/www.copealcoy.es\/es\/wp-json\/wp\/v2\/tags?post=15782"}],"curies":[{"name":"wp","href":"https:\/\/api.w.org\/{rel}","templated":true}]}}