{"id":15780,"date":"2015-09-17T16:35:53","date_gmt":"2015-09-17T16:35:53","guid":{"rendered":"http:\/\/copealcoi.es\/new\/?p=15780"},"modified":"2015-09-17T20:52:23","modified_gmt":"2015-09-17T20:52:23","slug":"el-pp-de-cocentaina-denuncia-que-el-psoe-ha-incumplido-los-acuerdos-del-presupuesto","status":"publish","type":"post","link":"https:\/\/www.copealcoy.es\/es\/el-pp-de-cocentaina-denuncia-que-el-psoe-ha-incumplido-los-acuerdos-del-presupuesto\/","title":{"rendered":"El PP de Cocentaina denuncia que el PSOE ha incumplido los acuerdos del presupuesto"},"content":{"rendered":"<p style=\"text-align: justify;\">El\u00a0Partido Popular de Cocentaina ha denunciado que el Gobierno Local del PSOE ha incumplido los acuerdos que ambas formaciones sellaron a principios de este a\u00f1o y que permitieron la aprobaci\u00f3n de los presupuestos municipales del 2015. Desde los populares se\u00f1alan que no se ha convocado ninguna reuni\u00f3n de seguimiento para estudiar bonificaciones en las tasas de basuras y de agua ni tampoco, dicen, se han planteado iniciativas para los j\u00f3venes emprendedores contestanos. Adem\u00e1s la formaci\u00f3n pol\u00edtica a\u00f1ade que el Ejecutivo Municipal no ha trabajado para crear un departamento espec\u00edfico que impulse\u00a0la promoci\u00f3n tur\u00edstica y matizan\u00a0que todav\u00eda est\u00e1 pendiente de reunirse el Consell del Palau. Precisamente sobre el hist\u00f3rico edificio contestano afirman que no hay ning\u00fan avance en la redacci\u00f3n de su plan director.\u00a0Por \u00faltimo indican que no se ha previsto la apertura de los museos municipales y monumentos en fines de semana y festivos al mismo tiempo que aseguran\u00a0que tampoco se ha redactado el convenio con las C\u00e1ritas locales.<\/p>\n<p style=\"text-align: justify;\">Rafael Montava, portavoz popular, ha lamentado la situaci\u00f3n y ha expresado su deseo de que estos asuntos se retomen con el inicio del nuevo curso pol\u00edtico &#8220;nuestro voto favorable a los presupuestos ten\u00eda como condici\u00f3n el cumplimiento de estas propuestas as\u00ed que vamos a trabajar para que ello sea una realidad en los pr\u00f3ximos meses&#8221;, concluye.<\/p>\n","protected":false},"excerpt":{"rendered":"<p>El\u00a0Partido Popular de Cocentaina ha denunciado que el Gobierno Local del PSOE ha incumplido los acuerdos que ambas formaciones sellaron&#8230;<\/p>\n","protected":false},"author":1,"featured_media":13369,"comment_status":"open","ping_status":"open","sticky":false,"template":"","format":"standard","meta":{"footnotes":""},"categories":[98,75],"tags":[132,227,316,371],"class_list":["post-15780","post","type-post","status-publish","format-standard","has-post-thumbnail","hentry","category-comarcas","category-noticias","tag-cocentaina","tag-pp","tag-presupuestos","tag-psoe"],"yoast_head":"<!-- This site is optimized with the Yoast SEO plugin v27.3 - https:\/\/yoast.com\/product\/yoast-seo-wordpress\/ -->\n<title>El PP de Cocentaina denuncia que el PSOE ha incumplido los acuerdos del presupuesto - COPE Alcoy<\/title>\n<meta name=\"robots\" content=\"index, follow, max-snippet:-1, max-image-preview:large, max-video-preview:-1\" \/>\n<link rel=\"canonical\" href=\"https:\/\/www.copealcoy.es\/es\/el-pp-de-cocentaina-denuncia-que-el-psoe-ha-incumplido-los-acuerdos-del-presupuesto\/\" \/>\n<meta property=\"og:locale\" content=\"es_ES\" \/>\n<meta property=\"og:type\" content=\"article\" \/>\n<meta property=\"og:title\" content=\"El PP de Cocentaina denuncia que el PSOE ha incumplido los acuerdos del presupuesto - COPE Alcoy\" \/>\n<meta property=\"og:description\" content=\"El\u00a0Partido Popular de Cocentaina ha denunciado que el Gobierno Local del PSOE ha incumplido los acuerdos que ambas formaciones sellaron...\" \/>\n<meta property=\"og:url\" content=\"https:\/\/www.copealcoy.es\/es\/el-pp-de-cocentaina-denuncia-que-el-psoe-ha-incumplido-los-acuerdos-del-presupuesto\/\" \/>\n<meta property=\"og:site_name\" content=\"COPE Alcoy\" \/>\n<meta property=\"article:published_time\" content=\"2015-09-17T16:35:53+00:00\" \/>\n<meta property=\"article:modified_time\" content=\"2015-09-17T20:52:23+00:00\" \/>\n<meta property=\"og:image\" content=\"https:\/\/www.copealcoy.es\/wp-content\/uploads\/2015\/05\/img_17201.jpg\" \/>\n\t<meta property=\"og:image:width\" content=\"670\" \/>\n\t<meta property=\"og:image:height\" content=\"377\" \/>\n\t<meta property=\"og:image:type\" content=\"image\/jpeg\" \/>\n<meta name=\"author\" content=\"Cope Alcoy\" \/>\n<meta name=\"twitter:label1\" content=\"Escrito por\" \/>\n\t<meta name=\"twitter:data1\" content=\"Cope Alcoy\" \/>\n\t<meta name=\"twitter:label2\" content=\"Tiempo de lectura\" \/>\n\t<meta name=\"twitter:data2\" content=\"1 minuto\" \/>\n<script type=\"application\/ld+json\" class=\"yoast-schema-graph\">{\"@context\":\"https:\\\/\\\/schema.org\",\"@graph\":[{\"@type\":\"Article\",\"@id\":\"https:\\\/\\\/www.copealcoy.es\\\/es\\\/el-pp-de-cocentaina-denuncia-que-el-psoe-ha-incumplido-los-acuerdos-del-presupuesto\\\/#article\",\"isPartOf\":{\"@id\":\"https:\\\/\\\/www.copealcoy.es\\\/es\\\/el-pp-de-cocentaina-denuncia-que-el-psoe-ha-incumplido-los-acuerdos-del-presupuesto\\\/\"},\"author\":{\"name\":\"Cope Alcoy\",\"@id\":\"https:\\\/\\\/www.copealcoy.es\\\/es\\\/#\\\/schema\\\/person\\\/e777c87fa024e57d40170af9df39882c\"},\"headline\":\"El PP de Cocentaina denuncia que el PSOE ha incumplido los acuerdos del presupuesto\",\"datePublished\":\"2015-09-17T16:35:53+00:00\",\"dateModified\":\"2015-09-17T20:52:23+00:00\",\"mainEntityOfPage\":{\"@id\":\"https:\\\/\\\/www.copealcoy.es\\\/es\\\/el-pp-de-cocentaina-denuncia-que-el-psoe-ha-incumplido-los-acuerdos-del-presupuesto\\\/\"},\"wordCount\":255,\"commentCount\":0,\"image\":{\"@id\":\"https:\\\/\\\/www.copealcoy.es\\\/es\\\/el-pp-de-cocentaina-denuncia-que-el-psoe-ha-incumplido-los-acuerdos-del-presupuesto\\\/#primaryimage\"},\"thumbnailUrl\":\"https:\\\/\\\/www.copealcoy.es\\\/wp-content\\\/uploads\\\/2015\\\/05\\\/img_17201.jpg\",\"keywords\":[\"Cocentaina\",\"PP\",\"Presupuestos\",\"PSOE\"],\"articleSection\":[\"Comarcas\",\"Noticias\"],\"inLanguage\":\"es\"},{\"@type\":\"WebPage\",\"@id\":\"https:\\\/\\\/www.copealcoy.es\\\/es\\\/el-pp-de-cocentaina-denuncia-que-el-psoe-ha-incumplido-los-acuerdos-del-presupuesto\\\/\",\"url\":\"https:\\\/\\\/www.copealcoy.es\\\/es\\\/el-pp-de-cocentaina-denuncia-que-el-psoe-ha-incumplido-los-acuerdos-del-presupuesto\\\/\",\"name\":\"El PP de Cocentaina denuncia que el PSOE ha incumplido los acuerdos del presupuesto - COPE Alcoy\",\"isPartOf\":{\"@id\":\"https:\\\/\\\/www.copealcoy.es\\\/es\\\/#website\"},\"primaryImageOfPage\":{\"@id\":\"https:\\\/\\\/www.copealcoy.es\\\/es\\\/el-pp-de-cocentaina-denuncia-que-el-psoe-ha-incumplido-los-acuerdos-del-presupuesto\\\/#primaryimage\"},\"image\":{\"@id\":\"https:\\\/\\\/www.copealcoy.es\\\/es\\\/el-pp-de-cocentaina-denuncia-que-el-psoe-ha-incumplido-los-acuerdos-del-presupuesto\\\/#primaryimage\"},\"thumbnailUrl\":\"https:\\\/\\\/www.copealcoy.es\\\/wp-content\\\/uploads\\\/2015\\\/05\\\/img_17201.jpg\",\"datePublished\":\"2015-09-17T16:35:53+00:00\",\"dateModified\":\"2015-09-17T20:52:23+00:00\",\"author\":{\"@id\":\"https:\\\/\\\/www.copealcoy.es\\\/es\\\/#\\\/schema\\\/person\\\/e777c87fa024e57d40170af9df39882c\"},\"breadcrumb\":{\"@id\":\"https:\\\/\\\/www.copealcoy.es\\\/es\\\/el-pp-de-cocentaina-denuncia-que-el-psoe-ha-incumplido-los-acuerdos-del-presupuesto\\\/#breadcrumb\"},\"inLanguage\":\"es\",\"potentialAction\":[{\"@type\":\"ReadAction\",\"target\":[\"https:\\\/\\\/www.copealcoy.es\\\/es\\\/el-pp-de-cocentaina-denuncia-que-el-psoe-ha-incumplido-los-acuerdos-del-presupuesto\\\/\"]}]},{\"@type\":\"ImageObject\",\"inLanguage\":\"es\",\"@id\":\"https:\\\/\\\/www.copealcoy.es\\\/es\\\/el-pp-de-cocentaina-denuncia-que-el-psoe-ha-incumplido-los-acuerdos-del-presupuesto\\\/#primaryimage\",\"url\":\"https:\\\/\\\/www.copealcoy.es\\\/wp-content\\\/uploads\\\/2015\\\/05\\\/img_17201.jpg\",\"contentUrl\":\"https:\\\/\\\/www.copealcoy.es\\\/wp-content\\\/uploads\\\/2015\\\/05\\\/img_17201.jpg\",\"width\":670,\"height\":377,\"caption\":\"Rafael Montava en un acto celebrado en el Teular contestano\"},{\"@type\":\"BreadcrumbList\",\"@id\":\"https:\\\/\\\/www.copealcoy.es\\\/es\\\/el-pp-de-cocentaina-denuncia-que-el-psoe-ha-incumplido-los-acuerdos-del-presupuesto\\\/#breadcrumb\",\"itemListElement\":[{\"@type\":\"ListItem\",\"position\":1,\"name\":\"Portada\",\"item\":\"https:\\\/\\\/www.copealcoy.es\\\/es\\\/\"},{\"@type\":\"ListItem\",\"position\":2,\"name\":\"El PP de Cocentaina denuncia que el PSOE ha incumplido los acuerdos del presupuesto\"}]},{\"@type\":\"WebSite\",\"@id\":\"https:\\\/\\\/www.copealcoy.es\\\/es\\\/#website\",\"url\":\"https:\\\/\\\/www.copealcoy.es\\\/es\\\/\",\"name\":\"COPE Alcoy\",\"description\":\"Emisora COPE de radio local con emisi\u00f3n online. Pont de Sant Jordi 8-10 03803 Alcoy\",\"potentialAction\":[{\"@type\":\"SearchAction\",\"target\":{\"@type\":\"EntryPoint\",\"urlTemplate\":\"https:\\\/\\\/www.copealcoy.es\\\/es\\\/?s={search_term_string}\"},\"query-input\":{\"@type\":\"PropertyValueSpecification\",\"valueRequired\":true,\"valueName\":\"search_term_string\"}}],\"inLanguage\":\"es\"},{\"@type\":\"Person\",\"@id\":\"https:\\\/\\\/www.copealcoy.es\\\/es\\\/#\\\/schema\\\/person\\\/e777c87fa024e57d40170af9df39882c\",\"name\":\"Cope Alcoy\",\"image\":{\"@type\":\"ImageObject\",\"inLanguage\":\"es\",\"@id\":\"https:\\\/\\\/secure.gravatar.com\\\/avatar\\\/bb65d0283347e303893ba14f0692005417c1e0e690a325a4c5d8bb2b3943ee14?s=96&d=mm&r=g\",\"url\":\"https:\\\/\\\/secure.gravatar.com\\\/avatar\\\/bb65d0283347e303893ba14f0692005417c1e0e690a325a4c5d8bb2b3943ee14?s=96&d=mm&r=g\",\"contentUrl\":\"https:\\\/\\\/secure.gravatar.com\\\/avatar\\\/bb65d0283347e303893ba14f0692005417c1e0e690a325a4c5d8bb2b3943ee14?s=96&d=mm&r=g\",\"caption\":\"Cope Alcoy\"}}]}<\/script>\n<!-- \/ Yoast SEO plugin. -->","yoast_head_json":{"title":"El PP de Cocentaina denuncia que el PSOE ha incumplido los acuerdos del presupuesto - COPE Alcoy","robots":{"index":"index","follow":"follow","max-snippet":"max-snippet:-1","max-image-preview":"max-image-preview:large","max-video-preview":"max-video-preview:-1"},"canonical":"https:\/\/www.copealcoy.es\/es\/el-pp-de-cocentaina-denuncia-que-el-psoe-ha-incumplido-los-acuerdos-del-presupuesto\/","og_locale":"es_ES","og_type":"article","og_title":"El PP de Cocentaina denuncia que el PSOE ha incumplido los acuerdos del presupuesto - COPE Alcoy","og_description":"El\u00a0Partido Popular de Cocentaina ha denunciado que el Gobierno Local del PSOE ha incumplido los acuerdos que ambas formaciones sellaron...","og_url":"https:\/\/www.copealcoy.es\/es\/el-pp-de-cocentaina-denuncia-que-el-psoe-ha-incumplido-los-acuerdos-del-presupuesto\/","og_site_name":"COPE Alcoy","article_published_time":"2015-09-17T16:35:53+00:00","article_modified_time":"2015-09-17T20:52:23+00:00","og_image":[{"width":670,"height":377,"url":"https:\/\/www.copealcoy.es\/wp-content\/uploads\/2015\/05\/img_17201.jpg","type":"image\/jpeg"}],"author":"Cope Alcoy","twitter_misc":{"Escrito por":"Cope Alcoy","Tiempo de lectura":"1 minuto"},"schema":{"@context":"https:\/\/schema.org","@graph":[{"@type":"Article","@id":"https:\/\/www.copealcoy.es\/es\/el-pp-de-cocentaina-denuncia-que-el-psoe-ha-incumplido-los-acuerdos-del-presupuesto\/#article","isPartOf":{"@id":"https:\/\/www.copealcoy.es\/es\/el-pp-de-cocentaina-denuncia-que-el-psoe-ha-incumplido-los-acuerdos-del-presupuesto\/"},"author":{"name":"Cope Alcoy","@id":"https:\/\/www.copealcoy.es\/es\/#\/schema\/person\/e777c87fa024e57d40170af9df39882c"},"headline":"El PP de Cocentaina denuncia que el PSOE ha incumplido los acuerdos del presupuesto","datePublished":"2015-09-17T16:35:53+00:00","dateModified":"2015-09-17T20:52:23+00:00","mainEntityOfPage":{"@id":"https:\/\/www.copealcoy.es\/es\/el-pp-de-cocentaina-denuncia-que-el-psoe-ha-incumplido-los-acuerdos-del-presupuesto\/"},"wordCount":255,"commentCount":0,"image":{"@id":"https:\/\/www.copealcoy.es\/es\/el-pp-de-cocentaina-denuncia-que-el-psoe-ha-incumplido-los-acuerdos-del-presupuesto\/#primaryimage"},"thumbnailUrl":"https:\/\/www.copealcoy.es\/wp-content\/uploads\/2015\/05\/img_17201.jpg","keywords":["Cocentaina","PP","Presupuestos","PSOE"],"articleSection":["Comarcas","Noticias"],"inLanguage":"es"},{"@type":"WebPage","@id":"https:\/\/www.copealcoy.es\/es\/el-pp-de-cocentaina-denuncia-que-el-psoe-ha-incumplido-los-acuerdos-del-presupuesto\/","url":"https:\/\/www.copealcoy.es\/es\/el-pp-de-cocentaina-denuncia-que-el-psoe-ha-incumplido-los-acuerdos-del-presupuesto\/","name":"El PP de Cocentaina denuncia que el PSOE ha incumplido los acuerdos del presupuesto - COPE Alcoy","isPartOf":{"@id":"https:\/\/www.copealcoy.es\/es\/#website"},"primaryImageOfPage":{"@id":"https:\/\/www.copealcoy.es\/es\/el-pp-de-cocentaina-denuncia-que-el-psoe-ha-incumplido-los-acuerdos-del-presupuesto\/#primaryimage"},"image":{"@id":"https:\/\/www.copealcoy.es\/es\/el-pp-de-cocentaina-denuncia-que-el-psoe-ha-incumplido-los-acuerdos-del-presupuesto\/#primaryimage"},"thumbnailUrl":"https:\/\/www.copealcoy.es\/wp-content\/uploads\/2015\/05\/img_17201.jpg","datePublished":"2015-09-17T16:35:53+00:00","dateModified":"2015-09-17T20:52:23+00:00","author":{"@id":"https:\/\/www.copealcoy.es\/es\/#\/schema\/person\/e777c87fa024e57d40170af9df39882c"},"breadcrumb":{"@id":"https:\/\/www.copealcoy.es\/es\/el-pp-de-cocentaina-denuncia-que-el-psoe-ha-incumplido-los-acuerdos-del-presupuesto\/#breadcrumb"},"inLanguage":"es","potentialAction":[{"@type":"ReadAction","target":["https:\/\/www.copealcoy.es\/es\/el-pp-de-cocentaina-denuncia-que-el-psoe-ha-incumplido-los-acuerdos-del-presupuesto\/"]}]},{"@type":"ImageObject","inLanguage":"es","@id":"https:\/\/www.copealcoy.es\/es\/el-pp-de-cocentaina-denuncia-que-el-psoe-ha-incumplido-los-acuerdos-del-presupuesto\/#primaryimage","url":"https:\/\/www.copealcoy.es\/wp-content\/uploads\/2015\/05\/img_17201.jpg","contentUrl":"https:\/\/www.copealcoy.es\/wp-content\/uploads\/2015\/05\/img_17201.jpg","width":670,"height":377,"caption":"Rafael Montava en un acto celebrado en el Teular contestano"},{"@type":"BreadcrumbList","@id":"https:\/\/www.copealcoy.es\/es\/el-pp-de-cocentaina-denuncia-que-el-psoe-ha-incumplido-los-acuerdos-del-presupuesto\/#breadcrumb","itemListElement":[{"@type":"ListItem","position":1,"name":"Portada","item":"https:\/\/www.copealcoy.es\/es\/"},{"@type":"ListItem","position":2,"name":"El PP de Cocentaina denuncia que el PSOE ha incumplido los acuerdos del presupuesto"}]},{"@type":"WebSite","@id":"https:\/\/www.copealcoy.es\/es\/#website","url":"https:\/\/www.copealcoy.es\/es\/","name":"COPE Alcoy","description":"Emisora COPE de radio local con emisi\u00f3n online. Pont de Sant Jordi 8-10 03803 Alcoy","potentialAction":[{"@type":"SearchAction","target":{"@type":"EntryPoint","urlTemplate":"https:\/\/www.copealcoy.es\/es\/?s={search_term_string}"},"query-input":{"@type":"PropertyValueSpecification","valueRequired":true,"valueName":"search_term_string"}}],"inLanguage":"es"},{"@type":"Person","@id":"https:\/\/www.copealcoy.es\/es\/#\/schema\/person\/e777c87fa024e57d40170af9df39882c","name":"Cope Alcoy","image":{"@type":"ImageObject","inLanguage":"es","@id":"https:\/\/secure.gravatar.com\/avatar\/bb65d0283347e303893ba14f0692005417c1e0e690a325a4c5d8bb2b3943ee14?s=96&d=mm&r=g","url":"https:\/\/secure.gravatar.com\/avatar\/bb65d0283347e303893ba14f0692005417c1e0e690a325a4c5d8bb2b3943ee14?s=96&d=mm&r=g","contentUrl":"https:\/\/secure.gravatar.com\/avatar\/bb65d0283347e303893ba14f0692005417c1e0e690a325a4c5d8bb2b3943ee14?s=96&d=mm&r=g","caption":"Cope Alcoy"}}]}},"_links":{"self":[{"href":"https:\/\/www.copealcoy.es\/es\/wp-json\/wp\/v2\/posts\/15780","targetHints":{"allow":["GET"]}}],"collection":[{"href":"https:\/\/www.copealcoy.es\/es\/wp-json\/wp\/v2\/posts"}],"about":[{"href":"https:\/\/www.copealcoy.es\/es\/wp-json\/wp\/v2\/types\/post"}],"author":[{"embeddable":true,"href":"https:\/\/www.copealcoy.es\/es\/wp-json\/wp\/v2\/users\/1"}],"replies":[{"embeddable":true,"href":"https:\/\/www.copealcoy.es\/es\/wp-json\/wp\/v2\/comments?post=15780"}],"version-history":[{"count":0,"href":"https:\/\/www.copealcoy.es\/es\/wp-json\/wp\/v2\/posts\/15780\/revisions"}],"wp:featuredmedia":[{"embeddable":true,"href":"https:\/\/www.copealcoy.es\/es\/wp-json\/wp\/v2\/media\/13369"}],"wp:attachment":[{"href":"https:\/\/www.copealcoy.es\/es\/wp-json\/wp\/v2\/media?parent=15780"}],"wp:term":[{"taxonomy":"category","embeddable":true,"href":"https:\/\/www.copealcoy.es\/es\/wp-json\/wp\/v2\/categories?post=15780"},{"taxonomy":"post_tag","embeddable":true,"href":"https:\/\/www.copealcoy.es\/es\/wp-json\/wp\/v2\/tags?post=15780"}],"curies":[{"name":"wp","href":"https:\/\/api.w.org\/{rel}","templated":true}]}}