{"id":157785,"date":"2025-09-29T09:00:28","date_gmt":"2025-09-29T08:00:28","guid":{"rendered":"https:\/\/www.copealcoy.es\/?p=157785"},"modified":"2025-09-28T19:11:29","modified_gmt":"2025-09-28T18:11:29","slug":"cocentaina-mostrara-su-patrimonio-en-una-nueva-edicion-de-open-house-valencia-2025","status":"publish","type":"post","link":"https:\/\/www.copealcoy.es\/es\/cocentaina-mostrara-su-patrimonio-en-una-nueva-edicion-de-open-house-valencia-2025\/","title":{"rendered":"Cocentaina mostrar\u00e1 su patrimonio en una nueva edici\u00f3n de Open House Valencia 2025"},"content":{"rendered":"<p style=\"text-align: justify;\" data-start=\"187\" data-end=\"456\"><a href=\"https:\/\/www.cocentaina.es\/\" target=\"_blank\" rel=\"noopener\"><strong><span style=\"color: #0000ff;\">Cocentaina<\/span><\/strong><\/a> volver\u00e1 a abrir las puertas de su patrimonio los d\u00edas <strong data-start=\"252\" data-end=\"272\">4 y 5 de octubre<\/strong> dentro del <strong data-start=\"284\" data-end=\"312\">Open House Valencia 2025<\/strong>, un festival internacional que acerca la arquitectura a la ciudadan\u00eda y que celebra este a\u00f1o su <strong data-start=\"409\" data-end=\"428\">s\u00e9ptima edici\u00f3n<\/strong> en la capital valenciana. Ser\u00e1 la segunda vez que la capital del Comtat se une a esta propuesta puesto que ya particip\u00f3 en la convocatoria del pasado a\u00f1o con <strong>una gran acogida<\/strong> en todas las actividades celebradas.<\/p>\n<p style=\"text-align: justify;\" data-start=\"187\" data-end=\"456\">El programa incluye <strong data-start=\"478\" data-end=\"497\">visitas guiadas<\/strong> a espacios emblem\u00e1ticos como el <strong data-start=\"530\" data-end=\"546\">Palau Comtal<\/strong> o la <strong data-start=\"552\" data-end=\"578\">iglesia de Santa Mar\u00eda<\/strong>, adem\u00e1s de lugares menos conocidos como el <strong data-start=\"622\" data-end=\"654\">Convento de los Franciscanos<\/strong>. Tambi\u00e9n habr\u00e1 <strong data-start=\"670\" data-end=\"689\">rutas tem\u00e1ticas<\/strong> para descubrir la historia y la evoluci\u00f3n urban\u00edstica de la villa comtal, as\u00ed como sus tradicionales viveros de agua. En total, se abrir\u00e1n al p\u00fablico <strong data-start=\"840\" data-end=\"858\">ocho edificios<\/strong>, entre ellos el <strong data-start=\"875\" data-end=\"896\">Refugio antia\u00e9reo<\/strong>, la <strong data-start=\"901\" data-end=\"926\">Casa dels Reformistes<\/strong> y viviendas privadas del carrer Nou\u00a0\u201c<em>Open House Valencia es un festival de puertas abiertas de arquitectura que forma parte de una red internacional con m\u00e1s de 60 ciudades participantes. Cocentaina repite este a\u00f1o como municipio invitado junto a Ll\u00edria, X\u00e0tiva y Manises<\/em>\u201d, destaca la directora del festival, <strong data-start=\"994\" data-end=\"1010\">Sara Portela. <\/strong>Por su parte, el alcalde<\/p>\n<p style=\"text-align: justify;\" data-start=\"187\" data-end=\"456\">El acceso a los edificios ser\u00e1 <strong data-start=\"1300\" data-end=\"1312\">gratuito<\/strong> y guiado por expertos locales. Para las rutas ser\u00e1 necesario reservar entrada previa a trav\u00e9s de la web del festival, donde los participantes deber\u00e1n registrarse y obtener un <strong data-start=\"1488\" data-end=\"1509\">carnet Open House<\/strong> en formato QR.<\/p>\n","protected":false},"excerpt":{"rendered":"<p>Cocentaina volver\u00e1 a abrir las puertas de su patrimonio los d\u00edas 4 y 5 de octubre dentro del Open House&#8230;<\/p>\n","protected":false},"author":1,"featured_media":157786,"comment_status":"closed","ping_status":"closed","sticky":false,"template":"","format":"standard","meta":{"footnotes":""},"categories":[6909,98,75],"tags":[957,132,20055,20056],"class_list":["post-157785","post","type-post","status-publish","format-standard","has-post-thumbnail","hentry","category-actualidad","category-comarcas","category-noticias","tag-arquitectura","tag-cocentaina","tag-festival-open-house","tag-promocion-del-patrimonio"],"yoast_head":"<!-- This site is optimized with the Yoast SEO plugin v27.3 - https:\/\/yoast.com\/product\/yoast-seo-wordpress\/ -->\n<title>Cocentaina mostrar\u00e1 su patrimonio en una nueva edici\u00f3n de Open House Valencia 2025 - COPE Alcoy<\/title>\n<meta name=\"description\" content=\"Cocentaina mostrar\u00e1 su patrimonio en una nueva edici\u00f3n de Open House Valencia 2025\" \/>\n<meta name=\"robots\" content=\"index, follow, max-snippet:-1, max-image-preview:large, max-video-preview:-1\" \/>\n<link rel=\"canonical\" href=\"https:\/\/www.copealcoy.es\/es\/cocentaina-mostrara-su-patrimonio-en-una-nueva-edicion-de-open-house-valencia-2025\/\" \/>\n<meta property=\"og:locale\" content=\"es_ES\" \/>\n<meta property=\"og:type\" content=\"article\" \/>\n<meta property=\"og:title\" content=\"Cocentaina mostrar\u00e1 su patrimonio en una nueva edici\u00f3n de Open House Valencia 2025 - COPE Alcoy\" \/>\n<meta property=\"og:description\" content=\"Cocentaina mostrar\u00e1 su patrimonio en una nueva edici\u00f3n de Open House Valencia 2025\" \/>\n<meta property=\"og:url\" content=\"https:\/\/www.copealcoy.es\/es\/cocentaina-mostrara-su-patrimonio-en-una-nueva-edicion-de-open-house-valencia-2025\/\" \/>\n<meta property=\"og:site_name\" content=\"COPE Alcoy\" \/>\n<meta property=\"article:published_time\" content=\"2025-09-29T08:00:28+00:00\" \/>\n<meta property=\"og:image\" content=\"https:\/\/www.copealcoy.es\/wp-content\/uploads\/2025\/09\/OPEN-HOUSE-1-1-scaled.jpeg\" \/>\n\t<meta property=\"og:image:width\" content=\"2560\" \/>\n\t<meta property=\"og:image:height\" content=\"1393\" \/>\n\t<meta property=\"og:image:type\" content=\"image\/jpeg\" \/>\n<meta name=\"author\" content=\"Cope Alcoy\" \/>\n<meta name=\"twitter:label1\" content=\"Escrito por\" \/>\n\t<meta name=\"twitter:data1\" content=\"Cope Alcoy\" \/>\n\t<meta name=\"twitter:label2\" content=\"Tiempo de lectura\" \/>\n\t<meta name=\"twitter:data2\" content=\"2 minutos\" \/>\n<script type=\"application\/ld+json\" class=\"yoast-schema-graph\">{\"@context\":\"https:\\\/\\\/schema.org\",\"@graph\":[{\"@type\":\"Article\",\"@id\":\"https:\\\/\\\/www.copealcoy.es\\\/es\\\/cocentaina-mostrara-su-patrimonio-en-una-nueva-edicion-de-open-house-valencia-2025\\\/#article\",\"isPartOf\":{\"@id\":\"https:\\\/\\\/www.copealcoy.es\\\/es\\\/cocentaina-mostrara-su-patrimonio-en-una-nueva-edicion-de-open-house-valencia-2025\\\/\"},\"author\":{\"name\":\"Cope Alcoy\",\"@id\":\"https:\\\/\\\/www.copealcoy.es\\\/es\\\/#\\\/schema\\\/person\\\/e777c87fa024e57d40170af9df39882c\"},\"headline\":\"Cocentaina mostrar\u00e1 su patrimonio en una nueva edici\u00f3n de Open House Valencia 2025\",\"datePublished\":\"2025-09-29T08:00:28+00:00\",\"mainEntityOfPage\":{\"@id\":\"https:\\\/\\\/www.copealcoy.es\\\/es\\\/cocentaina-mostrara-su-patrimonio-en-una-nueva-edicion-de-open-house-valencia-2025\\\/\"},\"wordCount\":273,\"image\":{\"@id\":\"https:\\\/\\\/www.copealcoy.es\\\/es\\\/cocentaina-mostrara-su-patrimonio-en-una-nueva-edicion-de-open-house-valencia-2025\\\/#primaryimage\"},\"thumbnailUrl\":\"https:\\\/\\\/www.copealcoy.es\\\/wp-content\\\/uploads\\\/2025\\\/09\\\/OPEN-HOUSE-1-1-scaled.jpeg\",\"keywords\":[\"Arquitectura\",\"Cocentaina\",\"Festival Open House\",\"promoci\u00f3n del patrimonio\"],\"articleSection\":[\"Actualidad\",\"Comarcas\",\"Noticias\"],\"inLanguage\":\"es\"},{\"@type\":\"WebPage\",\"@id\":\"https:\\\/\\\/www.copealcoy.es\\\/es\\\/cocentaina-mostrara-su-patrimonio-en-una-nueva-edicion-de-open-house-valencia-2025\\\/\",\"url\":\"https:\\\/\\\/www.copealcoy.es\\\/es\\\/cocentaina-mostrara-su-patrimonio-en-una-nueva-edicion-de-open-house-valencia-2025\\\/\",\"name\":\"Cocentaina mostrar\u00e1 su patrimonio en una nueva edici\u00f3n de Open House Valencia 2025 - COPE Alcoy\",\"isPartOf\":{\"@id\":\"https:\\\/\\\/www.copealcoy.es\\\/es\\\/#website\"},\"primaryImageOfPage\":{\"@id\":\"https:\\\/\\\/www.copealcoy.es\\\/es\\\/cocentaina-mostrara-su-patrimonio-en-una-nueva-edicion-de-open-house-valencia-2025\\\/#primaryimage\"},\"image\":{\"@id\":\"https:\\\/\\\/www.copealcoy.es\\\/es\\\/cocentaina-mostrara-su-patrimonio-en-una-nueva-edicion-de-open-house-valencia-2025\\\/#primaryimage\"},\"thumbnailUrl\":\"https:\\\/\\\/www.copealcoy.es\\\/wp-content\\\/uploads\\\/2025\\\/09\\\/OPEN-HOUSE-1-1-scaled.jpeg\",\"datePublished\":\"2025-09-29T08:00:28+00:00\",\"author\":{\"@id\":\"https:\\\/\\\/www.copealcoy.es\\\/es\\\/#\\\/schema\\\/person\\\/e777c87fa024e57d40170af9df39882c\"},\"description\":\"Cocentaina mostrar\u00e1 su patrimonio en una nueva edici\u00f3n de Open House Valencia 2025\",\"breadcrumb\":{\"@id\":\"https:\\\/\\\/www.copealcoy.es\\\/es\\\/cocentaina-mostrara-su-patrimonio-en-una-nueva-edicion-de-open-house-valencia-2025\\\/#breadcrumb\"},\"inLanguage\":\"es\",\"potentialAction\":[{\"@type\":\"ReadAction\",\"target\":[\"https:\\\/\\\/www.copealcoy.es\\\/es\\\/cocentaina-mostrara-su-patrimonio-en-una-nueva-edicion-de-open-house-valencia-2025\\\/\"]}]},{\"@type\":\"ImageObject\",\"inLanguage\":\"es\",\"@id\":\"https:\\\/\\\/www.copealcoy.es\\\/es\\\/cocentaina-mostrara-su-patrimonio-en-una-nueva-edicion-de-open-house-valencia-2025\\\/#primaryimage\",\"url\":\"https:\\\/\\\/www.copealcoy.es\\\/wp-content\\\/uploads\\\/2025\\\/09\\\/OPEN-HOUSE-1-1-scaled.jpeg\",\"contentUrl\":\"https:\\\/\\\/www.copealcoy.es\\\/wp-content\\\/uploads\\\/2025\\\/09\\\/OPEN-HOUSE-1-1-scaled.jpeg\",\"width\":2560,\"height\":1393},{\"@type\":\"BreadcrumbList\",\"@id\":\"https:\\\/\\\/www.copealcoy.es\\\/es\\\/cocentaina-mostrara-su-patrimonio-en-una-nueva-edicion-de-open-house-valencia-2025\\\/#breadcrumb\",\"itemListElement\":[{\"@type\":\"ListItem\",\"position\":1,\"name\":\"Portada\",\"item\":\"https:\\\/\\\/www.copealcoy.es\\\/es\\\/\"},{\"@type\":\"ListItem\",\"position\":2,\"name\":\"Cocentaina mostrar\u00e1 su patrimonio en una nueva edici\u00f3n de Open House Valencia 2025\"}]},{\"@type\":\"WebSite\",\"@id\":\"https:\\\/\\\/www.copealcoy.es\\\/es\\\/#website\",\"url\":\"https:\\\/\\\/www.copealcoy.es\\\/es\\\/\",\"name\":\"COPE Alcoy\",\"description\":\"Emisora COPE de radio local con emisi\u00f3n online. Pont de Sant Jordi 8-10 03803 Alcoy\",\"potentialAction\":[{\"@type\":\"SearchAction\",\"target\":{\"@type\":\"EntryPoint\",\"urlTemplate\":\"https:\\\/\\\/www.copealcoy.es\\\/es\\\/?s={search_term_string}\"},\"query-input\":{\"@type\":\"PropertyValueSpecification\",\"valueRequired\":true,\"valueName\":\"search_term_string\"}}],\"inLanguage\":\"es\"},{\"@type\":\"Person\",\"@id\":\"https:\\\/\\\/www.copealcoy.es\\\/es\\\/#\\\/schema\\\/person\\\/e777c87fa024e57d40170af9df39882c\",\"name\":\"Cope Alcoy\",\"image\":{\"@type\":\"ImageObject\",\"inLanguage\":\"es\",\"@id\":\"https:\\\/\\\/secure.gravatar.com\\\/avatar\\\/bb65d0283347e303893ba14f0692005417c1e0e690a325a4c5d8bb2b3943ee14?s=96&d=mm&r=g\",\"url\":\"https:\\\/\\\/secure.gravatar.com\\\/avatar\\\/bb65d0283347e303893ba14f0692005417c1e0e690a325a4c5d8bb2b3943ee14?s=96&d=mm&r=g\",\"contentUrl\":\"https:\\\/\\\/secure.gravatar.com\\\/avatar\\\/bb65d0283347e303893ba14f0692005417c1e0e690a325a4c5d8bb2b3943ee14?s=96&d=mm&r=g\",\"caption\":\"Cope Alcoy\"}}]}<\/script>\n<!-- \/ Yoast SEO plugin. -->","yoast_head_json":{"title":"Cocentaina mostrar\u00e1 su patrimonio en una nueva edici\u00f3n de Open House Valencia 2025 - COPE Alcoy","description":"Cocentaina mostrar\u00e1 su patrimonio en una nueva edici\u00f3n de Open House Valencia 2025","robots":{"index":"index","follow":"follow","max-snippet":"max-snippet:-1","max-image-preview":"max-image-preview:large","max-video-preview":"max-video-preview:-1"},"canonical":"https:\/\/www.copealcoy.es\/es\/cocentaina-mostrara-su-patrimonio-en-una-nueva-edicion-de-open-house-valencia-2025\/","og_locale":"es_ES","og_type":"article","og_title":"Cocentaina mostrar\u00e1 su patrimonio en una nueva edici\u00f3n de Open House Valencia 2025 - COPE Alcoy","og_description":"Cocentaina mostrar\u00e1 su patrimonio en una nueva edici\u00f3n de Open House Valencia 2025","og_url":"https:\/\/www.copealcoy.es\/es\/cocentaina-mostrara-su-patrimonio-en-una-nueva-edicion-de-open-house-valencia-2025\/","og_site_name":"COPE Alcoy","article_published_time":"2025-09-29T08:00:28+00:00","og_image":[{"width":2560,"height":1393,"url":"https:\/\/www.copealcoy.es\/wp-content\/uploads\/2025\/09\/OPEN-HOUSE-1-1-scaled.jpeg","type":"image\/jpeg"}],"author":"Cope Alcoy","twitter_misc":{"Escrito por":"Cope Alcoy","Tiempo de lectura":"2 minutos"},"schema":{"@context":"https:\/\/schema.org","@graph":[{"@type":"Article","@id":"https:\/\/www.copealcoy.es\/es\/cocentaina-mostrara-su-patrimonio-en-una-nueva-edicion-de-open-house-valencia-2025\/#article","isPartOf":{"@id":"https:\/\/www.copealcoy.es\/es\/cocentaina-mostrara-su-patrimonio-en-una-nueva-edicion-de-open-house-valencia-2025\/"},"author":{"name":"Cope Alcoy","@id":"https:\/\/www.copealcoy.es\/es\/#\/schema\/person\/e777c87fa024e57d40170af9df39882c"},"headline":"Cocentaina mostrar\u00e1 su patrimonio en una nueva edici\u00f3n de Open House Valencia 2025","datePublished":"2025-09-29T08:00:28+00:00","mainEntityOfPage":{"@id":"https:\/\/www.copealcoy.es\/es\/cocentaina-mostrara-su-patrimonio-en-una-nueva-edicion-de-open-house-valencia-2025\/"},"wordCount":273,"image":{"@id":"https:\/\/www.copealcoy.es\/es\/cocentaina-mostrara-su-patrimonio-en-una-nueva-edicion-de-open-house-valencia-2025\/#primaryimage"},"thumbnailUrl":"https:\/\/www.copealcoy.es\/wp-content\/uploads\/2025\/09\/OPEN-HOUSE-1-1-scaled.jpeg","keywords":["Arquitectura","Cocentaina","Festival Open House","promoci\u00f3n del patrimonio"],"articleSection":["Actualidad","Comarcas","Noticias"],"inLanguage":"es"},{"@type":"WebPage","@id":"https:\/\/www.copealcoy.es\/es\/cocentaina-mostrara-su-patrimonio-en-una-nueva-edicion-de-open-house-valencia-2025\/","url":"https:\/\/www.copealcoy.es\/es\/cocentaina-mostrara-su-patrimonio-en-una-nueva-edicion-de-open-house-valencia-2025\/","name":"Cocentaina mostrar\u00e1 su patrimonio en una nueva edici\u00f3n de Open House Valencia 2025 - COPE Alcoy","isPartOf":{"@id":"https:\/\/www.copealcoy.es\/es\/#website"},"primaryImageOfPage":{"@id":"https:\/\/www.copealcoy.es\/es\/cocentaina-mostrara-su-patrimonio-en-una-nueva-edicion-de-open-house-valencia-2025\/#primaryimage"},"image":{"@id":"https:\/\/www.copealcoy.es\/es\/cocentaina-mostrara-su-patrimonio-en-una-nueva-edicion-de-open-house-valencia-2025\/#primaryimage"},"thumbnailUrl":"https:\/\/www.copealcoy.es\/wp-content\/uploads\/2025\/09\/OPEN-HOUSE-1-1-scaled.jpeg","datePublished":"2025-09-29T08:00:28+00:00","author":{"@id":"https:\/\/www.copealcoy.es\/es\/#\/schema\/person\/e777c87fa024e57d40170af9df39882c"},"description":"Cocentaina mostrar\u00e1 su patrimonio en una nueva edici\u00f3n de Open House Valencia 2025","breadcrumb":{"@id":"https:\/\/www.copealcoy.es\/es\/cocentaina-mostrara-su-patrimonio-en-una-nueva-edicion-de-open-house-valencia-2025\/#breadcrumb"},"inLanguage":"es","potentialAction":[{"@type":"ReadAction","target":["https:\/\/www.copealcoy.es\/es\/cocentaina-mostrara-su-patrimonio-en-una-nueva-edicion-de-open-house-valencia-2025\/"]}]},{"@type":"ImageObject","inLanguage":"es","@id":"https:\/\/www.copealcoy.es\/es\/cocentaina-mostrara-su-patrimonio-en-una-nueva-edicion-de-open-house-valencia-2025\/#primaryimage","url":"https:\/\/www.copealcoy.es\/wp-content\/uploads\/2025\/09\/OPEN-HOUSE-1-1-scaled.jpeg","contentUrl":"https:\/\/www.copealcoy.es\/wp-content\/uploads\/2025\/09\/OPEN-HOUSE-1-1-scaled.jpeg","width":2560,"height":1393},{"@type":"BreadcrumbList","@id":"https:\/\/www.copealcoy.es\/es\/cocentaina-mostrara-su-patrimonio-en-una-nueva-edicion-de-open-house-valencia-2025\/#breadcrumb","itemListElement":[{"@type":"ListItem","position":1,"name":"Portada","item":"https:\/\/www.copealcoy.es\/es\/"},{"@type":"ListItem","position":2,"name":"Cocentaina mostrar\u00e1 su patrimonio en una nueva edici\u00f3n de Open House Valencia 2025"}]},{"@type":"WebSite","@id":"https:\/\/www.copealcoy.es\/es\/#website","url":"https:\/\/www.copealcoy.es\/es\/","name":"COPE Alcoy","description":"Emisora COPE de radio local con emisi\u00f3n online. Pont de Sant Jordi 8-10 03803 Alcoy","potentialAction":[{"@type":"SearchAction","target":{"@type":"EntryPoint","urlTemplate":"https:\/\/www.copealcoy.es\/es\/?s={search_term_string}"},"query-input":{"@type":"PropertyValueSpecification","valueRequired":true,"valueName":"search_term_string"}}],"inLanguage":"es"},{"@type":"Person","@id":"https:\/\/www.copealcoy.es\/es\/#\/schema\/person\/e777c87fa024e57d40170af9df39882c","name":"Cope Alcoy","image":{"@type":"ImageObject","inLanguage":"es","@id":"https:\/\/secure.gravatar.com\/avatar\/bb65d0283347e303893ba14f0692005417c1e0e690a325a4c5d8bb2b3943ee14?s=96&d=mm&r=g","url":"https:\/\/secure.gravatar.com\/avatar\/bb65d0283347e303893ba14f0692005417c1e0e690a325a4c5d8bb2b3943ee14?s=96&d=mm&r=g","contentUrl":"https:\/\/secure.gravatar.com\/avatar\/bb65d0283347e303893ba14f0692005417c1e0e690a325a4c5d8bb2b3943ee14?s=96&d=mm&r=g","caption":"Cope Alcoy"}}]}},"_links":{"self":[{"href":"https:\/\/www.copealcoy.es\/es\/wp-json\/wp\/v2\/posts\/157785","targetHints":{"allow":["GET"]}}],"collection":[{"href":"https:\/\/www.copealcoy.es\/es\/wp-json\/wp\/v2\/posts"}],"about":[{"href":"https:\/\/www.copealcoy.es\/es\/wp-json\/wp\/v2\/types\/post"}],"author":[{"embeddable":true,"href":"https:\/\/www.copealcoy.es\/es\/wp-json\/wp\/v2\/users\/1"}],"replies":[{"embeddable":true,"href":"https:\/\/www.copealcoy.es\/es\/wp-json\/wp\/v2\/comments?post=157785"}],"version-history":[{"count":1,"href":"https:\/\/www.copealcoy.es\/es\/wp-json\/wp\/v2\/posts\/157785\/revisions"}],"predecessor-version":[{"id":157788,"href":"https:\/\/www.copealcoy.es\/es\/wp-json\/wp\/v2\/posts\/157785\/revisions\/157788"}],"wp:featuredmedia":[{"embeddable":true,"href":"https:\/\/www.copealcoy.es\/es\/wp-json\/wp\/v2\/media\/157786"}],"wp:attachment":[{"href":"https:\/\/www.copealcoy.es\/es\/wp-json\/wp\/v2\/media?parent=157785"}],"wp:term":[{"taxonomy":"category","embeddable":true,"href":"https:\/\/www.copealcoy.es\/es\/wp-json\/wp\/v2\/categories?post=157785"},{"taxonomy":"post_tag","embeddable":true,"href":"https:\/\/www.copealcoy.es\/es\/wp-json\/wp\/v2\/tags?post=157785"}],"curies":[{"name":"wp","href":"https:\/\/api.w.org\/{rel}","templated":true}]}}