{"id":157734,"date":"2025-09-27T20:48:26","date_gmt":"2025-09-27T19:48:26","guid":{"rendered":"https:\/\/www.copealcoy.es\/?p=157734"},"modified":"2025-09-28T17:19:19","modified_gmt":"2025-09-28T16:19:19","slug":"la-feria-modernista-llena-de-ambiente-festivo-las-calles-de-alcoy","status":"publish","type":"post","link":"https:\/\/www.copealcoy.es\/es\/la-feria-modernista-llena-de-ambiente-festivo-las-calles-de-alcoy\/","title":{"rendered":"La Feria Modernista llena de ambiente festivo las calles de Alcoy"},"content":{"rendered":"<p style=\"text-align: justify;\">Alcoy sigue disfrutando de la octava edici\u00f3n de su <a href=\"https:\/\/www.facebook.com\/firamodernistaalcoi?locale=ca_ES\" target=\"_blank\" rel=\"noopener\"><span style=\"color: #0000ff;\"><strong>Feria Modernista<\/strong><\/span><\/a> y este s\u00e1bado <strong>las calles de la ciudad han registrado gran ambiente festivo<\/strong> desde primera hora de la ma\u00f1ana. Numerosos visitantes han llenado las principales v\u00edas del Centro mientras que <strong>han sido muchos los que se han animado a lucir indumentaria de la \u00e9poca del modernismo<\/strong> para participar en las diferentes actividades previstas.<\/p>\n<p style=\"text-align: justify;\">Pasadas las diez y media de la ma\u00f1ana ha tenido lugar <strong>la inauguraci\u00f3n oficial de la Feria en La Glorieta<\/strong>, lugar en el que se reparten una veintena de stands pertenecientes a entidades locales y en el que no faltan tampoco puestos cl\u00e1sicos como el del Museo Provincial de Bomberos (MUBOMA). Tambi\u00e9n destacan stands de ciudades que, como Alcoy, comparten pasado modernista y en esta ocasi\u00f3n han destacado Barcelona, Terrassa, Novelda o Carcaixent. El Grup de Danses Carrascal ha ofrecido una actuaci\u00f3n, tras el corte de la cinta, y parte de la Corporaci\u00f3n Municipal ha recorrido el espacio expositivo a los sones de la m\u00fasica tradicional junto al actor Carles Sell\u00e9s que ha interpretado este a\u00f1o la figura del arquitecto Timoteo Briet.. El alcalde de Alcoy, <strong>Toni Franc\u00e9s<\/strong>, y la edil de Turismo; <strong>Lorena Zamorano<\/strong>, han valorado positivamente el transcurso del certamen y han coincidido a la hora de destacar la afluencia de turistas que estaba registrando la ciudad:<\/p>\n<audio class=\"wp-audio-shortcode\" id=\"audio-157734-1\" preload=\"none\" style=\"width: 100%;\" controls=\"controls\"><source type=\"audio\/mpeg\" src=\"https:\/\/www.copealcoy.es\/wp-content\/uploads\/2025\/09\/Toni-Frances-Fira-Modernista.mp3?_=1\" \/><a href=\"https:\/\/www.copealcoy.es\/wp-content\/uploads\/2025\/09\/Toni-Frances-Fira-Modernista.mp3\">https:\/\/www.copealcoy.es\/wp-content\/uploads\/2025\/09\/Toni-Frances-Fira-Modernista.mp3<\/a><\/audio>\n<p>&nbsp;<\/p>\n<audio class=\"wp-audio-shortcode\" id=\"audio-157734-2\" preload=\"none\" style=\"width: 100%;\" controls=\"controls\"><source type=\"audio\/mpeg\" src=\"https:\/\/www.copealcoy.es\/wp-content\/uploads\/2025\/09\/Lorena-Zamorano-Fira-Modernista.mp3?_=2\" \/><a href=\"https:\/\/www.copealcoy.es\/wp-content\/uploads\/2025\/09\/Lorena-Zamorano-Fira-Modernista.mp3\">https:\/\/www.copealcoy.es\/wp-content\/uploads\/2025\/09\/Lorena-Zamorano-Fira-Modernista.mp3<\/a><\/audio>\n<p>&nbsp;<\/p>\n<p style=\"text-align: justify;\">El s\u00e1bado <strong>ha incluido<\/strong> la recreaci\u00f3n de un D\u00eda de Mercado en la Plaza de Espa\u00f1a, bailes, actuaciones musicales o descendimientos desde el campanario de la iglesia de Santa Mar\u00eda. No han faltado el habitual picnic modernista en el paseo de Cervantes, representaciones teatrales, rutas tur\u00edsticas o la simulaci\u00f3n de un incendio atendido por los bomberos de \u00e9poca. A mediod\u00eda, y ante numeroso p\u00fablico, hemos viajado tiempo atr\u00e1s para ser testigos de las manifestaciones que protagonizaron las trabajadoras de La Mistera. La tarde nos tiene previsto una fiesta de calle en la Placeta de La Creu Roja, preparada por el Grup de Danses Carrascal, y la representaci\u00f3n &#8216;El Patiment de les Dones&#8217; que ofrecer\u00e1 el Grupo de Recreaci\u00f3n Alcoy Modernista en el Teatro Salesianos. La programaci\u00f3n la puedes consultar <a href=\"https:\/\/alcoyturismo.com\/alcoy\/uploaded\/Semana%20Modernista\/2025\/Agenda_Modernista_2025_CASTELLA-_WEB_compressed.pdf\" target=\"_blank\" rel=\"noopener\"><span style=\"color: #0000ff;\"><strong>aqu\u00ed<\/strong><\/span><\/a>.<\/p>\n<div id='gallery-1' class='gallery galleryid-157734 gallery-columns-2 gallery-size-large'><figure class='gallery-item'>\n\t\t\t<div class='gallery-icon landscape'>\n\t\t\t\t<a href='https:\/\/www.copealcoy.es\/es\/la-feria-modernista-llena-de-ambiente-festivo-las-calles-de-alcoy\/unnamed-1-826\/'><img loading=\"lazy\" decoding=\"async\" width=\"980\" height=\"588\" src=\"https:\/\/www.copealcoy.es\/wp-content\/uploads\/2025\/09\/unnamed-1-30-980x588.jpg\" class=\"attachment-large size-large\" alt=\"\" \/><\/a>\n\t\t\t<\/div><\/figure><figure class='gallery-item'>\n\t\t\t<div class='gallery-icon landscape'>\n\t\t\t\t<a href='https:\/\/www.copealcoy.es\/es\/la-feria-modernista-llena-de-ambiente-festivo-las-calles-de-alcoy\/unnamed-3-74\/'><img loading=\"lazy\" decoding=\"async\" width=\"980\" height=\"588\" src=\"https:\/\/www.copealcoy.es\/wp-content\/uploads\/2025\/09\/unnamed-3-1-980x588.jpg\" class=\"attachment-large size-large\" alt=\"\" \/><\/a>\n\t\t\t<\/div><\/figure><figure class='gallery-item'>\n\t\t\t<div class='gallery-icon landscape'>\n\t\t\t\t<a href='https:\/\/www.copealcoy.es\/es\/la-feria-modernista-llena-de-ambiente-festivo-las-calles-de-alcoy\/555668422_1149412213952802_6727530084826380957_n\/'><img loading=\"lazy\" decoding=\"async\" width=\"980\" height=\"588\" src=\"https:\/\/www.copealcoy.es\/wp-content\/uploads\/2025\/09\/555668422_1149412213952802_6727530084826380957_n-980x588.jpg\" class=\"attachment-large size-large\" alt=\"\" \/><\/a>\n\t\t\t<\/div><\/figure><figure class='gallery-item'>\n\t\t\t<div class='gallery-icon landscape'>\n\t\t\t\t<a href='https:\/\/www.copealcoy.es\/es\/la-feria-modernista-llena-de-ambiente-festivo-las-calles-de-alcoy\/unnamed-2-202\/'><img loading=\"lazy\" decoding=\"async\" width=\"980\" height=\"588\" src=\"https:\/\/www.copealcoy.es\/wp-content\/uploads\/2025\/09\/unnamed-2-9-980x588.jpg\" class=\"attachment-large size-large\" alt=\"\" \/><\/a>\n\t\t\t<\/div><\/figure>\n\t\t<\/div>\n\n","protected":false},"excerpt":{"rendered":"<p>Alcoy sigue disfrutando de la octava edici\u00f3n de su Feria Modernista y este s\u00e1bado las calles de la ciudad han&#8230;<\/p>\n","protected":false},"author":1,"featured_media":157735,"comment_status":"closed","ping_status":"closed","sticky":false,"template":"","format":"standard","meta":{"footnotes":""},"categories":[6909,97,78,75,125],"tags":[1494,4643,1550,19440],"class_list":["post-157734","post","type-post","status-publish","format-standard","has-post-thumbnail","hentry","category-actualidad","category-alcoy","category-fiestaycultura","category-noticias","category-portada","tag-alcoy","tag-feria-modernista","tag-inauguracion","tag-timoteo-briet"],"yoast_head":"<!-- This site is optimized with the Yoast SEO plugin v27.3 - https:\/\/yoast.com\/product\/yoast-seo-wordpress\/ -->\n<title>La Feria Modernista llena de ambiente festivo las calles de Alcoy - COPE Alcoy<\/title>\n<meta name=\"description\" content=\"La Feria Modernista llena de ambiente festivo las calles de Alcoy\" \/>\n<meta name=\"robots\" content=\"index, follow, max-snippet:-1, max-image-preview:large, max-video-preview:-1\" \/>\n<link rel=\"canonical\" href=\"https:\/\/www.copealcoy.es\/es\/la-feria-modernista-llena-de-ambiente-festivo-las-calles-de-alcoy\/\" \/>\n<meta property=\"og:locale\" content=\"es_ES\" \/>\n<meta property=\"og:type\" content=\"article\" \/>\n<meta property=\"og:title\" content=\"La Feria Modernista llena de ambiente festivo las calles de Alcoy - COPE Alcoy\" \/>\n<meta property=\"og:description\" content=\"La Feria Modernista llena de ambiente festivo las calles de Alcoy\" \/>\n<meta property=\"og:url\" content=\"https:\/\/www.copealcoy.es\/es\/la-feria-modernista-llena-de-ambiente-festivo-las-calles-de-alcoy\/\" \/>\n<meta property=\"og:site_name\" content=\"COPE Alcoy\" \/>\n<meta property=\"article:published_time\" content=\"2025-09-27T19:48:26+00:00\" \/>\n<meta property=\"article:modified_time\" content=\"2025-09-28T16:19:19+00:00\" \/>\n<meta property=\"og:image\" content=\"https:\/\/www.copealcoy.es\/wp-content\/uploads\/2025\/09\/unnamed-2-9.jpg\" \/>\n\t<meta property=\"og:image:width\" content=\"1042\" \/>\n\t<meta property=\"og:image:height\" content=\"697\" \/>\n\t<meta property=\"og:image:type\" content=\"image\/jpeg\" \/>\n<meta name=\"author\" content=\"Cope Alcoy\" \/>\n<meta name=\"twitter:label1\" content=\"Escrito por\" \/>\n\t<meta name=\"twitter:data1\" content=\"Cope Alcoy\" \/>\n\t<meta name=\"twitter:label2\" content=\"Tiempo de lectura\" \/>\n\t<meta name=\"twitter:data2\" content=\"3 minutos\" \/>\n<script type=\"application\/ld+json\" class=\"yoast-schema-graph\">{\"@context\":\"https:\\\/\\\/schema.org\",\"@graph\":[{\"@type\":\"Article\",\"@id\":\"https:\\\/\\\/www.copealcoy.es\\\/es\\\/la-feria-modernista-llena-de-ambiente-festivo-las-calles-de-alcoy\\\/#article\",\"isPartOf\":{\"@id\":\"https:\\\/\\\/www.copealcoy.es\\\/es\\\/la-feria-modernista-llena-de-ambiente-festivo-las-calles-de-alcoy\\\/\"},\"author\":{\"name\":\"Cope Alcoy\",\"@id\":\"https:\\\/\\\/www.copealcoy.es\\\/es\\\/#\\\/schema\\\/person\\\/e777c87fa024e57d40170af9df39882c\"},\"headline\":\"La Feria Modernista llena de ambiente festivo las calles de Alcoy\",\"datePublished\":\"2025-09-27T19:48:26+00:00\",\"dateModified\":\"2025-09-28T16:19:19+00:00\",\"mainEntityOfPage\":{\"@id\":\"https:\\\/\\\/www.copealcoy.es\\\/es\\\/la-feria-modernista-llena-de-ambiente-festivo-las-calles-de-alcoy\\\/\"},\"wordCount\":421,\"image\":{\"@id\":\"https:\\\/\\\/www.copealcoy.es\\\/es\\\/la-feria-modernista-llena-de-ambiente-festivo-las-calles-de-alcoy\\\/#primaryimage\"},\"thumbnailUrl\":\"https:\\\/\\\/www.copealcoy.es\\\/wp-content\\\/uploads\\\/2025\\\/09\\\/unnamed-2-9.jpg\",\"keywords\":[\"Alcoy\",\"Feria Modernista\",\"Inauguraci\u00f3n\",\"Timoteo Briet\"],\"articleSection\":[\"Actualidad\",\"Alcoy\",\"Fiesta y Cultura\",\"Noticias\",\"Portada\"],\"inLanguage\":\"es\"},{\"@type\":\"WebPage\",\"@id\":\"https:\\\/\\\/www.copealcoy.es\\\/es\\\/la-feria-modernista-llena-de-ambiente-festivo-las-calles-de-alcoy\\\/\",\"url\":\"https:\\\/\\\/www.copealcoy.es\\\/es\\\/la-feria-modernista-llena-de-ambiente-festivo-las-calles-de-alcoy\\\/\",\"name\":\"La Feria Modernista llena de ambiente festivo las calles de Alcoy - COPE Alcoy\",\"isPartOf\":{\"@id\":\"https:\\\/\\\/www.copealcoy.es\\\/es\\\/#website\"},\"primaryImageOfPage\":{\"@id\":\"https:\\\/\\\/www.copealcoy.es\\\/es\\\/la-feria-modernista-llena-de-ambiente-festivo-las-calles-de-alcoy\\\/#primaryimage\"},\"image\":{\"@id\":\"https:\\\/\\\/www.copealcoy.es\\\/es\\\/la-feria-modernista-llena-de-ambiente-festivo-las-calles-de-alcoy\\\/#primaryimage\"},\"thumbnailUrl\":\"https:\\\/\\\/www.copealcoy.es\\\/wp-content\\\/uploads\\\/2025\\\/09\\\/unnamed-2-9.jpg\",\"datePublished\":\"2025-09-27T19:48:26+00:00\",\"dateModified\":\"2025-09-28T16:19:19+00:00\",\"author\":{\"@id\":\"https:\\\/\\\/www.copealcoy.es\\\/es\\\/#\\\/schema\\\/person\\\/e777c87fa024e57d40170af9df39882c\"},\"description\":\"La Feria Modernista llena de ambiente festivo las calles de Alcoy\",\"breadcrumb\":{\"@id\":\"https:\\\/\\\/www.copealcoy.es\\\/es\\\/la-feria-modernista-llena-de-ambiente-festivo-las-calles-de-alcoy\\\/#breadcrumb\"},\"inLanguage\":\"es\",\"potentialAction\":[{\"@type\":\"ReadAction\",\"target\":[\"https:\\\/\\\/www.copealcoy.es\\\/es\\\/la-feria-modernista-llena-de-ambiente-festivo-las-calles-de-alcoy\\\/\"]}]},{\"@type\":\"ImageObject\",\"inLanguage\":\"es\",\"@id\":\"https:\\\/\\\/www.copealcoy.es\\\/es\\\/la-feria-modernista-llena-de-ambiente-festivo-las-calles-de-alcoy\\\/#primaryimage\",\"url\":\"https:\\\/\\\/www.copealcoy.es\\\/wp-content\\\/uploads\\\/2025\\\/09\\\/unnamed-2-9.jpg\",\"contentUrl\":\"https:\\\/\\\/www.copealcoy.es\\\/wp-content\\\/uploads\\\/2025\\\/09\\\/unnamed-2-9.jpg\",\"width\":1042,\"height\":697},{\"@type\":\"BreadcrumbList\",\"@id\":\"https:\\\/\\\/www.copealcoy.es\\\/es\\\/la-feria-modernista-llena-de-ambiente-festivo-las-calles-de-alcoy\\\/#breadcrumb\",\"itemListElement\":[{\"@type\":\"ListItem\",\"position\":1,\"name\":\"Portada\",\"item\":\"https:\\\/\\\/www.copealcoy.es\\\/es\\\/\"},{\"@type\":\"ListItem\",\"position\":2,\"name\":\"La Feria Modernista llena de ambiente festivo las calles de Alcoy\"}]},{\"@type\":\"WebSite\",\"@id\":\"https:\\\/\\\/www.copealcoy.es\\\/es\\\/#website\",\"url\":\"https:\\\/\\\/www.copealcoy.es\\\/es\\\/\",\"name\":\"COPE Alcoy\",\"description\":\"Emisora COPE de radio local con emisi\u00f3n online. Pont de Sant Jordi 8-10 03803 Alcoy\",\"potentialAction\":[{\"@type\":\"SearchAction\",\"target\":{\"@type\":\"EntryPoint\",\"urlTemplate\":\"https:\\\/\\\/www.copealcoy.es\\\/es\\\/?s={search_term_string}\"},\"query-input\":{\"@type\":\"PropertyValueSpecification\",\"valueRequired\":true,\"valueName\":\"search_term_string\"}}],\"inLanguage\":\"es\"},{\"@type\":\"Person\",\"@id\":\"https:\\\/\\\/www.copealcoy.es\\\/es\\\/#\\\/schema\\\/person\\\/e777c87fa024e57d40170af9df39882c\",\"name\":\"Cope Alcoy\",\"image\":{\"@type\":\"ImageObject\",\"inLanguage\":\"es\",\"@id\":\"https:\\\/\\\/secure.gravatar.com\\\/avatar\\\/bb65d0283347e303893ba14f0692005417c1e0e690a325a4c5d8bb2b3943ee14?s=96&d=mm&r=g\",\"url\":\"https:\\\/\\\/secure.gravatar.com\\\/avatar\\\/bb65d0283347e303893ba14f0692005417c1e0e690a325a4c5d8bb2b3943ee14?s=96&d=mm&r=g\",\"contentUrl\":\"https:\\\/\\\/secure.gravatar.com\\\/avatar\\\/bb65d0283347e303893ba14f0692005417c1e0e690a325a4c5d8bb2b3943ee14?s=96&d=mm&r=g\",\"caption\":\"Cope Alcoy\"}}]}<\/script>\n<!-- \/ Yoast SEO plugin. -->","yoast_head_json":{"title":"La Feria Modernista llena de ambiente festivo las calles de Alcoy - COPE Alcoy","description":"La Feria Modernista llena de ambiente festivo las calles de Alcoy","robots":{"index":"index","follow":"follow","max-snippet":"max-snippet:-1","max-image-preview":"max-image-preview:large","max-video-preview":"max-video-preview:-1"},"canonical":"https:\/\/www.copealcoy.es\/es\/la-feria-modernista-llena-de-ambiente-festivo-las-calles-de-alcoy\/","og_locale":"es_ES","og_type":"article","og_title":"La Feria Modernista llena de ambiente festivo las calles de Alcoy - COPE Alcoy","og_description":"La Feria Modernista llena de ambiente festivo las calles de Alcoy","og_url":"https:\/\/www.copealcoy.es\/es\/la-feria-modernista-llena-de-ambiente-festivo-las-calles-de-alcoy\/","og_site_name":"COPE Alcoy","article_published_time":"2025-09-27T19:48:26+00:00","article_modified_time":"2025-09-28T16:19:19+00:00","og_image":[{"width":1042,"height":697,"url":"https:\/\/www.copealcoy.es\/wp-content\/uploads\/2025\/09\/unnamed-2-9.jpg","type":"image\/jpeg"}],"author":"Cope Alcoy","twitter_misc":{"Escrito por":"Cope Alcoy","Tiempo de lectura":"3 minutos"},"schema":{"@context":"https:\/\/schema.org","@graph":[{"@type":"Article","@id":"https:\/\/www.copealcoy.es\/es\/la-feria-modernista-llena-de-ambiente-festivo-las-calles-de-alcoy\/#article","isPartOf":{"@id":"https:\/\/www.copealcoy.es\/es\/la-feria-modernista-llena-de-ambiente-festivo-las-calles-de-alcoy\/"},"author":{"name":"Cope Alcoy","@id":"https:\/\/www.copealcoy.es\/es\/#\/schema\/person\/e777c87fa024e57d40170af9df39882c"},"headline":"La Feria Modernista llena de ambiente festivo las calles de Alcoy","datePublished":"2025-09-27T19:48:26+00:00","dateModified":"2025-09-28T16:19:19+00:00","mainEntityOfPage":{"@id":"https:\/\/www.copealcoy.es\/es\/la-feria-modernista-llena-de-ambiente-festivo-las-calles-de-alcoy\/"},"wordCount":421,"image":{"@id":"https:\/\/www.copealcoy.es\/es\/la-feria-modernista-llena-de-ambiente-festivo-las-calles-de-alcoy\/#primaryimage"},"thumbnailUrl":"https:\/\/www.copealcoy.es\/wp-content\/uploads\/2025\/09\/unnamed-2-9.jpg","keywords":["Alcoy","Feria Modernista","Inauguraci\u00f3n","Timoteo Briet"],"articleSection":["Actualidad","Alcoy","Fiesta y Cultura","Noticias","Portada"],"inLanguage":"es"},{"@type":"WebPage","@id":"https:\/\/www.copealcoy.es\/es\/la-feria-modernista-llena-de-ambiente-festivo-las-calles-de-alcoy\/","url":"https:\/\/www.copealcoy.es\/es\/la-feria-modernista-llena-de-ambiente-festivo-las-calles-de-alcoy\/","name":"La Feria Modernista llena de ambiente festivo las calles de Alcoy - COPE Alcoy","isPartOf":{"@id":"https:\/\/www.copealcoy.es\/es\/#website"},"primaryImageOfPage":{"@id":"https:\/\/www.copealcoy.es\/es\/la-feria-modernista-llena-de-ambiente-festivo-las-calles-de-alcoy\/#primaryimage"},"image":{"@id":"https:\/\/www.copealcoy.es\/es\/la-feria-modernista-llena-de-ambiente-festivo-las-calles-de-alcoy\/#primaryimage"},"thumbnailUrl":"https:\/\/www.copealcoy.es\/wp-content\/uploads\/2025\/09\/unnamed-2-9.jpg","datePublished":"2025-09-27T19:48:26+00:00","dateModified":"2025-09-28T16:19:19+00:00","author":{"@id":"https:\/\/www.copealcoy.es\/es\/#\/schema\/person\/e777c87fa024e57d40170af9df39882c"},"description":"La Feria Modernista llena de ambiente festivo las calles de Alcoy","breadcrumb":{"@id":"https:\/\/www.copealcoy.es\/es\/la-feria-modernista-llena-de-ambiente-festivo-las-calles-de-alcoy\/#breadcrumb"},"inLanguage":"es","potentialAction":[{"@type":"ReadAction","target":["https:\/\/www.copealcoy.es\/es\/la-feria-modernista-llena-de-ambiente-festivo-las-calles-de-alcoy\/"]}]},{"@type":"ImageObject","inLanguage":"es","@id":"https:\/\/www.copealcoy.es\/es\/la-feria-modernista-llena-de-ambiente-festivo-las-calles-de-alcoy\/#primaryimage","url":"https:\/\/www.copealcoy.es\/wp-content\/uploads\/2025\/09\/unnamed-2-9.jpg","contentUrl":"https:\/\/www.copealcoy.es\/wp-content\/uploads\/2025\/09\/unnamed-2-9.jpg","width":1042,"height":697},{"@type":"BreadcrumbList","@id":"https:\/\/www.copealcoy.es\/es\/la-feria-modernista-llena-de-ambiente-festivo-las-calles-de-alcoy\/#breadcrumb","itemListElement":[{"@type":"ListItem","position":1,"name":"Portada","item":"https:\/\/www.copealcoy.es\/es\/"},{"@type":"ListItem","position":2,"name":"La Feria Modernista llena de ambiente festivo las calles de Alcoy"}]},{"@type":"WebSite","@id":"https:\/\/www.copealcoy.es\/es\/#website","url":"https:\/\/www.copealcoy.es\/es\/","name":"COPE Alcoy","description":"Emisora COPE de radio local con emisi\u00f3n online. Pont de Sant Jordi 8-10 03803 Alcoy","potentialAction":[{"@type":"SearchAction","target":{"@type":"EntryPoint","urlTemplate":"https:\/\/www.copealcoy.es\/es\/?s={search_term_string}"},"query-input":{"@type":"PropertyValueSpecification","valueRequired":true,"valueName":"search_term_string"}}],"inLanguage":"es"},{"@type":"Person","@id":"https:\/\/www.copealcoy.es\/es\/#\/schema\/person\/e777c87fa024e57d40170af9df39882c","name":"Cope Alcoy","image":{"@type":"ImageObject","inLanguage":"es","@id":"https:\/\/secure.gravatar.com\/avatar\/bb65d0283347e303893ba14f0692005417c1e0e690a325a4c5d8bb2b3943ee14?s=96&d=mm&r=g","url":"https:\/\/secure.gravatar.com\/avatar\/bb65d0283347e303893ba14f0692005417c1e0e690a325a4c5d8bb2b3943ee14?s=96&d=mm&r=g","contentUrl":"https:\/\/secure.gravatar.com\/avatar\/bb65d0283347e303893ba14f0692005417c1e0e690a325a4c5d8bb2b3943ee14?s=96&d=mm&r=g","caption":"Cope Alcoy"}}]}},"_links":{"self":[{"href":"https:\/\/www.copealcoy.es\/es\/wp-json\/wp\/v2\/posts\/157734","targetHints":{"allow":["GET"]}}],"collection":[{"href":"https:\/\/www.copealcoy.es\/es\/wp-json\/wp\/v2\/posts"}],"about":[{"href":"https:\/\/www.copealcoy.es\/es\/wp-json\/wp\/v2\/types\/post"}],"author":[{"embeddable":true,"href":"https:\/\/www.copealcoy.es\/es\/wp-json\/wp\/v2\/users\/1"}],"replies":[{"embeddable":true,"href":"https:\/\/www.copealcoy.es\/es\/wp-json\/wp\/v2\/comments?post=157734"}],"version-history":[{"count":3,"href":"https:\/\/www.copealcoy.es\/es\/wp-json\/wp\/v2\/posts\/157734\/revisions"}],"predecessor-version":[{"id":157759,"href":"https:\/\/www.copealcoy.es\/es\/wp-json\/wp\/v2\/posts\/157734\/revisions\/157759"}],"wp:featuredmedia":[{"embeddable":true,"href":"https:\/\/www.copealcoy.es\/es\/wp-json\/wp\/v2\/media\/157735"}],"wp:attachment":[{"href":"https:\/\/www.copealcoy.es\/es\/wp-json\/wp\/v2\/media?parent=157734"}],"wp:term":[{"taxonomy":"category","embeddable":true,"href":"https:\/\/www.copealcoy.es\/es\/wp-json\/wp\/v2\/categories?post=157734"},{"taxonomy":"post_tag","embeddable":true,"href":"https:\/\/www.copealcoy.es\/es\/wp-json\/wp\/v2\/tags?post=157734"}],"curies":[{"name":"wp","href":"https:\/\/api.w.org\/{rel}","templated":true}]}}