{"id":157695,"date":"2025-09-26T07:30:47","date_gmt":"2025-09-26T06:30:47","guid":{"rendered":"https:\/\/www.copealcoy.es\/?p=157695"},"modified":"2025-09-26T09:05:06","modified_gmt":"2025-09-26T08:05:06","slug":"informativo-matinal-viernes-26-de-septiembre-2025-0750h","status":"publish","type":"post","link":"https:\/\/www.copealcoy.es\/es\/informativo-matinal-viernes-26-de-septiembre-2025-0750h\/","title":{"rendered":"Informativo matinal viernes 26 de septiembre 2025 (07:50h)"},"content":{"rendered":"<p><iframe loading=\"lazy\" title=\"Informativo Matinal Viernes 26 De Septiembre 2025 (07:50h)\" width=\"100%\" height=\"120\" src=\"https:\/\/www.mixcloud.com\/widget\/iframe\/?feed=https%3A%2F%2Fwww.mixcloud.com%2FCOPEAlcoy%2Finformativo-matinal-viernes-26-de-septiembre-2025-0750h%2F&amp;hide_cover=1\" frameborder=\"0\" allow=\"encrypted-media; fullscreen; autoplay; idle-detection; speaker-selection; web-share;\"><\/iframe><\/p>\n<p style=\"text-align: justify;\">Hoy viernes hemos recordado que <strong>arranca en Alcoy una nueva edici\u00f3n de la Feria Modernista<\/strong>. Tambi\u00e9n hemos destacado que <strong>Muro acoge en este viernes su I Feria de Emprendimiento y Empleo<\/strong>, cita que se va a llevar a cabo en el Archivo Municipal.<\/p>\n<p style=\"text-align: justify;\" data-start=\"0\" data-end=\"618\"><span style=\"color: #0000ff;\"><a style=\"color: #0000ff;\" href=\"https:\/\/www.vilademuro.net\/\" target=\"_blank\" rel=\"noopener\"><strong data-start=\"19\" data-end=\"27\">Muro<\/strong><\/a>\u00a0<\/span>acoger\u00e1 el pr\u00f3ximo\u00a0<strong data-start=\"47\" data-end=\"75\">viernes 26 de septiembre<\/strong>, de\u00a0<strong data-start=\"80\" data-end=\"96\">9 a 14 horas<\/strong>\u00a0en el\u00a0<strong data-start=\"103\" data-end=\"124\">Archivo Municipal<\/strong>, la\u00a0<strong data-start=\"129\" data-end=\"194\">primera edici\u00f3n de la Feria de Emprendimiento y Empleabilidad<\/strong>. Se trata de una\u00a0<strong data-start=\"212\" data-end=\"234\">iniciativa pionera<\/strong>\u00a0en el municipio, organizada por la\u00a0<strong data-start=\"270\" data-end=\"305\">agencia de comunicaci\u00f3n BeeWall<\/strong>\u00a0junto al\u00a0<strong data-start=\"315\" data-end=\"330\">consistorio<\/strong>\u00a0y la\u00a0<strong data-start=\"336\" data-end=\"373\">concejal\u00eda de Promoci\u00f3n Econ\u00f3mica<\/strong>, con el apoyo de la\u00a0<strong data-start=\"394\" data-end=\"420\">Diputaci\u00f3n de Alicante<\/strong>. El objetivo es dar visibilidad al\u00a0<strong data-start=\"456\" data-end=\"473\">talento local<\/strong>, crear\u00a0<strong data-start=\"481\" data-end=\"506\">redes de colaboraci\u00f3n<\/strong>\u00a0y posicionar a Muro como un\u00a0<strong data-start=\"535\" data-end=\"557\">referente comarcal<\/strong>\u00a0en\u00a0<strong data-start=\"561\" data-end=\"588\">oportunidades laborales<\/strong>\u00a0y\u00a0<strong data-start=\"591\" data-end=\"615\">creaci\u00f3n de empresas<\/strong>.<\/p>\n<p style=\"text-align: justify;\" data-start=\"620\" data-end=\"1121\">La jornada contar\u00e1 con\u00a0<strong data-start=\"643\" data-end=\"654\">charlas<\/strong>,\u00a0<strong data-start=\"656\" data-end=\"668\">talleres<\/strong>\u00a0y\u00a0<strong data-start=\"671\" data-end=\"689\">mesas redondas<\/strong>\u00a0en las que participar\u00e1n\u00a0<strong data-start=\"714\" data-end=\"754\">entidades de apoyo al emprendimiento<\/strong>,\u00a0<strong data-start=\"756\" data-end=\"779\">empresas emergentes<\/strong>\u00a0y\u00a0<strong data-start=\"782\" data-end=\"807\">negocios consolidados<\/strong>, adem\u00e1s de\u00a0<strong data-start=\"819\" data-end=\"856\">stands informativos y expositivos<\/strong>. Entre las actividades destacan el\u00a0<strong data-start=\"892\" data-end=\"937\">taller pr\u00e1ctico para crear marca personal<\/strong>, una\u00a0<strong data-start=\"943\" data-end=\"959\">mesa redonda<\/strong>\u00a0con empresas locales, y un bloque dedicado a\u00a0<strong data-start=\"1090\" data-end=\"1118\">emprendedores emergentes<\/strong>. El programa tambi\u00e9n incluye espacios para el\u00a0<strong data-start=\"1172\" data-end=\"1204\">networking intergeneracional<\/strong>, con el fin de conectar a\u00a0<strong data-start=\"1231\" data-end=\"1242\">j\u00f3venes<\/strong>\u00a0que buscan su\u00a0<strong data-start=\"1257\" data-end=\"1274\">primer empleo<\/strong>,\u00a0<strong data-start=\"1276\" data-end=\"1293\">profesionales<\/strong>\u00a0en\u00a0<strong data-start=\"1297\" data-end=\"1312\">reinvenci\u00f3n<\/strong>\u00a0y\u00a0<strong data-start=\"1315\" data-end=\"1327\">empresas<\/strong>\u00a0con\u00a0<strong data-start=\"1332\" data-end=\"1347\">trayectoria<\/strong>. Seg\u00fan los organizadores, la feria pretende demostrar que las\u00a0<strong data-start=\"1410\" data-end=\"1427\">oportunidades<\/strong>\u00a0no solo se encuentran en las\u00a0<strong data-start=\"1457\" data-end=\"1477\">grandes ciudades<\/strong>, sino que municipios como\u00a0<strong data-start=\"1504\" data-end=\"1512\">Muro<\/strong>\u00a0pueden ofrecer\u00a0<strong data-start=\"1528\" data-end=\"1553\">crecimiento econ\u00f3mico<\/strong>\u00a0y\u00a0<strong data-start=\"1556\" data-end=\"1578\">laboral de calidad<\/strong>.<\/p>\n<p style=\"text-align: justify;\" data-start=\"1583\" data-end=\"1807\">La\u00a0<strong data-start=\"1586\" data-end=\"1597\">entrada<\/strong>\u00a0es\u00a0<strong data-start=\"1601\" data-end=\"1621\">libre y gratuita<\/strong>\u00a0para toda la ciudadan\u00eda, y las\u00a0<strong data-start=\"1653\" data-end=\"1670\">inscripciones<\/strong>\u00a0ya est\u00e1n abiertas a trav\u00e9s de la web\u00a0<strong data-start=\"1708\" data-end=\"1735\"><span style=\"color: #0000ff;\"><a style=\"color: #0000ff;\" href=\"https:\/\/ocupabilitat.beewall.es\/\" target=\"_blank\" rel=\"noopener\">ocupabilitat.beewall.es<\/a><\/span>.\u00a0<\/strong>\u00a0All\u00ed puede consultarse tambi\u00e9n el\u00a0<strong data-start=\"1772\" data-end=\"1793\">programa completo<\/strong>\u00a0del evento.<\/p>\n","protected":false},"excerpt":{"rendered":"<p>Hoy viernes hemos recordado que arranca en Alcoy una nueva edici\u00f3n de la Feria Modernista. Tambi\u00e9n hemos destacado que Muro&#8230;<\/p>\n","protected":false},"author":1,"featured_media":147669,"comment_status":"closed","ping_status":"closed","sticky":false,"template":"","format":"standard","meta":{"footnotes":""},"categories":[6909,89,91,75],"tags":[],"class_list":["post-157695","post","type-post","status-publish","format-standard","has-post-thumbnail","hentry","category-actualidad","category-audiosdelosprogramas","category-informativos","category-noticias"],"yoast_head":"<!-- This site is optimized with the Yoast SEO plugin v27.3 - https:\/\/yoast.com\/product\/yoast-seo-wordpress\/ -->\n<title>Informativo matinal viernes 26 de septiembre 2025 (07:50h) - COPE Alcoy<\/title>\n<meta name=\"robots\" content=\"index, follow, max-snippet:-1, max-image-preview:large, max-video-preview:-1\" \/>\n<link rel=\"canonical\" href=\"https:\/\/www.copealcoy.es\/es\/informativo-matinal-viernes-26-de-septiembre-2025-0750h\/\" \/>\n<meta property=\"og:locale\" content=\"es_ES\" \/>\n<meta property=\"og:type\" content=\"article\" \/>\n<meta property=\"og:title\" content=\"Informativo matinal viernes 26 de septiembre 2025 (07:50h) - COPE Alcoy\" \/>\n<meta property=\"og:description\" content=\"Hoy viernes hemos recordado que arranca en Alcoy una nueva edici\u00f3n de la Feria Modernista. Tambi\u00e9n hemos destacado que Muro...\" \/>\n<meta property=\"og:url\" content=\"https:\/\/www.copealcoy.es\/es\/informativo-matinal-viernes-26-de-septiembre-2025-0750h\/\" \/>\n<meta property=\"og:site_name\" content=\"COPE Alcoy\" \/>\n<meta property=\"article:published_time\" content=\"2025-09-26T06:30:47+00:00\" \/>\n<meta property=\"article:modified_time\" content=\"2025-09-26T08:05:06+00:00\" \/>\n<meta property=\"og:image\" content=\"https:\/\/www.copealcoy.es\/wp-content\/uploads\/2025\/02\/Informativo-Matinal-Castellano.png\" \/>\n\t<meta property=\"og:image:width\" content=\"357\" \/>\n\t<meta property=\"og:image:height\" content=\"290\" \/>\n\t<meta property=\"og:image:type\" content=\"image\/png\" \/>\n<meta name=\"author\" content=\"Cope Alcoy\" \/>\n<meta name=\"twitter:label1\" content=\"Escrito por\" \/>\n\t<meta name=\"twitter:data1\" content=\"Cope Alcoy\" \/>\n\t<meta name=\"twitter:label2\" content=\"Tiempo de lectura\" \/>\n\t<meta name=\"twitter:data2\" content=\"2 minutos\" \/>\n<script type=\"application\/ld+json\" class=\"yoast-schema-graph\">{\"@context\":\"https:\\\/\\\/schema.org\",\"@graph\":[{\"@type\":\"Article\",\"@id\":\"https:\\\/\\\/www.copealcoy.es\\\/es\\\/informativo-matinal-viernes-26-de-septiembre-2025-0750h\\\/#article\",\"isPartOf\":{\"@id\":\"https:\\\/\\\/www.copealcoy.es\\\/es\\\/informativo-matinal-viernes-26-de-septiembre-2025-0750h\\\/\"},\"author\":{\"name\":\"Cope Alcoy\",\"@id\":\"https:\\\/\\\/www.copealcoy.es\\\/es\\\/#\\\/schema\\\/person\\\/e777c87fa024e57d40170af9df39882c\"},\"headline\":\"Informativo matinal viernes 26 de septiembre 2025 (07:50h)\",\"datePublished\":\"2025-09-26T06:30:47+00:00\",\"dateModified\":\"2025-09-26T08:05:06+00:00\",\"mainEntityOfPage\":{\"@id\":\"https:\\\/\\\/www.copealcoy.es\\\/es\\\/informativo-matinal-viernes-26-de-septiembre-2025-0750h\\\/\"},\"wordCount\":310,\"image\":{\"@id\":\"https:\\\/\\\/www.copealcoy.es\\\/es\\\/informativo-matinal-viernes-26-de-septiembre-2025-0750h\\\/#primaryimage\"},\"thumbnailUrl\":\"https:\\\/\\\/www.copealcoy.es\\\/wp-content\\\/uploads\\\/2025\\\/02\\\/Informativo-Matinal-Castellano.png\",\"articleSection\":[\"Actualidad\",\"Audios de los programas\",\"Informativos\",\"Noticias\"],\"inLanguage\":\"es\"},{\"@type\":\"WebPage\",\"@id\":\"https:\\\/\\\/www.copealcoy.es\\\/es\\\/informativo-matinal-viernes-26-de-septiembre-2025-0750h\\\/\",\"url\":\"https:\\\/\\\/www.copealcoy.es\\\/es\\\/informativo-matinal-viernes-26-de-septiembre-2025-0750h\\\/\",\"name\":\"Informativo matinal viernes 26 de septiembre 2025 (07:50h) - COPE Alcoy\",\"isPartOf\":{\"@id\":\"https:\\\/\\\/www.copealcoy.es\\\/es\\\/#website\"},\"primaryImageOfPage\":{\"@id\":\"https:\\\/\\\/www.copealcoy.es\\\/es\\\/informativo-matinal-viernes-26-de-septiembre-2025-0750h\\\/#primaryimage\"},\"image\":{\"@id\":\"https:\\\/\\\/www.copealcoy.es\\\/es\\\/informativo-matinal-viernes-26-de-septiembre-2025-0750h\\\/#primaryimage\"},\"thumbnailUrl\":\"https:\\\/\\\/www.copealcoy.es\\\/wp-content\\\/uploads\\\/2025\\\/02\\\/Informativo-Matinal-Castellano.png\",\"datePublished\":\"2025-09-26T06:30:47+00:00\",\"dateModified\":\"2025-09-26T08:05:06+00:00\",\"author\":{\"@id\":\"https:\\\/\\\/www.copealcoy.es\\\/es\\\/#\\\/schema\\\/person\\\/e777c87fa024e57d40170af9df39882c\"},\"breadcrumb\":{\"@id\":\"https:\\\/\\\/www.copealcoy.es\\\/es\\\/informativo-matinal-viernes-26-de-septiembre-2025-0750h\\\/#breadcrumb\"},\"inLanguage\":\"es\",\"potentialAction\":[{\"@type\":\"ReadAction\",\"target\":[\"https:\\\/\\\/www.copealcoy.es\\\/es\\\/informativo-matinal-viernes-26-de-septiembre-2025-0750h\\\/\"]}]},{\"@type\":\"ImageObject\",\"inLanguage\":\"es\",\"@id\":\"https:\\\/\\\/www.copealcoy.es\\\/es\\\/informativo-matinal-viernes-26-de-septiembre-2025-0750h\\\/#primaryimage\",\"url\":\"https:\\\/\\\/www.copealcoy.es\\\/wp-content\\\/uploads\\\/2025\\\/02\\\/Informativo-Matinal-Castellano.png\",\"contentUrl\":\"https:\\\/\\\/www.copealcoy.es\\\/wp-content\\\/uploads\\\/2025\\\/02\\\/Informativo-Matinal-Castellano.png\",\"width\":357,\"height\":290},{\"@type\":\"BreadcrumbList\",\"@id\":\"https:\\\/\\\/www.copealcoy.es\\\/es\\\/informativo-matinal-viernes-26-de-septiembre-2025-0750h\\\/#breadcrumb\",\"itemListElement\":[{\"@type\":\"ListItem\",\"position\":1,\"name\":\"Portada\",\"item\":\"https:\\\/\\\/www.copealcoy.es\\\/es\\\/\"},{\"@type\":\"ListItem\",\"position\":2,\"name\":\"Informativo matinal viernes 26 de septiembre 2025 (07:50h)\"}]},{\"@type\":\"WebSite\",\"@id\":\"https:\\\/\\\/www.copealcoy.es\\\/es\\\/#website\",\"url\":\"https:\\\/\\\/www.copealcoy.es\\\/es\\\/\",\"name\":\"COPE Alcoy\",\"description\":\"Emisora COPE de radio local con emisi\u00f3n online. Pont de Sant Jordi 8-10 03803 Alcoy\",\"potentialAction\":[{\"@type\":\"SearchAction\",\"target\":{\"@type\":\"EntryPoint\",\"urlTemplate\":\"https:\\\/\\\/www.copealcoy.es\\\/es\\\/?s={search_term_string}\"},\"query-input\":{\"@type\":\"PropertyValueSpecification\",\"valueRequired\":true,\"valueName\":\"search_term_string\"}}],\"inLanguage\":\"es\"},{\"@type\":\"Person\",\"@id\":\"https:\\\/\\\/www.copealcoy.es\\\/es\\\/#\\\/schema\\\/person\\\/e777c87fa024e57d40170af9df39882c\",\"name\":\"Cope Alcoy\",\"image\":{\"@type\":\"ImageObject\",\"inLanguage\":\"es\",\"@id\":\"https:\\\/\\\/secure.gravatar.com\\\/avatar\\\/bb65d0283347e303893ba14f0692005417c1e0e690a325a4c5d8bb2b3943ee14?s=96&d=mm&r=g\",\"url\":\"https:\\\/\\\/secure.gravatar.com\\\/avatar\\\/bb65d0283347e303893ba14f0692005417c1e0e690a325a4c5d8bb2b3943ee14?s=96&d=mm&r=g\",\"contentUrl\":\"https:\\\/\\\/secure.gravatar.com\\\/avatar\\\/bb65d0283347e303893ba14f0692005417c1e0e690a325a4c5d8bb2b3943ee14?s=96&d=mm&r=g\",\"caption\":\"Cope Alcoy\"}}]}<\/script>\n<!-- \/ Yoast SEO plugin. -->","yoast_head_json":{"title":"Informativo matinal viernes 26 de septiembre 2025 (07:50h) - COPE Alcoy","robots":{"index":"index","follow":"follow","max-snippet":"max-snippet:-1","max-image-preview":"max-image-preview:large","max-video-preview":"max-video-preview:-1"},"canonical":"https:\/\/www.copealcoy.es\/es\/informativo-matinal-viernes-26-de-septiembre-2025-0750h\/","og_locale":"es_ES","og_type":"article","og_title":"Informativo matinal viernes 26 de septiembre 2025 (07:50h) - COPE Alcoy","og_description":"Hoy viernes hemos recordado que arranca en Alcoy una nueva edici\u00f3n de la Feria Modernista. Tambi\u00e9n hemos destacado que Muro...","og_url":"https:\/\/www.copealcoy.es\/es\/informativo-matinal-viernes-26-de-septiembre-2025-0750h\/","og_site_name":"COPE Alcoy","article_published_time":"2025-09-26T06:30:47+00:00","article_modified_time":"2025-09-26T08:05:06+00:00","og_image":[{"width":357,"height":290,"url":"https:\/\/www.copealcoy.es\/wp-content\/uploads\/2025\/02\/Informativo-Matinal-Castellano.png","type":"image\/png"}],"author":"Cope Alcoy","twitter_misc":{"Escrito por":"Cope Alcoy","Tiempo de lectura":"2 minutos"},"schema":{"@context":"https:\/\/schema.org","@graph":[{"@type":"Article","@id":"https:\/\/www.copealcoy.es\/es\/informativo-matinal-viernes-26-de-septiembre-2025-0750h\/#article","isPartOf":{"@id":"https:\/\/www.copealcoy.es\/es\/informativo-matinal-viernes-26-de-septiembre-2025-0750h\/"},"author":{"name":"Cope Alcoy","@id":"https:\/\/www.copealcoy.es\/es\/#\/schema\/person\/e777c87fa024e57d40170af9df39882c"},"headline":"Informativo matinal viernes 26 de septiembre 2025 (07:50h)","datePublished":"2025-09-26T06:30:47+00:00","dateModified":"2025-09-26T08:05:06+00:00","mainEntityOfPage":{"@id":"https:\/\/www.copealcoy.es\/es\/informativo-matinal-viernes-26-de-septiembre-2025-0750h\/"},"wordCount":310,"image":{"@id":"https:\/\/www.copealcoy.es\/es\/informativo-matinal-viernes-26-de-septiembre-2025-0750h\/#primaryimage"},"thumbnailUrl":"https:\/\/www.copealcoy.es\/wp-content\/uploads\/2025\/02\/Informativo-Matinal-Castellano.png","articleSection":["Actualidad","Audios de los programas","Informativos","Noticias"],"inLanguage":"es"},{"@type":"WebPage","@id":"https:\/\/www.copealcoy.es\/es\/informativo-matinal-viernes-26-de-septiembre-2025-0750h\/","url":"https:\/\/www.copealcoy.es\/es\/informativo-matinal-viernes-26-de-septiembre-2025-0750h\/","name":"Informativo matinal viernes 26 de septiembre 2025 (07:50h) - COPE Alcoy","isPartOf":{"@id":"https:\/\/www.copealcoy.es\/es\/#website"},"primaryImageOfPage":{"@id":"https:\/\/www.copealcoy.es\/es\/informativo-matinal-viernes-26-de-septiembre-2025-0750h\/#primaryimage"},"image":{"@id":"https:\/\/www.copealcoy.es\/es\/informativo-matinal-viernes-26-de-septiembre-2025-0750h\/#primaryimage"},"thumbnailUrl":"https:\/\/www.copealcoy.es\/wp-content\/uploads\/2025\/02\/Informativo-Matinal-Castellano.png","datePublished":"2025-09-26T06:30:47+00:00","dateModified":"2025-09-26T08:05:06+00:00","author":{"@id":"https:\/\/www.copealcoy.es\/es\/#\/schema\/person\/e777c87fa024e57d40170af9df39882c"},"breadcrumb":{"@id":"https:\/\/www.copealcoy.es\/es\/informativo-matinal-viernes-26-de-septiembre-2025-0750h\/#breadcrumb"},"inLanguage":"es","potentialAction":[{"@type":"ReadAction","target":["https:\/\/www.copealcoy.es\/es\/informativo-matinal-viernes-26-de-septiembre-2025-0750h\/"]}]},{"@type":"ImageObject","inLanguage":"es","@id":"https:\/\/www.copealcoy.es\/es\/informativo-matinal-viernes-26-de-septiembre-2025-0750h\/#primaryimage","url":"https:\/\/www.copealcoy.es\/wp-content\/uploads\/2025\/02\/Informativo-Matinal-Castellano.png","contentUrl":"https:\/\/www.copealcoy.es\/wp-content\/uploads\/2025\/02\/Informativo-Matinal-Castellano.png","width":357,"height":290},{"@type":"BreadcrumbList","@id":"https:\/\/www.copealcoy.es\/es\/informativo-matinal-viernes-26-de-septiembre-2025-0750h\/#breadcrumb","itemListElement":[{"@type":"ListItem","position":1,"name":"Portada","item":"https:\/\/www.copealcoy.es\/es\/"},{"@type":"ListItem","position":2,"name":"Informativo matinal viernes 26 de septiembre 2025 (07:50h)"}]},{"@type":"WebSite","@id":"https:\/\/www.copealcoy.es\/es\/#website","url":"https:\/\/www.copealcoy.es\/es\/","name":"COPE Alcoy","description":"Emisora COPE de radio local con emisi\u00f3n online. Pont de Sant Jordi 8-10 03803 Alcoy","potentialAction":[{"@type":"SearchAction","target":{"@type":"EntryPoint","urlTemplate":"https:\/\/www.copealcoy.es\/es\/?s={search_term_string}"},"query-input":{"@type":"PropertyValueSpecification","valueRequired":true,"valueName":"search_term_string"}}],"inLanguage":"es"},{"@type":"Person","@id":"https:\/\/www.copealcoy.es\/es\/#\/schema\/person\/e777c87fa024e57d40170af9df39882c","name":"Cope Alcoy","image":{"@type":"ImageObject","inLanguage":"es","@id":"https:\/\/secure.gravatar.com\/avatar\/bb65d0283347e303893ba14f0692005417c1e0e690a325a4c5d8bb2b3943ee14?s=96&d=mm&r=g","url":"https:\/\/secure.gravatar.com\/avatar\/bb65d0283347e303893ba14f0692005417c1e0e690a325a4c5d8bb2b3943ee14?s=96&d=mm&r=g","contentUrl":"https:\/\/secure.gravatar.com\/avatar\/bb65d0283347e303893ba14f0692005417c1e0e690a325a4c5d8bb2b3943ee14?s=96&d=mm&r=g","caption":"Cope Alcoy"}}]}},"_links":{"self":[{"href":"https:\/\/www.copealcoy.es\/es\/wp-json\/wp\/v2\/posts\/157695","targetHints":{"allow":["GET"]}}],"collection":[{"href":"https:\/\/www.copealcoy.es\/es\/wp-json\/wp\/v2\/posts"}],"about":[{"href":"https:\/\/www.copealcoy.es\/es\/wp-json\/wp\/v2\/types\/post"}],"author":[{"embeddable":true,"href":"https:\/\/www.copealcoy.es\/es\/wp-json\/wp\/v2\/users\/1"}],"replies":[{"embeddable":true,"href":"https:\/\/www.copealcoy.es\/es\/wp-json\/wp\/v2\/comments?post=157695"}],"version-history":[{"count":2,"href":"https:\/\/www.copealcoy.es\/es\/wp-json\/wp\/v2\/posts\/157695\/revisions"}],"predecessor-version":[{"id":157697,"href":"https:\/\/www.copealcoy.es\/es\/wp-json\/wp\/v2\/posts\/157695\/revisions\/157697"}],"wp:featuredmedia":[{"embeddable":true,"href":"https:\/\/www.copealcoy.es\/es\/wp-json\/wp\/v2\/media\/147669"}],"wp:attachment":[{"href":"https:\/\/www.copealcoy.es\/es\/wp-json\/wp\/v2\/media?parent=157695"}],"wp:term":[{"taxonomy":"category","embeddable":true,"href":"https:\/\/www.copealcoy.es\/es\/wp-json\/wp\/v2\/categories?post=157695"},{"taxonomy":"post_tag","embeddable":true,"href":"https:\/\/www.copealcoy.es\/es\/wp-json\/wp\/v2\/tags?post=157695"}],"curies":[{"name":"wp","href":"https:\/\/api.w.org\/{rel}","templated":true}]}}