{"id":157678,"date":"2025-09-26T08:21:16","date_gmt":"2025-09-26T07:21:16","guid":{"rendered":"https:\/\/www.copealcoy.es\/?p=157678"},"modified":"2025-09-26T08:39:49","modified_gmt":"2025-09-26T07:39:49","slug":"beniarres-celebra-los-750-anos-de-su-carta-pobla","status":"publish","type":"post","link":"https:\/\/www.copealcoy.es\/es\/beniarres-celebra-los-750-anos-de-su-carta-pobla\/","title":{"rendered":"Beniarr\u00e9s celebra los 750 a\u00f1os de su Carta Pobla"},"content":{"rendered":"<p style=\"text-align: justify;\" data-start=\"206\" data-end=\"521\"><a href=\"https:\/\/www.facebook.com\/p\/Ajuntament-de-Beniarr%C3%A9s-100080337656009\/?locale=es_ES\" target=\"_blank\" rel=\"noopener\"><strong><span style=\"color: #0000ff;\">Beniarr\u00e9s<\/span><\/strong><\/a> conmemora este fin de semana <strong>el 750 aniversario de su Carta Pobla<\/strong>, documento fundacional de la localidad fechado en 1275 y que marc\u00f3 los or\u00edgenes de la poblaci\u00f3n tal y como la conocemos hoy en d\u00eda. Desde el Ayuntamiento de esta poblaci\u00f3n del Comtat han preparado un amplio abanico de propuestas que se suceder\u00e1n durante los pr\u00f3ximos d\u00edas y que van dirigidas a vecinos de todas las edad.<\/p>\n<p style=\"text-align: justify;\" data-start=\"206\" data-end=\"521\">El programa de actos arrancar\u00e1 el <strong>s\u00e1bado 27 de septiembre<\/strong> con un pasacalle, un almuerzo popular y una charla hist\u00f3rica, y concluir\u00e1 con una ruta urbana sobre la evoluci\u00f3n del pueblo que guiar\u00e1 el arquitecto Josep Jord\u00e0 i Sala, natural de Beniarr\u00e9s. Ya el domingo 28 de septiembr, la jornada comenzar\u00e1 con una excursi\u00f3n por el t\u00e9rmino municipal y continuar\u00e1 con un volteo de campanas, un desfile de la Uni\u00f3 Musical de Beniarr\u00e9s y la inauguraci\u00f3n de un panel cer\u00e1mico conmemorativo de este 750 aniversario que cumple la Carta Pobla. A mediod\u00eda se disparar\u00e1 una gran Masclet\u00e0 &#8220;<em>queremos que todo el vecindario participe en lo que hemos preparado, porque estamos hablando de nuestros or\u00edgenes como pueblo&#8221;, <\/em>explicaba esta semana en COPE ALCOY el alcalde de Beniarr\u00e9s, <strong>Francisco Sell\u00e9s<\/strong>.<\/p>\n<p style=\"text-align: justify;\" data-start=\"206\" data-end=\"521\">Los actos festivos con motivo de este 750 aniversario finalizar\u00e1n entrada la tarde puesto que tras la Masclet\u00e0<strong> se han previsto m\u00e1s iniciativas<\/strong>. Destaca una paella gigante y una comida de fraternidad en la que se espera la participaci\u00f3n de numerosos vecinos y vecinas de Beniarr\u00e9s.<\/p>\n<p style=\"text-align: justify;\" data-start=\"206\" data-end=\"521\">Aqu\u00ed <strong>puedes escuchar la entrevista que manten\u00edamos esta semana con el alcalde de Beniarr\u00e9s<\/strong> para conocer los actos preparados:<\/p>\n<audio class=\"wp-audio-shortcode\" id=\"audio-157678-1\" preload=\"none\" style=\"width: 100%;\" controls=\"controls\"><source type=\"audio\/mpeg\" src=\"https:\/\/www.copealcoy.es\/wp-content\/uploads\/2025\/09\/Entrevista-Francisco-Selles.mp3?_=1\" \/><a href=\"https:\/\/www.copealcoy.es\/wp-content\/uploads\/2025\/09\/Entrevista-Francisco-Selles.mp3\">https:\/\/www.copealcoy.es\/wp-content\/uploads\/2025\/09\/Entrevista-Francisco-Selles.mp3<\/a><\/audio>\n","protected":false},"excerpt":{"rendered":"<p>Beniarr\u00e9s conmemora este fin de semana el 750 aniversario de su Carta Pobla, documento fundacional de la localidad fechado en&#8230;<\/p>\n","protected":false},"author":1,"featured_media":120606,"comment_status":"closed","ping_status":"closed","sticky":false,"template":"","format":"standard","meta":{"footnotes":""},"categories":[6909,98,75],"tags":[],"class_list":["post-157678","post","type-post","status-publish","format-standard","has-post-thumbnail","hentry","category-actualidad","category-comarcas","category-noticias"],"yoast_head":"<!-- This site is optimized with the Yoast SEO plugin v27.3 - https:\/\/yoast.com\/product\/yoast-seo-wordpress\/ -->\n<title>Beniarr\u00e9s celebra los 750 a\u00f1os de su Carta Pobla - COPE Alcoy<\/title>\n<meta name=\"robots\" content=\"index, follow, max-snippet:-1, max-image-preview:large, max-video-preview:-1\" \/>\n<link rel=\"canonical\" href=\"https:\/\/www.copealcoy.es\/es\/beniarres-celebra-los-750-anos-de-su-carta-pobla\/\" \/>\n<meta property=\"og:locale\" content=\"es_ES\" \/>\n<meta property=\"og:type\" content=\"article\" \/>\n<meta property=\"og:title\" content=\"Beniarr\u00e9s celebra los 750 a\u00f1os de su Carta Pobla - COPE Alcoy\" \/>\n<meta property=\"og:description\" content=\"Beniarr\u00e9s conmemora este fin de semana el 750 aniversario de su Carta Pobla, documento fundacional de la localidad fechado en...\" \/>\n<meta property=\"og:url\" content=\"https:\/\/www.copealcoy.es\/es\/beniarres-celebra-los-750-anos-de-su-carta-pobla\/\" \/>\n<meta property=\"og:site_name\" content=\"COPE Alcoy\" \/>\n<meta property=\"article:published_time\" content=\"2025-09-26T07:21:16+00:00\" \/>\n<meta property=\"article:modified_time\" content=\"2025-09-26T07:39:49+00:00\" \/>\n<meta property=\"og:image\" content=\"https:\/\/www.copealcoy.es\/wp-content\/uploads\/2023\/08\/354205589_272084298812823_7403890503413493357_n.jpg\" \/>\n\t<meta property=\"og:image:width\" content=\"720\" \/>\n\t<meta property=\"og:image:height\" content=\"377\" \/>\n\t<meta property=\"og:image:type\" content=\"image\/jpeg\" \/>\n<meta name=\"author\" content=\"Cope Alcoy\" \/>\n<meta name=\"twitter:label1\" content=\"Escrito por\" \/>\n\t<meta name=\"twitter:data1\" content=\"Cope Alcoy\" \/>\n\t<meta name=\"twitter:label2\" content=\"Tiempo de lectura\" \/>\n\t<meta name=\"twitter:data2\" content=\"2 minutos\" \/>\n<script type=\"application\/ld+json\" class=\"yoast-schema-graph\">{\"@context\":\"https:\\\/\\\/schema.org\",\"@graph\":[{\"@type\":\"Article\",\"@id\":\"https:\\\/\\\/www.copealcoy.es\\\/es\\\/beniarres-celebra-los-750-anos-de-su-carta-pobla\\\/#article\",\"isPartOf\":{\"@id\":\"https:\\\/\\\/www.copealcoy.es\\\/es\\\/beniarres-celebra-los-750-anos-de-su-carta-pobla\\\/\"},\"author\":{\"name\":\"Cope Alcoy\",\"@id\":\"https:\\\/\\\/www.copealcoy.es\\\/es\\\/#\\\/schema\\\/person\\\/e777c87fa024e57d40170af9df39882c\"},\"headline\":\"Beniarr\u00e9s celebra los 750 a\u00f1os de su Carta Pobla\",\"datePublished\":\"2025-09-26T07:21:16+00:00\",\"dateModified\":\"2025-09-26T07:39:49+00:00\",\"mainEntityOfPage\":{\"@id\":\"https:\\\/\\\/www.copealcoy.es\\\/es\\\/beniarres-celebra-los-750-anos-de-su-carta-pobla\\\/\"},\"wordCount\":304,\"image\":{\"@id\":\"https:\\\/\\\/www.copealcoy.es\\\/es\\\/beniarres-celebra-los-750-anos-de-su-carta-pobla\\\/#primaryimage\"},\"thumbnailUrl\":\"https:\\\/\\\/www.copealcoy.es\\\/wp-content\\\/uploads\\\/2023\\\/08\\\/354205589_272084298812823_7403890503413493357_n.jpg\",\"articleSection\":[\"Actualidad\",\"Comarcas\",\"Noticias\"],\"inLanguage\":\"es\"},{\"@type\":\"WebPage\",\"@id\":\"https:\\\/\\\/www.copealcoy.es\\\/es\\\/beniarres-celebra-los-750-anos-de-su-carta-pobla\\\/\",\"url\":\"https:\\\/\\\/www.copealcoy.es\\\/es\\\/beniarres-celebra-los-750-anos-de-su-carta-pobla\\\/\",\"name\":\"Beniarr\u00e9s celebra los 750 a\u00f1os de su Carta Pobla - COPE Alcoy\",\"isPartOf\":{\"@id\":\"https:\\\/\\\/www.copealcoy.es\\\/es\\\/#website\"},\"primaryImageOfPage\":{\"@id\":\"https:\\\/\\\/www.copealcoy.es\\\/es\\\/beniarres-celebra-los-750-anos-de-su-carta-pobla\\\/#primaryimage\"},\"image\":{\"@id\":\"https:\\\/\\\/www.copealcoy.es\\\/es\\\/beniarres-celebra-los-750-anos-de-su-carta-pobla\\\/#primaryimage\"},\"thumbnailUrl\":\"https:\\\/\\\/www.copealcoy.es\\\/wp-content\\\/uploads\\\/2023\\\/08\\\/354205589_272084298812823_7403890503413493357_n.jpg\",\"datePublished\":\"2025-09-26T07:21:16+00:00\",\"dateModified\":\"2025-09-26T07:39:49+00:00\",\"author\":{\"@id\":\"https:\\\/\\\/www.copealcoy.es\\\/es\\\/#\\\/schema\\\/person\\\/e777c87fa024e57d40170af9df39882c\"},\"breadcrumb\":{\"@id\":\"https:\\\/\\\/www.copealcoy.es\\\/es\\\/beniarres-celebra-los-750-anos-de-su-carta-pobla\\\/#breadcrumb\"},\"inLanguage\":\"es\",\"potentialAction\":[{\"@type\":\"ReadAction\",\"target\":[\"https:\\\/\\\/www.copealcoy.es\\\/es\\\/beniarres-celebra-los-750-anos-de-su-carta-pobla\\\/\"]}]},{\"@type\":\"ImageObject\",\"inLanguage\":\"es\",\"@id\":\"https:\\\/\\\/www.copealcoy.es\\\/es\\\/beniarres-celebra-los-750-anos-de-su-carta-pobla\\\/#primaryimage\",\"url\":\"https:\\\/\\\/www.copealcoy.es\\\/wp-content\\\/uploads\\\/2023\\\/08\\\/354205589_272084298812823_7403890503413493357_n.jpg\",\"contentUrl\":\"https:\\\/\\\/www.copealcoy.es\\\/wp-content\\\/uploads\\\/2023\\\/08\\\/354205589_272084298812823_7403890503413493357_n.jpg\",\"width\":720,\"height\":377},{\"@type\":\"BreadcrumbList\",\"@id\":\"https:\\\/\\\/www.copealcoy.es\\\/es\\\/beniarres-celebra-los-750-anos-de-su-carta-pobla\\\/#breadcrumb\",\"itemListElement\":[{\"@type\":\"ListItem\",\"position\":1,\"name\":\"Portada\",\"item\":\"https:\\\/\\\/www.copealcoy.es\\\/es\\\/\"},{\"@type\":\"ListItem\",\"position\":2,\"name\":\"Beniarr\u00e9s celebra los 750 a\u00f1os de su Carta Pobla\"}]},{\"@type\":\"WebSite\",\"@id\":\"https:\\\/\\\/www.copealcoy.es\\\/es\\\/#website\",\"url\":\"https:\\\/\\\/www.copealcoy.es\\\/es\\\/\",\"name\":\"COPE Alcoy\",\"description\":\"Emisora COPE de radio local con emisi\u00f3n online. Pont de Sant Jordi 8-10 03803 Alcoy\",\"potentialAction\":[{\"@type\":\"SearchAction\",\"target\":{\"@type\":\"EntryPoint\",\"urlTemplate\":\"https:\\\/\\\/www.copealcoy.es\\\/es\\\/?s={search_term_string}\"},\"query-input\":{\"@type\":\"PropertyValueSpecification\",\"valueRequired\":true,\"valueName\":\"search_term_string\"}}],\"inLanguage\":\"es\"},{\"@type\":\"Person\",\"@id\":\"https:\\\/\\\/www.copealcoy.es\\\/es\\\/#\\\/schema\\\/person\\\/e777c87fa024e57d40170af9df39882c\",\"name\":\"Cope Alcoy\",\"image\":{\"@type\":\"ImageObject\",\"inLanguage\":\"es\",\"@id\":\"https:\\\/\\\/secure.gravatar.com\\\/avatar\\\/bb65d0283347e303893ba14f0692005417c1e0e690a325a4c5d8bb2b3943ee14?s=96&d=mm&r=g\",\"url\":\"https:\\\/\\\/secure.gravatar.com\\\/avatar\\\/bb65d0283347e303893ba14f0692005417c1e0e690a325a4c5d8bb2b3943ee14?s=96&d=mm&r=g\",\"contentUrl\":\"https:\\\/\\\/secure.gravatar.com\\\/avatar\\\/bb65d0283347e303893ba14f0692005417c1e0e690a325a4c5d8bb2b3943ee14?s=96&d=mm&r=g\",\"caption\":\"Cope Alcoy\"}}]}<\/script>\n<!-- \/ Yoast SEO plugin. -->","yoast_head_json":{"title":"Beniarr\u00e9s celebra los 750 a\u00f1os de su Carta Pobla - COPE Alcoy","robots":{"index":"index","follow":"follow","max-snippet":"max-snippet:-1","max-image-preview":"max-image-preview:large","max-video-preview":"max-video-preview:-1"},"canonical":"https:\/\/www.copealcoy.es\/es\/beniarres-celebra-los-750-anos-de-su-carta-pobla\/","og_locale":"es_ES","og_type":"article","og_title":"Beniarr\u00e9s celebra los 750 a\u00f1os de su Carta Pobla - COPE Alcoy","og_description":"Beniarr\u00e9s conmemora este fin de semana el 750 aniversario de su Carta Pobla, documento fundacional de la localidad fechado en...","og_url":"https:\/\/www.copealcoy.es\/es\/beniarres-celebra-los-750-anos-de-su-carta-pobla\/","og_site_name":"COPE Alcoy","article_published_time":"2025-09-26T07:21:16+00:00","article_modified_time":"2025-09-26T07:39:49+00:00","og_image":[{"width":720,"height":377,"url":"https:\/\/www.copealcoy.es\/wp-content\/uploads\/2023\/08\/354205589_272084298812823_7403890503413493357_n.jpg","type":"image\/jpeg"}],"author":"Cope Alcoy","twitter_misc":{"Escrito por":"Cope Alcoy","Tiempo de lectura":"2 minutos"},"schema":{"@context":"https:\/\/schema.org","@graph":[{"@type":"Article","@id":"https:\/\/www.copealcoy.es\/es\/beniarres-celebra-los-750-anos-de-su-carta-pobla\/#article","isPartOf":{"@id":"https:\/\/www.copealcoy.es\/es\/beniarres-celebra-los-750-anos-de-su-carta-pobla\/"},"author":{"name":"Cope Alcoy","@id":"https:\/\/www.copealcoy.es\/es\/#\/schema\/person\/e777c87fa024e57d40170af9df39882c"},"headline":"Beniarr\u00e9s celebra los 750 a\u00f1os de su Carta Pobla","datePublished":"2025-09-26T07:21:16+00:00","dateModified":"2025-09-26T07:39:49+00:00","mainEntityOfPage":{"@id":"https:\/\/www.copealcoy.es\/es\/beniarres-celebra-los-750-anos-de-su-carta-pobla\/"},"wordCount":304,"image":{"@id":"https:\/\/www.copealcoy.es\/es\/beniarres-celebra-los-750-anos-de-su-carta-pobla\/#primaryimage"},"thumbnailUrl":"https:\/\/www.copealcoy.es\/wp-content\/uploads\/2023\/08\/354205589_272084298812823_7403890503413493357_n.jpg","articleSection":["Actualidad","Comarcas","Noticias"],"inLanguage":"es"},{"@type":"WebPage","@id":"https:\/\/www.copealcoy.es\/es\/beniarres-celebra-los-750-anos-de-su-carta-pobla\/","url":"https:\/\/www.copealcoy.es\/es\/beniarres-celebra-los-750-anos-de-su-carta-pobla\/","name":"Beniarr\u00e9s celebra los 750 a\u00f1os de su Carta Pobla - COPE Alcoy","isPartOf":{"@id":"https:\/\/www.copealcoy.es\/es\/#website"},"primaryImageOfPage":{"@id":"https:\/\/www.copealcoy.es\/es\/beniarres-celebra-los-750-anos-de-su-carta-pobla\/#primaryimage"},"image":{"@id":"https:\/\/www.copealcoy.es\/es\/beniarres-celebra-los-750-anos-de-su-carta-pobla\/#primaryimage"},"thumbnailUrl":"https:\/\/www.copealcoy.es\/wp-content\/uploads\/2023\/08\/354205589_272084298812823_7403890503413493357_n.jpg","datePublished":"2025-09-26T07:21:16+00:00","dateModified":"2025-09-26T07:39:49+00:00","author":{"@id":"https:\/\/www.copealcoy.es\/es\/#\/schema\/person\/e777c87fa024e57d40170af9df39882c"},"breadcrumb":{"@id":"https:\/\/www.copealcoy.es\/es\/beniarres-celebra-los-750-anos-de-su-carta-pobla\/#breadcrumb"},"inLanguage":"es","potentialAction":[{"@type":"ReadAction","target":["https:\/\/www.copealcoy.es\/es\/beniarres-celebra-los-750-anos-de-su-carta-pobla\/"]}]},{"@type":"ImageObject","inLanguage":"es","@id":"https:\/\/www.copealcoy.es\/es\/beniarres-celebra-los-750-anos-de-su-carta-pobla\/#primaryimage","url":"https:\/\/www.copealcoy.es\/wp-content\/uploads\/2023\/08\/354205589_272084298812823_7403890503413493357_n.jpg","contentUrl":"https:\/\/www.copealcoy.es\/wp-content\/uploads\/2023\/08\/354205589_272084298812823_7403890503413493357_n.jpg","width":720,"height":377},{"@type":"BreadcrumbList","@id":"https:\/\/www.copealcoy.es\/es\/beniarres-celebra-los-750-anos-de-su-carta-pobla\/#breadcrumb","itemListElement":[{"@type":"ListItem","position":1,"name":"Portada","item":"https:\/\/www.copealcoy.es\/es\/"},{"@type":"ListItem","position":2,"name":"Beniarr\u00e9s celebra los 750 a\u00f1os de su Carta Pobla"}]},{"@type":"WebSite","@id":"https:\/\/www.copealcoy.es\/es\/#website","url":"https:\/\/www.copealcoy.es\/es\/","name":"COPE Alcoy","description":"Emisora COPE de radio local con emisi\u00f3n online. Pont de Sant Jordi 8-10 03803 Alcoy","potentialAction":[{"@type":"SearchAction","target":{"@type":"EntryPoint","urlTemplate":"https:\/\/www.copealcoy.es\/es\/?s={search_term_string}"},"query-input":{"@type":"PropertyValueSpecification","valueRequired":true,"valueName":"search_term_string"}}],"inLanguage":"es"},{"@type":"Person","@id":"https:\/\/www.copealcoy.es\/es\/#\/schema\/person\/e777c87fa024e57d40170af9df39882c","name":"Cope Alcoy","image":{"@type":"ImageObject","inLanguage":"es","@id":"https:\/\/secure.gravatar.com\/avatar\/bb65d0283347e303893ba14f0692005417c1e0e690a325a4c5d8bb2b3943ee14?s=96&d=mm&r=g","url":"https:\/\/secure.gravatar.com\/avatar\/bb65d0283347e303893ba14f0692005417c1e0e690a325a4c5d8bb2b3943ee14?s=96&d=mm&r=g","contentUrl":"https:\/\/secure.gravatar.com\/avatar\/bb65d0283347e303893ba14f0692005417c1e0e690a325a4c5d8bb2b3943ee14?s=96&d=mm&r=g","caption":"Cope Alcoy"}}]}},"_links":{"self":[{"href":"https:\/\/www.copealcoy.es\/es\/wp-json\/wp\/v2\/posts\/157678","targetHints":{"allow":["GET"]}}],"collection":[{"href":"https:\/\/www.copealcoy.es\/es\/wp-json\/wp\/v2\/posts"}],"about":[{"href":"https:\/\/www.copealcoy.es\/es\/wp-json\/wp\/v2\/types\/post"}],"author":[{"embeddable":true,"href":"https:\/\/www.copealcoy.es\/es\/wp-json\/wp\/v2\/users\/1"}],"replies":[{"embeddable":true,"href":"https:\/\/www.copealcoy.es\/es\/wp-json\/wp\/v2\/comments?post=157678"}],"version-history":[{"count":3,"href":"https:\/\/www.copealcoy.es\/es\/wp-json\/wp\/v2\/posts\/157678\/revisions"}],"predecessor-version":[{"id":157687,"href":"https:\/\/www.copealcoy.es\/es\/wp-json\/wp\/v2\/posts\/157678\/revisions\/157687"}],"wp:featuredmedia":[{"embeddable":true,"href":"https:\/\/www.copealcoy.es\/es\/wp-json\/wp\/v2\/media\/120606"}],"wp:attachment":[{"href":"https:\/\/www.copealcoy.es\/es\/wp-json\/wp\/v2\/media?parent=157678"}],"wp:term":[{"taxonomy":"category","embeddable":true,"href":"https:\/\/www.copealcoy.es\/es\/wp-json\/wp\/v2\/categories?post=157678"},{"taxonomy":"post_tag","embeddable":true,"href":"https:\/\/www.copealcoy.es\/es\/wp-json\/wp\/v2\/tags?post=157678"}],"curies":[{"name":"wp","href":"https:\/\/api.w.org\/{rel}","templated":true}]}}