{"id":157608,"date":"2025-09-26T08:00:44","date_gmt":"2025-09-26T07:00:44","guid":{"rendered":"https:\/\/www.copealcoy.es\/?p=157608"},"modified":"2025-09-26T07:20:06","modified_gmt":"2025-09-26T06:20:06","slug":"la-cabalgata-de-muro-cumple-125-ediciones","status":"publish","type":"post","link":"https:\/\/www.copealcoy.es\/es\/la-cabalgata-de-muro-cumple-125-ediciones\/","title":{"rendered":"La Cabalgata de Muro cumple 125 ediciones"},"content":{"rendered":"<p style=\"text-align: justify;\" data-start=\"209\" data-end=\"571\">Muro conmemorar\u00e1 en 2026 <strong>la edici\u00f3n n\u00famero 125 de su hist\u00f3rica Cabalgata de los Reyes Magos<\/strong>, la segunda m\u00e1s antigua de la Comunitat Valenciana y una de las m\u00e1s longevas de toda Espa\u00f1a. La primera referencia del desfile <strong>se remonta a\u00a01902<\/strong>, tal y como confirman los documentos hist\u00f3ricos conservados en el municipio, y cada a\u00f1o es un acto esperado para toda la poblaci\u00f3n; especialmente los m\u00e1s peque\u00f1os de la casa.<\/p>\n<p style=\"text-align: justify;\" data-start=\"573\" data-end=\"1159\">Para recordar esta importante efem\u00e9ride, la <a href=\"https:\/\/www.facebook.com\/profile.php?id=100064763470871&amp;locale=ca_ES\" target=\"_blank\" rel=\"noopener\"><span style=\"color: #0000ff;\"><strong>Nova Associaci\u00f3 Cultural dels Reis Mags<\/strong><\/span><\/a>, con el respaldo del <strong data-start=\"680\" data-end=\"696\">Ayuntamiento<\/strong>, ha preparado un amplio programa de actividades que arrancar\u00e1 el pr\u00f3ximo <strong data-start=\"770\" data-end=\"786\">4 de octubre<\/strong> con el concierto de la Uni\u00f3 Musical de Muro con motivo del D\u00eda de la Comunitat Valenciana. En esta cita se estrenar\u00e1 una obra del compositor murero <strong data-start=\"910\" data-end=\"943\">Jos\u00e9 Rafael Pascual Vilaplana<\/strong>, dedicada a la Cabalgata, y tambi\u00e9n el presidente de la mencionada entidad leer\u00e1 el manifiesto. Ya el <strong data-start=\"976\" data-end=\"993\">24 de octubre<\/strong> se inaugurar\u00e1 en el municipio una exposici\u00f3n de carteles hist\u00f3ricos y fotograf\u00edas que repasar\u00e1 m\u00e1s de un siglo de desfiles acompa\u00f1ando a Sus Majestades de Oriente. El programa continuar\u00e1 en <strong data-start=\"1187\" data-end=\"1200\">diciembre<\/strong> con la presentaci\u00f3n del cartel oficial y una conferencia del historiador local <strong data-start=\"1280\" data-end=\"1302\">Joan Josep Pascual<\/strong>, que profundizar\u00e1 en los or\u00edgenes y en la relevancia cultural de una fiesta que ha sabido mantenerse viva durante m\u00e1s de un siglo. <em data-start=\"1434\" data-end=\"1601\">\u201cM\u00e1s que una cifra, los 125 a\u00f1os de la Cabalgata suponen un homenaje a generaciones de mureros y mureras que han mantenido la magia de la noche m\u00e1s esperada del a\u00f1o\u201d<\/em>, explicaba\u00a0 esta semana <strong data-start=\"1613\" data-end=\"1631\">Abraham Molina<\/strong>, presidente de la asociaci\u00f3n, durante la presentaci\u00f3n de los actos. Desde el consistorio murero tambi\u00e9n han mostrado su total apoyo a la celebraci\u00f3n. El edil de Tradiciones, <strong data-start=\"1802\" data-end=\"1819\">Fernando Pic\u00f3<\/strong>, remarcaba la importancia de la implicaci\u00f3n vecinal: <em data-start=\"1873\" data-end=\"2018\">\u201cEs una fiesta entra\u00f1able, que mantiene viva la ilusi\u00f3n de ni\u00f1os y mayores. Entre todas y todos podemos hacer una Cabalgata m\u00e1s grande y mejor\u201d<\/em>.<\/p>\n<p style=\"text-align: justify;\" data-start=\"2023\" data-end=\"2207\">La conmemoraci\u00f3n incorpora adem\u00e1s un <strong data-start=\"2060\" data-end=\"2077\">logo especial. <\/strong>\u00a0Este ha sido dise\u00f1ado por Elena Font Arest\u00e9, que simboliza la llegada de los Reyes a Muro con la <strong data-start=\"2165\" data-end=\"2184\">Penya del Frare<\/strong> como tel\u00f3n de fondo.<\/p>\n","protected":false},"excerpt":{"rendered":"<p>Muro conmemorar\u00e1 en 2026 la edici\u00f3n n\u00famero 125 de su hist\u00f3rica Cabalgata de los Reyes Magos, la segunda m\u00e1s antigua&#8230;<\/p>\n","protected":false},"author":1,"featured_media":58576,"comment_status":"closed","ping_status":"closed","sticky":false,"template":"","format":"standard","meta":{"footnotes":""},"categories":[6909,98,75],"tags":[20041,368,135,488],"class_list":["post-157608","post","type-post","status-publish","format-standard","has-post-thumbnail","hentry","category-actualidad","category-comarcas","category-noticias","tag-125-anos-de-historia","tag-cabalgata","tag-muro","tag-reyes-magos"],"yoast_head":"<!-- This site is optimized with the Yoast SEO plugin v27.3 - https:\/\/yoast.com\/product\/yoast-seo-wordpress\/ -->\n<title>La Cabalgata de Muro cumple 125 ediciones - COPE Alcoy<\/title>\n<meta name=\"description\" content=\"La Cabalgata de Muro cumple 125 a\u00f1os de historia\" \/>\n<meta name=\"robots\" content=\"index, follow, max-snippet:-1, max-image-preview:large, max-video-preview:-1\" \/>\n<link rel=\"canonical\" href=\"https:\/\/www.copealcoy.es\/es\/la-cabalgata-de-muro-cumple-125-ediciones\/\" \/>\n<meta property=\"og:locale\" content=\"es_ES\" \/>\n<meta property=\"og:type\" content=\"article\" \/>\n<meta property=\"og:title\" content=\"La Cabalgata de Muro cumple 125 ediciones - COPE Alcoy\" \/>\n<meta property=\"og:description\" content=\"La Cabalgata de Muro cumple 125 a\u00f1os de historia\" \/>\n<meta property=\"og:url\" content=\"https:\/\/www.copealcoy.es\/es\/la-cabalgata-de-muro-cumple-125-ediciones\/\" \/>\n<meta property=\"og:site_name\" content=\"COPE Alcoy\" \/>\n<meta property=\"article:published_time\" content=\"2025-09-26T07:00:44+00:00\" \/>\n<meta property=\"og:image\" content=\"https:\/\/www.copealcoy.es\/wp-content\/uploads\/2020\/01\/81262239_1893466717463471_5953625962829578240_n-1.jpg\" \/>\n\t<meta property=\"og:image:width\" content=\"960\" \/>\n\t<meta property=\"og:image:height\" content=\"454\" \/>\n\t<meta property=\"og:image:type\" content=\"image\/jpeg\" \/>\n<meta name=\"author\" content=\"Cope Alcoy\" \/>\n<meta name=\"twitter:label1\" content=\"Escrito por\" \/>\n\t<meta name=\"twitter:data1\" content=\"Cope Alcoy\" \/>\n\t<meta name=\"twitter:label2\" content=\"Tiempo de lectura\" \/>\n\t<meta name=\"twitter:data2\" content=\"3 minutos\" \/>\n<script type=\"application\/ld+json\" class=\"yoast-schema-graph\">{\"@context\":\"https:\\\/\\\/schema.org\",\"@graph\":[{\"@type\":\"Article\",\"@id\":\"https:\\\/\\\/www.copealcoy.es\\\/es\\\/la-cabalgata-de-muro-cumple-125-ediciones\\\/#article\",\"isPartOf\":{\"@id\":\"https:\\\/\\\/www.copealcoy.es\\\/es\\\/la-cabalgata-de-muro-cumple-125-ediciones\\\/\"},\"author\":{\"name\":\"Cope Alcoy\",\"@id\":\"https:\\\/\\\/www.copealcoy.es\\\/es\\\/#\\\/schema\\\/person\\\/e777c87fa024e57d40170af9df39882c\"},\"headline\":\"La Cabalgata de Muro cumple 125 ediciones\",\"datePublished\":\"2025-09-26T07:00:44+00:00\",\"mainEntityOfPage\":{\"@id\":\"https:\\\/\\\/www.copealcoy.es\\\/es\\\/la-cabalgata-de-muro-cumple-125-ediciones\\\/\"},\"wordCount\":392,\"image\":{\"@id\":\"https:\\\/\\\/www.copealcoy.es\\\/es\\\/la-cabalgata-de-muro-cumple-125-ediciones\\\/#primaryimage\"},\"thumbnailUrl\":\"https:\\\/\\\/www.copealcoy.es\\\/wp-content\\\/uploads\\\/2020\\\/01\\\/81262239_1893466717463471_5953625962829578240_n-1.jpg\",\"keywords\":[\"125 a\u00f1os de historia\",\"Cabalgata\",\"Muro\",\"Reyes Magos\"],\"articleSection\":[\"Actualidad\",\"Comarcas\",\"Noticias\"],\"inLanguage\":\"es\"},{\"@type\":\"WebPage\",\"@id\":\"https:\\\/\\\/www.copealcoy.es\\\/es\\\/la-cabalgata-de-muro-cumple-125-ediciones\\\/\",\"url\":\"https:\\\/\\\/www.copealcoy.es\\\/es\\\/la-cabalgata-de-muro-cumple-125-ediciones\\\/\",\"name\":\"La Cabalgata de Muro cumple 125 ediciones - COPE Alcoy\",\"isPartOf\":{\"@id\":\"https:\\\/\\\/www.copealcoy.es\\\/es\\\/#website\"},\"primaryImageOfPage\":{\"@id\":\"https:\\\/\\\/www.copealcoy.es\\\/es\\\/la-cabalgata-de-muro-cumple-125-ediciones\\\/#primaryimage\"},\"image\":{\"@id\":\"https:\\\/\\\/www.copealcoy.es\\\/es\\\/la-cabalgata-de-muro-cumple-125-ediciones\\\/#primaryimage\"},\"thumbnailUrl\":\"https:\\\/\\\/www.copealcoy.es\\\/wp-content\\\/uploads\\\/2020\\\/01\\\/81262239_1893466717463471_5953625962829578240_n-1.jpg\",\"datePublished\":\"2025-09-26T07:00:44+00:00\",\"author\":{\"@id\":\"https:\\\/\\\/www.copealcoy.es\\\/es\\\/#\\\/schema\\\/person\\\/e777c87fa024e57d40170af9df39882c\"},\"description\":\"La Cabalgata de Muro cumple 125 a\u00f1os de historia\",\"breadcrumb\":{\"@id\":\"https:\\\/\\\/www.copealcoy.es\\\/es\\\/la-cabalgata-de-muro-cumple-125-ediciones\\\/#breadcrumb\"},\"inLanguage\":\"es\",\"potentialAction\":[{\"@type\":\"ReadAction\",\"target\":[\"https:\\\/\\\/www.copealcoy.es\\\/es\\\/la-cabalgata-de-muro-cumple-125-ediciones\\\/\"]}]},{\"@type\":\"ImageObject\",\"inLanguage\":\"es\",\"@id\":\"https:\\\/\\\/www.copealcoy.es\\\/es\\\/la-cabalgata-de-muro-cumple-125-ediciones\\\/#primaryimage\",\"url\":\"https:\\\/\\\/www.copealcoy.es\\\/wp-content\\\/uploads\\\/2020\\\/01\\\/81262239_1893466717463471_5953625962829578240_n-1.jpg\",\"contentUrl\":\"https:\\\/\\\/www.copealcoy.es\\\/wp-content\\\/uploads\\\/2020\\\/01\\\/81262239_1893466717463471_5953625962829578240_n-1.jpg\",\"width\":960,\"height\":454,\"caption\":\"Los Reyes Magos desfilaron sobre carrozas en este municipio del Comtat \\\/ Foto: M. Cerd\u00e0\"},{\"@type\":\"BreadcrumbList\",\"@id\":\"https:\\\/\\\/www.copealcoy.es\\\/es\\\/la-cabalgata-de-muro-cumple-125-ediciones\\\/#breadcrumb\",\"itemListElement\":[{\"@type\":\"ListItem\",\"position\":1,\"name\":\"Portada\",\"item\":\"https:\\\/\\\/www.copealcoy.es\\\/es\\\/\"},{\"@type\":\"ListItem\",\"position\":2,\"name\":\"La Cabalgata de Muro cumple 125 ediciones\"}]},{\"@type\":\"WebSite\",\"@id\":\"https:\\\/\\\/www.copealcoy.es\\\/es\\\/#website\",\"url\":\"https:\\\/\\\/www.copealcoy.es\\\/es\\\/\",\"name\":\"COPE Alcoy\",\"description\":\"Emisora COPE de radio local con emisi\u00f3n online. Pont de Sant Jordi 8-10 03803 Alcoy\",\"potentialAction\":[{\"@type\":\"SearchAction\",\"target\":{\"@type\":\"EntryPoint\",\"urlTemplate\":\"https:\\\/\\\/www.copealcoy.es\\\/es\\\/?s={search_term_string}\"},\"query-input\":{\"@type\":\"PropertyValueSpecification\",\"valueRequired\":true,\"valueName\":\"search_term_string\"}}],\"inLanguage\":\"es\"},{\"@type\":\"Person\",\"@id\":\"https:\\\/\\\/www.copealcoy.es\\\/es\\\/#\\\/schema\\\/person\\\/e777c87fa024e57d40170af9df39882c\",\"name\":\"Cope Alcoy\",\"image\":{\"@type\":\"ImageObject\",\"inLanguage\":\"es\",\"@id\":\"https:\\\/\\\/secure.gravatar.com\\\/avatar\\\/bb65d0283347e303893ba14f0692005417c1e0e690a325a4c5d8bb2b3943ee14?s=96&d=mm&r=g\",\"url\":\"https:\\\/\\\/secure.gravatar.com\\\/avatar\\\/bb65d0283347e303893ba14f0692005417c1e0e690a325a4c5d8bb2b3943ee14?s=96&d=mm&r=g\",\"contentUrl\":\"https:\\\/\\\/secure.gravatar.com\\\/avatar\\\/bb65d0283347e303893ba14f0692005417c1e0e690a325a4c5d8bb2b3943ee14?s=96&d=mm&r=g\",\"caption\":\"Cope Alcoy\"}}]}<\/script>\n<!-- \/ Yoast SEO plugin. -->","yoast_head_json":{"title":"La Cabalgata de Muro cumple 125 ediciones - COPE Alcoy","description":"La Cabalgata de Muro cumple 125 a\u00f1os de historia","robots":{"index":"index","follow":"follow","max-snippet":"max-snippet:-1","max-image-preview":"max-image-preview:large","max-video-preview":"max-video-preview:-1"},"canonical":"https:\/\/www.copealcoy.es\/es\/la-cabalgata-de-muro-cumple-125-ediciones\/","og_locale":"es_ES","og_type":"article","og_title":"La Cabalgata de Muro cumple 125 ediciones - COPE Alcoy","og_description":"La Cabalgata de Muro cumple 125 a\u00f1os de historia","og_url":"https:\/\/www.copealcoy.es\/es\/la-cabalgata-de-muro-cumple-125-ediciones\/","og_site_name":"COPE Alcoy","article_published_time":"2025-09-26T07:00:44+00:00","og_image":[{"width":960,"height":454,"url":"https:\/\/www.copealcoy.es\/wp-content\/uploads\/2020\/01\/81262239_1893466717463471_5953625962829578240_n-1.jpg","type":"image\/jpeg"}],"author":"Cope Alcoy","twitter_misc":{"Escrito por":"Cope Alcoy","Tiempo de lectura":"3 minutos"},"schema":{"@context":"https:\/\/schema.org","@graph":[{"@type":"Article","@id":"https:\/\/www.copealcoy.es\/es\/la-cabalgata-de-muro-cumple-125-ediciones\/#article","isPartOf":{"@id":"https:\/\/www.copealcoy.es\/es\/la-cabalgata-de-muro-cumple-125-ediciones\/"},"author":{"name":"Cope Alcoy","@id":"https:\/\/www.copealcoy.es\/es\/#\/schema\/person\/e777c87fa024e57d40170af9df39882c"},"headline":"La Cabalgata de Muro cumple 125 ediciones","datePublished":"2025-09-26T07:00:44+00:00","mainEntityOfPage":{"@id":"https:\/\/www.copealcoy.es\/es\/la-cabalgata-de-muro-cumple-125-ediciones\/"},"wordCount":392,"image":{"@id":"https:\/\/www.copealcoy.es\/es\/la-cabalgata-de-muro-cumple-125-ediciones\/#primaryimage"},"thumbnailUrl":"https:\/\/www.copealcoy.es\/wp-content\/uploads\/2020\/01\/81262239_1893466717463471_5953625962829578240_n-1.jpg","keywords":["125 a\u00f1os de historia","Cabalgata","Muro","Reyes Magos"],"articleSection":["Actualidad","Comarcas","Noticias"],"inLanguage":"es"},{"@type":"WebPage","@id":"https:\/\/www.copealcoy.es\/es\/la-cabalgata-de-muro-cumple-125-ediciones\/","url":"https:\/\/www.copealcoy.es\/es\/la-cabalgata-de-muro-cumple-125-ediciones\/","name":"La Cabalgata de Muro cumple 125 ediciones - COPE Alcoy","isPartOf":{"@id":"https:\/\/www.copealcoy.es\/es\/#website"},"primaryImageOfPage":{"@id":"https:\/\/www.copealcoy.es\/es\/la-cabalgata-de-muro-cumple-125-ediciones\/#primaryimage"},"image":{"@id":"https:\/\/www.copealcoy.es\/es\/la-cabalgata-de-muro-cumple-125-ediciones\/#primaryimage"},"thumbnailUrl":"https:\/\/www.copealcoy.es\/wp-content\/uploads\/2020\/01\/81262239_1893466717463471_5953625962829578240_n-1.jpg","datePublished":"2025-09-26T07:00:44+00:00","author":{"@id":"https:\/\/www.copealcoy.es\/es\/#\/schema\/person\/e777c87fa024e57d40170af9df39882c"},"description":"La Cabalgata de Muro cumple 125 a\u00f1os de historia","breadcrumb":{"@id":"https:\/\/www.copealcoy.es\/es\/la-cabalgata-de-muro-cumple-125-ediciones\/#breadcrumb"},"inLanguage":"es","potentialAction":[{"@type":"ReadAction","target":["https:\/\/www.copealcoy.es\/es\/la-cabalgata-de-muro-cumple-125-ediciones\/"]}]},{"@type":"ImageObject","inLanguage":"es","@id":"https:\/\/www.copealcoy.es\/es\/la-cabalgata-de-muro-cumple-125-ediciones\/#primaryimage","url":"https:\/\/www.copealcoy.es\/wp-content\/uploads\/2020\/01\/81262239_1893466717463471_5953625962829578240_n-1.jpg","contentUrl":"https:\/\/www.copealcoy.es\/wp-content\/uploads\/2020\/01\/81262239_1893466717463471_5953625962829578240_n-1.jpg","width":960,"height":454,"caption":"Los Reyes Magos desfilaron sobre carrozas en este municipio del Comtat \/ Foto: M. Cerd\u00e0"},{"@type":"BreadcrumbList","@id":"https:\/\/www.copealcoy.es\/es\/la-cabalgata-de-muro-cumple-125-ediciones\/#breadcrumb","itemListElement":[{"@type":"ListItem","position":1,"name":"Portada","item":"https:\/\/www.copealcoy.es\/es\/"},{"@type":"ListItem","position":2,"name":"La Cabalgata de Muro cumple 125 ediciones"}]},{"@type":"WebSite","@id":"https:\/\/www.copealcoy.es\/es\/#website","url":"https:\/\/www.copealcoy.es\/es\/","name":"COPE Alcoy","description":"Emisora COPE de radio local con emisi\u00f3n online. Pont de Sant Jordi 8-10 03803 Alcoy","potentialAction":[{"@type":"SearchAction","target":{"@type":"EntryPoint","urlTemplate":"https:\/\/www.copealcoy.es\/es\/?s={search_term_string}"},"query-input":{"@type":"PropertyValueSpecification","valueRequired":true,"valueName":"search_term_string"}}],"inLanguage":"es"},{"@type":"Person","@id":"https:\/\/www.copealcoy.es\/es\/#\/schema\/person\/e777c87fa024e57d40170af9df39882c","name":"Cope Alcoy","image":{"@type":"ImageObject","inLanguage":"es","@id":"https:\/\/secure.gravatar.com\/avatar\/bb65d0283347e303893ba14f0692005417c1e0e690a325a4c5d8bb2b3943ee14?s=96&d=mm&r=g","url":"https:\/\/secure.gravatar.com\/avatar\/bb65d0283347e303893ba14f0692005417c1e0e690a325a4c5d8bb2b3943ee14?s=96&d=mm&r=g","contentUrl":"https:\/\/secure.gravatar.com\/avatar\/bb65d0283347e303893ba14f0692005417c1e0e690a325a4c5d8bb2b3943ee14?s=96&d=mm&r=g","caption":"Cope Alcoy"}}]}},"_links":{"self":[{"href":"https:\/\/www.copealcoy.es\/es\/wp-json\/wp\/v2\/posts\/157608","targetHints":{"allow":["GET"]}}],"collection":[{"href":"https:\/\/www.copealcoy.es\/es\/wp-json\/wp\/v2\/posts"}],"about":[{"href":"https:\/\/www.copealcoy.es\/es\/wp-json\/wp\/v2\/types\/post"}],"author":[{"embeddable":true,"href":"https:\/\/www.copealcoy.es\/es\/wp-json\/wp\/v2\/users\/1"}],"replies":[{"embeddable":true,"href":"https:\/\/www.copealcoy.es\/es\/wp-json\/wp\/v2\/comments?post=157608"}],"version-history":[{"count":3,"href":"https:\/\/www.copealcoy.es\/es\/wp-json\/wp\/v2\/posts\/157608\/revisions"}],"predecessor-version":[{"id":157627,"href":"https:\/\/www.copealcoy.es\/es\/wp-json\/wp\/v2\/posts\/157608\/revisions\/157627"}],"wp:featuredmedia":[{"embeddable":true,"href":"https:\/\/www.copealcoy.es\/es\/wp-json\/wp\/v2\/media\/58576"}],"wp:attachment":[{"href":"https:\/\/www.copealcoy.es\/es\/wp-json\/wp\/v2\/media?parent=157608"}],"wp:term":[{"taxonomy":"category","embeddable":true,"href":"https:\/\/www.copealcoy.es\/es\/wp-json\/wp\/v2\/categories?post=157608"},{"taxonomy":"post_tag","embeddable":true,"href":"https:\/\/www.copealcoy.es\/es\/wp-json\/wp\/v2\/tags?post=157608"}],"curies":[{"name":"wp","href":"https:\/\/api.w.org\/{rel}","templated":true}]}}