{"id":157556,"date":"2025-09-25T08:15:47","date_gmt":"2025-09-25T07:15:47","guid":{"rendered":"https:\/\/www.copealcoy.es\/?p=157556"},"modified":"2025-09-25T12:15:10","modified_gmt":"2025-09-25T11:15:10","slug":"muro-conecta-el-talento-local-con-el-tejido-empresarial-por-medio-de-una-interesante-iniciativa","status":"publish","type":"post","link":"https:\/\/www.copealcoy.es\/es\/muro-conecta-el-talento-local-con-el-tejido-empresarial-por-medio-de-una-interesante-iniciativa\/","title":{"rendered":"Muro conecta el talento local con el tejido empresarial por medio de una interesante iniciativa"},"content":{"rendered":"<p style=\"text-align: justify;\" data-start=\"0\" data-end=\"618\"><a href=\"https:\/\/www.vilademuro.net\/\" target=\"_blank\" rel=\"noopener\"><span style=\"color: #0000ff;\"><strong data-start=\"19\" data-end=\"27\">Muro<\/strong><\/span><\/a> acoger\u00e1 el pr\u00f3ximo <strong data-start=\"47\" data-end=\"75\">viernes 26 de septiembre<\/strong>, de <strong data-start=\"80\" data-end=\"96\">9 a 14 horas<\/strong> en el <strong data-start=\"103\" data-end=\"124\">Archivo Municipal<\/strong>, la <strong data-start=\"129\" data-end=\"194\">primera edici\u00f3n de la Feria de Emprendimiento y Empleabilidad<\/strong>. Se trata de una <strong data-start=\"212\" data-end=\"234\">iniciativa pionera<\/strong> en el municipio, organizada por la <strong data-start=\"270\" data-end=\"305\">agencia de comunicaci\u00f3n BeeWall<\/strong> junto al <strong data-start=\"315\" data-end=\"330\">consistorio<\/strong> y la <strong data-start=\"336\" data-end=\"373\">concejal\u00eda de Promoci\u00f3n Econ\u00f3mica<\/strong>, con el apoyo de la <strong data-start=\"394\" data-end=\"420\">Diputaci\u00f3n de Alicante<\/strong>. El objetivo es dar visibilidad al <strong data-start=\"456\" data-end=\"473\">talento local<\/strong>, crear <strong data-start=\"481\" data-end=\"506\">redes de colaboraci\u00f3n<\/strong> y posicionar a Muro como un <strong data-start=\"535\" data-end=\"557\">referente comarcal<\/strong> en <strong data-start=\"561\" data-end=\"588\">oportunidades laborales<\/strong> y <strong data-start=\"591\" data-end=\"615\">creaci\u00f3n de empresas<\/strong>.<\/p>\n<p style=\"text-align: justify;\" data-start=\"620\" data-end=\"1121\">La jornada contar\u00e1 con <strong data-start=\"643\" data-end=\"654\">charlas<\/strong>, <strong data-start=\"656\" data-end=\"668\">talleres<\/strong> y <strong data-start=\"671\" data-end=\"689\">mesas redondas<\/strong> en las que participar\u00e1n <strong data-start=\"714\" data-end=\"754\">entidades de apoyo al emprendimiento<\/strong>, <strong data-start=\"756\" data-end=\"779\">empresas emergentes<\/strong> y <strong data-start=\"782\" data-end=\"807\">negocios consolidados<\/strong>, adem\u00e1s de <strong data-start=\"819\" data-end=\"856\">stands informativos y expositivos<\/strong>. Entre las actividades destacan el <strong data-start=\"892\" data-end=\"937\">taller pr\u00e1ctico para crear marca personal<\/strong>, una <strong data-start=\"943\" data-end=\"959\">mesa redonda<\/strong> con empresas locales, y un bloque dedicado a <strong data-start=\"1090\" data-end=\"1118\">emprendedores emergentes<\/strong>. El programa tambi\u00e9n incluye espacios para el <strong data-start=\"1172\" data-end=\"1204\">networking intergeneracional<\/strong>, con el fin de conectar a <strong data-start=\"1231\" data-end=\"1242\">j\u00f3venes<\/strong> que buscan su <strong data-start=\"1257\" data-end=\"1274\">primer empleo<\/strong>, <strong data-start=\"1276\" data-end=\"1293\">profesionales<\/strong> en <strong data-start=\"1297\" data-end=\"1312\">reinvenci\u00f3n<\/strong> y <strong data-start=\"1315\" data-end=\"1327\">empresas<\/strong> con <strong data-start=\"1332\" data-end=\"1347\">trayectoria<\/strong>. Seg\u00fan los organizadores, la feria pretende demostrar que las <strong data-start=\"1410\" data-end=\"1427\">oportunidades<\/strong> no solo se encuentran en las <strong data-start=\"1457\" data-end=\"1477\">grandes ciudades<\/strong>, sino que municipios como <strong data-start=\"1504\" data-end=\"1512\">Muro<\/strong> pueden ofrecer <strong data-start=\"1528\" data-end=\"1553\">crecimiento econ\u00f3mico<\/strong> y <strong data-start=\"1556\" data-end=\"1578\">laboral de calidad<\/strong>.<\/p>\n<p style=\"text-align: justify;\" data-start=\"1583\" data-end=\"1807\">La <strong data-start=\"1586\" data-end=\"1597\">entrada<\/strong> es <strong data-start=\"1601\" data-end=\"1621\">libre y gratuita<\/strong> para toda la ciudadan\u00eda, y las <strong data-start=\"1653\" data-end=\"1670\">inscripciones<\/strong> ya est\u00e1n abiertas a trav\u00e9s de la web <strong data-start=\"1708\" data-end=\"1735\"><span style=\"color: #0000ff;\"><a style=\"color: #0000ff;\" href=\"https:\/\/ocupabilitat.beewall.es\/\" target=\"_blank\" rel=\"noopener\">ocupabilitat.beewall.es<\/a><\/span>. <\/strong>\u00a0All\u00ed puede consultarse tambi\u00e9n el <strong data-start=\"1772\" data-end=\"1793\">programa completo<\/strong> del evento.<\/p>\n","protected":false},"excerpt":{"rendered":"<p>Muro acoger\u00e1 el pr\u00f3ximo viernes 26 de septiembre, de 9 a 14 horas en el Archivo Municipal, la primera edici\u00f3n&#8230;<\/p>\n","protected":false},"author":1,"featured_media":157557,"comment_status":"closed","ping_status":"closed","sticky":false,"template":"","format":"standard","meta":{"footnotes":""},"categories":[6909,98,75],"tags":[20033,1502,1120,135],"class_list":["post-157556","post","type-post","status-publish","format-standard","has-post-thumbnail","hentry","category-actualidad","category-comarcas","category-noticias","tag-empleabilidad","tag-emprendimiento","tag-feria","tag-muro"],"yoast_head":"<!-- This site is optimized with the Yoast SEO plugin v27.3 - https:\/\/yoast.com\/product\/yoast-seo-wordpress\/ -->\n<title>Muro conecta el talento local con el tejido empresarial por medio de una interesante iniciativa - COPE Alcoy<\/title>\n<meta name=\"description\" content=\"Muro conecta el talento local con el tejido empresarial por medio de una interesante iniciativa\" \/>\n<meta name=\"robots\" content=\"index, follow, max-snippet:-1, max-image-preview:large, max-video-preview:-1\" \/>\n<link rel=\"canonical\" href=\"https:\/\/www.copealcoy.es\/es\/muro-conecta-el-talento-local-con-el-tejido-empresarial-por-medio-de-una-interesante-iniciativa\/\" \/>\n<meta property=\"og:locale\" content=\"es_ES\" \/>\n<meta property=\"og:type\" content=\"article\" \/>\n<meta property=\"og:title\" content=\"Muro conecta el talento local con el tejido empresarial por medio de una interesante iniciativa - COPE Alcoy\" \/>\n<meta property=\"og:description\" content=\"Muro conecta el talento local con el tejido empresarial por medio de una interesante iniciativa\" \/>\n<meta property=\"og:url\" content=\"https:\/\/www.copealcoy.es\/es\/muro-conecta-el-talento-local-con-el-tejido-empresarial-por-medio-de-una-interesante-iniciativa\/\" \/>\n<meta property=\"og:site_name\" content=\"COPE Alcoy\" \/>\n<meta property=\"article:published_time\" content=\"2025-09-25T07:15:47+00:00\" \/>\n<meta property=\"article:modified_time\" content=\"2025-09-25T11:15:10+00:00\" \/>\n<meta property=\"og:image\" content=\"https:\/\/www.copealcoy.es\/wp-content\/uploads\/2025\/09\/16-El-bon-oratge-i-les-elevades-maximes-han-marcat-lestiu-denguany-Foto-GB-scaled-e1758708072349.jpg\" \/>\n\t<meta property=\"og:image:width\" content=\"1732\" \/>\n\t<meta property=\"og:image:height\" content=\"1070\" \/>\n\t<meta property=\"og:image:type\" content=\"image\/jpeg\" \/>\n<meta name=\"author\" content=\"Cope Alcoy\" \/>\n<meta name=\"twitter:label1\" content=\"Escrito por\" \/>\n\t<meta name=\"twitter:data1\" content=\"Cope Alcoy\" \/>\n\t<meta name=\"twitter:label2\" content=\"Tiempo de lectura\" \/>\n\t<meta name=\"twitter:data2\" content=\"2 minutos\" \/>\n<script type=\"application\/ld+json\" class=\"yoast-schema-graph\">{\"@context\":\"https:\\\/\\\/schema.org\",\"@graph\":[{\"@type\":\"Article\",\"@id\":\"https:\\\/\\\/www.copealcoy.es\\\/es\\\/muro-conecta-el-talento-local-con-el-tejido-empresarial-por-medio-de-una-interesante-iniciativa\\\/#article\",\"isPartOf\":{\"@id\":\"https:\\\/\\\/www.copealcoy.es\\\/es\\\/muro-conecta-el-talento-local-con-el-tejido-empresarial-por-medio-de-una-interesante-iniciativa\\\/\"},\"author\":{\"name\":\"Cope Alcoy\",\"@id\":\"https:\\\/\\\/www.copealcoy.es\\\/es\\\/#\\\/schema\\\/person\\\/e777c87fa024e57d40170af9df39882c\"},\"headline\":\"Muro conecta el talento local con el tejido empresarial por medio de una interesante iniciativa\",\"datePublished\":\"2025-09-25T07:15:47+00:00\",\"dateModified\":\"2025-09-25T11:15:10+00:00\",\"mainEntityOfPage\":{\"@id\":\"https:\\\/\\\/www.copealcoy.es\\\/es\\\/muro-conecta-el-talento-local-con-el-tejido-empresarial-por-medio-de-una-interesante-iniciativa\\\/\"},\"wordCount\":265,\"image\":{\"@id\":\"https:\\\/\\\/www.copealcoy.es\\\/es\\\/muro-conecta-el-talento-local-con-el-tejido-empresarial-por-medio-de-una-interesante-iniciativa\\\/#primaryimage\"},\"thumbnailUrl\":\"https:\\\/\\\/www.copealcoy.es\\\/wp-content\\\/uploads\\\/2025\\\/09\\\/16-El-bon-oratge-i-les-elevades-maximes-han-marcat-lestiu-denguany-Foto-GB-scaled-e1758708072349.jpg\",\"keywords\":[\"Empleabilidad\",\"Emprendimiento\",\"Feria\",\"Muro\"],\"articleSection\":[\"Actualidad\",\"Comarcas\",\"Noticias\"],\"inLanguage\":\"es\"},{\"@type\":\"WebPage\",\"@id\":\"https:\\\/\\\/www.copealcoy.es\\\/es\\\/muro-conecta-el-talento-local-con-el-tejido-empresarial-por-medio-de-una-interesante-iniciativa\\\/\",\"url\":\"https:\\\/\\\/www.copealcoy.es\\\/es\\\/muro-conecta-el-talento-local-con-el-tejido-empresarial-por-medio-de-una-interesante-iniciativa\\\/\",\"name\":\"Muro conecta el talento local con el tejido empresarial por medio de una interesante iniciativa - COPE Alcoy\",\"isPartOf\":{\"@id\":\"https:\\\/\\\/www.copealcoy.es\\\/es\\\/#website\"},\"primaryImageOfPage\":{\"@id\":\"https:\\\/\\\/www.copealcoy.es\\\/es\\\/muro-conecta-el-talento-local-con-el-tejido-empresarial-por-medio-de-una-interesante-iniciativa\\\/#primaryimage\"},\"image\":{\"@id\":\"https:\\\/\\\/www.copealcoy.es\\\/es\\\/muro-conecta-el-talento-local-con-el-tejido-empresarial-por-medio-de-una-interesante-iniciativa\\\/#primaryimage\"},\"thumbnailUrl\":\"https:\\\/\\\/www.copealcoy.es\\\/wp-content\\\/uploads\\\/2025\\\/09\\\/16-El-bon-oratge-i-les-elevades-maximes-han-marcat-lestiu-denguany-Foto-GB-scaled-e1758708072349.jpg\",\"datePublished\":\"2025-09-25T07:15:47+00:00\",\"dateModified\":\"2025-09-25T11:15:10+00:00\",\"author\":{\"@id\":\"https:\\\/\\\/www.copealcoy.es\\\/es\\\/#\\\/schema\\\/person\\\/e777c87fa024e57d40170af9df39882c\"},\"description\":\"Muro conecta el talento local con el tejido empresarial por medio de una interesante iniciativa\",\"breadcrumb\":{\"@id\":\"https:\\\/\\\/www.copealcoy.es\\\/es\\\/muro-conecta-el-talento-local-con-el-tejido-empresarial-por-medio-de-una-interesante-iniciativa\\\/#breadcrumb\"},\"inLanguage\":\"es\",\"potentialAction\":[{\"@type\":\"ReadAction\",\"target\":[\"https:\\\/\\\/www.copealcoy.es\\\/es\\\/muro-conecta-el-talento-local-con-el-tejido-empresarial-por-medio-de-una-interesante-iniciativa\\\/\"]}]},{\"@type\":\"ImageObject\",\"inLanguage\":\"es\",\"@id\":\"https:\\\/\\\/www.copealcoy.es\\\/es\\\/muro-conecta-el-talento-local-con-el-tejido-empresarial-por-medio-de-una-interesante-iniciativa\\\/#primaryimage\",\"url\":\"https:\\\/\\\/www.copealcoy.es\\\/wp-content\\\/uploads\\\/2025\\\/09\\\/16-El-bon-oratge-i-les-elevades-maximes-han-marcat-lestiu-denguany-Foto-GB-scaled-e1758708072349.jpg\",\"contentUrl\":\"https:\\\/\\\/www.copealcoy.es\\\/wp-content\\\/uploads\\\/2025\\\/09\\\/16-El-bon-oratge-i-les-elevades-maximes-han-marcat-lestiu-denguany-Foto-GB-scaled-e1758708072349.jpg\",\"width\":1732,\"height\":1070},{\"@type\":\"BreadcrumbList\",\"@id\":\"https:\\\/\\\/www.copealcoy.es\\\/es\\\/muro-conecta-el-talento-local-con-el-tejido-empresarial-por-medio-de-una-interesante-iniciativa\\\/#breadcrumb\",\"itemListElement\":[{\"@type\":\"ListItem\",\"position\":1,\"name\":\"Portada\",\"item\":\"https:\\\/\\\/www.copealcoy.es\\\/es\\\/\"},{\"@type\":\"ListItem\",\"position\":2,\"name\":\"Muro conecta el talento local con el tejido empresarial por medio de una interesante iniciativa\"}]},{\"@type\":\"WebSite\",\"@id\":\"https:\\\/\\\/www.copealcoy.es\\\/es\\\/#website\",\"url\":\"https:\\\/\\\/www.copealcoy.es\\\/es\\\/\",\"name\":\"COPE Alcoy\",\"description\":\"Emisora COPE de radio local con emisi\u00f3n online. Pont de Sant Jordi 8-10 03803 Alcoy\",\"potentialAction\":[{\"@type\":\"SearchAction\",\"target\":{\"@type\":\"EntryPoint\",\"urlTemplate\":\"https:\\\/\\\/www.copealcoy.es\\\/es\\\/?s={search_term_string}\"},\"query-input\":{\"@type\":\"PropertyValueSpecification\",\"valueRequired\":true,\"valueName\":\"search_term_string\"}}],\"inLanguage\":\"es\"},{\"@type\":\"Person\",\"@id\":\"https:\\\/\\\/www.copealcoy.es\\\/es\\\/#\\\/schema\\\/person\\\/e777c87fa024e57d40170af9df39882c\",\"name\":\"Cope Alcoy\",\"image\":{\"@type\":\"ImageObject\",\"inLanguage\":\"es\",\"@id\":\"https:\\\/\\\/secure.gravatar.com\\\/avatar\\\/bb65d0283347e303893ba14f0692005417c1e0e690a325a4c5d8bb2b3943ee14?s=96&d=mm&r=g\",\"url\":\"https:\\\/\\\/secure.gravatar.com\\\/avatar\\\/bb65d0283347e303893ba14f0692005417c1e0e690a325a4c5d8bb2b3943ee14?s=96&d=mm&r=g\",\"contentUrl\":\"https:\\\/\\\/secure.gravatar.com\\\/avatar\\\/bb65d0283347e303893ba14f0692005417c1e0e690a325a4c5d8bb2b3943ee14?s=96&d=mm&r=g\",\"caption\":\"Cope Alcoy\"}}]}<\/script>\n<!-- \/ Yoast SEO plugin. -->","yoast_head_json":{"title":"Muro conecta el talento local con el tejido empresarial por medio de una interesante iniciativa - COPE Alcoy","description":"Muro conecta el talento local con el tejido empresarial por medio de una interesante iniciativa","robots":{"index":"index","follow":"follow","max-snippet":"max-snippet:-1","max-image-preview":"max-image-preview:large","max-video-preview":"max-video-preview:-1"},"canonical":"https:\/\/www.copealcoy.es\/es\/muro-conecta-el-talento-local-con-el-tejido-empresarial-por-medio-de-una-interesante-iniciativa\/","og_locale":"es_ES","og_type":"article","og_title":"Muro conecta el talento local con el tejido empresarial por medio de una interesante iniciativa - COPE Alcoy","og_description":"Muro conecta el talento local con el tejido empresarial por medio de una interesante iniciativa","og_url":"https:\/\/www.copealcoy.es\/es\/muro-conecta-el-talento-local-con-el-tejido-empresarial-por-medio-de-una-interesante-iniciativa\/","og_site_name":"COPE Alcoy","article_published_time":"2025-09-25T07:15:47+00:00","article_modified_time":"2025-09-25T11:15:10+00:00","og_image":[{"width":1732,"height":1070,"url":"https:\/\/www.copealcoy.es\/wp-content\/uploads\/2025\/09\/16-El-bon-oratge-i-les-elevades-maximes-han-marcat-lestiu-denguany-Foto-GB-scaled-e1758708072349.jpg","type":"image\/jpeg"}],"author":"Cope Alcoy","twitter_misc":{"Escrito por":"Cope Alcoy","Tiempo de lectura":"2 minutos"},"schema":{"@context":"https:\/\/schema.org","@graph":[{"@type":"Article","@id":"https:\/\/www.copealcoy.es\/es\/muro-conecta-el-talento-local-con-el-tejido-empresarial-por-medio-de-una-interesante-iniciativa\/#article","isPartOf":{"@id":"https:\/\/www.copealcoy.es\/es\/muro-conecta-el-talento-local-con-el-tejido-empresarial-por-medio-de-una-interesante-iniciativa\/"},"author":{"name":"Cope Alcoy","@id":"https:\/\/www.copealcoy.es\/es\/#\/schema\/person\/e777c87fa024e57d40170af9df39882c"},"headline":"Muro conecta el talento local con el tejido empresarial por medio de una interesante iniciativa","datePublished":"2025-09-25T07:15:47+00:00","dateModified":"2025-09-25T11:15:10+00:00","mainEntityOfPage":{"@id":"https:\/\/www.copealcoy.es\/es\/muro-conecta-el-talento-local-con-el-tejido-empresarial-por-medio-de-una-interesante-iniciativa\/"},"wordCount":265,"image":{"@id":"https:\/\/www.copealcoy.es\/es\/muro-conecta-el-talento-local-con-el-tejido-empresarial-por-medio-de-una-interesante-iniciativa\/#primaryimage"},"thumbnailUrl":"https:\/\/www.copealcoy.es\/wp-content\/uploads\/2025\/09\/16-El-bon-oratge-i-les-elevades-maximes-han-marcat-lestiu-denguany-Foto-GB-scaled-e1758708072349.jpg","keywords":["Empleabilidad","Emprendimiento","Feria","Muro"],"articleSection":["Actualidad","Comarcas","Noticias"],"inLanguage":"es"},{"@type":"WebPage","@id":"https:\/\/www.copealcoy.es\/es\/muro-conecta-el-talento-local-con-el-tejido-empresarial-por-medio-de-una-interesante-iniciativa\/","url":"https:\/\/www.copealcoy.es\/es\/muro-conecta-el-talento-local-con-el-tejido-empresarial-por-medio-de-una-interesante-iniciativa\/","name":"Muro conecta el talento local con el tejido empresarial por medio de una interesante iniciativa - COPE Alcoy","isPartOf":{"@id":"https:\/\/www.copealcoy.es\/es\/#website"},"primaryImageOfPage":{"@id":"https:\/\/www.copealcoy.es\/es\/muro-conecta-el-talento-local-con-el-tejido-empresarial-por-medio-de-una-interesante-iniciativa\/#primaryimage"},"image":{"@id":"https:\/\/www.copealcoy.es\/es\/muro-conecta-el-talento-local-con-el-tejido-empresarial-por-medio-de-una-interesante-iniciativa\/#primaryimage"},"thumbnailUrl":"https:\/\/www.copealcoy.es\/wp-content\/uploads\/2025\/09\/16-El-bon-oratge-i-les-elevades-maximes-han-marcat-lestiu-denguany-Foto-GB-scaled-e1758708072349.jpg","datePublished":"2025-09-25T07:15:47+00:00","dateModified":"2025-09-25T11:15:10+00:00","author":{"@id":"https:\/\/www.copealcoy.es\/es\/#\/schema\/person\/e777c87fa024e57d40170af9df39882c"},"description":"Muro conecta el talento local con el tejido empresarial por medio de una interesante iniciativa","breadcrumb":{"@id":"https:\/\/www.copealcoy.es\/es\/muro-conecta-el-talento-local-con-el-tejido-empresarial-por-medio-de-una-interesante-iniciativa\/#breadcrumb"},"inLanguage":"es","potentialAction":[{"@type":"ReadAction","target":["https:\/\/www.copealcoy.es\/es\/muro-conecta-el-talento-local-con-el-tejido-empresarial-por-medio-de-una-interesante-iniciativa\/"]}]},{"@type":"ImageObject","inLanguage":"es","@id":"https:\/\/www.copealcoy.es\/es\/muro-conecta-el-talento-local-con-el-tejido-empresarial-por-medio-de-una-interesante-iniciativa\/#primaryimage","url":"https:\/\/www.copealcoy.es\/wp-content\/uploads\/2025\/09\/16-El-bon-oratge-i-les-elevades-maximes-han-marcat-lestiu-denguany-Foto-GB-scaled-e1758708072349.jpg","contentUrl":"https:\/\/www.copealcoy.es\/wp-content\/uploads\/2025\/09\/16-El-bon-oratge-i-les-elevades-maximes-han-marcat-lestiu-denguany-Foto-GB-scaled-e1758708072349.jpg","width":1732,"height":1070},{"@type":"BreadcrumbList","@id":"https:\/\/www.copealcoy.es\/es\/muro-conecta-el-talento-local-con-el-tejido-empresarial-por-medio-de-una-interesante-iniciativa\/#breadcrumb","itemListElement":[{"@type":"ListItem","position":1,"name":"Portada","item":"https:\/\/www.copealcoy.es\/es\/"},{"@type":"ListItem","position":2,"name":"Muro conecta el talento local con el tejido empresarial por medio de una interesante iniciativa"}]},{"@type":"WebSite","@id":"https:\/\/www.copealcoy.es\/es\/#website","url":"https:\/\/www.copealcoy.es\/es\/","name":"COPE Alcoy","description":"Emisora COPE de radio local con emisi\u00f3n online. Pont de Sant Jordi 8-10 03803 Alcoy","potentialAction":[{"@type":"SearchAction","target":{"@type":"EntryPoint","urlTemplate":"https:\/\/www.copealcoy.es\/es\/?s={search_term_string}"},"query-input":{"@type":"PropertyValueSpecification","valueRequired":true,"valueName":"search_term_string"}}],"inLanguage":"es"},{"@type":"Person","@id":"https:\/\/www.copealcoy.es\/es\/#\/schema\/person\/e777c87fa024e57d40170af9df39882c","name":"Cope Alcoy","image":{"@type":"ImageObject","inLanguage":"es","@id":"https:\/\/secure.gravatar.com\/avatar\/bb65d0283347e303893ba14f0692005417c1e0e690a325a4c5d8bb2b3943ee14?s=96&d=mm&r=g","url":"https:\/\/secure.gravatar.com\/avatar\/bb65d0283347e303893ba14f0692005417c1e0e690a325a4c5d8bb2b3943ee14?s=96&d=mm&r=g","contentUrl":"https:\/\/secure.gravatar.com\/avatar\/bb65d0283347e303893ba14f0692005417c1e0e690a325a4c5d8bb2b3943ee14?s=96&d=mm&r=g","caption":"Cope Alcoy"}}]}},"_links":{"self":[{"href":"https:\/\/www.copealcoy.es\/es\/wp-json\/wp\/v2\/posts\/157556","targetHints":{"allow":["GET"]}}],"collection":[{"href":"https:\/\/www.copealcoy.es\/es\/wp-json\/wp\/v2\/posts"}],"about":[{"href":"https:\/\/www.copealcoy.es\/es\/wp-json\/wp\/v2\/types\/post"}],"author":[{"embeddable":true,"href":"https:\/\/www.copealcoy.es\/es\/wp-json\/wp\/v2\/users\/1"}],"replies":[{"embeddable":true,"href":"https:\/\/www.copealcoy.es\/es\/wp-json\/wp\/v2\/comments?post=157556"}],"version-history":[{"count":1,"href":"https:\/\/www.copealcoy.es\/es\/wp-json\/wp\/v2\/posts\/157556\/revisions"}],"predecessor-version":[{"id":157559,"href":"https:\/\/www.copealcoy.es\/es\/wp-json\/wp\/v2\/posts\/157556\/revisions\/157559"}],"wp:featuredmedia":[{"embeddable":true,"href":"https:\/\/www.copealcoy.es\/es\/wp-json\/wp\/v2\/media\/157557"}],"wp:attachment":[{"href":"https:\/\/www.copealcoy.es\/es\/wp-json\/wp\/v2\/media?parent=157556"}],"wp:term":[{"taxonomy":"category","embeddable":true,"href":"https:\/\/www.copealcoy.es\/es\/wp-json\/wp\/v2\/categories?post=157556"},{"taxonomy":"post_tag","embeddable":true,"href":"https:\/\/www.copealcoy.es\/es\/wp-json\/wp\/v2\/tags?post=157556"}],"curies":[{"name":"wp","href":"https:\/\/api.w.org\/{rel}","templated":true}]}}