{"id":157550,"date":"2025-09-23T15:32:41","date_gmt":"2025-09-23T14:32:41","guid":{"rendered":"https:\/\/www.copealcoy.es\/?p=157550"},"modified":"2025-09-23T15:32:41","modified_gmt":"2025-09-23T14:32:41","slug":"tiempo-de-analisis-martes-23-de-septiembre-2025","status":"publish","type":"post","link":"https:\/\/www.copealcoy.es\/es\/tiempo-de-analisis-martes-23-de-septiembre-2025\/","title":{"rendered":"\u2018Tiempo de An\u00e1lisis\u2019 martes 23 de septiembre 2025"},"content":{"rendered":"<p><iframe loading=\"lazy\" title=\"\u2018Tiempo De An\u00e1lisis\u2019 Martes 23 De Septiembre 2025\" width=\"100%\" height=\"120\" src=\"https:\/\/www.mixcloud.com\/widget\/iframe\/?feed=https%3A%2F%2Fwww.mixcloud.com%2FCOPEAlcoy%2Ftiempo-de-an%25C3%25A1lisis-martes-23-de-septiembre-2025%2F&amp;hide_cover=1\" frameborder=\"0\" allow=\"encrypted-media; fullscreen; autoplay; idle-detection; speaker-selection; web-share;\"><\/iframe><\/p>\n<p style=\"text-align: justify;\">Hoy martes hemos abierto una nueva entrega de nuestro <strong>#TiempoDeAn\u00e1lisis<\/strong> y <strong>hemos hablado de cuestiones referidas al \u00e1mbito educativo<\/strong>. Han estado con nosotros <strong>Alberto Belda<\/strong> (edil de Educaci\u00f3n en el Ayuntamiento de Alcoy en representaci\u00f3n del Partido Socialista), <strong>Amalia Pay\u00e0<\/strong> (edil del Partido Popular), <strong>\u00c0lex Cerradelo<\/strong> (vicealcalde de Alcoy en representaci\u00f3n de Comprom\u00eds), <strong>David Abad<\/strong> (portavoz de VOX) y\u00a0<strong>Sergi Rodr\u00edguez\u00a0<\/strong>(portavoz de Guanyar Alcoi).<\/p>\n","protected":false},"excerpt":{"rendered":"<p>Hoy martes hemos abierto una nueva entrega de nuestro #TiempoDeAn\u00e1lisis y hemos hablado de cuestiones referidas al \u00e1mbito educativo. Han&#8230;<\/p>\n","protected":false},"author":1,"featured_media":157551,"comment_status":"closed","ping_status":"closed","sticky":false,"template":"","format":"standard","meta":{"footnotes":""},"categories":[6910],"tags":[],"class_list":["post-157550","post","type-post","status-publish","format-standard","has-post-thumbnail","hentry","category-podcast"],"yoast_head":"<!-- This site is optimized with the Yoast SEO plugin v27.3 - https:\/\/yoast.com\/product\/yoast-seo-wordpress\/ -->\n<title>\u2018Tiempo de An\u00e1lisis\u2019 martes 23 de septiembre 2025 - COPE Alcoy<\/title>\n<meta name=\"robots\" content=\"index, follow, max-snippet:-1, max-image-preview:large, max-video-preview:-1\" \/>\n<link rel=\"canonical\" href=\"https:\/\/www.copealcoy.es\/es\/tiempo-de-analisis-martes-23-de-septiembre-2025\/\" \/>\n<meta property=\"og:locale\" content=\"es_ES\" \/>\n<meta property=\"og:type\" content=\"article\" \/>\n<meta property=\"og:title\" content=\"\u2018Tiempo de An\u00e1lisis\u2019 martes 23 de septiembre 2025 - COPE Alcoy\" \/>\n<meta property=\"og:description\" content=\"Hoy martes hemos abierto una nueva entrega de nuestro #TiempoDeAn\u00e1lisis y hemos hablado de cuestiones referidas al \u00e1mbito educativo. Han...\" \/>\n<meta property=\"og:url\" content=\"https:\/\/www.copealcoy.es\/es\/tiempo-de-analisis-martes-23-de-septiembre-2025\/\" \/>\n<meta property=\"og:site_name\" content=\"COPE Alcoy\" \/>\n<meta property=\"article:published_time\" content=\"2025-09-23T14:32:41+00:00\" \/>\n<meta property=\"og:image\" content=\"https:\/\/www.copealcoy.es\/wp-content\/uploads\/2025\/09\/unnamed-3.jpg\" \/>\n\t<meta property=\"og:image:width\" content=\"1739\" \/>\n\t<meta property=\"og:image:height\" content=\"1029\" \/>\n\t<meta property=\"og:image:type\" content=\"image\/jpeg\" \/>\n<meta name=\"author\" content=\"Cope Alcoy\" \/>\n<meta name=\"twitter:label1\" content=\"Escrito por\" \/>\n\t<meta name=\"twitter:data1\" content=\"Cope Alcoy\" \/>\n\t<meta name=\"twitter:label2\" content=\"Tiempo de lectura\" \/>\n\t<meta name=\"twitter:data2\" content=\"1 minuto\" \/>\n<script type=\"application\/ld+json\" class=\"yoast-schema-graph\">{\"@context\":\"https:\\\/\\\/schema.org\",\"@graph\":[{\"@type\":\"Article\",\"@id\":\"https:\\\/\\\/www.copealcoy.es\\\/es\\\/tiempo-de-analisis-martes-23-de-septiembre-2025\\\/#article\",\"isPartOf\":{\"@id\":\"https:\\\/\\\/www.copealcoy.es\\\/es\\\/tiempo-de-analisis-martes-23-de-septiembre-2025\\\/\"},\"author\":{\"name\":\"Cope Alcoy\",\"@id\":\"https:\\\/\\\/www.copealcoy.es\\\/es\\\/#\\\/schema\\\/person\\\/e777c87fa024e57d40170af9df39882c\"},\"headline\":\"\u2018Tiempo de An\u00e1lisis\u2019 martes 23 de septiembre 2025\",\"datePublished\":\"2025-09-23T14:32:41+00:00\",\"mainEntityOfPage\":{\"@id\":\"https:\\\/\\\/www.copealcoy.es\\\/es\\\/tiempo-de-analisis-martes-23-de-septiembre-2025\\\/\"},\"wordCount\":88,\"image\":{\"@id\":\"https:\\\/\\\/www.copealcoy.es\\\/es\\\/tiempo-de-analisis-martes-23-de-septiembre-2025\\\/#primaryimage\"},\"thumbnailUrl\":\"https:\\\/\\\/www.copealcoy.es\\\/wp-content\\\/uploads\\\/2025\\\/09\\\/unnamed-3.jpg\",\"articleSection\":[\"Podcast\"],\"inLanguage\":\"es\"},{\"@type\":\"WebPage\",\"@id\":\"https:\\\/\\\/www.copealcoy.es\\\/es\\\/tiempo-de-analisis-martes-23-de-septiembre-2025\\\/\",\"url\":\"https:\\\/\\\/www.copealcoy.es\\\/es\\\/tiempo-de-analisis-martes-23-de-septiembre-2025\\\/\",\"name\":\"\u2018Tiempo de An\u00e1lisis\u2019 martes 23 de septiembre 2025 - COPE Alcoy\",\"isPartOf\":{\"@id\":\"https:\\\/\\\/www.copealcoy.es\\\/es\\\/#website\"},\"primaryImageOfPage\":{\"@id\":\"https:\\\/\\\/www.copealcoy.es\\\/es\\\/tiempo-de-analisis-martes-23-de-septiembre-2025\\\/#primaryimage\"},\"image\":{\"@id\":\"https:\\\/\\\/www.copealcoy.es\\\/es\\\/tiempo-de-analisis-martes-23-de-septiembre-2025\\\/#primaryimage\"},\"thumbnailUrl\":\"https:\\\/\\\/www.copealcoy.es\\\/wp-content\\\/uploads\\\/2025\\\/09\\\/unnamed-3.jpg\",\"datePublished\":\"2025-09-23T14:32:41+00:00\",\"author\":{\"@id\":\"https:\\\/\\\/www.copealcoy.es\\\/es\\\/#\\\/schema\\\/person\\\/e777c87fa024e57d40170af9df39882c\"},\"breadcrumb\":{\"@id\":\"https:\\\/\\\/www.copealcoy.es\\\/es\\\/tiempo-de-analisis-martes-23-de-septiembre-2025\\\/#breadcrumb\"},\"inLanguage\":\"es\",\"potentialAction\":[{\"@type\":\"ReadAction\",\"target\":[\"https:\\\/\\\/www.copealcoy.es\\\/es\\\/tiempo-de-analisis-martes-23-de-septiembre-2025\\\/\"]}]},{\"@type\":\"ImageObject\",\"inLanguage\":\"es\",\"@id\":\"https:\\\/\\\/www.copealcoy.es\\\/es\\\/tiempo-de-analisis-martes-23-de-septiembre-2025\\\/#primaryimage\",\"url\":\"https:\\\/\\\/www.copealcoy.es\\\/wp-content\\\/uploads\\\/2025\\\/09\\\/unnamed-3.jpg\",\"contentUrl\":\"https:\\\/\\\/www.copealcoy.es\\\/wp-content\\\/uploads\\\/2025\\\/09\\\/unnamed-3.jpg\",\"width\":1739,\"height\":1029},{\"@type\":\"BreadcrumbList\",\"@id\":\"https:\\\/\\\/www.copealcoy.es\\\/es\\\/tiempo-de-analisis-martes-23-de-septiembre-2025\\\/#breadcrumb\",\"itemListElement\":[{\"@type\":\"ListItem\",\"position\":1,\"name\":\"Portada\",\"item\":\"https:\\\/\\\/www.copealcoy.es\\\/es\\\/\"},{\"@type\":\"ListItem\",\"position\":2,\"name\":\"\u2018Tiempo de An\u00e1lisis\u2019 martes 23 de septiembre 2025\"}]},{\"@type\":\"WebSite\",\"@id\":\"https:\\\/\\\/www.copealcoy.es\\\/es\\\/#website\",\"url\":\"https:\\\/\\\/www.copealcoy.es\\\/es\\\/\",\"name\":\"COPE Alcoy\",\"description\":\"Emisora COPE de radio local con emisi\u00f3n online. Pont de Sant Jordi 8-10 03803 Alcoy\",\"potentialAction\":[{\"@type\":\"SearchAction\",\"target\":{\"@type\":\"EntryPoint\",\"urlTemplate\":\"https:\\\/\\\/www.copealcoy.es\\\/es\\\/?s={search_term_string}\"},\"query-input\":{\"@type\":\"PropertyValueSpecification\",\"valueRequired\":true,\"valueName\":\"search_term_string\"}}],\"inLanguage\":\"es\"},{\"@type\":\"Person\",\"@id\":\"https:\\\/\\\/www.copealcoy.es\\\/es\\\/#\\\/schema\\\/person\\\/e777c87fa024e57d40170af9df39882c\",\"name\":\"Cope Alcoy\",\"image\":{\"@type\":\"ImageObject\",\"inLanguage\":\"es\",\"@id\":\"https:\\\/\\\/secure.gravatar.com\\\/avatar\\\/bb65d0283347e303893ba14f0692005417c1e0e690a325a4c5d8bb2b3943ee14?s=96&d=mm&r=g\",\"url\":\"https:\\\/\\\/secure.gravatar.com\\\/avatar\\\/bb65d0283347e303893ba14f0692005417c1e0e690a325a4c5d8bb2b3943ee14?s=96&d=mm&r=g\",\"contentUrl\":\"https:\\\/\\\/secure.gravatar.com\\\/avatar\\\/bb65d0283347e303893ba14f0692005417c1e0e690a325a4c5d8bb2b3943ee14?s=96&d=mm&r=g\",\"caption\":\"Cope Alcoy\"}}]}<\/script>\n<!-- \/ Yoast SEO plugin. -->","yoast_head_json":{"title":"\u2018Tiempo de An\u00e1lisis\u2019 martes 23 de septiembre 2025 - COPE Alcoy","robots":{"index":"index","follow":"follow","max-snippet":"max-snippet:-1","max-image-preview":"max-image-preview:large","max-video-preview":"max-video-preview:-1"},"canonical":"https:\/\/www.copealcoy.es\/es\/tiempo-de-analisis-martes-23-de-septiembre-2025\/","og_locale":"es_ES","og_type":"article","og_title":"\u2018Tiempo de An\u00e1lisis\u2019 martes 23 de septiembre 2025 - COPE Alcoy","og_description":"Hoy martes hemos abierto una nueva entrega de nuestro #TiempoDeAn\u00e1lisis y hemos hablado de cuestiones referidas al \u00e1mbito educativo. Han...","og_url":"https:\/\/www.copealcoy.es\/es\/tiempo-de-analisis-martes-23-de-septiembre-2025\/","og_site_name":"COPE Alcoy","article_published_time":"2025-09-23T14:32:41+00:00","og_image":[{"width":1739,"height":1029,"url":"https:\/\/www.copealcoy.es\/wp-content\/uploads\/2025\/09\/unnamed-3.jpg","type":"image\/jpeg"}],"author":"Cope Alcoy","twitter_misc":{"Escrito por":"Cope Alcoy","Tiempo de lectura":"1 minuto"},"schema":{"@context":"https:\/\/schema.org","@graph":[{"@type":"Article","@id":"https:\/\/www.copealcoy.es\/es\/tiempo-de-analisis-martes-23-de-septiembre-2025\/#article","isPartOf":{"@id":"https:\/\/www.copealcoy.es\/es\/tiempo-de-analisis-martes-23-de-septiembre-2025\/"},"author":{"name":"Cope Alcoy","@id":"https:\/\/www.copealcoy.es\/es\/#\/schema\/person\/e777c87fa024e57d40170af9df39882c"},"headline":"\u2018Tiempo de An\u00e1lisis\u2019 martes 23 de septiembre 2025","datePublished":"2025-09-23T14:32:41+00:00","mainEntityOfPage":{"@id":"https:\/\/www.copealcoy.es\/es\/tiempo-de-analisis-martes-23-de-septiembre-2025\/"},"wordCount":88,"image":{"@id":"https:\/\/www.copealcoy.es\/es\/tiempo-de-analisis-martes-23-de-septiembre-2025\/#primaryimage"},"thumbnailUrl":"https:\/\/www.copealcoy.es\/wp-content\/uploads\/2025\/09\/unnamed-3.jpg","articleSection":["Podcast"],"inLanguage":"es"},{"@type":"WebPage","@id":"https:\/\/www.copealcoy.es\/es\/tiempo-de-analisis-martes-23-de-septiembre-2025\/","url":"https:\/\/www.copealcoy.es\/es\/tiempo-de-analisis-martes-23-de-septiembre-2025\/","name":"\u2018Tiempo de An\u00e1lisis\u2019 martes 23 de septiembre 2025 - COPE Alcoy","isPartOf":{"@id":"https:\/\/www.copealcoy.es\/es\/#website"},"primaryImageOfPage":{"@id":"https:\/\/www.copealcoy.es\/es\/tiempo-de-analisis-martes-23-de-septiembre-2025\/#primaryimage"},"image":{"@id":"https:\/\/www.copealcoy.es\/es\/tiempo-de-analisis-martes-23-de-septiembre-2025\/#primaryimage"},"thumbnailUrl":"https:\/\/www.copealcoy.es\/wp-content\/uploads\/2025\/09\/unnamed-3.jpg","datePublished":"2025-09-23T14:32:41+00:00","author":{"@id":"https:\/\/www.copealcoy.es\/es\/#\/schema\/person\/e777c87fa024e57d40170af9df39882c"},"breadcrumb":{"@id":"https:\/\/www.copealcoy.es\/es\/tiempo-de-analisis-martes-23-de-septiembre-2025\/#breadcrumb"},"inLanguage":"es","potentialAction":[{"@type":"ReadAction","target":["https:\/\/www.copealcoy.es\/es\/tiempo-de-analisis-martes-23-de-septiembre-2025\/"]}]},{"@type":"ImageObject","inLanguage":"es","@id":"https:\/\/www.copealcoy.es\/es\/tiempo-de-analisis-martes-23-de-septiembre-2025\/#primaryimage","url":"https:\/\/www.copealcoy.es\/wp-content\/uploads\/2025\/09\/unnamed-3.jpg","contentUrl":"https:\/\/www.copealcoy.es\/wp-content\/uploads\/2025\/09\/unnamed-3.jpg","width":1739,"height":1029},{"@type":"BreadcrumbList","@id":"https:\/\/www.copealcoy.es\/es\/tiempo-de-analisis-martes-23-de-septiembre-2025\/#breadcrumb","itemListElement":[{"@type":"ListItem","position":1,"name":"Portada","item":"https:\/\/www.copealcoy.es\/es\/"},{"@type":"ListItem","position":2,"name":"\u2018Tiempo de An\u00e1lisis\u2019 martes 23 de septiembre 2025"}]},{"@type":"WebSite","@id":"https:\/\/www.copealcoy.es\/es\/#website","url":"https:\/\/www.copealcoy.es\/es\/","name":"COPE Alcoy","description":"Emisora COPE de radio local con emisi\u00f3n online. Pont de Sant Jordi 8-10 03803 Alcoy","potentialAction":[{"@type":"SearchAction","target":{"@type":"EntryPoint","urlTemplate":"https:\/\/www.copealcoy.es\/es\/?s={search_term_string}"},"query-input":{"@type":"PropertyValueSpecification","valueRequired":true,"valueName":"search_term_string"}}],"inLanguage":"es"},{"@type":"Person","@id":"https:\/\/www.copealcoy.es\/es\/#\/schema\/person\/e777c87fa024e57d40170af9df39882c","name":"Cope Alcoy","image":{"@type":"ImageObject","inLanguage":"es","@id":"https:\/\/secure.gravatar.com\/avatar\/bb65d0283347e303893ba14f0692005417c1e0e690a325a4c5d8bb2b3943ee14?s=96&d=mm&r=g","url":"https:\/\/secure.gravatar.com\/avatar\/bb65d0283347e303893ba14f0692005417c1e0e690a325a4c5d8bb2b3943ee14?s=96&d=mm&r=g","contentUrl":"https:\/\/secure.gravatar.com\/avatar\/bb65d0283347e303893ba14f0692005417c1e0e690a325a4c5d8bb2b3943ee14?s=96&d=mm&r=g","caption":"Cope Alcoy"}}]}},"_links":{"self":[{"href":"https:\/\/www.copealcoy.es\/es\/wp-json\/wp\/v2\/posts\/157550","targetHints":{"allow":["GET"]}}],"collection":[{"href":"https:\/\/www.copealcoy.es\/es\/wp-json\/wp\/v2\/posts"}],"about":[{"href":"https:\/\/www.copealcoy.es\/es\/wp-json\/wp\/v2\/types\/post"}],"author":[{"embeddable":true,"href":"https:\/\/www.copealcoy.es\/es\/wp-json\/wp\/v2\/users\/1"}],"replies":[{"embeddable":true,"href":"https:\/\/www.copealcoy.es\/es\/wp-json\/wp\/v2\/comments?post=157550"}],"version-history":[{"count":1,"href":"https:\/\/www.copealcoy.es\/es\/wp-json\/wp\/v2\/posts\/157550\/revisions"}],"predecessor-version":[{"id":157553,"href":"https:\/\/www.copealcoy.es\/es\/wp-json\/wp\/v2\/posts\/157550\/revisions\/157553"}],"wp:featuredmedia":[{"embeddable":true,"href":"https:\/\/www.copealcoy.es\/es\/wp-json\/wp\/v2\/media\/157551"}],"wp:attachment":[{"href":"https:\/\/www.copealcoy.es\/es\/wp-json\/wp\/v2\/media?parent=157550"}],"wp:term":[{"taxonomy":"category","embeddable":true,"href":"https:\/\/www.copealcoy.es\/es\/wp-json\/wp\/v2\/categories?post=157550"},{"taxonomy":"post_tag","embeddable":true,"href":"https:\/\/www.copealcoy.es\/es\/wp-json\/wp\/v2\/tags?post=157550"}],"curies":[{"name":"wp","href":"https:\/\/api.w.org\/{rel}","templated":true}]}}