{"id":157532,"date":"2025-09-23T07:30:10","date_gmt":"2025-09-23T06:30:10","guid":{"rendered":"https:\/\/www.copealcoy.es\/?p=157532"},"modified":"2025-09-23T14:21:01","modified_gmt":"2025-09-23T13:21:01","slug":"informativo-matinal-martes-23-de-septiembre-2025-0750h","status":"publish","type":"post","link":"https:\/\/www.copealcoy.es\/es\/informativo-matinal-martes-23-de-septiembre-2025-0750h\/","title":{"rendered":"Informativo matinal martes 23 de septiembre 2025 (07:50h)"},"content":{"rendered":"<p><iframe loading=\"lazy\" title=\"Informativo Matinal Martes 23 De Septiembre 2025 (07:50h)\" width=\"100%\" height=\"120\" src=\"https:\/\/www.mixcloud.com\/widget\/iframe\/?feed=https%3A%2F%2Fwww.mixcloud.com%2FCOPEAlcoy%2Finformativo-matinal-martes-23-de-septiembre-2025-0750h%2F&amp;hide_cover=1\" frameborder=\"0\" allow=\"encrypted-media; fullscreen; autoplay; idle-detection; speaker-selection; web-share;\"><\/iframe><\/p>\n<p style=\"text-align: justify;\">Hoy martes os hemos contado que <strong>Alcoy se queda sin los ex\u00e1menes te\u00f3ricos de conducir de la DGT hasta que el Ayuntamiento no firme el nuevo convenio<\/strong>. Tambi\u00e9n hemos comentado que <strong>ayer fue descubierto el cartel anunciador de la Semana y Feria Modernista de nuestra ciudad<\/strong> para este a\u00f1o 2025, obra de David Pastor.<\/p>\n<p style=\"text-align: justify;\">Alcoy ha iniciado su\u00a0<a href=\"https:\/\/www.facebook.com\/firamodernistaalcoi\" target=\"_blank\" rel=\"noopener\"><strong><span style=\"color: #0000ff;\">Semana Modernista<\/span><\/strong><\/a>, en la edici\u00f3n de 2025, y lo ha hecho con\u00a0<strong>el descubrimiento del cartel anunciador del certamen<\/strong>. La obra ya se dio a conocer en el transcurso de la presentaci\u00f3n oficial del evento, celebrada el pasado mes de abril, pero en esta ocasi\u00f3n\u00a0<strong>fue mostrada al p\u00fablico en general<\/strong>\u00a0para iniciar una semana repleta de iniciativas en las que nuestra ciudad recordara una de las \u00e9pocas m\u00e1s destacadas de su pasado.<\/p>\n<p style=\"text-align: justify;\">El cartel es obra de\u00a0<strong>David Pastor<\/strong>\u00a0y en el mismo\u00a0<strong>se rinde homenaje al arquitecto Timoteo Briet<\/strong>, figura a quien va dedicada este a\u00f1o la Feria Modernista \u201c<em>he querido resaltar la importancia que tuvo la arquitectura en esta \u00e9poca y a trav\u00e9s de esta obra quiero poner en valor tambi\u00e9n la creatividad humana frente al desaf\u00edo que plantea para ella la inteligencia artificial<\/em>\u201c, coment\u00f3 el creador tras recibir los aplausos del p\u00fablico que se congreg\u00f3 ante la fachada del Ayuntamiento y despu\u00e9s de firmar su propio cartel. La m\u00fasica tradicional\u00a0 de dol\u00e7aina i tabal acompa\u00f1\u00f3 este instante\u00a0<strong>dando as\u00ed por iniciada la Semana Modernista<\/strong>\u00a0\u201c<em>tenemos muchas actividades previstas, con la implicaci\u00f3n de numerosas entidades locales, y de nuevo se manejan importantes cifras en cuanto a ocupaci\u00f3n tur\u00edstica para estos d\u00edas. Todo ello nos demuestra que la Feria est\u00e1 consolidada y que es un aut\u00e9ntico reclamo<\/em>\u201c, manifestaron el alcalde,\u00a0<strong>Toni Franc\u00e9s<\/strong>, y la concejala de Turismo,<strong>\u00a0Lorena Zamorano<\/strong>.<\/p>\n<p style=\"text-align: justify;\" data-start=\"178\" data-end=\"745\">La\u00a0<strong><a href=\"https:\/\/alcoyturismo.com\/alcoy\/uploaded\/Semana%20Modernista\/2025\/Agenda_Modernista_2025_CASTELLA-_WEB_compressed.pdf\" target=\"_blank\" rel=\"noopener\">programaci\u00f3n\u00a0<\/a>viene repleta de actividades<\/strong>\u00a0y entre ellas destacan exposiciones, representaciones teatrales, talleres, recreaciones, iniciativas dirigidas a los m\u00e1s peque\u00f1os, rutas tur\u00edsticas, conferencias, proyecciones de cine y numerosas propuestas de car\u00e1cter l\u00fadico y cultural. El pr\u00f3ximo\u00a0<strong>viernes<\/strong>\u00a0destaca El Preg\u00f3n que pronunciar\u00e1 este a\u00f1o la actriz\u00a0<strong>Pilar Almer\u00eda\u00a0<\/strong>y el\u00a0<strong>s\u00e1bado<\/strong>\u00a0por la ma\u00f1ana podremos disfrutar de la recreaci\u00f3n de un d\u00eda de mercado en plena plaza de Espa\u00f1a mientras que La Glorieta acoger\u00e1 la tradicional Feria desde las diez de la ma\u00f1ana. El personaje central de esta edici\u00f3n, como destac\u00e1bamos anteriormente, es\u00a0<strong data-start=\"1066\" data-end=\"1083\">Timoteo Briet\u00a0<\/strong>y sobre su legado se han programado exposiciones o charlas. De hecho, la Semana Modernista se cerrar\u00e1 el\u00a0<strong>domingo<\/strong>\u00a0con la inauguraci\u00f3n de una\u00a0<strong data-start=\"1204\" data-end=\"1227\">placa conmemorativa<\/strong>\u00a0en la casa donde viv\u00eda, situada en la calle Sant Josep, poniendo as\u00ed el broche de oro a un fin de semana en el que tambi\u00e9n se simular\u00e1\u00a0una\u00a0<strong data-start=\"1719\" data-end=\"1770\">manifestaci\u00f3n de las trabajadoras de La Mistera<\/strong>.<\/p>\n","protected":false},"excerpt":{"rendered":"<p>Hoy martes os hemos contado que Alcoy se queda sin los ex\u00e1menes te\u00f3ricos de conducir de la DGT hasta que&#8230;<\/p>\n","protected":false},"author":1,"featured_media":147669,"comment_status":"closed","ping_status":"closed","sticky":false,"template":"","format":"standard","meta":{"footnotes":""},"categories":[6909,89,91,75],"tags":[],"class_list":["post-157532","post","type-post","status-publish","format-standard","has-post-thumbnail","hentry","category-actualidad","category-audiosdelosprogramas","category-informativos","category-noticias"],"yoast_head":"<!-- This site is optimized with the Yoast SEO plugin v27.3 - https:\/\/yoast.com\/product\/yoast-seo-wordpress\/ -->\n<title>Informativo matinal martes 23 de septiembre 2025 (07:50h) - COPE Alcoy<\/title>\n<meta name=\"robots\" content=\"index, follow, max-snippet:-1, max-image-preview:large, max-video-preview:-1\" \/>\n<link rel=\"canonical\" href=\"https:\/\/www.copealcoy.es\/es\/informativo-matinal-martes-23-de-septiembre-2025-0750h\/\" \/>\n<meta property=\"og:locale\" content=\"es_ES\" \/>\n<meta property=\"og:type\" content=\"article\" \/>\n<meta property=\"og:title\" content=\"Informativo matinal martes 23 de septiembre 2025 (07:50h) - COPE Alcoy\" \/>\n<meta property=\"og:description\" content=\"Hoy martes os hemos contado que Alcoy se queda sin los ex\u00e1menes te\u00f3ricos de conducir de la DGT hasta que...\" \/>\n<meta property=\"og:url\" content=\"https:\/\/www.copealcoy.es\/es\/informativo-matinal-martes-23-de-septiembre-2025-0750h\/\" \/>\n<meta property=\"og:site_name\" content=\"COPE Alcoy\" \/>\n<meta property=\"article:published_time\" content=\"2025-09-23T06:30:10+00:00\" \/>\n<meta property=\"article:modified_time\" content=\"2025-09-23T13:21:01+00:00\" \/>\n<meta property=\"og:image\" content=\"https:\/\/www.copealcoy.es\/wp-content\/uploads\/2025\/02\/Informativo-Matinal-Castellano.png\" \/>\n\t<meta property=\"og:image:width\" content=\"357\" \/>\n\t<meta property=\"og:image:height\" content=\"290\" \/>\n\t<meta property=\"og:image:type\" content=\"image\/png\" \/>\n<meta name=\"author\" content=\"Cope Alcoy\" \/>\n<meta name=\"twitter:label1\" content=\"Escrito por\" \/>\n\t<meta name=\"twitter:data1\" content=\"Cope Alcoy\" \/>\n\t<meta name=\"twitter:label2\" content=\"Tiempo de lectura\" \/>\n\t<meta name=\"twitter:data2\" content=\"3 minutos\" \/>\n<script type=\"application\/ld+json\" class=\"yoast-schema-graph\">{\"@context\":\"https:\\\/\\\/schema.org\",\"@graph\":[{\"@type\":\"Article\",\"@id\":\"https:\\\/\\\/www.copealcoy.es\\\/es\\\/informativo-matinal-martes-23-de-septiembre-2025-0750h\\\/#article\",\"isPartOf\":{\"@id\":\"https:\\\/\\\/www.copealcoy.es\\\/es\\\/informativo-matinal-martes-23-de-septiembre-2025-0750h\\\/\"},\"author\":{\"name\":\"Cope Alcoy\",\"@id\":\"https:\\\/\\\/www.copealcoy.es\\\/es\\\/#\\\/schema\\\/person\\\/e777c87fa024e57d40170af9df39882c\"},\"headline\":\"Informativo matinal martes 23 de septiembre 2025 (07:50h)\",\"datePublished\":\"2025-09-23T06:30:10+00:00\",\"dateModified\":\"2025-09-23T13:21:01+00:00\",\"mainEntityOfPage\":{\"@id\":\"https:\\\/\\\/www.copealcoy.es\\\/es\\\/informativo-matinal-martes-23-de-septiembre-2025-0750h\\\/\"},\"wordCount\":505,\"image\":{\"@id\":\"https:\\\/\\\/www.copealcoy.es\\\/es\\\/informativo-matinal-martes-23-de-septiembre-2025-0750h\\\/#primaryimage\"},\"thumbnailUrl\":\"https:\\\/\\\/www.copealcoy.es\\\/wp-content\\\/uploads\\\/2025\\\/02\\\/Informativo-Matinal-Castellano.png\",\"articleSection\":[\"Actualidad\",\"Audios de los programas\",\"Informativos\",\"Noticias\"],\"inLanguage\":\"es\"},{\"@type\":\"WebPage\",\"@id\":\"https:\\\/\\\/www.copealcoy.es\\\/es\\\/informativo-matinal-martes-23-de-septiembre-2025-0750h\\\/\",\"url\":\"https:\\\/\\\/www.copealcoy.es\\\/es\\\/informativo-matinal-martes-23-de-septiembre-2025-0750h\\\/\",\"name\":\"Informativo matinal martes 23 de septiembre 2025 (07:50h) - COPE Alcoy\",\"isPartOf\":{\"@id\":\"https:\\\/\\\/www.copealcoy.es\\\/es\\\/#website\"},\"primaryImageOfPage\":{\"@id\":\"https:\\\/\\\/www.copealcoy.es\\\/es\\\/informativo-matinal-martes-23-de-septiembre-2025-0750h\\\/#primaryimage\"},\"image\":{\"@id\":\"https:\\\/\\\/www.copealcoy.es\\\/es\\\/informativo-matinal-martes-23-de-septiembre-2025-0750h\\\/#primaryimage\"},\"thumbnailUrl\":\"https:\\\/\\\/www.copealcoy.es\\\/wp-content\\\/uploads\\\/2025\\\/02\\\/Informativo-Matinal-Castellano.png\",\"datePublished\":\"2025-09-23T06:30:10+00:00\",\"dateModified\":\"2025-09-23T13:21:01+00:00\",\"author\":{\"@id\":\"https:\\\/\\\/www.copealcoy.es\\\/es\\\/#\\\/schema\\\/person\\\/e777c87fa024e57d40170af9df39882c\"},\"breadcrumb\":{\"@id\":\"https:\\\/\\\/www.copealcoy.es\\\/es\\\/informativo-matinal-martes-23-de-septiembre-2025-0750h\\\/#breadcrumb\"},\"inLanguage\":\"es\",\"potentialAction\":[{\"@type\":\"ReadAction\",\"target\":[\"https:\\\/\\\/www.copealcoy.es\\\/es\\\/informativo-matinal-martes-23-de-septiembre-2025-0750h\\\/\"]}]},{\"@type\":\"ImageObject\",\"inLanguage\":\"es\",\"@id\":\"https:\\\/\\\/www.copealcoy.es\\\/es\\\/informativo-matinal-martes-23-de-septiembre-2025-0750h\\\/#primaryimage\",\"url\":\"https:\\\/\\\/www.copealcoy.es\\\/wp-content\\\/uploads\\\/2025\\\/02\\\/Informativo-Matinal-Castellano.png\",\"contentUrl\":\"https:\\\/\\\/www.copealcoy.es\\\/wp-content\\\/uploads\\\/2025\\\/02\\\/Informativo-Matinal-Castellano.png\",\"width\":357,\"height\":290},{\"@type\":\"BreadcrumbList\",\"@id\":\"https:\\\/\\\/www.copealcoy.es\\\/es\\\/informativo-matinal-martes-23-de-septiembre-2025-0750h\\\/#breadcrumb\",\"itemListElement\":[{\"@type\":\"ListItem\",\"position\":1,\"name\":\"Portada\",\"item\":\"https:\\\/\\\/www.copealcoy.es\\\/es\\\/\"},{\"@type\":\"ListItem\",\"position\":2,\"name\":\"Informativo matinal martes 23 de septiembre 2025 (07:50h)\"}]},{\"@type\":\"WebSite\",\"@id\":\"https:\\\/\\\/www.copealcoy.es\\\/es\\\/#website\",\"url\":\"https:\\\/\\\/www.copealcoy.es\\\/es\\\/\",\"name\":\"COPE Alcoy\",\"description\":\"Emisora COPE de radio local con emisi\u00f3n online. Pont de Sant Jordi 8-10 03803 Alcoy\",\"potentialAction\":[{\"@type\":\"SearchAction\",\"target\":{\"@type\":\"EntryPoint\",\"urlTemplate\":\"https:\\\/\\\/www.copealcoy.es\\\/es\\\/?s={search_term_string}\"},\"query-input\":{\"@type\":\"PropertyValueSpecification\",\"valueRequired\":true,\"valueName\":\"search_term_string\"}}],\"inLanguage\":\"es\"},{\"@type\":\"Person\",\"@id\":\"https:\\\/\\\/www.copealcoy.es\\\/es\\\/#\\\/schema\\\/person\\\/e777c87fa024e57d40170af9df39882c\",\"name\":\"Cope Alcoy\",\"image\":{\"@type\":\"ImageObject\",\"inLanguage\":\"es\",\"@id\":\"https:\\\/\\\/secure.gravatar.com\\\/avatar\\\/bb65d0283347e303893ba14f0692005417c1e0e690a325a4c5d8bb2b3943ee14?s=96&d=mm&r=g\",\"url\":\"https:\\\/\\\/secure.gravatar.com\\\/avatar\\\/bb65d0283347e303893ba14f0692005417c1e0e690a325a4c5d8bb2b3943ee14?s=96&d=mm&r=g\",\"contentUrl\":\"https:\\\/\\\/secure.gravatar.com\\\/avatar\\\/bb65d0283347e303893ba14f0692005417c1e0e690a325a4c5d8bb2b3943ee14?s=96&d=mm&r=g\",\"caption\":\"Cope Alcoy\"}}]}<\/script>\n<!-- \/ Yoast SEO plugin. -->","yoast_head_json":{"title":"Informativo matinal martes 23 de septiembre 2025 (07:50h) - COPE Alcoy","robots":{"index":"index","follow":"follow","max-snippet":"max-snippet:-1","max-image-preview":"max-image-preview:large","max-video-preview":"max-video-preview:-1"},"canonical":"https:\/\/www.copealcoy.es\/es\/informativo-matinal-martes-23-de-septiembre-2025-0750h\/","og_locale":"es_ES","og_type":"article","og_title":"Informativo matinal martes 23 de septiembre 2025 (07:50h) - COPE Alcoy","og_description":"Hoy martes os hemos contado que Alcoy se queda sin los ex\u00e1menes te\u00f3ricos de conducir de la DGT hasta que...","og_url":"https:\/\/www.copealcoy.es\/es\/informativo-matinal-martes-23-de-septiembre-2025-0750h\/","og_site_name":"COPE Alcoy","article_published_time":"2025-09-23T06:30:10+00:00","article_modified_time":"2025-09-23T13:21:01+00:00","og_image":[{"width":357,"height":290,"url":"https:\/\/www.copealcoy.es\/wp-content\/uploads\/2025\/02\/Informativo-Matinal-Castellano.png","type":"image\/png"}],"author":"Cope Alcoy","twitter_misc":{"Escrito por":"Cope Alcoy","Tiempo de lectura":"3 minutos"},"schema":{"@context":"https:\/\/schema.org","@graph":[{"@type":"Article","@id":"https:\/\/www.copealcoy.es\/es\/informativo-matinal-martes-23-de-septiembre-2025-0750h\/#article","isPartOf":{"@id":"https:\/\/www.copealcoy.es\/es\/informativo-matinal-martes-23-de-septiembre-2025-0750h\/"},"author":{"name":"Cope Alcoy","@id":"https:\/\/www.copealcoy.es\/es\/#\/schema\/person\/e777c87fa024e57d40170af9df39882c"},"headline":"Informativo matinal martes 23 de septiembre 2025 (07:50h)","datePublished":"2025-09-23T06:30:10+00:00","dateModified":"2025-09-23T13:21:01+00:00","mainEntityOfPage":{"@id":"https:\/\/www.copealcoy.es\/es\/informativo-matinal-martes-23-de-septiembre-2025-0750h\/"},"wordCount":505,"image":{"@id":"https:\/\/www.copealcoy.es\/es\/informativo-matinal-martes-23-de-septiembre-2025-0750h\/#primaryimage"},"thumbnailUrl":"https:\/\/www.copealcoy.es\/wp-content\/uploads\/2025\/02\/Informativo-Matinal-Castellano.png","articleSection":["Actualidad","Audios de los programas","Informativos","Noticias"],"inLanguage":"es"},{"@type":"WebPage","@id":"https:\/\/www.copealcoy.es\/es\/informativo-matinal-martes-23-de-septiembre-2025-0750h\/","url":"https:\/\/www.copealcoy.es\/es\/informativo-matinal-martes-23-de-septiembre-2025-0750h\/","name":"Informativo matinal martes 23 de septiembre 2025 (07:50h) - COPE Alcoy","isPartOf":{"@id":"https:\/\/www.copealcoy.es\/es\/#website"},"primaryImageOfPage":{"@id":"https:\/\/www.copealcoy.es\/es\/informativo-matinal-martes-23-de-septiembre-2025-0750h\/#primaryimage"},"image":{"@id":"https:\/\/www.copealcoy.es\/es\/informativo-matinal-martes-23-de-septiembre-2025-0750h\/#primaryimage"},"thumbnailUrl":"https:\/\/www.copealcoy.es\/wp-content\/uploads\/2025\/02\/Informativo-Matinal-Castellano.png","datePublished":"2025-09-23T06:30:10+00:00","dateModified":"2025-09-23T13:21:01+00:00","author":{"@id":"https:\/\/www.copealcoy.es\/es\/#\/schema\/person\/e777c87fa024e57d40170af9df39882c"},"breadcrumb":{"@id":"https:\/\/www.copealcoy.es\/es\/informativo-matinal-martes-23-de-septiembre-2025-0750h\/#breadcrumb"},"inLanguage":"es","potentialAction":[{"@type":"ReadAction","target":["https:\/\/www.copealcoy.es\/es\/informativo-matinal-martes-23-de-septiembre-2025-0750h\/"]}]},{"@type":"ImageObject","inLanguage":"es","@id":"https:\/\/www.copealcoy.es\/es\/informativo-matinal-martes-23-de-septiembre-2025-0750h\/#primaryimage","url":"https:\/\/www.copealcoy.es\/wp-content\/uploads\/2025\/02\/Informativo-Matinal-Castellano.png","contentUrl":"https:\/\/www.copealcoy.es\/wp-content\/uploads\/2025\/02\/Informativo-Matinal-Castellano.png","width":357,"height":290},{"@type":"BreadcrumbList","@id":"https:\/\/www.copealcoy.es\/es\/informativo-matinal-martes-23-de-septiembre-2025-0750h\/#breadcrumb","itemListElement":[{"@type":"ListItem","position":1,"name":"Portada","item":"https:\/\/www.copealcoy.es\/es\/"},{"@type":"ListItem","position":2,"name":"Informativo matinal martes 23 de septiembre 2025 (07:50h)"}]},{"@type":"WebSite","@id":"https:\/\/www.copealcoy.es\/es\/#website","url":"https:\/\/www.copealcoy.es\/es\/","name":"COPE Alcoy","description":"Emisora COPE de radio local con emisi\u00f3n online. Pont de Sant Jordi 8-10 03803 Alcoy","potentialAction":[{"@type":"SearchAction","target":{"@type":"EntryPoint","urlTemplate":"https:\/\/www.copealcoy.es\/es\/?s={search_term_string}"},"query-input":{"@type":"PropertyValueSpecification","valueRequired":true,"valueName":"search_term_string"}}],"inLanguage":"es"},{"@type":"Person","@id":"https:\/\/www.copealcoy.es\/es\/#\/schema\/person\/e777c87fa024e57d40170af9df39882c","name":"Cope Alcoy","image":{"@type":"ImageObject","inLanguage":"es","@id":"https:\/\/secure.gravatar.com\/avatar\/bb65d0283347e303893ba14f0692005417c1e0e690a325a4c5d8bb2b3943ee14?s=96&d=mm&r=g","url":"https:\/\/secure.gravatar.com\/avatar\/bb65d0283347e303893ba14f0692005417c1e0e690a325a4c5d8bb2b3943ee14?s=96&d=mm&r=g","contentUrl":"https:\/\/secure.gravatar.com\/avatar\/bb65d0283347e303893ba14f0692005417c1e0e690a325a4c5d8bb2b3943ee14?s=96&d=mm&r=g","caption":"Cope Alcoy"}}]}},"_links":{"self":[{"href":"https:\/\/www.copealcoy.es\/es\/wp-json\/wp\/v2\/posts\/157532","targetHints":{"allow":["GET"]}}],"collection":[{"href":"https:\/\/www.copealcoy.es\/es\/wp-json\/wp\/v2\/posts"}],"about":[{"href":"https:\/\/www.copealcoy.es\/es\/wp-json\/wp\/v2\/types\/post"}],"author":[{"embeddable":true,"href":"https:\/\/www.copealcoy.es\/es\/wp-json\/wp\/v2\/users\/1"}],"replies":[{"embeddable":true,"href":"https:\/\/www.copealcoy.es\/es\/wp-json\/wp\/v2\/comments?post=157532"}],"version-history":[{"count":1,"href":"https:\/\/www.copealcoy.es\/es\/wp-json\/wp\/v2\/posts\/157532\/revisions"}],"predecessor-version":[{"id":157533,"href":"https:\/\/www.copealcoy.es\/es\/wp-json\/wp\/v2\/posts\/157532\/revisions\/157533"}],"wp:featuredmedia":[{"embeddable":true,"href":"https:\/\/www.copealcoy.es\/es\/wp-json\/wp\/v2\/media\/147669"}],"wp:attachment":[{"href":"https:\/\/www.copealcoy.es\/es\/wp-json\/wp\/v2\/media?parent=157532"}],"wp:term":[{"taxonomy":"category","embeddable":true,"href":"https:\/\/www.copealcoy.es\/es\/wp-json\/wp\/v2\/categories?post=157532"},{"taxonomy":"post_tag","embeddable":true,"href":"https:\/\/www.copealcoy.es\/es\/wp-json\/wp\/v2\/tags?post=157532"}],"curies":[{"name":"wp","href":"https:\/\/api.w.org\/{rel}","templated":true}]}}