{"id":157521,"date":"2025-09-23T12:36:50","date_gmt":"2025-09-23T11:36:50","guid":{"rendered":"https:\/\/www.copealcoy.es\/?p=157521"},"modified":"2025-09-23T12:46:09","modified_gmt":"2025-09-23T11:46:09","slug":"alcoy-se-sumara-al-ano-al-azraq-con-motivo-del-750-aniversario-de-su-muerte","status":"publish","type":"post","link":"https:\/\/www.copealcoy.es\/es\/alcoy-se-sumara-al-ano-al-azraq-con-motivo-del-750-aniversario-de-su-muerte\/","title":{"rendered":"Alcoy se sumar\u00e1 al A\u00f1o Al-Azraq con motivo del 750 aniversario de su muerte"},"content":{"rendered":"<p style=\"text-align: justify;\" data-start=\"222\" data-end=\"736\">El <span style=\"color: #0000ff;\"><a style=\"color: #0000ff;\" href=\"https:\/\/www.alcoi.org\/ca\/portal\/index.html\" target=\"_blank\" rel=\"noopener\"><strong>Ayuntamiento de Alcoy<\/strong><\/a><\/span> ha anunciado su adhesi\u00f3n formal al <strong data-start=\"282\" data-end=\"298\">A\u00f1o Al-Azraq<\/strong>, la iniciativa cultural que en <strong data-start=\"330\" data-end=\"338\">2026<\/strong> recordar\u00e1 el <strong data-start=\"352\" data-end=\"398\">750 aniversario de la muerte de Al-Azraq<\/strong>, figura hist\u00f3rica estrechamente vinculada a la ciudad. La propuesta nace de la <strong data-start=\"478\" data-end=\"523\">Coordinadora Cultural del 750 aniversario<\/strong>, integrada por diversas entidades de estudios hist\u00f3ricos y culturales de las comarcas centrales, y tiene como objetivo desarrollar <strong data-start=\"655\" data-end=\"706\">actividades culturales, educativas y art\u00edsticas<\/strong> en torno al visir musulm\u00e1n tal y como aseguran desde el consistorio.<\/p>\n<p style=\"text-align: justify;\" data-start=\"738\" data-end=\"1089\">Al-Azraq muri\u00f3 a las puertas de Alcoy en <strong data-start=\"779\" data-end=\"787\">1276<\/strong>, y con su derrota se impuso la visi\u00f3n del vencedor que ha marcado la narrativa hist\u00f3rica durante siglos. Conmemorarlo, explican desde el Ayuntamiento, busca tambi\u00e9n <strong data-start=\"920\" data-end=\"956\">dar voz a la visi\u00f3n del perdedor<\/strong>, recordando que las ra\u00edces de Alcoy son diversas y que la <strong data-start=\"1015\" data-end=\"1086\">cultura musulmana forma parte inseparable de nuestra identidad colectiva<\/strong>. Entre las actividades previstas se incluyen <strong data-start=\"1135\" data-end=\"1239\">conferencias, exposiciones, publicaciones, talleres escolares y propuestas art\u00edsticas y divulgativas<\/strong>, que contribuir\u00e1n a <strong data-start=\"1260\" data-end=\"1318\">enriquecer la oferta cultural y tur\u00edstica de la ciudad<\/strong>. La concejala de Cultura, <strong data-start=\"1348\" data-end=\"1365\">Elisa Guillem<\/strong>, destaca que la iniciativa es una oportunidad para <strong data-start=\"1417\" data-end=\"1512\">recordar que la historia de Alcoy <\/strong>&#8220;no solo est\u00e1 hecha de victorias, sino tambi\u00e9n de derrotas. Hacer memoria de Al-Azraq es reconocer que tambi\u00e9n tenemos ra\u00edces musulmanas y que nuestra riqueza cultural proviene de la convivencia y la diversidad&#8221;, asegura. Por su parte, el concejal de Fiestas, <strong data-start=\"1718\" data-end=\"1736\">Jordi Mart\u00ednez<\/strong>, se\u00f1ala que las <strong data-start=\"1753\" data-end=\"1786\">Fiestas de Moros y Cristianos<\/strong> tienen una <strong data-start=\"1798\" data-end=\"1844\">conexi\u00f3n directa con la figura de Al-Azraq<\/strong> y que esta iniciativa &#8220;<em>permitir\u00e1 profundizar en la historia compartida y enriquecer la celebraci\u00f3n con una visi\u00f3n m\u00e1s inclusiva y plural&#8221;<\/em><strong>, <\/strong>indica.<\/p>\n<p style=\"text-align: justify;\" data-start=\"1989\" data-end=\"2293\">Cabe recordar que 2026 ser\u00e1 un a\u00f1o especialmente significativo para Alcoy, ya que coincidir\u00e1 tambi\u00e9n con el <strong data-start=\"2079\" data-end=\"2128\">750 aniversario del patronazgo de San Jorge<\/strong>, declarado <strong data-start=\"2140\" data-end=\"2171\">A\u00f1o Jubilar por el Vaticano<\/strong>, una efem\u00e9ride que permitir\u00e1 <strong data-start=\"2204\" data-end=\"2290\">reforzar la identidad colectiva de la ciudad y proyectarla como referente cultural<\/strong>. En las pr\u00f3ximas semanas <strong>se dar\u00e1n a conocer m\u00e1s detalles de las iniciativas previstas<\/strong>\u00a0para conmemorar tambi\u00e9n esos 750 a\u00f1os de la muerte de Al-Azraq.<\/p>\n<p data-start=\"1989\" data-end=\"2293\"><strong>Foto:<\/strong> Las Provincias<\/p>\n","protected":false},"excerpt":{"rendered":"<p>El Ayuntamiento de Alcoy ha anunciado su adhesi\u00f3n formal al A\u00f1o Al-Azraq, la iniciativa cultural que en 2026 recordar\u00e1 el&#8230;<\/p>\n","protected":false},"author":1,"featured_media":157522,"comment_status":"closed","ping_status":"closed","sticky":false,"template":"","format":"standard","meta":{"footnotes":""},"categories":[6909,97,78,75,125],"tags":[17120,3292,1494,5615,253],"class_list":["post-157521","post","type-post","status-publish","format-standard","has-post-thumbnail","hentry","category-actualidad","category-alcoy","category-fiestaycultura","category-noticias","category-portada","tag-750-aniversario","tag-al-azraq","tag-alcoy","tag-batalla","tag-fallecimiento"],"yoast_head":"<!-- This site is optimized with the Yoast SEO plugin v27.3 - https:\/\/yoast.com\/product\/yoast-seo-wordpress\/ -->\n<title>Alcoy se sumar\u00e1 al A\u00f1o Al-Azraq con motivo del 750 aniversario de su muerte - COPE Alcoy<\/title>\n<meta name=\"description\" content=\"Alcoy se sumar\u00e1 al A\u00f1o Al-Azraq para conmemorar el 750 aniversario de su muerte\" \/>\n<meta name=\"robots\" content=\"index, follow, max-snippet:-1, max-image-preview:large, max-video-preview:-1\" \/>\n<link rel=\"canonical\" href=\"https:\/\/www.copealcoy.es\/es\/alcoy-se-sumara-al-ano-al-azraq-con-motivo-del-750-aniversario-de-su-muerte\/\" \/>\n<meta property=\"og:locale\" content=\"es_ES\" \/>\n<meta property=\"og:type\" content=\"article\" \/>\n<meta property=\"og:title\" content=\"Alcoy se sumar\u00e1 al A\u00f1o Al-Azraq con motivo del 750 aniversario de su muerte - COPE Alcoy\" \/>\n<meta property=\"og:description\" content=\"Alcoy se sumar\u00e1 al A\u00f1o Al-Azraq para conmemorar el 750 aniversario de su muerte\" \/>\n<meta property=\"og:url\" content=\"https:\/\/www.copealcoy.es\/es\/alcoy-se-sumara-al-ano-al-azraq-con-motivo-del-750-aniversario-de-su-muerte\/\" \/>\n<meta property=\"og:site_name\" content=\"COPE Alcoy\" \/>\n<meta property=\"article:published_time\" content=\"2025-09-23T11:36:50+00:00\" \/>\n<meta property=\"article:modified_time\" content=\"2025-09-23T11:46:09+00:00\" \/>\n<meta property=\"og:image\" content=\"https:\/\/www.copealcoy.es\/wp-content\/uploads\/2025\/09\/al-azraq-RXSjUDVBgJcMEn6OistHjUK-1248x770@Las-Provincias-e1758627831958.jpg\" \/>\n\t<meta property=\"og:image:width\" content=\"1248\" \/>\n\t<meta property=\"og:image:height\" content=\"607\" \/>\n\t<meta property=\"og:image:type\" content=\"image\/jpeg\" \/>\n<meta name=\"author\" content=\"Cope Alcoy\" \/>\n<meta name=\"twitter:label1\" content=\"Escrito por\" \/>\n\t<meta name=\"twitter:data1\" content=\"Cope Alcoy\" \/>\n\t<meta name=\"twitter:label2\" content=\"Tiempo de lectura\" \/>\n\t<meta name=\"twitter:data2\" content=\"3 minutos\" \/>\n<script type=\"application\/ld+json\" class=\"yoast-schema-graph\">{\"@context\":\"https:\\\/\\\/schema.org\",\"@graph\":[{\"@type\":\"Article\",\"@id\":\"https:\\\/\\\/www.copealcoy.es\\\/es\\\/alcoy-se-sumara-al-ano-al-azraq-con-motivo-del-750-aniversario-de-su-muerte\\\/#article\",\"isPartOf\":{\"@id\":\"https:\\\/\\\/www.copealcoy.es\\\/es\\\/alcoy-se-sumara-al-ano-al-azraq-con-motivo-del-750-aniversario-de-su-muerte\\\/\"},\"author\":{\"name\":\"Cope Alcoy\",\"@id\":\"https:\\\/\\\/www.copealcoy.es\\\/es\\\/#\\\/schema\\\/person\\\/e777c87fa024e57d40170af9df39882c\"},\"headline\":\"Alcoy se sumar\u00e1 al A\u00f1o Al-Azraq con motivo del 750 aniversario de su muerte\",\"datePublished\":\"2025-09-23T11:36:50+00:00\",\"dateModified\":\"2025-09-23T11:46:09+00:00\",\"mainEntityOfPage\":{\"@id\":\"https:\\\/\\\/www.copealcoy.es\\\/es\\\/alcoy-se-sumara-al-ano-al-azraq-con-motivo-del-750-aniversario-de-su-muerte\\\/\"},\"wordCount\":383,\"image\":{\"@id\":\"https:\\\/\\\/www.copealcoy.es\\\/es\\\/alcoy-se-sumara-al-ano-al-azraq-con-motivo-del-750-aniversario-de-su-muerte\\\/#primaryimage\"},\"thumbnailUrl\":\"https:\\\/\\\/www.copealcoy.es\\\/wp-content\\\/uploads\\\/2025\\\/09\\\/al-azraq-RXSjUDVBgJcMEn6OistHjUK-1248x770@Las-Provincias-e1758627831958.jpg\",\"keywords\":[\"750 aniversario\",\"Al-Azraq\",\"Alcoy\",\"batalla\",\"Fallecimiento\"],\"articleSection\":[\"Actualidad\",\"Alcoy\",\"Fiesta y Cultura\",\"Noticias\",\"Portada\"],\"inLanguage\":\"es\"},{\"@type\":\"WebPage\",\"@id\":\"https:\\\/\\\/www.copealcoy.es\\\/es\\\/alcoy-se-sumara-al-ano-al-azraq-con-motivo-del-750-aniversario-de-su-muerte\\\/\",\"url\":\"https:\\\/\\\/www.copealcoy.es\\\/es\\\/alcoy-se-sumara-al-ano-al-azraq-con-motivo-del-750-aniversario-de-su-muerte\\\/\",\"name\":\"Alcoy se sumar\u00e1 al A\u00f1o Al-Azraq con motivo del 750 aniversario de su muerte - COPE Alcoy\",\"isPartOf\":{\"@id\":\"https:\\\/\\\/www.copealcoy.es\\\/es\\\/#website\"},\"primaryImageOfPage\":{\"@id\":\"https:\\\/\\\/www.copealcoy.es\\\/es\\\/alcoy-se-sumara-al-ano-al-azraq-con-motivo-del-750-aniversario-de-su-muerte\\\/#primaryimage\"},\"image\":{\"@id\":\"https:\\\/\\\/www.copealcoy.es\\\/es\\\/alcoy-se-sumara-al-ano-al-azraq-con-motivo-del-750-aniversario-de-su-muerte\\\/#primaryimage\"},\"thumbnailUrl\":\"https:\\\/\\\/www.copealcoy.es\\\/wp-content\\\/uploads\\\/2025\\\/09\\\/al-azraq-RXSjUDVBgJcMEn6OistHjUK-1248x770@Las-Provincias-e1758627831958.jpg\",\"datePublished\":\"2025-09-23T11:36:50+00:00\",\"dateModified\":\"2025-09-23T11:46:09+00:00\",\"author\":{\"@id\":\"https:\\\/\\\/www.copealcoy.es\\\/es\\\/#\\\/schema\\\/person\\\/e777c87fa024e57d40170af9df39882c\"},\"description\":\"Alcoy se sumar\u00e1 al A\u00f1o Al-Azraq para conmemorar el 750 aniversario de su muerte\",\"breadcrumb\":{\"@id\":\"https:\\\/\\\/www.copealcoy.es\\\/es\\\/alcoy-se-sumara-al-ano-al-azraq-con-motivo-del-750-aniversario-de-su-muerte\\\/#breadcrumb\"},\"inLanguage\":\"es\",\"potentialAction\":[{\"@type\":\"ReadAction\",\"target\":[\"https:\\\/\\\/www.copealcoy.es\\\/es\\\/alcoy-se-sumara-al-ano-al-azraq-con-motivo-del-750-aniversario-de-su-muerte\\\/\"]}]},{\"@type\":\"ImageObject\",\"inLanguage\":\"es\",\"@id\":\"https:\\\/\\\/www.copealcoy.es\\\/es\\\/alcoy-se-sumara-al-ano-al-azraq-con-motivo-del-750-aniversario-de-su-muerte\\\/#primaryimage\",\"url\":\"https:\\\/\\\/www.copealcoy.es\\\/wp-content\\\/uploads\\\/2025\\\/09\\\/al-azraq-RXSjUDVBgJcMEn6OistHjUK-1248x770@Las-Provincias-e1758627831958.jpg\",\"contentUrl\":\"https:\\\/\\\/www.copealcoy.es\\\/wp-content\\\/uploads\\\/2025\\\/09\\\/al-azraq-RXSjUDVBgJcMEn6OistHjUK-1248x770@Las-Provincias-e1758627831958.jpg\",\"width\":1248,\"height\":607},{\"@type\":\"BreadcrumbList\",\"@id\":\"https:\\\/\\\/www.copealcoy.es\\\/es\\\/alcoy-se-sumara-al-ano-al-azraq-con-motivo-del-750-aniversario-de-su-muerte\\\/#breadcrumb\",\"itemListElement\":[{\"@type\":\"ListItem\",\"position\":1,\"name\":\"Portada\",\"item\":\"https:\\\/\\\/www.copealcoy.es\\\/es\\\/\"},{\"@type\":\"ListItem\",\"position\":2,\"name\":\"Alcoy se sumar\u00e1 al A\u00f1o Al-Azraq con motivo del 750 aniversario de su muerte\"}]},{\"@type\":\"WebSite\",\"@id\":\"https:\\\/\\\/www.copealcoy.es\\\/es\\\/#website\",\"url\":\"https:\\\/\\\/www.copealcoy.es\\\/es\\\/\",\"name\":\"COPE Alcoy\",\"description\":\"Emisora COPE de radio local con emisi\u00f3n online. Pont de Sant Jordi 8-10 03803 Alcoy\",\"potentialAction\":[{\"@type\":\"SearchAction\",\"target\":{\"@type\":\"EntryPoint\",\"urlTemplate\":\"https:\\\/\\\/www.copealcoy.es\\\/es\\\/?s={search_term_string}\"},\"query-input\":{\"@type\":\"PropertyValueSpecification\",\"valueRequired\":true,\"valueName\":\"search_term_string\"}}],\"inLanguage\":\"es\"},{\"@type\":\"Person\",\"@id\":\"https:\\\/\\\/www.copealcoy.es\\\/es\\\/#\\\/schema\\\/person\\\/e777c87fa024e57d40170af9df39882c\",\"name\":\"Cope Alcoy\",\"image\":{\"@type\":\"ImageObject\",\"inLanguage\":\"es\",\"@id\":\"https:\\\/\\\/secure.gravatar.com\\\/avatar\\\/bb65d0283347e303893ba14f0692005417c1e0e690a325a4c5d8bb2b3943ee14?s=96&d=mm&r=g\",\"url\":\"https:\\\/\\\/secure.gravatar.com\\\/avatar\\\/bb65d0283347e303893ba14f0692005417c1e0e690a325a4c5d8bb2b3943ee14?s=96&d=mm&r=g\",\"contentUrl\":\"https:\\\/\\\/secure.gravatar.com\\\/avatar\\\/bb65d0283347e303893ba14f0692005417c1e0e690a325a4c5d8bb2b3943ee14?s=96&d=mm&r=g\",\"caption\":\"Cope Alcoy\"}}]}<\/script>\n<!-- \/ Yoast SEO plugin. -->","yoast_head_json":{"title":"Alcoy se sumar\u00e1 al A\u00f1o Al-Azraq con motivo del 750 aniversario de su muerte - COPE Alcoy","description":"Alcoy se sumar\u00e1 al A\u00f1o Al-Azraq para conmemorar el 750 aniversario de su muerte","robots":{"index":"index","follow":"follow","max-snippet":"max-snippet:-1","max-image-preview":"max-image-preview:large","max-video-preview":"max-video-preview:-1"},"canonical":"https:\/\/www.copealcoy.es\/es\/alcoy-se-sumara-al-ano-al-azraq-con-motivo-del-750-aniversario-de-su-muerte\/","og_locale":"es_ES","og_type":"article","og_title":"Alcoy se sumar\u00e1 al A\u00f1o Al-Azraq con motivo del 750 aniversario de su muerte - COPE Alcoy","og_description":"Alcoy se sumar\u00e1 al A\u00f1o Al-Azraq para conmemorar el 750 aniversario de su muerte","og_url":"https:\/\/www.copealcoy.es\/es\/alcoy-se-sumara-al-ano-al-azraq-con-motivo-del-750-aniversario-de-su-muerte\/","og_site_name":"COPE Alcoy","article_published_time":"2025-09-23T11:36:50+00:00","article_modified_time":"2025-09-23T11:46:09+00:00","og_image":[{"width":1248,"height":607,"url":"https:\/\/www.copealcoy.es\/wp-content\/uploads\/2025\/09\/al-azraq-RXSjUDVBgJcMEn6OistHjUK-1248x770@Las-Provincias-e1758627831958.jpg","type":"image\/jpeg"}],"author":"Cope Alcoy","twitter_misc":{"Escrito por":"Cope Alcoy","Tiempo de lectura":"3 minutos"},"schema":{"@context":"https:\/\/schema.org","@graph":[{"@type":"Article","@id":"https:\/\/www.copealcoy.es\/es\/alcoy-se-sumara-al-ano-al-azraq-con-motivo-del-750-aniversario-de-su-muerte\/#article","isPartOf":{"@id":"https:\/\/www.copealcoy.es\/es\/alcoy-se-sumara-al-ano-al-azraq-con-motivo-del-750-aniversario-de-su-muerte\/"},"author":{"name":"Cope Alcoy","@id":"https:\/\/www.copealcoy.es\/es\/#\/schema\/person\/e777c87fa024e57d40170af9df39882c"},"headline":"Alcoy se sumar\u00e1 al A\u00f1o Al-Azraq con motivo del 750 aniversario de su muerte","datePublished":"2025-09-23T11:36:50+00:00","dateModified":"2025-09-23T11:46:09+00:00","mainEntityOfPage":{"@id":"https:\/\/www.copealcoy.es\/es\/alcoy-se-sumara-al-ano-al-azraq-con-motivo-del-750-aniversario-de-su-muerte\/"},"wordCount":383,"image":{"@id":"https:\/\/www.copealcoy.es\/es\/alcoy-se-sumara-al-ano-al-azraq-con-motivo-del-750-aniversario-de-su-muerte\/#primaryimage"},"thumbnailUrl":"https:\/\/www.copealcoy.es\/wp-content\/uploads\/2025\/09\/al-azraq-RXSjUDVBgJcMEn6OistHjUK-1248x770@Las-Provincias-e1758627831958.jpg","keywords":["750 aniversario","Al-Azraq","Alcoy","batalla","Fallecimiento"],"articleSection":["Actualidad","Alcoy","Fiesta y Cultura","Noticias","Portada"],"inLanguage":"es"},{"@type":"WebPage","@id":"https:\/\/www.copealcoy.es\/es\/alcoy-se-sumara-al-ano-al-azraq-con-motivo-del-750-aniversario-de-su-muerte\/","url":"https:\/\/www.copealcoy.es\/es\/alcoy-se-sumara-al-ano-al-azraq-con-motivo-del-750-aniversario-de-su-muerte\/","name":"Alcoy se sumar\u00e1 al A\u00f1o Al-Azraq con motivo del 750 aniversario de su muerte - COPE Alcoy","isPartOf":{"@id":"https:\/\/www.copealcoy.es\/es\/#website"},"primaryImageOfPage":{"@id":"https:\/\/www.copealcoy.es\/es\/alcoy-se-sumara-al-ano-al-azraq-con-motivo-del-750-aniversario-de-su-muerte\/#primaryimage"},"image":{"@id":"https:\/\/www.copealcoy.es\/es\/alcoy-se-sumara-al-ano-al-azraq-con-motivo-del-750-aniversario-de-su-muerte\/#primaryimage"},"thumbnailUrl":"https:\/\/www.copealcoy.es\/wp-content\/uploads\/2025\/09\/al-azraq-RXSjUDVBgJcMEn6OistHjUK-1248x770@Las-Provincias-e1758627831958.jpg","datePublished":"2025-09-23T11:36:50+00:00","dateModified":"2025-09-23T11:46:09+00:00","author":{"@id":"https:\/\/www.copealcoy.es\/es\/#\/schema\/person\/e777c87fa024e57d40170af9df39882c"},"description":"Alcoy se sumar\u00e1 al A\u00f1o Al-Azraq para conmemorar el 750 aniversario de su muerte","breadcrumb":{"@id":"https:\/\/www.copealcoy.es\/es\/alcoy-se-sumara-al-ano-al-azraq-con-motivo-del-750-aniversario-de-su-muerte\/#breadcrumb"},"inLanguage":"es","potentialAction":[{"@type":"ReadAction","target":["https:\/\/www.copealcoy.es\/es\/alcoy-se-sumara-al-ano-al-azraq-con-motivo-del-750-aniversario-de-su-muerte\/"]}]},{"@type":"ImageObject","inLanguage":"es","@id":"https:\/\/www.copealcoy.es\/es\/alcoy-se-sumara-al-ano-al-azraq-con-motivo-del-750-aniversario-de-su-muerte\/#primaryimage","url":"https:\/\/www.copealcoy.es\/wp-content\/uploads\/2025\/09\/al-azraq-RXSjUDVBgJcMEn6OistHjUK-1248x770@Las-Provincias-e1758627831958.jpg","contentUrl":"https:\/\/www.copealcoy.es\/wp-content\/uploads\/2025\/09\/al-azraq-RXSjUDVBgJcMEn6OistHjUK-1248x770@Las-Provincias-e1758627831958.jpg","width":1248,"height":607},{"@type":"BreadcrumbList","@id":"https:\/\/www.copealcoy.es\/es\/alcoy-se-sumara-al-ano-al-azraq-con-motivo-del-750-aniversario-de-su-muerte\/#breadcrumb","itemListElement":[{"@type":"ListItem","position":1,"name":"Portada","item":"https:\/\/www.copealcoy.es\/es\/"},{"@type":"ListItem","position":2,"name":"Alcoy se sumar\u00e1 al A\u00f1o Al-Azraq con motivo del 750 aniversario de su muerte"}]},{"@type":"WebSite","@id":"https:\/\/www.copealcoy.es\/es\/#website","url":"https:\/\/www.copealcoy.es\/es\/","name":"COPE Alcoy","description":"Emisora COPE de radio local con emisi\u00f3n online. Pont de Sant Jordi 8-10 03803 Alcoy","potentialAction":[{"@type":"SearchAction","target":{"@type":"EntryPoint","urlTemplate":"https:\/\/www.copealcoy.es\/es\/?s={search_term_string}"},"query-input":{"@type":"PropertyValueSpecification","valueRequired":true,"valueName":"search_term_string"}}],"inLanguage":"es"},{"@type":"Person","@id":"https:\/\/www.copealcoy.es\/es\/#\/schema\/person\/e777c87fa024e57d40170af9df39882c","name":"Cope Alcoy","image":{"@type":"ImageObject","inLanguage":"es","@id":"https:\/\/secure.gravatar.com\/avatar\/bb65d0283347e303893ba14f0692005417c1e0e690a325a4c5d8bb2b3943ee14?s=96&d=mm&r=g","url":"https:\/\/secure.gravatar.com\/avatar\/bb65d0283347e303893ba14f0692005417c1e0e690a325a4c5d8bb2b3943ee14?s=96&d=mm&r=g","contentUrl":"https:\/\/secure.gravatar.com\/avatar\/bb65d0283347e303893ba14f0692005417c1e0e690a325a4c5d8bb2b3943ee14?s=96&d=mm&r=g","caption":"Cope Alcoy"}}]}},"_links":{"self":[{"href":"https:\/\/www.copealcoy.es\/es\/wp-json\/wp\/v2\/posts\/157521","targetHints":{"allow":["GET"]}}],"collection":[{"href":"https:\/\/www.copealcoy.es\/es\/wp-json\/wp\/v2\/posts"}],"about":[{"href":"https:\/\/www.copealcoy.es\/es\/wp-json\/wp\/v2\/types\/post"}],"author":[{"embeddable":true,"href":"https:\/\/www.copealcoy.es\/es\/wp-json\/wp\/v2\/users\/1"}],"replies":[{"embeddable":true,"href":"https:\/\/www.copealcoy.es\/es\/wp-json\/wp\/v2\/comments?post=157521"}],"version-history":[{"count":3,"href":"https:\/\/www.copealcoy.es\/es\/wp-json\/wp\/v2\/posts\/157521\/revisions"}],"predecessor-version":[{"id":157530,"href":"https:\/\/www.copealcoy.es\/es\/wp-json\/wp\/v2\/posts\/157521\/revisions\/157530"}],"wp:featuredmedia":[{"embeddable":true,"href":"https:\/\/www.copealcoy.es\/es\/wp-json\/wp\/v2\/media\/157522"}],"wp:attachment":[{"href":"https:\/\/www.copealcoy.es\/es\/wp-json\/wp\/v2\/media?parent=157521"}],"wp:term":[{"taxonomy":"category","embeddable":true,"href":"https:\/\/www.copealcoy.es\/es\/wp-json\/wp\/v2\/categories?post=157521"},{"taxonomy":"post_tag","embeddable":true,"href":"https:\/\/www.copealcoy.es\/es\/wp-json\/wp\/v2\/tags?post=157521"}],"curies":[{"name":"wp","href":"https:\/\/api.w.org\/{rel}","templated":true}]}}