{"id":157503,"date":"2025-09-24T08:30:17","date_gmt":"2025-09-24T07:30:17","guid":{"rendered":"https:\/\/www.copealcoy.es\/?p=157503"},"modified":"2025-09-24T11:43:51","modified_gmt":"2025-09-24T10:43:51","slug":"la-fira-de-cocentaina-estrena-novedades-en-sus-rutas-guiadas-teatralizadas","status":"publish","type":"post","link":"https:\/\/www.copealcoy.es\/es\/la-fira-de-cocentaina-estrena-novedades-en-sus-rutas-guiadas-teatralizadas\/","title":{"rendered":"La Fira de Cocentaina estrena novedades en sus rutas guiadas teatralizadas"},"content":{"rendered":"<p style=\"text-align: justify;\" data-start=\"242\" data-end=\"643\">La <a href=\"https:\/\/www.firadecocentaina.org\/es\/\" target=\"_blank\" rel=\"noopener\"><span style=\"color: #0000ff;\"><strong data-start=\"245\" data-end=\"281\">Fira de Tots Sants de Cocentaina<\/strong><\/span><\/a> vuelve este a\u00f1o con una novedad destacada: la incorporaci\u00f3n de <strong data-start=\"345\" data-end=\"361\">nuevas rutas<\/strong> en su programa de <strong data-start=\"380\" data-end=\"413\">visitas guiadas teatralizadas<\/strong>. Bajo el t\u00edtulo <em data-start=\"430\" data-end=\"448\">\u201cJo, Pere IV&#8230;\u201d<\/em>, esta iniciativa permitir\u00e1 al p\u00fablico redescubrir la historia y los escenarios m\u00e1s emblem\u00e1ticos de la Fira a trav\u00e9s de un recorrido inmersivo que incluye dramatizaciones y personajes hist\u00f3ricos seg\u00fan informan desde la organizaci\u00f3n del certamen.<\/p>\n<p style=\"text-align: justify;\" data-start=\"645\" data-end=\"1129\">Las visitas se celebrar\u00e1n los d\u00edas <strong data-start=\"680\" data-end=\"718\">17, 18, 19, 24, 25 y 26 de octubre<\/strong>, siempre con inscripci\u00f3n previa y car\u00e1cter gratuito. Tendr\u00e1n una duraci\u00f3n aproximada de una hora y cuarto y contar\u00e1n con la participaci\u00f3n del contestano <strong data-start=\"874\" data-end=\"895\">Quique Camallonga<\/strong>, que ejercer\u00e1 de gu\u00eda oficial, acompa\u00f1ado por el equipo art\u00edstico de <em data-start=\"965\" data-end=\"985\">Ni Fu Ni Fa Events<\/em>. El punto de inicio ser\u00e1 la <strong data-start=\"1014\" data-end=\"1044\">rotonda del Cavall de Fira<\/strong>, un lugar simb\u00f3lico que dar\u00e1 paso a un recorrido lleno de historia y curiosidades. La principal novedad de esta edici\u00f3n son los <strong data-start=\"1176\" data-end=\"1205\">nuevos espacios y relatos<\/strong> incorporados a los itinerarios, que enriquecer\u00e1n la experiencia y ofrecer\u00e1n una mirada renovada a la tradici\u00f3n &#8220;<em>estas visitas permiten vivir la Fira de una manera \u00fanica, acercando la historia a todos los p\u00fablicos con un formato participativo y din\u00e1mico<\/em>&#8220;, destaca la edil de Fira; <strong>Marcela Richart<\/strong>.<\/p>\n<p style=\"text-align: justify;\" data-start=\"1497\" data-end=\"1819\">Los horarios previstos son los <strong data-start=\"1528\" data-end=\"1572\">viernes 17 y 24 de octubre a las 19:30 h<\/strong>, los <strong data-start=\"1578\" data-end=\"1621\">s\u00e1bados 18 y 25 a las 10:00 h y 11:30 h<\/strong>, y los <strong data-start=\"1629\" data-end=\"1649\">domingos 19 y 26<\/strong> en las mismas franjas. Las reservas pueden realizarse a trav\u00e9s de <strong data-start=\"1716\" data-end=\"1743\">WhatsApp (649 53 96 65)<\/strong> o mediante correo electr\u00f3nico en <span style=\"color: #000000;\"><strong data-start=\"1777\" data-end=\"1816\"><a class=\"decorated-link cursor-pointer\" style=\"color: #000000;\" rel=\"noopener\" data-start=\"1779\" data-end=\"1814\">visitesguiades@firadecocentaina.org<\/a><\/strong><\/span>. Las visitas guiadas servir\u00e1n de antesala a los d\u00edas grandes de la Fira de Fires que tendr\u00e1n lugar este a\u00f1o desde el viernes 31 de octubre hasta el domingo 2 de noviembre siendo el d\u00eda 1, s\u00e1bado, la jornada central y en la que se espera una mayor afluencia de visitantes.<\/p>\n","protected":false},"excerpt":{"rendered":"<p>La Fira de Tots Sants de Cocentaina vuelve este a\u00f1o con una novedad destacada: la incorporaci\u00f3n de nuevas rutas en&#8230;<\/p>\n","protected":false},"author":1,"featured_media":157504,"comment_status":"closed","ping_status":"closed","sticky":false,"template":"","format":"standard","meta":{"footnotes":""},"categories":[6909,98,75],"tags":[132,635,20029,4610],"class_list":["post-157503","post","type-post","status-publish","format-standard","has-post-thumbnail","hentry","category-actualidad","category-comarcas","category-noticias","tag-cocentaina","tag-fira-de-tots-sants","tag-quique-camallonga","tag-visitas-guiadas"],"yoast_head":"<!-- This site is optimized with the Yoast SEO plugin v27.3 - https:\/\/yoast.com\/product\/yoast-seo-wordpress\/ -->\n<title>La Fira de Cocentaina estrena novedades en sus rutas guiadas teatralizadas - COPE Alcoy<\/title>\n<meta name=\"description\" content=\"La Fira de Cocentaina estrena novedades en sus rutas guiadas teatralizadas\" \/>\n<meta name=\"robots\" content=\"index, follow, max-snippet:-1, max-image-preview:large, max-video-preview:-1\" \/>\n<link rel=\"canonical\" href=\"https:\/\/www.copealcoy.es\/es\/la-fira-de-cocentaina-estrena-novedades-en-sus-rutas-guiadas-teatralizadas\/\" \/>\n<meta property=\"og:locale\" content=\"es_ES\" \/>\n<meta property=\"og:type\" content=\"article\" \/>\n<meta property=\"og:title\" content=\"La Fira de Cocentaina estrena novedades en sus rutas guiadas teatralizadas - COPE Alcoy\" \/>\n<meta property=\"og:description\" content=\"La Fira de Cocentaina estrena novedades en sus rutas guiadas teatralizadas\" \/>\n<meta property=\"og:url\" content=\"https:\/\/www.copealcoy.es\/es\/la-fira-de-cocentaina-estrena-novedades-en-sus-rutas-guiadas-teatralizadas\/\" \/>\n<meta property=\"og:site_name\" content=\"COPE Alcoy\" \/>\n<meta property=\"article:published_time\" content=\"2025-09-24T07:30:17+00:00\" \/>\n<meta property=\"article:modified_time\" content=\"2025-09-24T10:43:51+00:00\" \/>\n<meta property=\"og:image\" content=\"https:\/\/www.copealcoy.es\/wp-content\/uploads\/2025\/09\/1-2.jpg\" \/>\n\t<meta property=\"og:image:width\" content=\"1440\" \/>\n\t<meta property=\"og:image:height\" content=\"663\" \/>\n\t<meta property=\"og:image:type\" content=\"image\/jpeg\" \/>\n<meta name=\"author\" content=\"Cope Alcoy\" \/>\n<meta name=\"twitter:label1\" content=\"Escrito por\" \/>\n\t<meta name=\"twitter:data1\" content=\"Cope Alcoy\" \/>\n\t<meta name=\"twitter:label2\" content=\"Tiempo de lectura\" \/>\n\t<meta name=\"twitter:data2\" content=\"2 minutos\" \/>\n<script type=\"application\/ld+json\" class=\"yoast-schema-graph\">{\"@context\":\"https:\\\/\\\/schema.org\",\"@graph\":[{\"@type\":\"Article\",\"@id\":\"https:\\\/\\\/www.copealcoy.es\\\/es\\\/la-fira-de-cocentaina-estrena-novedades-en-sus-rutas-guiadas-teatralizadas\\\/#article\",\"isPartOf\":{\"@id\":\"https:\\\/\\\/www.copealcoy.es\\\/es\\\/la-fira-de-cocentaina-estrena-novedades-en-sus-rutas-guiadas-teatralizadas\\\/\"},\"author\":{\"name\":\"Cope Alcoy\",\"@id\":\"https:\\\/\\\/www.copealcoy.es\\\/es\\\/#\\\/schema\\\/person\\\/e777c87fa024e57d40170af9df39882c\"},\"headline\":\"La Fira de Cocentaina estrena novedades en sus rutas guiadas teatralizadas\",\"datePublished\":\"2025-09-24T07:30:17+00:00\",\"dateModified\":\"2025-09-24T10:43:51+00:00\",\"mainEntityOfPage\":{\"@id\":\"https:\\\/\\\/www.copealcoy.es\\\/es\\\/la-fira-de-cocentaina-estrena-novedades-en-sus-rutas-guiadas-teatralizadas\\\/\"},\"wordCount\":340,\"image\":{\"@id\":\"https:\\\/\\\/www.copealcoy.es\\\/es\\\/la-fira-de-cocentaina-estrena-novedades-en-sus-rutas-guiadas-teatralizadas\\\/#primaryimage\"},\"thumbnailUrl\":\"https:\\\/\\\/www.copealcoy.es\\\/wp-content\\\/uploads\\\/2025\\\/09\\\/1-2.jpg\",\"keywords\":[\"Cocentaina\",\"Fira de Tots Sants\",\"Quique Camallonga\",\"visitas guiadas\"],\"articleSection\":[\"Actualidad\",\"Comarcas\",\"Noticias\"],\"inLanguage\":\"es\"},{\"@type\":\"WebPage\",\"@id\":\"https:\\\/\\\/www.copealcoy.es\\\/es\\\/la-fira-de-cocentaina-estrena-novedades-en-sus-rutas-guiadas-teatralizadas\\\/\",\"url\":\"https:\\\/\\\/www.copealcoy.es\\\/es\\\/la-fira-de-cocentaina-estrena-novedades-en-sus-rutas-guiadas-teatralizadas\\\/\",\"name\":\"La Fira de Cocentaina estrena novedades en sus rutas guiadas teatralizadas - COPE Alcoy\",\"isPartOf\":{\"@id\":\"https:\\\/\\\/www.copealcoy.es\\\/es\\\/#website\"},\"primaryImageOfPage\":{\"@id\":\"https:\\\/\\\/www.copealcoy.es\\\/es\\\/la-fira-de-cocentaina-estrena-novedades-en-sus-rutas-guiadas-teatralizadas\\\/#primaryimage\"},\"image\":{\"@id\":\"https:\\\/\\\/www.copealcoy.es\\\/es\\\/la-fira-de-cocentaina-estrena-novedades-en-sus-rutas-guiadas-teatralizadas\\\/#primaryimage\"},\"thumbnailUrl\":\"https:\\\/\\\/www.copealcoy.es\\\/wp-content\\\/uploads\\\/2025\\\/09\\\/1-2.jpg\",\"datePublished\":\"2025-09-24T07:30:17+00:00\",\"dateModified\":\"2025-09-24T10:43:51+00:00\",\"author\":{\"@id\":\"https:\\\/\\\/www.copealcoy.es\\\/es\\\/#\\\/schema\\\/person\\\/e777c87fa024e57d40170af9df39882c\"},\"description\":\"La Fira de Cocentaina estrena novedades en sus rutas guiadas teatralizadas\",\"breadcrumb\":{\"@id\":\"https:\\\/\\\/www.copealcoy.es\\\/es\\\/la-fira-de-cocentaina-estrena-novedades-en-sus-rutas-guiadas-teatralizadas\\\/#breadcrumb\"},\"inLanguage\":\"es\",\"potentialAction\":[{\"@type\":\"ReadAction\",\"target\":[\"https:\\\/\\\/www.copealcoy.es\\\/es\\\/la-fira-de-cocentaina-estrena-novedades-en-sus-rutas-guiadas-teatralizadas\\\/\"]}]},{\"@type\":\"ImageObject\",\"inLanguage\":\"es\",\"@id\":\"https:\\\/\\\/www.copealcoy.es\\\/es\\\/la-fira-de-cocentaina-estrena-novedades-en-sus-rutas-guiadas-teatralizadas\\\/#primaryimage\",\"url\":\"https:\\\/\\\/www.copealcoy.es\\\/wp-content\\\/uploads\\\/2025\\\/09\\\/1-2.jpg\",\"contentUrl\":\"https:\\\/\\\/www.copealcoy.es\\\/wp-content\\\/uploads\\\/2025\\\/09\\\/1-2.jpg\",\"width\":1440,\"height\":663},{\"@type\":\"BreadcrumbList\",\"@id\":\"https:\\\/\\\/www.copealcoy.es\\\/es\\\/la-fira-de-cocentaina-estrena-novedades-en-sus-rutas-guiadas-teatralizadas\\\/#breadcrumb\",\"itemListElement\":[{\"@type\":\"ListItem\",\"position\":1,\"name\":\"Portada\",\"item\":\"https:\\\/\\\/www.copealcoy.es\\\/es\\\/\"},{\"@type\":\"ListItem\",\"position\":2,\"name\":\"La Fira de Cocentaina estrena novedades en sus rutas guiadas teatralizadas\"}]},{\"@type\":\"WebSite\",\"@id\":\"https:\\\/\\\/www.copealcoy.es\\\/es\\\/#website\",\"url\":\"https:\\\/\\\/www.copealcoy.es\\\/es\\\/\",\"name\":\"COPE Alcoy\",\"description\":\"Emisora COPE de radio local con emisi\u00f3n online. Pont de Sant Jordi 8-10 03803 Alcoy\",\"potentialAction\":[{\"@type\":\"SearchAction\",\"target\":{\"@type\":\"EntryPoint\",\"urlTemplate\":\"https:\\\/\\\/www.copealcoy.es\\\/es\\\/?s={search_term_string}\"},\"query-input\":{\"@type\":\"PropertyValueSpecification\",\"valueRequired\":true,\"valueName\":\"search_term_string\"}}],\"inLanguage\":\"es\"},{\"@type\":\"Person\",\"@id\":\"https:\\\/\\\/www.copealcoy.es\\\/es\\\/#\\\/schema\\\/person\\\/e777c87fa024e57d40170af9df39882c\",\"name\":\"Cope Alcoy\",\"image\":{\"@type\":\"ImageObject\",\"inLanguage\":\"es\",\"@id\":\"https:\\\/\\\/secure.gravatar.com\\\/avatar\\\/bb65d0283347e303893ba14f0692005417c1e0e690a325a4c5d8bb2b3943ee14?s=96&d=mm&r=g\",\"url\":\"https:\\\/\\\/secure.gravatar.com\\\/avatar\\\/bb65d0283347e303893ba14f0692005417c1e0e690a325a4c5d8bb2b3943ee14?s=96&d=mm&r=g\",\"contentUrl\":\"https:\\\/\\\/secure.gravatar.com\\\/avatar\\\/bb65d0283347e303893ba14f0692005417c1e0e690a325a4c5d8bb2b3943ee14?s=96&d=mm&r=g\",\"caption\":\"Cope Alcoy\"}}]}<\/script>\n<!-- \/ Yoast SEO plugin. -->","yoast_head_json":{"title":"La Fira de Cocentaina estrena novedades en sus rutas guiadas teatralizadas - COPE Alcoy","description":"La Fira de Cocentaina estrena novedades en sus rutas guiadas teatralizadas","robots":{"index":"index","follow":"follow","max-snippet":"max-snippet:-1","max-image-preview":"max-image-preview:large","max-video-preview":"max-video-preview:-1"},"canonical":"https:\/\/www.copealcoy.es\/es\/la-fira-de-cocentaina-estrena-novedades-en-sus-rutas-guiadas-teatralizadas\/","og_locale":"es_ES","og_type":"article","og_title":"La Fira de Cocentaina estrena novedades en sus rutas guiadas teatralizadas - COPE Alcoy","og_description":"La Fira de Cocentaina estrena novedades en sus rutas guiadas teatralizadas","og_url":"https:\/\/www.copealcoy.es\/es\/la-fira-de-cocentaina-estrena-novedades-en-sus-rutas-guiadas-teatralizadas\/","og_site_name":"COPE Alcoy","article_published_time":"2025-09-24T07:30:17+00:00","article_modified_time":"2025-09-24T10:43:51+00:00","og_image":[{"width":1440,"height":663,"url":"https:\/\/www.copealcoy.es\/wp-content\/uploads\/2025\/09\/1-2.jpg","type":"image\/jpeg"}],"author":"Cope Alcoy","twitter_misc":{"Escrito por":"Cope Alcoy","Tiempo de lectura":"2 minutos"},"schema":{"@context":"https:\/\/schema.org","@graph":[{"@type":"Article","@id":"https:\/\/www.copealcoy.es\/es\/la-fira-de-cocentaina-estrena-novedades-en-sus-rutas-guiadas-teatralizadas\/#article","isPartOf":{"@id":"https:\/\/www.copealcoy.es\/es\/la-fira-de-cocentaina-estrena-novedades-en-sus-rutas-guiadas-teatralizadas\/"},"author":{"name":"Cope Alcoy","@id":"https:\/\/www.copealcoy.es\/es\/#\/schema\/person\/e777c87fa024e57d40170af9df39882c"},"headline":"La Fira de Cocentaina estrena novedades en sus rutas guiadas teatralizadas","datePublished":"2025-09-24T07:30:17+00:00","dateModified":"2025-09-24T10:43:51+00:00","mainEntityOfPage":{"@id":"https:\/\/www.copealcoy.es\/es\/la-fira-de-cocentaina-estrena-novedades-en-sus-rutas-guiadas-teatralizadas\/"},"wordCount":340,"image":{"@id":"https:\/\/www.copealcoy.es\/es\/la-fira-de-cocentaina-estrena-novedades-en-sus-rutas-guiadas-teatralizadas\/#primaryimage"},"thumbnailUrl":"https:\/\/www.copealcoy.es\/wp-content\/uploads\/2025\/09\/1-2.jpg","keywords":["Cocentaina","Fira de Tots Sants","Quique Camallonga","visitas guiadas"],"articleSection":["Actualidad","Comarcas","Noticias"],"inLanguage":"es"},{"@type":"WebPage","@id":"https:\/\/www.copealcoy.es\/es\/la-fira-de-cocentaina-estrena-novedades-en-sus-rutas-guiadas-teatralizadas\/","url":"https:\/\/www.copealcoy.es\/es\/la-fira-de-cocentaina-estrena-novedades-en-sus-rutas-guiadas-teatralizadas\/","name":"La Fira de Cocentaina estrena novedades en sus rutas guiadas teatralizadas - COPE Alcoy","isPartOf":{"@id":"https:\/\/www.copealcoy.es\/es\/#website"},"primaryImageOfPage":{"@id":"https:\/\/www.copealcoy.es\/es\/la-fira-de-cocentaina-estrena-novedades-en-sus-rutas-guiadas-teatralizadas\/#primaryimage"},"image":{"@id":"https:\/\/www.copealcoy.es\/es\/la-fira-de-cocentaina-estrena-novedades-en-sus-rutas-guiadas-teatralizadas\/#primaryimage"},"thumbnailUrl":"https:\/\/www.copealcoy.es\/wp-content\/uploads\/2025\/09\/1-2.jpg","datePublished":"2025-09-24T07:30:17+00:00","dateModified":"2025-09-24T10:43:51+00:00","author":{"@id":"https:\/\/www.copealcoy.es\/es\/#\/schema\/person\/e777c87fa024e57d40170af9df39882c"},"description":"La Fira de Cocentaina estrena novedades en sus rutas guiadas teatralizadas","breadcrumb":{"@id":"https:\/\/www.copealcoy.es\/es\/la-fira-de-cocentaina-estrena-novedades-en-sus-rutas-guiadas-teatralizadas\/#breadcrumb"},"inLanguage":"es","potentialAction":[{"@type":"ReadAction","target":["https:\/\/www.copealcoy.es\/es\/la-fira-de-cocentaina-estrena-novedades-en-sus-rutas-guiadas-teatralizadas\/"]}]},{"@type":"ImageObject","inLanguage":"es","@id":"https:\/\/www.copealcoy.es\/es\/la-fira-de-cocentaina-estrena-novedades-en-sus-rutas-guiadas-teatralizadas\/#primaryimage","url":"https:\/\/www.copealcoy.es\/wp-content\/uploads\/2025\/09\/1-2.jpg","contentUrl":"https:\/\/www.copealcoy.es\/wp-content\/uploads\/2025\/09\/1-2.jpg","width":1440,"height":663},{"@type":"BreadcrumbList","@id":"https:\/\/www.copealcoy.es\/es\/la-fira-de-cocentaina-estrena-novedades-en-sus-rutas-guiadas-teatralizadas\/#breadcrumb","itemListElement":[{"@type":"ListItem","position":1,"name":"Portada","item":"https:\/\/www.copealcoy.es\/es\/"},{"@type":"ListItem","position":2,"name":"La Fira de Cocentaina estrena novedades en sus rutas guiadas teatralizadas"}]},{"@type":"WebSite","@id":"https:\/\/www.copealcoy.es\/es\/#website","url":"https:\/\/www.copealcoy.es\/es\/","name":"COPE Alcoy","description":"Emisora COPE de radio local con emisi\u00f3n online. Pont de Sant Jordi 8-10 03803 Alcoy","potentialAction":[{"@type":"SearchAction","target":{"@type":"EntryPoint","urlTemplate":"https:\/\/www.copealcoy.es\/es\/?s={search_term_string}"},"query-input":{"@type":"PropertyValueSpecification","valueRequired":true,"valueName":"search_term_string"}}],"inLanguage":"es"},{"@type":"Person","@id":"https:\/\/www.copealcoy.es\/es\/#\/schema\/person\/e777c87fa024e57d40170af9df39882c","name":"Cope Alcoy","image":{"@type":"ImageObject","inLanguage":"es","@id":"https:\/\/secure.gravatar.com\/avatar\/bb65d0283347e303893ba14f0692005417c1e0e690a325a4c5d8bb2b3943ee14?s=96&d=mm&r=g","url":"https:\/\/secure.gravatar.com\/avatar\/bb65d0283347e303893ba14f0692005417c1e0e690a325a4c5d8bb2b3943ee14?s=96&d=mm&r=g","contentUrl":"https:\/\/secure.gravatar.com\/avatar\/bb65d0283347e303893ba14f0692005417c1e0e690a325a4c5d8bb2b3943ee14?s=96&d=mm&r=g","caption":"Cope Alcoy"}}]}},"_links":{"self":[{"href":"https:\/\/www.copealcoy.es\/es\/wp-json\/wp\/v2\/posts\/157503","targetHints":{"allow":["GET"]}}],"collection":[{"href":"https:\/\/www.copealcoy.es\/es\/wp-json\/wp\/v2\/posts"}],"about":[{"href":"https:\/\/www.copealcoy.es\/es\/wp-json\/wp\/v2\/types\/post"}],"author":[{"embeddable":true,"href":"https:\/\/www.copealcoy.es\/es\/wp-json\/wp\/v2\/users\/1"}],"replies":[{"embeddable":true,"href":"https:\/\/www.copealcoy.es\/es\/wp-json\/wp\/v2\/comments?post=157503"}],"version-history":[{"count":3,"href":"https:\/\/www.copealcoy.es\/es\/wp-json\/wp\/v2\/posts\/157503\/revisions"}],"predecessor-version":[{"id":157511,"href":"https:\/\/www.copealcoy.es\/es\/wp-json\/wp\/v2\/posts\/157503\/revisions\/157511"}],"wp:featuredmedia":[{"embeddable":true,"href":"https:\/\/www.copealcoy.es\/es\/wp-json\/wp\/v2\/media\/157504"}],"wp:attachment":[{"href":"https:\/\/www.copealcoy.es\/es\/wp-json\/wp\/v2\/media?parent=157503"}],"wp:term":[{"taxonomy":"category","embeddable":true,"href":"https:\/\/www.copealcoy.es\/es\/wp-json\/wp\/v2\/categories?post=157503"},{"taxonomy":"post_tag","embeddable":true,"href":"https:\/\/www.copealcoy.es\/es\/wp-json\/wp\/v2\/tags?post=157503"}],"curies":[{"name":"wp","href":"https:\/\/api.w.org\/{rel}","templated":true}]}}