{"id":15750,"date":"2015-09-16T14:39:56","date_gmt":"2015-09-16T14:39:56","guid":{"rendered":"http:\/\/copealcoi.es\/new\/?p=15750"},"modified":"2015-09-16T14:44:36","modified_gmt":"2015-09-16T14:44:36","slug":"romu-agullo-pregonara-la-fira-de-tots-sants","status":"publish","type":"post","link":"https:\/\/www.copealcoy.es\/es\/romu-agullo-pregonara-la-fira-de-tots-sants\/","title":{"rendered":"Romu Agull\u00f3 pregonar\u00e1 la Fira de Tots Sants"},"content":{"rendered":"<p style=\"text-align: justify;\">El productor y compositor de Cocentaina Romu Agull\u00f3 ser\u00e1 el encargado de leer el privilegi de la Fira, que en 1346 otorg\u00f3 el Rey Pere IV El Ceremoni\u00f3s a la Villa Condal, el pr\u00f3ximo 30 de octubre en el transcurso del acto inaugural de la edici\u00f3n de este a\u00f1o. Hay que destacar que Agull\u00f3 cuenta con una dilatada y reconocida carrera\u00a0musical tanto en su localidad natal como incluso en el \u00e1mbito internacional. De hecho ha sido premiado en\u00a0el\u00a0Hollywood Music in Media Awards al mejor tema\u00a0new-age\/ambiente por su composici\u00f3n &#8220;Atardecer en el Mediterr\u00e1neo&#8221; y en el Global Music Awards medalla de bronce en la categor\u00eda instrumental new-age por &#8220;Flores de la Mariola&#8221;, y medalla de plata en la misma secci\u00f3n por &#8220;Pensando en ti&#8221;. Adem\u00e1s su m\u00fasica se ha empleado en bandas sonoras para cine, televisi\u00f3n o publicidad.<\/p>\n<p style=\"text-align: justify;\">La edil de Fira, Mariona Carbonell, ha destacado que Romu Agull\u00f3 es una persona sobradamente conocida en Cocentaina &#8220;y por su\u00a0trayectoria personal y profesional merece este homenaje que se le otorgar\u00e1 en el marco de un acontecimiento tan importante como es la Fira&#8221;, apunta. Adem\u00e1s el encargado de leer el privilegi se ha sentido agradecido por ser el pregonero &#8220;recibo cada d\u00eda el afecto de Cocentaina y que hayan pensado en m\u00ed para esta tarea me hace sentirme muy feliz&#8221;, concluye.<\/p>\n<p style=\"text-align: justify;\">Indicar tambi\u00e9n que el Consell de Fira ha fallado ya el concurso del cartel del Certamen al que se han presentado un total de 20 obras. El ganador es Rai Montava por su trabajo &#8220;ja brama la Fira&#8221;. La obra ser\u00e1 presentada el pr\u00f3ximo viernes 2 de octubre en el Centre Cultural El Teular de Cocentaina en un acto en el que tambi\u00e9n se dar\u00e1n a conocer las principales novedades de la Fira de Tots Sants 2015.<\/p>\n","protected":false},"excerpt":{"rendered":"<p>El productor y compositor de Cocentaina Romu Agull\u00f3 ser\u00e1 el encargado de leer el privilegi de la Fira, que en&#8230;<\/p>\n","protected":false},"author":1,"featured_media":15753,"comment_status":"open","ping_status":"open","sticky":false,"template":"","format":"standard","meta":{"footnotes":""},"categories":[98,75],"tags":[908,132,237,676,1422,1423],"class_list":["post-15750","post","type-post","status-publish","format-standard","has-post-thumbnail","hentry","category-comarcas","category-noticias","tag-cartel","tag-cocentaina","tag-comtat","tag-fira","tag-pregonero","tag-privilegi"],"yoast_head":"<!-- This site is optimized with the Yoast SEO plugin v27.3 - https:\/\/yoast.com\/product\/yoast-seo-wordpress\/ -->\n<title>Romu Agull\u00f3 pregonar\u00e1 la Fira de Tots Sants - COPE Alcoy<\/title>\n<meta name=\"robots\" content=\"index, follow, max-snippet:-1, max-image-preview:large, max-video-preview:-1\" \/>\n<link rel=\"canonical\" href=\"https:\/\/www.copealcoy.es\/es\/romu-agullo-pregonara-la-fira-de-tots-sants\/\" \/>\n<meta property=\"og:locale\" content=\"es_ES\" \/>\n<meta property=\"og:type\" content=\"article\" \/>\n<meta property=\"og:title\" content=\"Romu Agull\u00f3 pregonar\u00e1 la Fira de Tots Sants - COPE Alcoy\" \/>\n<meta property=\"og:description\" content=\"El productor y compositor de Cocentaina Romu Agull\u00f3 ser\u00e1 el encargado de leer el privilegi de la Fira, que en...\" \/>\n<meta property=\"og:url\" content=\"https:\/\/www.copealcoy.es\/es\/romu-agullo-pregonara-la-fira-de-tots-sants\/\" \/>\n<meta property=\"og:site_name\" content=\"COPE Alcoy\" \/>\n<meta property=\"article:published_time\" content=\"2015-09-16T14:39:56+00:00\" \/>\n<meta property=\"article:modified_time\" content=\"2015-09-16T14:44:36+00:00\" \/>\n<meta property=\"og:image\" content=\"https:\/\/www.copealcoy.es\/wp-content\/uploads\/2015\/09\/12039279_906956936066287_7348934042847736897_n.jpg\" \/>\n\t<meta property=\"og:image:width\" content=\"670\" \/>\n\t<meta property=\"og:image:height\" content=\"377\" \/>\n\t<meta property=\"og:image:type\" content=\"image\/jpeg\" \/>\n<meta name=\"author\" content=\"Cope Alcoy\" \/>\n<meta name=\"twitter:label1\" content=\"Escrito por\" \/>\n\t<meta name=\"twitter:data1\" content=\"Cope Alcoy\" \/>\n\t<meta name=\"twitter:label2\" content=\"Tiempo de lectura\" \/>\n\t<meta name=\"twitter:data2\" content=\"2 minutos\" \/>\n<script type=\"application\/ld+json\" class=\"yoast-schema-graph\">{\"@context\":\"https:\\\/\\\/schema.org\",\"@graph\":[{\"@type\":\"Article\",\"@id\":\"https:\\\/\\\/www.copealcoy.es\\\/es\\\/romu-agullo-pregonara-la-fira-de-tots-sants\\\/#article\",\"isPartOf\":{\"@id\":\"https:\\\/\\\/www.copealcoy.es\\\/es\\\/romu-agullo-pregonara-la-fira-de-tots-sants\\\/\"},\"author\":{\"name\":\"Cope Alcoy\",\"@id\":\"https:\\\/\\\/www.copealcoy.es\\\/es\\\/#\\\/schema\\\/person\\\/e777c87fa024e57d40170af9df39882c\"},\"headline\":\"Romu Agull\u00f3 pregonar\u00e1 la Fira de Tots Sants\",\"datePublished\":\"2015-09-16T14:39:56+00:00\",\"dateModified\":\"2015-09-16T14:44:36+00:00\",\"mainEntityOfPage\":{\"@id\":\"https:\\\/\\\/www.copealcoy.es\\\/es\\\/romu-agullo-pregonara-la-fira-de-tots-sants\\\/\"},\"wordCount\":321,\"commentCount\":0,\"image\":{\"@id\":\"https:\\\/\\\/www.copealcoy.es\\\/es\\\/romu-agullo-pregonara-la-fira-de-tots-sants\\\/#primaryimage\"},\"thumbnailUrl\":\"https:\\\/\\\/www.copealcoy.es\\\/wp-content\\\/uploads\\\/2015\\\/09\\\/12039279_906956936066287_7348934042847736897_n.jpg\",\"keywords\":[\"Cartel\",\"Cocentaina\",\"Comtat\",\"Fira\",\"Pregonero\",\"Privilegi\"],\"articleSection\":[\"Comarcas\",\"Noticias\"],\"inLanguage\":\"es\"},{\"@type\":\"WebPage\",\"@id\":\"https:\\\/\\\/www.copealcoy.es\\\/es\\\/romu-agullo-pregonara-la-fira-de-tots-sants\\\/\",\"url\":\"https:\\\/\\\/www.copealcoy.es\\\/es\\\/romu-agullo-pregonara-la-fira-de-tots-sants\\\/\",\"name\":\"Romu Agull\u00f3 pregonar\u00e1 la Fira de Tots Sants - COPE Alcoy\",\"isPartOf\":{\"@id\":\"https:\\\/\\\/www.copealcoy.es\\\/es\\\/#website\"},\"primaryImageOfPage\":{\"@id\":\"https:\\\/\\\/www.copealcoy.es\\\/es\\\/romu-agullo-pregonara-la-fira-de-tots-sants\\\/#primaryimage\"},\"image\":{\"@id\":\"https:\\\/\\\/www.copealcoy.es\\\/es\\\/romu-agullo-pregonara-la-fira-de-tots-sants\\\/#primaryimage\"},\"thumbnailUrl\":\"https:\\\/\\\/www.copealcoy.es\\\/wp-content\\\/uploads\\\/2015\\\/09\\\/12039279_906956936066287_7348934042847736897_n.jpg\",\"datePublished\":\"2015-09-16T14:39:56+00:00\",\"dateModified\":\"2015-09-16T14:44:36+00:00\",\"author\":{\"@id\":\"https:\\\/\\\/www.copealcoy.es\\\/es\\\/#\\\/schema\\\/person\\\/e777c87fa024e57d40170af9df39882c\"},\"breadcrumb\":{\"@id\":\"https:\\\/\\\/www.copealcoy.es\\\/es\\\/romu-agullo-pregonara-la-fira-de-tots-sants\\\/#breadcrumb\"},\"inLanguage\":\"es\",\"potentialAction\":[{\"@type\":\"ReadAction\",\"target\":[\"https:\\\/\\\/www.copealcoy.es\\\/es\\\/romu-agullo-pregonara-la-fira-de-tots-sants\\\/\"]}]},{\"@type\":\"ImageObject\",\"inLanguage\":\"es\",\"@id\":\"https:\\\/\\\/www.copealcoy.es\\\/es\\\/romu-agullo-pregonara-la-fira-de-tots-sants\\\/#primaryimage\",\"url\":\"https:\\\/\\\/www.copealcoy.es\\\/wp-content\\\/uploads\\\/2015\\\/09\\\/12039279_906956936066287_7348934042847736897_n.jpg\",\"contentUrl\":\"https:\\\/\\\/www.copealcoy.es\\\/wp-content\\\/uploads\\\/2015\\\/09\\\/12039279_906956936066287_7348934042847736897_n.jpg\",\"width\":670,\"height\":377,\"caption\":\"Romu Agull\u00f3 ser\u00e1 el pregonero de la edici\u00f3n 2015 de la Fira\"},{\"@type\":\"BreadcrumbList\",\"@id\":\"https:\\\/\\\/www.copealcoy.es\\\/es\\\/romu-agullo-pregonara-la-fira-de-tots-sants\\\/#breadcrumb\",\"itemListElement\":[{\"@type\":\"ListItem\",\"position\":1,\"name\":\"Portada\",\"item\":\"https:\\\/\\\/www.copealcoy.es\\\/es\\\/\"},{\"@type\":\"ListItem\",\"position\":2,\"name\":\"Romu Agull\u00f3 pregonar\u00e1 la Fira de Tots Sants\"}]},{\"@type\":\"WebSite\",\"@id\":\"https:\\\/\\\/www.copealcoy.es\\\/es\\\/#website\",\"url\":\"https:\\\/\\\/www.copealcoy.es\\\/es\\\/\",\"name\":\"COPE Alcoy\",\"description\":\"Emisora COPE de radio local con emisi\u00f3n online. Pont de Sant Jordi 8-10 03803 Alcoy\",\"potentialAction\":[{\"@type\":\"SearchAction\",\"target\":{\"@type\":\"EntryPoint\",\"urlTemplate\":\"https:\\\/\\\/www.copealcoy.es\\\/es\\\/?s={search_term_string}\"},\"query-input\":{\"@type\":\"PropertyValueSpecification\",\"valueRequired\":true,\"valueName\":\"search_term_string\"}}],\"inLanguage\":\"es\"},{\"@type\":\"Person\",\"@id\":\"https:\\\/\\\/www.copealcoy.es\\\/es\\\/#\\\/schema\\\/person\\\/e777c87fa024e57d40170af9df39882c\",\"name\":\"Cope Alcoy\",\"image\":{\"@type\":\"ImageObject\",\"inLanguage\":\"es\",\"@id\":\"https:\\\/\\\/secure.gravatar.com\\\/avatar\\\/bb65d0283347e303893ba14f0692005417c1e0e690a325a4c5d8bb2b3943ee14?s=96&d=mm&r=g\",\"url\":\"https:\\\/\\\/secure.gravatar.com\\\/avatar\\\/bb65d0283347e303893ba14f0692005417c1e0e690a325a4c5d8bb2b3943ee14?s=96&d=mm&r=g\",\"contentUrl\":\"https:\\\/\\\/secure.gravatar.com\\\/avatar\\\/bb65d0283347e303893ba14f0692005417c1e0e690a325a4c5d8bb2b3943ee14?s=96&d=mm&r=g\",\"caption\":\"Cope Alcoy\"}}]}<\/script>\n<!-- \/ Yoast SEO plugin. -->","yoast_head_json":{"title":"Romu Agull\u00f3 pregonar\u00e1 la Fira de Tots Sants - COPE Alcoy","robots":{"index":"index","follow":"follow","max-snippet":"max-snippet:-1","max-image-preview":"max-image-preview:large","max-video-preview":"max-video-preview:-1"},"canonical":"https:\/\/www.copealcoy.es\/es\/romu-agullo-pregonara-la-fira-de-tots-sants\/","og_locale":"es_ES","og_type":"article","og_title":"Romu Agull\u00f3 pregonar\u00e1 la Fira de Tots Sants - COPE Alcoy","og_description":"El productor y compositor de Cocentaina Romu Agull\u00f3 ser\u00e1 el encargado de leer el privilegi de la Fira, que en...","og_url":"https:\/\/www.copealcoy.es\/es\/romu-agullo-pregonara-la-fira-de-tots-sants\/","og_site_name":"COPE Alcoy","article_published_time":"2015-09-16T14:39:56+00:00","article_modified_time":"2015-09-16T14:44:36+00:00","og_image":[{"width":670,"height":377,"url":"https:\/\/www.copealcoy.es\/wp-content\/uploads\/2015\/09\/12039279_906956936066287_7348934042847736897_n.jpg","type":"image\/jpeg"}],"author":"Cope Alcoy","twitter_misc":{"Escrito por":"Cope Alcoy","Tiempo de lectura":"2 minutos"},"schema":{"@context":"https:\/\/schema.org","@graph":[{"@type":"Article","@id":"https:\/\/www.copealcoy.es\/es\/romu-agullo-pregonara-la-fira-de-tots-sants\/#article","isPartOf":{"@id":"https:\/\/www.copealcoy.es\/es\/romu-agullo-pregonara-la-fira-de-tots-sants\/"},"author":{"name":"Cope Alcoy","@id":"https:\/\/www.copealcoy.es\/es\/#\/schema\/person\/e777c87fa024e57d40170af9df39882c"},"headline":"Romu Agull\u00f3 pregonar\u00e1 la Fira de Tots Sants","datePublished":"2015-09-16T14:39:56+00:00","dateModified":"2015-09-16T14:44:36+00:00","mainEntityOfPage":{"@id":"https:\/\/www.copealcoy.es\/es\/romu-agullo-pregonara-la-fira-de-tots-sants\/"},"wordCount":321,"commentCount":0,"image":{"@id":"https:\/\/www.copealcoy.es\/es\/romu-agullo-pregonara-la-fira-de-tots-sants\/#primaryimage"},"thumbnailUrl":"https:\/\/www.copealcoy.es\/wp-content\/uploads\/2015\/09\/12039279_906956936066287_7348934042847736897_n.jpg","keywords":["Cartel","Cocentaina","Comtat","Fira","Pregonero","Privilegi"],"articleSection":["Comarcas","Noticias"],"inLanguage":"es"},{"@type":"WebPage","@id":"https:\/\/www.copealcoy.es\/es\/romu-agullo-pregonara-la-fira-de-tots-sants\/","url":"https:\/\/www.copealcoy.es\/es\/romu-agullo-pregonara-la-fira-de-tots-sants\/","name":"Romu Agull\u00f3 pregonar\u00e1 la Fira de Tots Sants - COPE Alcoy","isPartOf":{"@id":"https:\/\/www.copealcoy.es\/es\/#website"},"primaryImageOfPage":{"@id":"https:\/\/www.copealcoy.es\/es\/romu-agullo-pregonara-la-fira-de-tots-sants\/#primaryimage"},"image":{"@id":"https:\/\/www.copealcoy.es\/es\/romu-agullo-pregonara-la-fira-de-tots-sants\/#primaryimage"},"thumbnailUrl":"https:\/\/www.copealcoy.es\/wp-content\/uploads\/2015\/09\/12039279_906956936066287_7348934042847736897_n.jpg","datePublished":"2015-09-16T14:39:56+00:00","dateModified":"2015-09-16T14:44:36+00:00","author":{"@id":"https:\/\/www.copealcoy.es\/es\/#\/schema\/person\/e777c87fa024e57d40170af9df39882c"},"breadcrumb":{"@id":"https:\/\/www.copealcoy.es\/es\/romu-agullo-pregonara-la-fira-de-tots-sants\/#breadcrumb"},"inLanguage":"es","potentialAction":[{"@type":"ReadAction","target":["https:\/\/www.copealcoy.es\/es\/romu-agullo-pregonara-la-fira-de-tots-sants\/"]}]},{"@type":"ImageObject","inLanguage":"es","@id":"https:\/\/www.copealcoy.es\/es\/romu-agullo-pregonara-la-fira-de-tots-sants\/#primaryimage","url":"https:\/\/www.copealcoy.es\/wp-content\/uploads\/2015\/09\/12039279_906956936066287_7348934042847736897_n.jpg","contentUrl":"https:\/\/www.copealcoy.es\/wp-content\/uploads\/2015\/09\/12039279_906956936066287_7348934042847736897_n.jpg","width":670,"height":377,"caption":"Romu Agull\u00f3 ser\u00e1 el pregonero de la edici\u00f3n 2015 de la Fira"},{"@type":"BreadcrumbList","@id":"https:\/\/www.copealcoy.es\/es\/romu-agullo-pregonara-la-fira-de-tots-sants\/#breadcrumb","itemListElement":[{"@type":"ListItem","position":1,"name":"Portada","item":"https:\/\/www.copealcoy.es\/es\/"},{"@type":"ListItem","position":2,"name":"Romu Agull\u00f3 pregonar\u00e1 la Fira de Tots Sants"}]},{"@type":"WebSite","@id":"https:\/\/www.copealcoy.es\/es\/#website","url":"https:\/\/www.copealcoy.es\/es\/","name":"COPE Alcoy","description":"Emisora COPE de radio local con emisi\u00f3n online. Pont de Sant Jordi 8-10 03803 Alcoy","potentialAction":[{"@type":"SearchAction","target":{"@type":"EntryPoint","urlTemplate":"https:\/\/www.copealcoy.es\/es\/?s={search_term_string}"},"query-input":{"@type":"PropertyValueSpecification","valueRequired":true,"valueName":"search_term_string"}}],"inLanguage":"es"},{"@type":"Person","@id":"https:\/\/www.copealcoy.es\/es\/#\/schema\/person\/e777c87fa024e57d40170af9df39882c","name":"Cope Alcoy","image":{"@type":"ImageObject","inLanguage":"es","@id":"https:\/\/secure.gravatar.com\/avatar\/bb65d0283347e303893ba14f0692005417c1e0e690a325a4c5d8bb2b3943ee14?s=96&d=mm&r=g","url":"https:\/\/secure.gravatar.com\/avatar\/bb65d0283347e303893ba14f0692005417c1e0e690a325a4c5d8bb2b3943ee14?s=96&d=mm&r=g","contentUrl":"https:\/\/secure.gravatar.com\/avatar\/bb65d0283347e303893ba14f0692005417c1e0e690a325a4c5d8bb2b3943ee14?s=96&d=mm&r=g","caption":"Cope Alcoy"}}]}},"_links":{"self":[{"href":"https:\/\/www.copealcoy.es\/es\/wp-json\/wp\/v2\/posts\/15750","targetHints":{"allow":["GET"]}}],"collection":[{"href":"https:\/\/www.copealcoy.es\/es\/wp-json\/wp\/v2\/posts"}],"about":[{"href":"https:\/\/www.copealcoy.es\/es\/wp-json\/wp\/v2\/types\/post"}],"author":[{"embeddable":true,"href":"https:\/\/www.copealcoy.es\/es\/wp-json\/wp\/v2\/users\/1"}],"replies":[{"embeddable":true,"href":"https:\/\/www.copealcoy.es\/es\/wp-json\/wp\/v2\/comments?post=15750"}],"version-history":[{"count":0,"href":"https:\/\/www.copealcoy.es\/es\/wp-json\/wp\/v2\/posts\/15750\/revisions"}],"wp:featuredmedia":[{"embeddable":true,"href":"https:\/\/www.copealcoy.es\/es\/wp-json\/wp\/v2\/media\/15753"}],"wp:attachment":[{"href":"https:\/\/www.copealcoy.es\/es\/wp-json\/wp\/v2\/media?parent=15750"}],"wp:term":[{"taxonomy":"category","embeddable":true,"href":"https:\/\/www.copealcoy.es\/es\/wp-json\/wp\/v2\/categories?post=15750"},{"taxonomy":"post_tag","embeddable":true,"href":"https:\/\/www.copealcoy.es\/es\/wp-json\/wp\/v2\/tags?post=15750"}],"curies":[{"name":"wp","href":"https:\/\/api.w.org\/{rel}","templated":true}]}}