{"id":157409,"date":"2025-09-21T00:16:06","date_gmt":"2025-09-20T23:16:06","guid":{"rendered":"https:\/\/www.copealcoy.es\/?p=157409"},"modified":"2025-09-21T18:37:40","modified_gmt":"2025-09-21T17:37:40","slug":"la-ofrenda-y-la-crida-animan-a-acompanar-a-la-patrona-de-alcoy-hasta-la-font-roja","status":"publish","type":"post","link":"https:\/\/www.copealcoy.es\/es\/la-ofrenda-y-la-crida-animan-a-acompanar-a-la-patrona-de-alcoy-hasta-la-font-roja\/","title":{"rendered":"La ofrenda y &#8216;La Crida&#8217; animan a acompa\u00f1ar a la patrona de Alcoy hasta la Font Roja"},"content":{"rendered":"<p style=\"text-align: justify;\">Alcoy <strong>disfruta de los d\u00edas grandes de las fiestas en honor a su patrona<\/strong>, la <a href=\"https:\/\/www.facebook.com\/arxiconfrariavergedelslliris\" target=\"_blank\" rel=\"noopener\"><span style=\"color: #0000ff;\"><strong>Virgen de los Lirios<\/strong><\/span><\/a>, y en la tarde de este s\u00e1bado <strong>la ciudad ha rendido todos los honores a la Mare de D\u00e9u<\/strong>. La ofrenda floral, &#8216;La Crida&#8217; y el traslado de la patrona hasta la plaza de Espa\u00f1a<strong> han sido algunos de los actos m\u00e1s destacados<\/strong> en la tarde de la v\u00edspera de la esperada Romer\u00eda hasta la Font Roja.<\/p>\n<p style=\"text-align: justify;\">A las doce del mediod\u00eda <strong>han sonado con fuerza las campanas<\/strong> en las diferentes iglesias de Alcoy, anunciando la festividad, y a las 18:30h ha tenido lugar en la parroquia de San Mauro y San Francisco <strong>la celebraci\u00f3n de la misa solemne<\/strong>. Esta ha estado presidida por el Obispo Auxiliar de Valenciana, <strong>Excmo y Rvdmo Don Fernando Enrique Ram\u00f3n Casas<\/strong>, y concelebrada por el titular de las parroquias del Centro, <strong>Don Jes\u00fas Fuentes<\/strong>, junto a varios sacerdotes de nuestra ciudad o que ejercen su ministerio en Alcoy. Tras la eucarist\u00eda han sonado con volteado de nuevo campanas y los disparos de las salvas han acompa\u00f1ado el instante en el que la Virgen de los Lirios sal\u00eda de la iglesia para ser recibida con grandes aplausos a las puertas del templo. A continuaci\u00f3n <strong>ha comenzado el traslado hasta la plaza de Espa\u00f1a<\/strong>, donde se ha realizado la ofrenda floral, y all\u00ed la patrona ha sido recibida tambi\u00e9n entre v\u00edtores acompa\u00f1ada del ta\u00f1ido de los bronces de Santa Mar\u00eda. Uno de los momentos m\u00e1s emotivos se ha vivido cuando <strong>nuestro compa\u00f1ero Gabriel Pascual Borr\u00e0s<\/strong>, al frente de los servicios informativos de COPE ALCOY, ha pronunciado &#8216;La Crida&#8217; con la que ha invitado a todo el pueblo de Alcoy acompa\u00f1ar a la Virgen de los Lirios en la Romer\u00eda que tendr\u00e1 lugar este domingo &#8220;<em>Que a trenc d\u2019alba voltegen amb for\u00e7a les campanes, i que per tot arreu sone la m\u00fasica de dol\u00e7aina i tabal.\u00a0 Unim-nos com a poble, i caminem junts dem\u00e0 cap a la nostra Font Roja, que all\u00ed ens espera ella, alcaldessa perp\u00e8tua, com a preuada joia. Acompanyem tots a la Verge dels Lliris, des de carrers i places. Ambaixadora d\u2019aquesta ciutat d\u2019Alcoi, davant la p\u00e0tria celestia<\/em>l&#8221;, dijo en su alocuci\u00f3n.<\/p>\n<p style=\"text-align: justify;\">El canto del Himno de la Virgen de los Lirios, seguido del disparo de un castillo de fuegos artificiales, <strong>pusieron el punto y final al acto<\/strong>. Finalmente la patrona fue retornada a San Mauro y San Francisco, lugar desde donde saldr\u00e1 ma\u00f1ana la peregrina a las 07:00h para ser acompa\u00f1ada hasta el monte carrascal por los alcoyanos y las alcoyanas.<\/p>\n<div id='gallery-1' class='gallery galleryid-157409 gallery-columns-2 gallery-size-large'><figure class='gallery-item'>\n\t\t\t<div class='gallery-icon landscape'>\n\t\t\t\t<a href='https:\/\/www.copealcoy.es\/es\/la-ofrenda-y-la-crida-animan-a-acompanar-a-la-patrona-de-alcoy-hasta-la-font-roja\/ofrenda-virgen-de-los-lirios-alcoy-2025\/'><img loading=\"lazy\" decoding=\"async\" width=\"980\" height=\"588\" src=\"https:\/\/www.copealcoy.es\/wp-content\/uploads\/2025\/09\/0-5-980x588.jpg\" class=\"attachment-large size-large\" alt=\"\" \/><\/a>\n\t\t\t<\/div><\/figure><figure class='gallery-item'>\n\t\t\t<div class='gallery-icon landscape'>\n\t\t\t\t<a href='https:\/\/www.copealcoy.es\/es\/la-ofrenda-y-la-crida-animan-a-acompanar-a-la-patrona-de-alcoy-hasta-la-font-roja\/fd77c1a2-c6b7-4465-b13c-dd02bd4590ca\/'><img loading=\"lazy\" decoding=\"async\" width=\"980\" height=\"588\" src=\"https:\/\/www.copealcoy.es\/wp-content\/uploads\/2025\/09\/fd77c1a2-c6b7-4465-b13c-dd02bd4590ca-980x588.jpg\" class=\"attachment-large size-large\" alt=\"\" \/><\/a>\n\t\t\t<\/div><\/figure><figure class='gallery-item'>\n\t\t\t<div class='gallery-icon landscape'>\n\t\t\t\t<a href='https:\/\/www.copealcoy.es\/es\/la-ofrenda-y-la-crida-animan-a-acompanar-a-la-patrona-de-alcoy-hasta-la-font-roja\/853bb9fd-df60-41f8-8ef2-e4741e1bcbb6\/'><img loading=\"lazy\" decoding=\"async\" width=\"980\" height=\"588\" src=\"https:\/\/www.copealcoy.es\/wp-content\/uploads\/2025\/09\/853bb9fd-df60-41f8-8ef2-e4741e1bcbb6-980x588.jpg\" class=\"attachment-large size-large\" alt=\"\" \/><\/a>\n\t\t\t<\/div><\/figure><figure class='gallery-item'>\n\t\t\t<div class='gallery-icon landscape'>\n\t\t\t\t<a href='https:\/\/www.copealcoy.es\/es\/la-ofrenda-y-la-crida-animan-a-acompanar-a-la-patrona-de-alcoy-hasta-la-font-roja\/f0588458-b9f0-4303-bcd1-1d2483f7d9cb\/'><img loading=\"lazy\" decoding=\"async\" width=\"980\" height=\"588\" src=\"https:\/\/www.copealcoy.es\/wp-content\/uploads\/2025\/09\/f0588458-b9f0-4303-bcd1-1d2483f7d9cb-980x588.jpg\" class=\"attachment-large size-large\" alt=\"\" \/><\/a>\n\t\t\t<\/div><\/figure>\n\t\t<\/div>\n\n","protected":false},"excerpt":{"rendered":"<p>Alcoy disfruta de los d\u00edas grandes de las fiestas en honor a su patrona, la Virgen de los Lirios, y&#8230;<\/p>\n","protected":false},"author":1,"featured_media":157413,"comment_status":"closed","ping_status":"closed","sticky":false,"template":"","format":"standard","meta":{"footnotes":""},"categories":[6909,97,78,75,125],"tags":[1494,10125,20026,9802,1347],"class_list":["post-157409","post","type-post","status-publish","format-standard","has-post-thumbnail","hentry","category-actualidad","category-alcoy","category-fiestaycultura","category-noticias","category-portada","tag-alcoy","tag-crida","tag-gabriel-pascual-borras","tag-romeria-font-roja","tag-virgen-de-los-lirios"],"yoast_head":"<!-- This site is optimized with the Yoast SEO plugin v27.3 - https:\/\/yoast.com\/product\/yoast-seo-wordpress\/ -->\n<title>La ofrenda y &#039;La Crida&#039; animan a acompa\u00f1ar a la patrona de Alcoy hasta la Font Roja - COPE Alcoy<\/title>\n<meta name=\"description\" content=\"La ofrenda y &#039;La Crida&#039; animan a acompa\u00f1ar a la patrona de Alcoy hasta la Font Roja\" \/>\n<meta name=\"robots\" content=\"index, follow, max-snippet:-1, max-image-preview:large, max-video-preview:-1\" \/>\n<link rel=\"canonical\" href=\"https:\/\/www.copealcoy.es\/es\/la-ofrenda-y-la-crida-animan-a-acompanar-a-la-patrona-de-alcoy-hasta-la-font-roja\/\" \/>\n<meta property=\"og:locale\" content=\"es_ES\" \/>\n<meta property=\"og:type\" content=\"article\" \/>\n<meta property=\"og:title\" content=\"La ofrenda y &#039;La Crida&#039; animan a acompa\u00f1ar a la patrona de Alcoy hasta la Font Roja - COPE Alcoy\" \/>\n<meta property=\"og:description\" content=\"La ofrenda y &#039;La Crida&#039; animan a acompa\u00f1ar a la patrona de Alcoy hasta la Font Roja\" \/>\n<meta property=\"og:url\" content=\"https:\/\/www.copealcoy.es\/es\/la-ofrenda-y-la-crida-animan-a-acompanar-a-la-patrona-de-alcoy-hasta-la-font-roja\/\" \/>\n<meta property=\"og:site_name\" content=\"COPE Alcoy\" \/>\n<meta property=\"article:published_time\" content=\"2025-09-20T23:16:06+00:00\" \/>\n<meta property=\"article:modified_time\" content=\"2025-09-21T17:37:40+00:00\" \/>\n<meta property=\"og:image\" content=\"https:\/\/www.copealcoy.es\/wp-content\/uploads\/2025\/09\/IMG_0642.jpeg\" \/>\n\t<meta property=\"og:image:width\" content=\"2048\" \/>\n\t<meta property=\"og:image:height\" content=\"1536\" \/>\n\t<meta property=\"og:image:type\" content=\"image\/jpeg\" \/>\n<meta name=\"author\" content=\"Cope Alcoy\" \/>\n<meta name=\"twitter:label1\" content=\"Escrito por\" \/>\n\t<meta name=\"twitter:data1\" content=\"Cope Alcoy\" \/>\n\t<meta name=\"twitter:label2\" content=\"Tiempo de lectura\" \/>\n\t<meta name=\"twitter:data2\" content=\"3 minutos\" \/>\n<script type=\"application\/ld+json\" class=\"yoast-schema-graph\">{\"@context\":\"https:\\\/\\\/schema.org\",\"@graph\":[{\"@type\":\"Article\",\"@id\":\"https:\\\/\\\/www.copealcoy.es\\\/es\\\/la-ofrenda-y-la-crida-animan-a-acompanar-a-la-patrona-de-alcoy-hasta-la-font-roja\\\/#article\",\"isPartOf\":{\"@id\":\"https:\\\/\\\/www.copealcoy.es\\\/es\\\/la-ofrenda-y-la-crida-animan-a-acompanar-a-la-patrona-de-alcoy-hasta-la-font-roja\\\/\"},\"author\":{\"name\":\"Cope Alcoy\",\"@id\":\"https:\\\/\\\/www.copealcoy.es\\\/es\\\/#\\\/schema\\\/person\\\/e777c87fa024e57d40170af9df39882c\"},\"headline\":\"La ofrenda y &#8216;La Crida&#8217; animan a acompa\u00f1ar a la patrona de Alcoy hasta la Font Roja\",\"datePublished\":\"2025-09-20T23:16:06+00:00\",\"dateModified\":\"2025-09-21T17:37:40+00:00\",\"mainEntityOfPage\":{\"@id\":\"https:\\\/\\\/www.copealcoy.es\\\/es\\\/la-ofrenda-y-la-crida-animan-a-acompanar-a-la-patrona-de-alcoy-hasta-la-font-roja\\\/\"},\"wordCount\":487,\"image\":{\"@id\":\"https:\\\/\\\/www.copealcoy.es\\\/es\\\/la-ofrenda-y-la-crida-animan-a-acompanar-a-la-patrona-de-alcoy-hasta-la-font-roja\\\/#primaryimage\"},\"thumbnailUrl\":\"https:\\\/\\\/www.copealcoy.es\\\/wp-content\\\/uploads\\\/2025\\\/09\\\/IMG_0642.jpeg\",\"keywords\":[\"Alcoy\",\"crida\",\"Gabriel Pascual Borr\u00e0s\",\"Romeria Font Roja\",\"Virgen de los Lirios\"],\"articleSection\":[\"Actualidad\",\"Alcoy\",\"Fiesta y Cultura\",\"Noticias\",\"Portada\"],\"inLanguage\":\"es\"},{\"@type\":\"WebPage\",\"@id\":\"https:\\\/\\\/www.copealcoy.es\\\/es\\\/la-ofrenda-y-la-crida-animan-a-acompanar-a-la-patrona-de-alcoy-hasta-la-font-roja\\\/\",\"url\":\"https:\\\/\\\/www.copealcoy.es\\\/es\\\/la-ofrenda-y-la-crida-animan-a-acompanar-a-la-patrona-de-alcoy-hasta-la-font-roja\\\/\",\"name\":\"La ofrenda y 'La Crida' animan a acompa\u00f1ar a la patrona de Alcoy hasta la Font Roja - COPE Alcoy\",\"isPartOf\":{\"@id\":\"https:\\\/\\\/www.copealcoy.es\\\/es\\\/#website\"},\"primaryImageOfPage\":{\"@id\":\"https:\\\/\\\/www.copealcoy.es\\\/es\\\/la-ofrenda-y-la-crida-animan-a-acompanar-a-la-patrona-de-alcoy-hasta-la-font-roja\\\/#primaryimage\"},\"image\":{\"@id\":\"https:\\\/\\\/www.copealcoy.es\\\/es\\\/la-ofrenda-y-la-crida-animan-a-acompanar-a-la-patrona-de-alcoy-hasta-la-font-roja\\\/#primaryimage\"},\"thumbnailUrl\":\"https:\\\/\\\/www.copealcoy.es\\\/wp-content\\\/uploads\\\/2025\\\/09\\\/IMG_0642.jpeg\",\"datePublished\":\"2025-09-20T23:16:06+00:00\",\"dateModified\":\"2025-09-21T17:37:40+00:00\",\"author\":{\"@id\":\"https:\\\/\\\/www.copealcoy.es\\\/es\\\/#\\\/schema\\\/person\\\/e777c87fa024e57d40170af9df39882c\"},\"description\":\"La ofrenda y 'La Crida' animan a acompa\u00f1ar a la patrona de Alcoy hasta la Font Roja\",\"breadcrumb\":{\"@id\":\"https:\\\/\\\/www.copealcoy.es\\\/es\\\/la-ofrenda-y-la-crida-animan-a-acompanar-a-la-patrona-de-alcoy-hasta-la-font-roja\\\/#breadcrumb\"},\"inLanguage\":\"es\",\"potentialAction\":[{\"@type\":\"ReadAction\",\"target\":[\"https:\\\/\\\/www.copealcoy.es\\\/es\\\/la-ofrenda-y-la-crida-animan-a-acompanar-a-la-patrona-de-alcoy-hasta-la-font-roja\\\/\"]}]},{\"@type\":\"ImageObject\",\"inLanguage\":\"es\",\"@id\":\"https:\\\/\\\/www.copealcoy.es\\\/es\\\/la-ofrenda-y-la-crida-animan-a-acompanar-a-la-patrona-de-alcoy-hasta-la-font-roja\\\/#primaryimage\",\"url\":\"https:\\\/\\\/www.copealcoy.es\\\/wp-content\\\/uploads\\\/2025\\\/09\\\/IMG_0642.jpeg\",\"contentUrl\":\"https:\\\/\\\/www.copealcoy.es\\\/wp-content\\\/uploads\\\/2025\\\/09\\\/IMG_0642.jpeg\",\"width\":2048,\"height\":1536},{\"@type\":\"BreadcrumbList\",\"@id\":\"https:\\\/\\\/www.copealcoy.es\\\/es\\\/la-ofrenda-y-la-crida-animan-a-acompanar-a-la-patrona-de-alcoy-hasta-la-font-roja\\\/#breadcrumb\",\"itemListElement\":[{\"@type\":\"ListItem\",\"position\":1,\"name\":\"Portada\",\"item\":\"https:\\\/\\\/www.copealcoy.es\\\/es\\\/\"},{\"@type\":\"ListItem\",\"position\":2,\"name\":\"La ofrenda y &#8216;La Crida&#8217; animan a acompa\u00f1ar a la patrona de Alcoy hasta la Font Roja\"}]},{\"@type\":\"WebSite\",\"@id\":\"https:\\\/\\\/www.copealcoy.es\\\/es\\\/#website\",\"url\":\"https:\\\/\\\/www.copealcoy.es\\\/es\\\/\",\"name\":\"COPE Alcoy\",\"description\":\"Emisora COPE de radio local con emisi\u00f3n online. Pont de Sant Jordi 8-10 03803 Alcoy\",\"potentialAction\":[{\"@type\":\"SearchAction\",\"target\":{\"@type\":\"EntryPoint\",\"urlTemplate\":\"https:\\\/\\\/www.copealcoy.es\\\/es\\\/?s={search_term_string}\"},\"query-input\":{\"@type\":\"PropertyValueSpecification\",\"valueRequired\":true,\"valueName\":\"search_term_string\"}}],\"inLanguage\":\"es\"},{\"@type\":\"Person\",\"@id\":\"https:\\\/\\\/www.copealcoy.es\\\/es\\\/#\\\/schema\\\/person\\\/e777c87fa024e57d40170af9df39882c\",\"name\":\"Cope Alcoy\",\"image\":{\"@type\":\"ImageObject\",\"inLanguage\":\"es\",\"@id\":\"https:\\\/\\\/secure.gravatar.com\\\/avatar\\\/bb65d0283347e303893ba14f0692005417c1e0e690a325a4c5d8bb2b3943ee14?s=96&d=mm&r=g\",\"url\":\"https:\\\/\\\/secure.gravatar.com\\\/avatar\\\/bb65d0283347e303893ba14f0692005417c1e0e690a325a4c5d8bb2b3943ee14?s=96&d=mm&r=g\",\"contentUrl\":\"https:\\\/\\\/secure.gravatar.com\\\/avatar\\\/bb65d0283347e303893ba14f0692005417c1e0e690a325a4c5d8bb2b3943ee14?s=96&d=mm&r=g\",\"caption\":\"Cope Alcoy\"}}]}<\/script>\n<!-- \/ Yoast SEO plugin. -->","yoast_head_json":{"title":"La ofrenda y 'La Crida' animan a acompa\u00f1ar a la patrona de Alcoy hasta la Font Roja - COPE Alcoy","description":"La ofrenda y 'La Crida' animan a acompa\u00f1ar a la patrona de Alcoy hasta la Font Roja","robots":{"index":"index","follow":"follow","max-snippet":"max-snippet:-1","max-image-preview":"max-image-preview:large","max-video-preview":"max-video-preview:-1"},"canonical":"https:\/\/www.copealcoy.es\/es\/la-ofrenda-y-la-crida-animan-a-acompanar-a-la-patrona-de-alcoy-hasta-la-font-roja\/","og_locale":"es_ES","og_type":"article","og_title":"La ofrenda y 'La Crida' animan a acompa\u00f1ar a la patrona de Alcoy hasta la Font Roja - COPE Alcoy","og_description":"La ofrenda y 'La Crida' animan a acompa\u00f1ar a la patrona de Alcoy hasta la Font Roja","og_url":"https:\/\/www.copealcoy.es\/es\/la-ofrenda-y-la-crida-animan-a-acompanar-a-la-patrona-de-alcoy-hasta-la-font-roja\/","og_site_name":"COPE Alcoy","article_published_time":"2025-09-20T23:16:06+00:00","article_modified_time":"2025-09-21T17:37:40+00:00","og_image":[{"width":2048,"height":1536,"url":"https:\/\/www.copealcoy.es\/wp-content\/uploads\/2025\/09\/IMG_0642.jpeg","type":"image\/jpeg"}],"author":"Cope Alcoy","twitter_misc":{"Escrito por":"Cope Alcoy","Tiempo de lectura":"3 minutos"},"schema":{"@context":"https:\/\/schema.org","@graph":[{"@type":"Article","@id":"https:\/\/www.copealcoy.es\/es\/la-ofrenda-y-la-crida-animan-a-acompanar-a-la-patrona-de-alcoy-hasta-la-font-roja\/#article","isPartOf":{"@id":"https:\/\/www.copealcoy.es\/es\/la-ofrenda-y-la-crida-animan-a-acompanar-a-la-patrona-de-alcoy-hasta-la-font-roja\/"},"author":{"name":"Cope Alcoy","@id":"https:\/\/www.copealcoy.es\/es\/#\/schema\/person\/e777c87fa024e57d40170af9df39882c"},"headline":"La ofrenda y &#8216;La Crida&#8217; animan a acompa\u00f1ar a la patrona de Alcoy hasta la Font Roja","datePublished":"2025-09-20T23:16:06+00:00","dateModified":"2025-09-21T17:37:40+00:00","mainEntityOfPage":{"@id":"https:\/\/www.copealcoy.es\/es\/la-ofrenda-y-la-crida-animan-a-acompanar-a-la-patrona-de-alcoy-hasta-la-font-roja\/"},"wordCount":487,"image":{"@id":"https:\/\/www.copealcoy.es\/es\/la-ofrenda-y-la-crida-animan-a-acompanar-a-la-patrona-de-alcoy-hasta-la-font-roja\/#primaryimage"},"thumbnailUrl":"https:\/\/www.copealcoy.es\/wp-content\/uploads\/2025\/09\/IMG_0642.jpeg","keywords":["Alcoy","crida","Gabriel Pascual Borr\u00e0s","Romeria Font Roja","Virgen de los Lirios"],"articleSection":["Actualidad","Alcoy","Fiesta y Cultura","Noticias","Portada"],"inLanguage":"es"},{"@type":"WebPage","@id":"https:\/\/www.copealcoy.es\/es\/la-ofrenda-y-la-crida-animan-a-acompanar-a-la-patrona-de-alcoy-hasta-la-font-roja\/","url":"https:\/\/www.copealcoy.es\/es\/la-ofrenda-y-la-crida-animan-a-acompanar-a-la-patrona-de-alcoy-hasta-la-font-roja\/","name":"La ofrenda y 'La Crida' animan a acompa\u00f1ar a la patrona de Alcoy hasta la Font Roja - COPE Alcoy","isPartOf":{"@id":"https:\/\/www.copealcoy.es\/es\/#website"},"primaryImageOfPage":{"@id":"https:\/\/www.copealcoy.es\/es\/la-ofrenda-y-la-crida-animan-a-acompanar-a-la-patrona-de-alcoy-hasta-la-font-roja\/#primaryimage"},"image":{"@id":"https:\/\/www.copealcoy.es\/es\/la-ofrenda-y-la-crida-animan-a-acompanar-a-la-patrona-de-alcoy-hasta-la-font-roja\/#primaryimage"},"thumbnailUrl":"https:\/\/www.copealcoy.es\/wp-content\/uploads\/2025\/09\/IMG_0642.jpeg","datePublished":"2025-09-20T23:16:06+00:00","dateModified":"2025-09-21T17:37:40+00:00","author":{"@id":"https:\/\/www.copealcoy.es\/es\/#\/schema\/person\/e777c87fa024e57d40170af9df39882c"},"description":"La ofrenda y 'La Crida' animan a acompa\u00f1ar a la patrona de Alcoy hasta la Font Roja","breadcrumb":{"@id":"https:\/\/www.copealcoy.es\/es\/la-ofrenda-y-la-crida-animan-a-acompanar-a-la-patrona-de-alcoy-hasta-la-font-roja\/#breadcrumb"},"inLanguage":"es","potentialAction":[{"@type":"ReadAction","target":["https:\/\/www.copealcoy.es\/es\/la-ofrenda-y-la-crida-animan-a-acompanar-a-la-patrona-de-alcoy-hasta-la-font-roja\/"]}]},{"@type":"ImageObject","inLanguage":"es","@id":"https:\/\/www.copealcoy.es\/es\/la-ofrenda-y-la-crida-animan-a-acompanar-a-la-patrona-de-alcoy-hasta-la-font-roja\/#primaryimage","url":"https:\/\/www.copealcoy.es\/wp-content\/uploads\/2025\/09\/IMG_0642.jpeg","contentUrl":"https:\/\/www.copealcoy.es\/wp-content\/uploads\/2025\/09\/IMG_0642.jpeg","width":2048,"height":1536},{"@type":"BreadcrumbList","@id":"https:\/\/www.copealcoy.es\/es\/la-ofrenda-y-la-crida-animan-a-acompanar-a-la-patrona-de-alcoy-hasta-la-font-roja\/#breadcrumb","itemListElement":[{"@type":"ListItem","position":1,"name":"Portada","item":"https:\/\/www.copealcoy.es\/es\/"},{"@type":"ListItem","position":2,"name":"La ofrenda y &#8216;La Crida&#8217; animan a acompa\u00f1ar a la patrona de Alcoy hasta la Font Roja"}]},{"@type":"WebSite","@id":"https:\/\/www.copealcoy.es\/es\/#website","url":"https:\/\/www.copealcoy.es\/es\/","name":"COPE Alcoy","description":"Emisora COPE de radio local con emisi\u00f3n online. Pont de Sant Jordi 8-10 03803 Alcoy","potentialAction":[{"@type":"SearchAction","target":{"@type":"EntryPoint","urlTemplate":"https:\/\/www.copealcoy.es\/es\/?s={search_term_string}"},"query-input":{"@type":"PropertyValueSpecification","valueRequired":true,"valueName":"search_term_string"}}],"inLanguage":"es"},{"@type":"Person","@id":"https:\/\/www.copealcoy.es\/es\/#\/schema\/person\/e777c87fa024e57d40170af9df39882c","name":"Cope Alcoy","image":{"@type":"ImageObject","inLanguage":"es","@id":"https:\/\/secure.gravatar.com\/avatar\/bb65d0283347e303893ba14f0692005417c1e0e690a325a4c5d8bb2b3943ee14?s=96&d=mm&r=g","url":"https:\/\/secure.gravatar.com\/avatar\/bb65d0283347e303893ba14f0692005417c1e0e690a325a4c5d8bb2b3943ee14?s=96&d=mm&r=g","contentUrl":"https:\/\/secure.gravatar.com\/avatar\/bb65d0283347e303893ba14f0692005417c1e0e690a325a4c5d8bb2b3943ee14?s=96&d=mm&r=g","caption":"Cope Alcoy"}}]}},"_links":{"self":[{"href":"https:\/\/www.copealcoy.es\/es\/wp-json\/wp\/v2\/posts\/157409","targetHints":{"allow":["GET"]}}],"collection":[{"href":"https:\/\/www.copealcoy.es\/es\/wp-json\/wp\/v2\/posts"}],"about":[{"href":"https:\/\/www.copealcoy.es\/es\/wp-json\/wp\/v2\/types\/post"}],"author":[{"embeddable":true,"href":"https:\/\/www.copealcoy.es\/es\/wp-json\/wp\/v2\/users\/1"}],"replies":[{"embeddable":true,"href":"https:\/\/www.copealcoy.es\/es\/wp-json\/wp\/v2\/comments?post=157409"}],"version-history":[{"count":3,"href":"https:\/\/www.copealcoy.es\/es\/wp-json\/wp\/v2\/posts\/157409\/revisions"}],"predecessor-version":[{"id":157427,"href":"https:\/\/www.copealcoy.es\/es\/wp-json\/wp\/v2\/posts\/157409\/revisions\/157427"}],"wp:featuredmedia":[{"embeddable":true,"href":"https:\/\/www.copealcoy.es\/es\/wp-json\/wp\/v2\/media\/157413"}],"wp:attachment":[{"href":"https:\/\/www.copealcoy.es\/es\/wp-json\/wp\/v2\/media?parent=157409"}],"wp:term":[{"taxonomy":"category","embeddable":true,"href":"https:\/\/www.copealcoy.es\/es\/wp-json\/wp\/v2\/categories?post=157409"},{"taxonomy":"post_tag","embeddable":true,"href":"https:\/\/www.copealcoy.es\/es\/wp-json\/wp\/v2\/tags?post=157409"}],"curies":[{"name":"wp","href":"https:\/\/api.w.org\/{rel}","templated":true}]}}