{"id":157114,"date":"2025-09-15T09:00:10","date_gmt":"2025-09-15T08:00:10","guid":{"rendered":"https:\/\/www.copealcoy.es\/?p=157114"},"modified":"2025-09-13T20:34:58","modified_gmt":"2025-09-13T19:34:58","slug":"las-fiestas-fueron-de-nuevo-la-cita-mas-esperada-del-verano-en-famorca","status":"publish","type":"post","link":"https:\/\/www.copealcoy.es\/es\/las-fiestas-fueron-de-nuevo-la-cita-mas-esperada-del-verano-en-famorca\/","title":{"rendered":"Las fiestas fueron de nuevo la cita m\u00e1s esperada del verano en Famorca"},"content":{"rendered":"<p style=\"text-align: justify;\" data-start=\"85\" data-end=\"602\">Durante los <strong data-start=\"97\" data-end=\"124\">primeros d\u00edas de agosto<\/strong>, <a href=\"https:\/\/www.facebook.com\/ajuntament.famorca.3?locale=es_ES\" target=\"_blank\" rel=\"noopener\"><span style=\"color: #0000ff;\"><strong data-start=\"126\" data-end=\"137\">Famorca<\/strong><\/span><\/a> vivi\u00f3 con gran entusiasmo sus <strong data-start=\"168\" data-end=\"190\">fiestas patronales<\/strong>, caracterizadas por la activa participaci\u00f3n de los vecinos y un variado programa de actividades para todas las edades. Las celebraciones comenzaron con<strong> jornadas deportivas<\/strong> y<strong> actividades culturales\u00a0<\/strong>sin dejar de lado propuestas para los m\u00e1s j\u00f3venes e incluso iniciativas enfocadas a los mayores del municipio.<\/p>\n<p style=\"text-align: justify;\" data-start=\"604\" data-end=\"1285\">El <strong data-start=\"607\" data-end=\"618\">viernes 8 de agosto<\/strong> tuvo lugar la <strong data-start=\"633\" data-end=\"678\">ofrenda floral a la Virgen de los Dolores<\/strong>, unido a propuestas gastron\u00f3micas como el <strong>II Concurso del Mosset Famorqu\u00ed\u00a0\u00a0<\/strong>y el\u00a0<strong>I Concurso de Paellas<\/strong> en el que destac\u00f3 una notable participaci\u00f3n vecinal.\u00a0El <strong data-start=\"923\" data-end=\"933\">s\u00e1bado<\/strong> fue el turno de los <strong data-start=\"954\" data-end=\"976\">Moros y Cristianos<\/strong>, que llenaron las calles con la <strong data-start=\"1009\" data-end=\"1026\">Diana matinal<\/strong> y la <strong data-start=\"1032\" data-end=\"1054\">Entrada vespertina<\/strong>, destacando la participaci\u00f3n de la <strong data-start=\"1090\" data-end=\"1109\">Fil\u00e0 Famorquins<\/strong> y la <strong data-start=\"1115\" data-end=\"1154\">Uni\u00f3 Musical de Castell de Castells<\/strong>. Ese mismo d\u00eda se celebr\u00f3 el <strong data-start=\"1184\" data-end=\"1202\">Corpus Christi<\/strong>, con <strong data-start=\"1208\" data-end=\"1233\">misa mayor a mediod\u00eda<\/strong> y <strong data-start=\"1236\" data-end=\"1282\">procesi\u00f3n solemne del Sant\u00edsimo Sacramento\u00a0<\/strong>por la tarde despu\u00e9s trisagio.<\/p>\n<p style=\"text-align: justify;\" data-start=\"1287\" data-end=\"1991\">El <strong data-start=\"1290\" data-end=\"1301\">domingo<\/strong> las miradas se centraron en el <strong data-start=\"1333\" data-end=\"1356\">patr\u00f3n San Cayetano<\/strong>, con <strong data-start=\"1362\" data-end=\"1395\">volteos generales de campanas<\/strong>, <strong data-start=\"1397\" data-end=\"1425\">misa solemne al mediod\u00eda<\/strong> y una <strong data-start=\"1432\" data-end=\"1454\">procesi\u00f3n nocturna<\/strong> muy participativa, en la que estuvieron presentes diversos <strong data-start=\"1514\" data-end=\"1540\">alcaldes de la comarca<\/strong> acompa\u00f1ando a <strong data-start=\"1555\" data-end=\"1571\">Vicente Ruiz<\/strong>, primer edil de Famorca. Durante estos d\u00edas tambi\u00e9n se realizaron <strong data-start=\"1634\" data-end=\"1664\">discom\u00f3viles por las noches<\/strong>, <strong data-start=\"1666\" data-end=\"1703\">representaciones teatrales<\/strong>, <strong>espect\u00e1culos musicales,<\/strong>\u00a0un <strong data-start=\"1708\" data-end=\"1740\">campeonato de juegos de mesa, pasacalles<\/strong> y una <strong data-start=\"1747\" data-end=\"1790\">cena para los jubilados de la localidad<\/strong>. Los festejos, como ocurre cada a\u00f1o, fueron punto de encuentro para la comarca y especialmente para los vecinos de Famorca, tanto los que residen siempre en el pueblo como los que viven fuera y pasan el verano en su localidad de origen.<\/p>\n<div id='gallery-1' class='gallery galleryid-157114 gallery-columns-1 gallery-size-full'><figure class='gallery-item'>\n\t\t\t<div class='gallery-icon landscape'>\n\t\t\t\t<a href='https:\/\/www.copealcoy.es\/es\/las-fiestas-fueron-de-nuevo-la-cita-mas-esperada-del-verano-en-famorca\/e5e7fd3b-934c-4297-8832-c244fc75441e\/'><img loading=\"lazy\" decoding=\"async\" width=\"2040\" height=\"1530\" src=\"https:\/\/www.copealcoy.es\/wp-content\/uploads\/2025\/09\/e5e7fd3b-934c-4297-8832-c244fc75441e.jpg\" class=\"attachment-full size-full\" alt=\"\" srcset=\"https:\/\/www.copealcoy.es\/wp-content\/uploads\/2025\/09\/e5e7fd3b-934c-4297-8832-c244fc75441e.jpg 2040w, https:\/\/www.copealcoy.es\/wp-content\/uploads\/2025\/09\/e5e7fd3b-934c-4297-8832-c244fc75441e-768x576.jpg 768w, https:\/\/www.copealcoy.es\/wp-content\/uploads\/2025\/09\/e5e7fd3b-934c-4297-8832-c244fc75441e-1536x1152.jpg 1536w\" sizes=\"auto, (max-width: 2040px) 100vw, 2040px\" \/><\/a>\n\t\t\t<\/div><\/figure><figure class='gallery-item'>\n\t\t\t<div class='gallery-icon landscape'>\n\t\t\t\t<a href='https:\/\/www.copealcoy.es\/es\/las-fiestas-fueron-de-nuevo-la-cita-mas-esperada-del-verano-en-famorca\/26509b84-358c-47ce-ac79-a4166a7ef823\/'><img loading=\"lazy\" decoding=\"async\" width=\"924\" height=\"550\" src=\"https:\/\/www.copealcoy.es\/wp-content\/uploads\/2025\/09\/26509b84-358c-47ce-ac79-a4166a7ef823.jpg\" class=\"attachment-full size-full\" alt=\"\" srcset=\"https:\/\/www.copealcoy.es\/wp-content\/uploads\/2025\/09\/26509b84-358c-47ce-ac79-a4166a7ef823.jpg 924w, https:\/\/www.copealcoy.es\/wp-content\/uploads\/2025\/09\/26509b84-358c-47ce-ac79-a4166a7ef823-768x457.jpg 768w\" sizes=\"auto, (max-width: 924px) 100vw, 924px\" \/><\/a>\n\t\t\t<\/div><\/figure><figure class='gallery-item'>\n\t\t\t<div class='gallery-icon landscape'>\n\t\t\t\t<a href='https:\/\/www.copealcoy.es\/es\/las-fiestas-fueron-de-nuevo-la-cita-mas-esperada-del-verano-en-famorca\/686ed651-9756-41df-b9cc-97fe1892288a\/'><img loading=\"lazy\" decoding=\"async\" width=\"2048\" height=\"1536\" src=\"https:\/\/www.copealcoy.es\/wp-content\/uploads\/2025\/09\/686ed651-9756-41df-b9cc-97fe1892288a.jpg\" class=\"attachment-full size-full\" alt=\"\" srcset=\"https:\/\/www.copealcoy.es\/wp-content\/uploads\/2025\/09\/686ed651-9756-41df-b9cc-97fe1892288a.jpg 2048w, https:\/\/www.copealcoy.es\/wp-content\/uploads\/2025\/09\/686ed651-9756-41df-b9cc-97fe1892288a-768x576.jpg 768w, https:\/\/www.copealcoy.es\/wp-content\/uploads\/2025\/09\/686ed651-9756-41df-b9cc-97fe1892288a-1536x1152.jpg 1536w\" sizes=\"auto, (max-width: 2048px) 100vw, 2048px\" \/><\/a>\n\t\t\t<\/div><\/figure><figure class='gallery-item'>\n\t\t\t<div class='gallery-icon landscape'>\n\t\t\t\t<a href='https:\/\/www.copealcoy.es\/es\/las-fiestas-fueron-de-nuevo-la-cita-mas-esperada-del-verano-en-famorca\/b89746f2-5c67-4eea-acbf-d5358efa5df9\/'><img loading=\"lazy\" decoding=\"async\" width=\"1600\" height=\"1124\" src=\"https:\/\/www.copealcoy.es\/wp-content\/uploads\/2025\/09\/b89746f2-5c67-4eea-acbf-d5358efa5df9.jpg\" class=\"attachment-full size-full\" alt=\"\" srcset=\"https:\/\/www.copealcoy.es\/wp-content\/uploads\/2025\/09\/b89746f2-5c67-4eea-acbf-d5358efa5df9.jpg 1600w, https:\/\/www.copealcoy.es\/wp-content\/uploads\/2025\/09\/b89746f2-5c67-4eea-acbf-d5358efa5df9-768x540.jpg 768w, https:\/\/www.copealcoy.es\/wp-content\/uploads\/2025\/09\/b89746f2-5c67-4eea-acbf-d5358efa5df9-1536x1079.jpg 1536w\" sizes=\"auto, (max-width: 1600px) 100vw, 1600px\" \/><\/a>\n\t\t\t<\/div><\/figure>\n\t\t<\/div>\n\n","protected":false},"excerpt":{"rendered":"<p>Durante los primeros d\u00edas de agosto, Famorca vivi\u00f3 con gran entusiasmo sus fiestas patronales, caracterizadas por la activa participaci\u00f3n de&#8230;<\/p>\n","protected":false},"author":1,"featured_media":157115,"comment_status":"closed","ping_status":"closed","sticky":false,"template":"","format":"standard","meta":{"footnotes":""},"categories":[6909,98,75],"tags":[9097,2954,1149,20005],"class_list":["post-157114","post","type-post","status-publish","format-standard","has-post-thumbnail","hentry","category-actualidad","category-comarcas","category-noticias","tag-famorca","tag-fiestas-patronales","tag-verano","tag-vicente-ruiz"],"yoast_head":"<!-- This site is optimized with the Yoast SEO plugin v27.3 - https:\/\/yoast.com\/product\/yoast-seo-wordpress\/ -->\n<title>Las fiestas fueron de nuevo la cita m\u00e1s esperada del verano en Famorca - COPE Alcoy<\/title>\n<meta name=\"description\" content=\"Las fiestas fueron de nuevo la cita m\u00e1s esperada del verano en Famorca\" \/>\n<meta name=\"robots\" content=\"index, follow, max-snippet:-1, max-image-preview:large, max-video-preview:-1\" \/>\n<link rel=\"canonical\" href=\"https:\/\/www.copealcoy.es\/es\/las-fiestas-fueron-de-nuevo-la-cita-mas-esperada-del-verano-en-famorca\/\" \/>\n<meta property=\"og:locale\" content=\"es_ES\" \/>\n<meta property=\"og:type\" content=\"article\" \/>\n<meta property=\"og:title\" content=\"Las fiestas fueron de nuevo la cita m\u00e1s esperada del verano en Famorca - COPE Alcoy\" \/>\n<meta property=\"og:description\" content=\"Las fiestas fueron de nuevo la cita m\u00e1s esperada del verano en Famorca\" \/>\n<meta property=\"og:url\" content=\"https:\/\/www.copealcoy.es\/es\/las-fiestas-fueron-de-nuevo-la-cita-mas-esperada-del-verano-en-famorca\/\" \/>\n<meta property=\"og:site_name\" content=\"COPE Alcoy\" \/>\n<meta property=\"article:published_time\" content=\"2025-09-15T08:00:10+00:00\" \/>\n<meta property=\"og:image\" content=\"https:\/\/www.copealcoy.es\/wp-content\/uploads\/2025\/09\/b89746f2-5c67-4eea-acbf-d5358efa5df9.jpg\" \/>\n\t<meta property=\"og:image:width\" content=\"1600\" \/>\n\t<meta property=\"og:image:height\" content=\"1124\" \/>\n\t<meta property=\"og:image:type\" content=\"image\/jpeg\" \/>\n<meta name=\"author\" content=\"Cope Alcoy\" \/>\n<meta name=\"twitter:label1\" content=\"Escrito por\" \/>\n\t<meta name=\"twitter:data1\" content=\"Cope Alcoy\" \/>\n\t<meta name=\"twitter:label2\" content=\"Tiempo de lectura\" \/>\n\t<meta name=\"twitter:data2\" content=\"2 minutos\" \/>\n<script type=\"application\/ld+json\" class=\"yoast-schema-graph\">{\"@context\":\"https:\\\/\\\/schema.org\",\"@graph\":[{\"@type\":\"Article\",\"@id\":\"https:\\\/\\\/www.copealcoy.es\\\/es\\\/las-fiestas-fueron-de-nuevo-la-cita-mas-esperada-del-verano-en-famorca\\\/#article\",\"isPartOf\":{\"@id\":\"https:\\\/\\\/www.copealcoy.es\\\/es\\\/las-fiestas-fueron-de-nuevo-la-cita-mas-esperada-del-verano-en-famorca\\\/\"},\"author\":{\"name\":\"Cope Alcoy\",\"@id\":\"https:\\\/\\\/www.copealcoy.es\\\/es\\\/#\\\/schema\\\/person\\\/e777c87fa024e57d40170af9df39882c\"},\"headline\":\"Las fiestas fueron de nuevo la cita m\u00e1s esperada del verano en Famorca\",\"datePublished\":\"2025-09-15T08:00:10+00:00\",\"mainEntityOfPage\":{\"@id\":\"https:\\\/\\\/www.copealcoy.es\\\/es\\\/las-fiestas-fueron-de-nuevo-la-cita-mas-esperada-del-verano-en-famorca\\\/\"},\"wordCount\":317,\"image\":{\"@id\":\"https:\\\/\\\/www.copealcoy.es\\\/es\\\/las-fiestas-fueron-de-nuevo-la-cita-mas-esperada-del-verano-en-famorca\\\/#primaryimage\"},\"thumbnailUrl\":\"https:\\\/\\\/www.copealcoy.es\\\/wp-content\\\/uploads\\\/2025\\\/09\\\/b89746f2-5c67-4eea-acbf-d5358efa5df9.jpg\",\"keywords\":[\"Famorca\",\"fiestas patronales\",\"Verano\",\"Vicente Ruiz\"],\"articleSection\":[\"Actualidad\",\"Comarcas\",\"Noticias\"],\"inLanguage\":\"es\"},{\"@type\":\"WebPage\",\"@id\":\"https:\\\/\\\/www.copealcoy.es\\\/es\\\/las-fiestas-fueron-de-nuevo-la-cita-mas-esperada-del-verano-en-famorca\\\/\",\"url\":\"https:\\\/\\\/www.copealcoy.es\\\/es\\\/las-fiestas-fueron-de-nuevo-la-cita-mas-esperada-del-verano-en-famorca\\\/\",\"name\":\"Las fiestas fueron de nuevo la cita m\u00e1s esperada del verano en Famorca - COPE Alcoy\",\"isPartOf\":{\"@id\":\"https:\\\/\\\/www.copealcoy.es\\\/es\\\/#website\"},\"primaryImageOfPage\":{\"@id\":\"https:\\\/\\\/www.copealcoy.es\\\/es\\\/las-fiestas-fueron-de-nuevo-la-cita-mas-esperada-del-verano-en-famorca\\\/#primaryimage\"},\"image\":{\"@id\":\"https:\\\/\\\/www.copealcoy.es\\\/es\\\/las-fiestas-fueron-de-nuevo-la-cita-mas-esperada-del-verano-en-famorca\\\/#primaryimage\"},\"thumbnailUrl\":\"https:\\\/\\\/www.copealcoy.es\\\/wp-content\\\/uploads\\\/2025\\\/09\\\/b89746f2-5c67-4eea-acbf-d5358efa5df9.jpg\",\"datePublished\":\"2025-09-15T08:00:10+00:00\",\"author\":{\"@id\":\"https:\\\/\\\/www.copealcoy.es\\\/es\\\/#\\\/schema\\\/person\\\/e777c87fa024e57d40170af9df39882c\"},\"description\":\"Las fiestas fueron de nuevo la cita m\u00e1s esperada del verano en Famorca\",\"breadcrumb\":{\"@id\":\"https:\\\/\\\/www.copealcoy.es\\\/es\\\/las-fiestas-fueron-de-nuevo-la-cita-mas-esperada-del-verano-en-famorca\\\/#breadcrumb\"},\"inLanguage\":\"es\",\"potentialAction\":[{\"@type\":\"ReadAction\",\"target\":[\"https:\\\/\\\/www.copealcoy.es\\\/es\\\/las-fiestas-fueron-de-nuevo-la-cita-mas-esperada-del-verano-en-famorca\\\/\"]}]},{\"@type\":\"ImageObject\",\"inLanguage\":\"es\",\"@id\":\"https:\\\/\\\/www.copealcoy.es\\\/es\\\/las-fiestas-fueron-de-nuevo-la-cita-mas-esperada-del-verano-en-famorca\\\/#primaryimage\",\"url\":\"https:\\\/\\\/www.copealcoy.es\\\/wp-content\\\/uploads\\\/2025\\\/09\\\/b89746f2-5c67-4eea-acbf-d5358efa5df9.jpg\",\"contentUrl\":\"https:\\\/\\\/www.copealcoy.es\\\/wp-content\\\/uploads\\\/2025\\\/09\\\/b89746f2-5c67-4eea-acbf-d5358efa5df9.jpg\",\"width\":1600,\"height\":1124},{\"@type\":\"BreadcrumbList\",\"@id\":\"https:\\\/\\\/www.copealcoy.es\\\/es\\\/las-fiestas-fueron-de-nuevo-la-cita-mas-esperada-del-verano-en-famorca\\\/#breadcrumb\",\"itemListElement\":[{\"@type\":\"ListItem\",\"position\":1,\"name\":\"Portada\",\"item\":\"https:\\\/\\\/www.copealcoy.es\\\/es\\\/\"},{\"@type\":\"ListItem\",\"position\":2,\"name\":\"Las fiestas fueron de nuevo la cita m\u00e1s esperada del verano en Famorca\"}]},{\"@type\":\"WebSite\",\"@id\":\"https:\\\/\\\/www.copealcoy.es\\\/es\\\/#website\",\"url\":\"https:\\\/\\\/www.copealcoy.es\\\/es\\\/\",\"name\":\"COPE Alcoy\",\"description\":\"Emisora COPE de radio local con emisi\u00f3n online. Pont de Sant Jordi 8-10 03803 Alcoy\",\"potentialAction\":[{\"@type\":\"SearchAction\",\"target\":{\"@type\":\"EntryPoint\",\"urlTemplate\":\"https:\\\/\\\/www.copealcoy.es\\\/es\\\/?s={search_term_string}\"},\"query-input\":{\"@type\":\"PropertyValueSpecification\",\"valueRequired\":true,\"valueName\":\"search_term_string\"}}],\"inLanguage\":\"es\"},{\"@type\":\"Person\",\"@id\":\"https:\\\/\\\/www.copealcoy.es\\\/es\\\/#\\\/schema\\\/person\\\/e777c87fa024e57d40170af9df39882c\",\"name\":\"Cope Alcoy\",\"image\":{\"@type\":\"ImageObject\",\"inLanguage\":\"es\",\"@id\":\"https:\\\/\\\/secure.gravatar.com\\\/avatar\\\/bb65d0283347e303893ba14f0692005417c1e0e690a325a4c5d8bb2b3943ee14?s=96&d=mm&r=g\",\"url\":\"https:\\\/\\\/secure.gravatar.com\\\/avatar\\\/bb65d0283347e303893ba14f0692005417c1e0e690a325a4c5d8bb2b3943ee14?s=96&d=mm&r=g\",\"contentUrl\":\"https:\\\/\\\/secure.gravatar.com\\\/avatar\\\/bb65d0283347e303893ba14f0692005417c1e0e690a325a4c5d8bb2b3943ee14?s=96&d=mm&r=g\",\"caption\":\"Cope Alcoy\"}}]}<\/script>\n<!-- \/ Yoast SEO plugin. -->","yoast_head_json":{"title":"Las fiestas fueron de nuevo la cita m\u00e1s esperada del verano en Famorca - COPE Alcoy","description":"Las fiestas fueron de nuevo la cita m\u00e1s esperada del verano en Famorca","robots":{"index":"index","follow":"follow","max-snippet":"max-snippet:-1","max-image-preview":"max-image-preview:large","max-video-preview":"max-video-preview:-1"},"canonical":"https:\/\/www.copealcoy.es\/es\/las-fiestas-fueron-de-nuevo-la-cita-mas-esperada-del-verano-en-famorca\/","og_locale":"es_ES","og_type":"article","og_title":"Las fiestas fueron de nuevo la cita m\u00e1s esperada del verano en Famorca - COPE Alcoy","og_description":"Las fiestas fueron de nuevo la cita m\u00e1s esperada del verano en Famorca","og_url":"https:\/\/www.copealcoy.es\/es\/las-fiestas-fueron-de-nuevo-la-cita-mas-esperada-del-verano-en-famorca\/","og_site_name":"COPE Alcoy","article_published_time":"2025-09-15T08:00:10+00:00","og_image":[{"width":1600,"height":1124,"url":"https:\/\/www.copealcoy.es\/wp-content\/uploads\/2025\/09\/b89746f2-5c67-4eea-acbf-d5358efa5df9.jpg","type":"image\/jpeg"}],"author":"Cope Alcoy","twitter_misc":{"Escrito por":"Cope Alcoy","Tiempo de lectura":"2 minutos"},"schema":{"@context":"https:\/\/schema.org","@graph":[{"@type":"Article","@id":"https:\/\/www.copealcoy.es\/es\/las-fiestas-fueron-de-nuevo-la-cita-mas-esperada-del-verano-en-famorca\/#article","isPartOf":{"@id":"https:\/\/www.copealcoy.es\/es\/las-fiestas-fueron-de-nuevo-la-cita-mas-esperada-del-verano-en-famorca\/"},"author":{"name":"Cope Alcoy","@id":"https:\/\/www.copealcoy.es\/es\/#\/schema\/person\/e777c87fa024e57d40170af9df39882c"},"headline":"Las fiestas fueron de nuevo la cita m\u00e1s esperada del verano en Famorca","datePublished":"2025-09-15T08:00:10+00:00","mainEntityOfPage":{"@id":"https:\/\/www.copealcoy.es\/es\/las-fiestas-fueron-de-nuevo-la-cita-mas-esperada-del-verano-en-famorca\/"},"wordCount":317,"image":{"@id":"https:\/\/www.copealcoy.es\/es\/las-fiestas-fueron-de-nuevo-la-cita-mas-esperada-del-verano-en-famorca\/#primaryimage"},"thumbnailUrl":"https:\/\/www.copealcoy.es\/wp-content\/uploads\/2025\/09\/b89746f2-5c67-4eea-acbf-d5358efa5df9.jpg","keywords":["Famorca","fiestas patronales","Verano","Vicente Ruiz"],"articleSection":["Actualidad","Comarcas","Noticias"],"inLanguage":"es"},{"@type":"WebPage","@id":"https:\/\/www.copealcoy.es\/es\/las-fiestas-fueron-de-nuevo-la-cita-mas-esperada-del-verano-en-famorca\/","url":"https:\/\/www.copealcoy.es\/es\/las-fiestas-fueron-de-nuevo-la-cita-mas-esperada-del-verano-en-famorca\/","name":"Las fiestas fueron de nuevo la cita m\u00e1s esperada del verano en Famorca - COPE Alcoy","isPartOf":{"@id":"https:\/\/www.copealcoy.es\/es\/#website"},"primaryImageOfPage":{"@id":"https:\/\/www.copealcoy.es\/es\/las-fiestas-fueron-de-nuevo-la-cita-mas-esperada-del-verano-en-famorca\/#primaryimage"},"image":{"@id":"https:\/\/www.copealcoy.es\/es\/las-fiestas-fueron-de-nuevo-la-cita-mas-esperada-del-verano-en-famorca\/#primaryimage"},"thumbnailUrl":"https:\/\/www.copealcoy.es\/wp-content\/uploads\/2025\/09\/b89746f2-5c67-4eea-acbf-d5358efa5df9.jpg","datePublished":"2025-09-15T08:00:10+00:00","author":{"@id":"https:\/\/www.copealcoy.es\/es\/#\/schema\/person\/e777c87fa024e57d40170af9df39882c"},"description":"Las fiestas fueron de nuevo la cita m\u00e1s esperada del verano en Famorca","breadcrumb":{"@id":"https:\/\/www.copealcoy.es\/es\/las-fiestas-fueron-de-nuevo-la-cita-mas-esperada-del-verano-en-famorca\/#breadcrumb"},"inLanguage":"es","potentialAction":[{"@type":"ReadAction","target":["https:\/\/www.copealcoy.es\/es\/las-fiestas-fueron-de-nuevo-la-cita-mas-esperada-del-verano-en-famorca\/"]}]},{"@type":"ImageObject","inLanguage":"es","@id":"https:\/\/www.copealcoy.es\/es\/las-fiestas-fueron-de-nuevo-la-cita-mas-esperada-del-verano-en-famorca\/#primaryimage","url":"https:\/\/www.copealcoy.es\/wp-content\/uploads\/2025\/09\/b89746f2-5c67-4eea-acbf-d5358efa5df9.jpg","contentUrl":"https:\/\/www.copealcoy.es\/wp-content\/uploads\/2025\/09\/b89746f2-5c67-4eea-acbf-d5358efa5df9.jpg","width":1600,"height":1124},{"@type":"BreadcrumbList","@id":"https:\/\/www.copealcoy.es\/es\/las-fiestas-fueron-de-nuevo-la-cita-mas-esperada-del-verano-en-famorca\/#breadcrumb","itemListElement":[{"@type":"ListItem","position":1,"name":"Portada","item":"https:\/\/www.copealcoy.es\/es\/"},{"@type":"ListItem","position":2,"name":"Las fiestas fueron de nuevo la cita m\u00e1s esperada del verano en Famorca"}]},{"@type":"WebSite","@id":"https:\/\/www.copealcoy.es\/es\/#website","url":"https:\/\/www.copealcoy.es\/es\/","name":"COPE Alcoy","description":"Emisora COPE de radio local con emisi\u00f3n online. Pont de Sant Jordi 8-10 03803 Alcoy","potentialAction":[{"@type":"SearchAction","target":{"@type":"EntryPoint","urlTemplate":"https:\/\/www.copealcoy.es\/es\/?s={search_term_string}"},"query-input":{"@type":"PropertyValueSpecification","valueRequired":true,"valueName":"search_term_string"}}],"inLanguage":"es"},{"@type":"Person","@id":"https:\/\/www.copealcoy.es\/es\/#\/schema\/person\/e777c87fa024e57d40170af9df39882c","name":"Cope Alcoy","image":{"@type":"ImageObject","inLanguage":"es","@id":"https:\/\/secure.gravatar.com\/avatar\/bb65d0283347e303893ba14f0692005417c1e0e690a325a4c5d8bb2b3943ee14?s=96&d=mm&r=g","url":"https:\/\/secure.gravatar.com\/avatar\/bb65d0283347e303893ba14f0692005417c1e0e690a325a4c5d8bb2b3943ee14?s=96&d=mm&r=g","contentUrl":"https:\/\/secure.gravatar.com\/avatar\/bb65d0283347e303893ba14f0692005417c1e0e690a325a4c5d8bb2b3943ee14?s=96&d=mm&r=g","caption":"Cope Alcoy"}}]}},"_links":{"self":[{"href":"https:\/\/www.copealcoy.es\/es\/wp-json\/wp\/v2\/posts\/157114","targetHints":{"allow":["GET"]}}],"collection":[{"href":"https:\/\/www.copealcoy.es\/es\/wp-json\/wp\/v2\/posts"}],"about":[{"href":"https:\/\/www.copealcoy.es\/es\/wp-json\/wp\/v2\/types\/post"}],"author":[{"embeddable":true,"href":"https:\/\/www.copealcoy.es\/es\/wp-json\/wp\/v2\/users\/1"}],"replies":[{"embeddable":true,"href":"https:\/\/www.copealcoy.es\/es\/wp-json\/wp\/v2\/comments?post=157114"}],"version-history":[{"count":1,"href":"https:\/\/www.copealcoy.es\/es\/wp-json\/wp\/v2\/posts\/157114\/revisions"}],"predecessor-version":[{"id":157123,"href":"https:\/\/www.copealcoy.es\/es\/wp-json\/wp\/v2\/posts\/157114\/revisions\/157123"}],"wp:featuredmedia":[{"embeddable":true,"href":"https:\/\/www.copealcoy.es\/es\/wp-json\/wp\/v2\/media\/157115"}],"wp:attachment":[{"href":"https:\/\/www.copealcoy.es\/es\/wp-json\/wp\/v2\/media?parent=157114"}],"wp:term":[{"taxonomy":"category","embeddable":true,"href":"https:\/\/www.copealcoy.es\/es\/wp-json\/wp\/v2\/categories?post=157114"},{"taxonomy":"post_tag","embeddable":true,"href":"https:\/\/www.copealcoy.es\/es\/wp-json\/wp\/v2\/tags?post=157114"}],"curies":[{"name":"wp","href":"https:\/\/api.w.org\/{rel}","templated":true}]}}