{"id":156949,"date":"2025-09-09T07:35:04","date_gmt":"2025-09-09T06:35:04","guid":{"rendered":"https:\/\/www.copealcoy.es\/?p=156949"},"modified":"2025-09-09T22:11:20","modified_gmt":"2025-09-09T21:11:20","slug":"mediodia-cope-alcoy-martes-9-de-septiembre-2025-1420h","status":"publish","type":"post","link":"https:\/\/www.copealcoy.es\/es\/mediodia-cope-alcoy-martes-9-de-septiembre-2025-1420h\/","title":{"rendered":"&#8216;Mediod\u00eda Cope&#8217; Alcoy martes 9 de septiembre 2025 (14:20h)"},"content":{"rendered":"<p><iframe loading=\"lazy\" title=\"&#039;Mediod\u00eda Cope&#039; Alcoy Martes 9 De Septiembre 2025 (14:20h)\" width=\"100%\" height=\"120\" src=\"https:\/\/www.mixcloud.com\/widget\/iframe\/?feed=https%3A%2F%2Fwww.mixcloud.com%2FCOPEAlcoy%2Fmediod%25C3%25ADa-cope-alcoy-martes-9-de-septiembre-2025-1420h%2F&amp;hide_cover=1\" frameborder=\"0\" allow=\"encrypted-media; fullscreen; autoplay; idle-detection; speaker-selection; web-share;\"><\/iframe><\/p>\n<p style=\"text-align: justify;\">Hoy martes <strong>hemos hecho balance del inicio del curso escolar en las poblaciones de nuestras comarcas<\/strong>. Tambi\u00e9n <strong>hemos hecho referencia a la alerta naranja por fuertes tormentas<\/strong>, situaci\u00f3n que sigue durante el d\u00eda de hoy.<\/p>\n<p style=\"text-align: justify;\">Alcoy y las poblaciones de las comarcas de L\u2019Alcoi\u00e0 y El Comtat\u00a0<strong>continuan en alerta naranja por el riesgo de tormentas<\/strong>, un episodio que puede ir acompa\u00f1ado de granizo, intenso viento y aparato el\u00e9ctrico. Ante esta situaci\u00f3n,\u00a0<strong>se mantienen las medidas preventivas<\/strong>\u00a0implantadas ayer en nuestra ciudad y en otras poblaciones de estas comarcas como Cocentaina o Ibi.<\/p>\n<p style=\"text-align: justify;\" data-start=\"232\" data-end=\"539\">En el caso de<strong data-start=\"273\" data-end=\"333\">\u00a0Alcoy, siguen cerradas todas las instalaciones municipales al aire libre<\/strong>, tras la activaci\u00f3n de la alerta naranja por lluvias y tormentas emitida por la Generalitat Valenciana a trav\u00e9s de la Conselleria de Emergencias e Interior. La medida afecta a\u00a0<strong data-start=\"560\" data-end=\"597\">parques, instalaciones deportivas<\/strong>\u00a0y\u00a0<strong data-start=\"600\" data-end=\"660\">todas las actividades al aire libre programadas para hoy<\/strong>. Desde el consistorio\u00a0<strong>se recomienda<\/strong>\u00a0a la ciudadan\u00eda extremar la precauci\u00f3n, evitar desplazamientos innecesarios y buscar refugio en edificios o lugares cubiertos. Asimismo, se aconseja no protegerse bajo \u00e1rboles, p\u00e9rgolas o estructuras inestables, proteger los veh\u00edculos siempre que sea posible y retirar objetos de balcones y terrazas que puedan ser arrastrados por el viento. El Ayuntamiento alerta, adem\u00e1s, de los\u00a0<strong data-start=\"1106\" data-end=\"1165\">riesgos de cruzar ramblas, barrancos o zonas inundables<\/strong>, incluso si aparentemente llevan poca agua. La corporaci\u00f3n local insta a\u00a0<strong data-start=\"1239\" data-end=\"1297\">mantenerse informado\u00a0<\/strong>a trav\u00e9s de sus canales oficiales y a seguir las indicaciones de los servicios de emergencia.<\/p>\n<p style=\"text-align: justify;\" data-start=\"232\" data-end=\"539\"><span style=\"color: #0000ff;\"><strong>Las tormentas, protagonistas ayer lunes\u00a0<\/strong><\/span><\/p>\n<p style=\"text-align: justify;\" data-start=\"232\" data-end=\"539\">Cabe destacar que\u00a0<strong>las tormentas ya dejaron su rastro ayer por la tarde<\/strong>\u00a0en\u00a0<strong>Alcoy<\/strong>\u00a0pero tambi\u00e9n en localidades de la comarca como\u00a0<strong>Fageca, Cocentaina o Benilloba<\/strong>. En la ciudad, con datos de\u00a0<span style=\"color: #0000ff;\"><a style=\"color: #0000ff;\" href=\"https:\/\/www.avamet.org\/mx-meteoxarxa.php?id=2025-07-18\" target=\"_blank\" rel=\"noopener\"><strong>AVAMET<\/strong><\/a><\/span>, se recogieron hasta 27 litros por metro cuadrado en observatorios como el pluvi\u00f3metro del C\u00edrculo Industrial, una agua que cay\u00f3 con intensidad en poco tiempo llegando a generar acumulaciones o arrastres de tierras. Tambi\u00e9n el viento caus\u00f3 la ca\u00edda de alg\u00fan \u00e1rbol y parte de un muro de una antigua f\u00e1brica se vino abajo en El Tossal. Los Bomberos del Consorcio Provincial de Alicante realizaron una decena de actuaciones, sin mucha m\u00e1s importancia, mientras que en la Villa Condal destac\u00f3 la ca\u00edda de varios pinos a causa de un fuerte vendaval. Los hechos ocurrieron en una casa de campo situada en la partida conocida como\u00a0<em>Alqueries de Benifloret\u00a0<\/em>y tan solo hubo que lamentar da\u00f1os materiales. En la capital del Comtat se produjeron, por otro lado, acumulaciones de agua, de nuevo, en la Avinguda de Benilloba junto a las naves de a extinta Textiflok.<\/p>\n","protected":false},"excerpt":{"rendered":"<p>Hoy martes hemos hecho balance del inicio del curso escolar en las poblaciones de nuestras comarcas. Tambi\u00e9n hemos hecho referencia&#8230;<\/p>\n","protected":false},"author":1,"featured_media":147663,"comment_status":"closed","ping_status":"closed","sticky":false,"template":"","format":"standard","meta":{"footnotes":""},"categories":[6909,89,91,75],"tags":[],"class_list":["post-156949","post","type-post","status-publish","format-standard","has-post-thumbnail","hentry","category-actualidad","category-audiosdelosprogramas","category-informativos","category-noticias"],"yoast_head":"<!-- This site is optimized with the Yoast SEO plugin v27.3 - https:\/\/yoast.com\/product\/yoast-seo-wordpress\/ -->\n<title>&#039;Mediod\u00eda Cope&#039; Alcoy martes 9 de septiembre 2025 (14:20h) - COPE Alcoy<\/title>\n<meta name=\"robots\" content=\"index, follow, max-snippet:-1, max-image-preview:large, max-video-preview:-1\" \/>\n<link rel=\"canonical\" href=\"https:\/\/www.copealcoy.es\/es\/mediodia-cope-alcoy-martes-9-de-septiembre-2025-1420h\/\" \/>\n<meta property=\"og:locale\" content=\"es_ES\" \/>\n<meta property=\"og:type\" content=\"article\" \/>\n<meta property=\"og:title\" content=\"&#039;Mediod\u00eda Cope&#039; Alcoy martes 9 de septiembre 2025 (14:20h) - COPE Alcoy\" \/>\n<meta property=\"og:description\" content=\"Hoy martes hemos hecho balance del inicio del curso escolar en las poblaciones de nuestras comarcas. Tambi\u00e9n hemos hecho referencia...\" \/>\n<meta property=\"og:url\" content=\"https:\/\/www.copealcoy.es\/es\/mediodia-cope-alcoy-martes-9-de-septiembre-2025-1420h\/\" \/>\n<meta property=\"og:site_name\" content=\"COPE Alcoy\" \/>\n<meta property=\"article:published_time\" content=\"2025-09-09T06:35:04+00:00\" \/>\n<meta property=\"article:modified_time\" content=\"2025-09-09T21:11:20+00:00\" \/>\n<meta property=\"og:image\" content=\"https:\/\/www.copealcoy.es\/wp-content\/uploads\/2025\/02\/Mediodia-Cope-Castellano.png\" \/>\n\t<meta property=\"og:image:width\" content=\"357\" \/>\n\t<meta property=\"og:image:height\" content=\"290\" \/>\n\t<meta property=\"og:image:type\" content=\"image\/png\" \/>\n<meta name=\"author\" content=\"Cope Alcoy\" \/>\n<meta name=\"twitter:label1\" content=\"Escrito por\" \/>\n\t<meta name=\"twitter:data1\" content=\"Cope Alcoy\" \/>\n\t<meta name=\"twitter:label2\" content=\"Tiempo de lectura\" \/>\n\t<meta name=\"twitter:data2\" content=\"3 minutos\" \/>\n<script type=\"application\/ld+json\" class=\"yoast-schema-graph\">{\"@context\":\"https:\\\/\\\/schema.org\",\"@graph\":[{\"@type\":\"Article\",\"@id\":\"https:\\\/\\\/www.copealcoy.es\\\/es\\\/mediodia-cope-alcoy-martes-9-de-septiembre-2025-1420h\\\/#article\",\"isPartOf\":{\"@id\":\"https:\\\/\\\/www.copealcoy.es\\\/es\\\/mediodia-cope-alcoy-martes-9-de-septiembre-2025-1420h\\\/\"},\"author\":{\"name\":\"Cope Alcoy\",\"@id\":\"https:\\\/\\\/www.copealcoy.es\\\/es\\\/#\\\/schema\\\/person\\\/e777c87fa024e57d40170af9df39882c\"},\"headline\":\"&#8216;Mediod\u00eda Cope&#8217; Alcoy martes 9 de septiembre 2025 (14:20h)\",\"datePublished\":\"2025-09-09T06:35:04+00:00\",\"dateModified\":\"2025-09-09T21:11:20+00:00\",\"mainEntityOfPage\":{\"@id\":\"https:\\\/\\\/www.copealcoy.es\\\/es\\\/mediodia-cope-alcoy-martes-9-de-septiembre-2025-1420h\\\/\"},\"wordCount\":473,\"image\":{\"@id\":\"https:\\\/\\\/www.copealcoy.es\\\/es\\\/mediodia-cope-alcoy-martes-9-de-septiembre-2025-1420h\\\/#primaryimage\"},\"thumbnailUrl\":\"https:\\\/\\\/www.copealcoy.es\\\/wp-content\\\/uploads\\\/2025\\\/02\\\/Mediodia-Cope-Castellano.png\",\"articleSection\":[\"Actualidad\",\"Audios de los programas\",\"Informativos\",\"Noticias\"],\"inLanguage\":\"es\"},{\"@type\":\"WebPage\",\"@id\":\"https:\\\/\\\/www.copealcoy.es\\\/es\\\/mediodia-cope-alcoy-martes-9-de-septiembre-2025-1420h\\\/\",\"url\":\"https:\\\/\\\/www.copealcoy.es\\\/es\\\/mediodia-cope-alcoy-martes-9-de-septiembre-2025-1420h\\\/\",\"name\":\"'Mediod\u00eda Cope' Alcoy martes 9 de septiembre 2025 (14:20h) - COPE Alcoy\",\"isPartOf\":{\"@id\":\"https:\\\/\\\/www.copealcoy.es\\\/es\\\/#website\"},\"primaryImageOfPage\":{\"@id\":\"https:\\\/\\\/www.copealcoy.es\\\/es\\\/mediodia-cope-alcoy-martes-9-de-septiembre-2025-1420h\\\/#primaryimage\"},\"image\":{\"@id\":\"https:\\\/\\\/www.copealcoy.es\\\/es\\\/mediodia-cope-alcoy-martes-9-de-septiembre-2025-1420h\\\/#primaryimage\"},\"thumbnailUrl\":\"https:\\\/\\\/www.copealcoy.es\\\/wp-content\\\/uploads\\\/2025\\\/02\\\/Mediodia-Cope-Castellano.png\",\"datePublished\":\"2025-09-09T06:35:04+00:00\",\"dateModified\":\"2025-09-09T21:11:20+00:00\",\"author\":{\"@id\":\"https:\\\/\\\/www.copealcoy.es\\\/es\\\/#\\\/schema\\\/person\\\/e777c87fa024e57d40170af9df39882c\"},\"breadcrumb\":{\"@id\":\"https:\\\/\\\/www.copealcoy.es\\\/es\\\/mediodia-cope-alcoy-martes-9-de-septiembre-2025-1420h\\\/#breadcrumb\"},\"inLanguage\":\"es\",\"potentialAction\":[{\"@type\":\"ReadAction\",\"target\":[\"https:\\\/\\\/www.copealcoy.es\\\/es\\\/mediodia-cope-alcoy-martes-9-de-septiembre-2025-1420h\\\/\"]}]},{\"@type\":\"ImageObject\",\"inLanguage\":\"es\",\"@id\":\"https:\\\/\\\/www.copealcoy.es\\\/es\\\/mediodia-cope-alcoy-martes-9-de-septiembre-2025-1420h\\\/#primaryimage\",\"url\":\"https:\\\/\\\/www.copealcoy.es\\\/wp-content\\\/uploads\\\/2025\\\/02\\\/Mediodia-Cope-Castellano.png\",\"contentUrl\":\"https:\\\/\\\/www.copealcoy.es\\\/wp-content\\\/uploads\\\/2025\\\/02\\\/Mediodia-Cope-Castellano.png\",\"width\":357,\"height\":290},{\"@type\":\"BreadcrumbList\",\"@id\":\"https:\\\/\\\/www.copealcoy.es\\\/es\\\/mediodia-cope-alcoy-martes-9-de-septiembre-2025-1420h\\\/#breadcrumb\",\"itemListElement\":[{\"@type\":\"ListItem\",\"position\":1,\"name\":\"Portada\",\"item\":\"https:\\\/\\\/www.copealcoy.es\\\/es\\\/\"},{\"@type\":\"ListItem\",\"position\":2,\"name\":\"&#8216;Mediod\u00eda Cope&#8217; Alcoy martes 9 de septiembre 2025 (14:20h)\"}]},{\"@type\":\"WebSite\",\"@id\":\"https:\\\/\\\/www.copealcoy.es\\\/es\\\/#website\",\"url\":\"https:\\\/\\\/www.copealcoy.es\\\/es\\\/\",\"name\":\"COPE Alcoy\",\"description\":\"Emisora COPE de radio local con emisi\u00f3n online. Pont de Sant Jordi 8-10 03803 Alcoy\",\"potentialAction\":[{\"@type\":\"SearchAction\",\"target\":{\"@type\":\"EntryPoint\",\"urlTemplate\":\"https:\\\/\\\/www.copealcoy.es\\\/es\\\/?s={search_term_string}\"},\"query-input\":{\"@type\":\"PropertyValueSpecification\",\"valueRequired\":true,\"valueName\":\"search_term_string\"}}],\"inLanguage\":\"es\"},{\"@type\":\"Person\",\"@id\":\"https:\\\/\\\/www.copealcoy.es\\\/es\\\/#\\\/schema\\\/person\\\/e777c87fa024e57d40170af9df39882c\",\"name\":\"Cope Alcoy\",\"image\":{\"@type\":\"ImageObject\",\"inLanguage\":\"es\",\"@id\":\"https:\\\/\\\/secure.gravatar.com\\\/avatar\\\/bb65d0283347e303893ba14f0692005417c1e0e690a325a4c5d8bb2b3943ee14?s=96&d=mm&r=g\",\"url\":\"https:\\\/\\\/secure.gravatar.com\\\/avatar\\\/bb65d0283347e303893ba14f0692005417c1e0e690a325a4c5d8bb2b3943ee14?s=96&d=mm&r=g\",\"contentUrl\":\"https:\\\/\\\/secure.gravatar.com\\\/avatar\\\/bb65d0283347e303893ba14f0692005417c1e0e690a325a4c5d8bb2b3943ee14?s=96&d=mm&r=g\",\"caption\":\"Cope Alcoy\"}}]}<\/script>\n<!-- \/ Yoast SEO plugin. -->","yoast_head_json":{"title":"'Mediod\u00eda Cope' Alcoy martes 9 de septiembre 2025 (14:20h) - COPE Alcoy","robots":{"index":"index","follow":"follow","max-snippet":"max-snippet:-1","max-image-preview":"max-image-preview:large","max-video-preview":"max-video-preview:-1"},"canonical":"https:\/\/www.copealcoy.es\/es\/mediodia-cope-alcoy-martes-9-de-septiembre-2025-1420h\/","og_locale":"es_ES","og_type":"article","og_title":"'Mediod\u00eda Cope' Alcoy martes 9 de septiembre 2025 (14:20h) - COPE Alcoy","og_description":"Hoy martes hemos hecho balance del inicio del curso escolar en las poblaciones de nuestras comarcas. Tambi\u00e9n hemos hecho referencia...","og_url":"https:\/\/www.copealcoy.es\/es\/mediodia-cope-alcoy-martes-9-de-septiembre-2025-1420h\/","og_site_name":"COPE Alcoy","article_published_time":"2025-09-09T06:35:04+00:00","article_modified_time":"2025-09-09T21:11:20+00:00","og_image":[{"width":357,"height":290,"url":"https:\/\/www.copealcoy.es\/wp-content\/uploads\/2025\/02\/Mediodia-Cope-Castellano.png","type":"image\/png"}],"author":"Cope Alcoy","twitter_misc":{"Escrito por":"Cope Alcoy","Tiempo de lectura":"3 minutos"},"schema":{"@context":"https:\/\/schema.org","@graph":[{"@type":"Article","@id":"https:\/\/www.copealcoy.es\/es\/mediodia-cope-alcoy-martes-9-de-septiembre-2025-1420h\/#article","isPartOf":{"@id":"https:\/\/www.copealcoy.es\/es\/mediodia-cope-alcoy-martes-9-de-septiembre-2025-1420h\/"},"author":{"name":"Cope Alcoy","@id":"https:\/\/www.copealcoy.es\/es\/#\/schema\/person\/e777c87fa024e57d40170af9df39882c"},"headline":"&#8216;Mediod\u00eda Cope&#8217; Alcoy martes 9 de septiembre 2025 (14:20h)","datePublished":"2025-09-09T06:35:04+00:00","dateModified":"2025-09-09T21:11:20+00:00","mainEntityOfPage":{"@id":"https:\/\/www.copealcoy.es\/es\/mediodia-cope-alcoy-martes-9-de-septiembre-2025-1420h\/"},"wordCount":473,"image":{"@id":"https:\/\/www.copealcoy.es\/es\/mediodia-cope-alcoy-martes-9-de-septiembre-2025-1420h\/#primaryimage"},"thumbnailUrl":"https:\/\/www.copealcoy.es\/wp-content\/uploads\/2025\/02\/Mediodia-Cope-Castellano.png","articleSection":["Actualidad","Audios de los programas","Informativos","Noticias"],"inLanguage":"es"},{"@type":"WebPage","@id":"https:\/\/www.copealcoy.es\/es\/mediodia-cope-alcoy-martes-9-de-septiembre-2025-1420h\/","url":"https:\/\/www.copealcoy.es\/es\/mediodia-cope-alcoy-martes-9-de-septiembre-2025-1420h\/","name":"'Mediod\u00eda Cope' Alcoy martes 9 de septiembre 2025 (14:20h) - COPE Alcoy","isPartOf":{"@id":"https:\/\/www.copealcoy.es\/es\/#website"},"primaryImageOfPage":{"@id":"https:\/\/www.copealcoy.es\/es\/mediodia-cope-alcoy-martes-9-de-septiembre-2025-1420h\/#primaryimage"},"image":{"@id":"https:\/\/www.copealcoy.es\/es\/mediodia-cope-alcoy-martes-9-de-septiembre-2025-1420h\/#primaryimage"},"thumbnailUrl":"https:\/\/www.copealcoy.es\/wp-content\/uploads\/2025\/02\/Mediodia-Cope-Castellano.png","datePublished":"2025-09-09T06:35:04+00:00","dateModified":"2025-09-09T21:11:20+00:00","author":{"@id":"https:\/\/www.copealcoy.es\/es\/#\/schema\/person\/e777c87fa024e57d40170af9df39882c"},"breadcrumb":{"@id":"https:\/\/www.copealcoy.es\/es\/mediodia-cope-alcoy-martes-9-de-septiembre-2025-1420h\/#breadcrumb"},"inLanguage":"es","potentialAction":[{"@type":"ReadAction","target":["https:\/\/www.copealcoy.es\/es\/mediodia-cope-alcoy-martes-9-de-septiembre-2025-1420h\/"]}]},{"@type":"ImageObject","inLanguage":"es","@id":"https:\/\/www.copealcoy.es\/es\/mediodia-cope-alcoy-martes-9-de-septiembre-2025-1420h\/#primaryimage","url":"https:\/\/www.copealcoy.es\/wp-content\/uploads\/2025\/02\/Mediodia-Cope-Castellano.png","contentUrl":"https:\/\/www.copealcoy.es\/wp-content\/uploads\/2025\/02\/Mediodia-Cope-Castellano.png","width":357,"height":290},{"@type":"BreadcrumbList","@id":"https:\/\/www.copealcoy.es\/es\/mediodia-cope-alcoy-martes-9-de-septiembre-2025-1420h\/#breadcrumb","itemListElement":[{"@type":"ListItem","position":1,"name":"Portada","item":"https:\/\/www.copealcoy.es\/es\/"},{"@type":"ListItem","position":2,"name":"&#8216;Mediod\u00eda Cope&#8217; Alcoy martes 9 de septiembre 2025 (14:20h)"}]},{"@type":"WebSite","@id":"https:\/\/www.copealcoy.es\/es\/#website","url":"https:\/\/www.copealcoy.es\/es\/","name":"COPE Alcoy","description":"Emisora COPE de radio local con emisi\u00f3n online. Pont de Sant Jordi 8-10 03803 Alcoy","potentialAction":[{"@type":"SearchAction","target":{"@type":"EntryPoint","urlTemplate":"https:\/\/www.copealcoy.es\/es\/?s={search_term_string}"},"query-input":{"@type":"PropertyValueSpecification","valueRequired":true,"valueName":"search_term_string"}}],"inLanguage":"es"},{"@type":"Person","@id":"https:\/\/www.copealcoy.es\/es\/#\/schema\/person\/e777c87fa024e57d40170af9df39882c","name":"Cope Alcoy","image":{"@type":"ImageObject","inLanguage":"es","@id":"https:\/\/secure.gravatar.com\/avatar\/bb65d0283347e303893ba14f0692005417c1e0e690a325a4c5d8bb2b3943ee14?s=96&d=mm&r=g","url":"https:\/\/secure.gravatar.com\/avatar\/bb65d0283347e303893ba14f0692005417c1e0e690a325a4c5d8bb2b3943ee14?s=96&d=mm&r=g","contentUrl":"https:\/\/secure.gravatar.com\/avatar\/bb65d0283347e303893ba14f0692005417c1e0e690a325a4c5d8bb2b3943ee14?s=96&d=mm&r=g","caption":"Cope Alcoy"}}]}},"_links":{"self":[{"href":"https:\/\/www.copealcoy.es\/es\/wp-json\/wp\/v2\/posts\/156949","targetHints":{"allow":["GET"]}}],"collection":[{"href":"https:\/\/www.copealcoy.es\/es\/wp-json\/wp\/v2\/posts"}],"about":[{"href":"https:\/\/www.copealcoy.es\/es\/wp-json\/wp\/v2\/types\/post"}],"author":[{"embeddable":true,"href":"https:\/\/www.copealcoy.es\/es\/wp-json\/wp\/v2\/users\/1"}],"replies":[{"embeddable":true,"href":"https:\/\/www.copealcoy.es\/es\/wp-json\/wp\/v2\/comments?post=156949"}],"version-history":[{"count":1,"href":"https:\/\/www.copealcoy.es\/es\/wp-json\/wp\/v2\/posts\/156949\/revisions"}],"predecessor-version":[{"id":156950,"href":"https:\/\/www.copealcoy.es\/es\/wp-json\/wp\/v2\/posts\/156949\/revisions\/156950"}],"wp:featuredmedia":[{"embeddable":true,"href":"https:\/\/www.copealcoy.es\/es\/wp-json\/wp\/v2\/media\/147663"}],"wp:attachment":[{"href":"https:\/\/www.copealcoy.es\/es\/wp-json\/wp\/v2\/media?parent=156949"}],"wp:term":[{"taxonomy":"category","embeddable":true,"href":"https:\/\/www.copealcoy.es\/es\/wp-json\/wp\/v2\/categories?post=156949"},{"taxonomy":"post_tag","embeddable":true,"href":"https:\/\/www.copealcoy.es\/es\/wp-json\/wp\/v2\/tags?post=156949"}],"curies":[{"name":"wp","href":"https:\/\/api.w.org\/{rel}","templated":true}]}}