{"id":156870,"date":"2025-09-08T12:11:13","date_gmt":"2025-09-08T11:11:13","guid":{"rendered":"https:\/\/www.copealcoy.es\/?p=156870"},"modified":"2025-09-08T12:14:09","modified_gmt":"2025-09-08T11:14:09","slug":"vuelta-al-cole-en-alcoy-ilusion-y-normalidad-tras-unas-merecidas-vacaciones-de-verano","status":"publish","type":"post","link":"https:\/\/www.copealcoy.es\/es\/vuelta-al-cole-en-alcoy-ilusion-y-normalidad-tras-unas-merecidas-vacaciones-de-verano\/","title":{"rendered":"Vuelta al Cole en Alcoy: ilusi\u00f3n y normalidad tras unas merecidas vacaciones de verano"},"content":{"rendered":"<p style=\"text-align: justify;\" data-start=\"217\" data-end=\"541\">El curso escolar 2025\/2026 ha arrancado este lunes en <strong data-start=\"271\" data-end=\"280\">Alcoy<\/strong> con normalidad y con\u00a0 <strong data-start=\"285\" data-end=\"316\">15.100 alumnos matriculados<\/strong> en todos los ciclos, desde <strong data-start=\"344\" data-end=\"366\">Educaci\u00f3n Infantil<\/strong> hasta la <strong data-start=\"376\" data-end=\"391\">Universidad<\/strong>. Las cifras reflejan un crecimiento en todos los niveles: 290 estudiantes m\u00e1s en Infantil y Primaria, y un incremento de 110 en ESO y Bachillerato seg\u00fan los datos aportados por el Ayuntamiento de nuestra ciudad.<\/p>\n<p style=\"text-align: justify;\" data-start=\"543\" data-end=\"1225\">En total, son <strong data-start=\"557\" data-end=\"586\">1.632 alumnos en Infantil<\/strong>, <strong data-start=\"588\" data-end=\"609\">3.400 en Primaria<\/strong>, <strong data-start=\"611\" data-end=\"634\">2.750 en Secundaria<\/strong> y <strong data-start=\"637\" data-end=\"660\">800 en Bachillerato<\/strong>, lo que supone m\u00e1s de 11.700 matriculados en la ense\u00f1anza obligatoria. El \u00e1mbito universitario alcanza por primera vez los <strong data-start=\"784\" data-end=\"805\">3.000 estudiantes<\/strong>: 2.875 en el <strong data-start=\"819\" data-end=\"848\">Campus de Alcoy de la UPV<\/strong>, de los que cerca de 900 son de nuevo ingreso, y 250 en la <strong data-start=\"908\" data-end=\"933\">Universitat d\u2019Alacant<\/strong>, que consolida el grado de Maestro en Educaci\u00f3n Infantil. A estas cifras se suman los <strong data-start=\"1020\" data-end=\"1102\">3.400 estudiantes de FP y la Escola d\u2019Art i Superior de Disseny d\u2019Alcoi (EASD)<\/strong>, as\u00ed como otras ense\u00f1anzas como escuelas de adultos, Conservatorios, Universidad S\u00e9nior o la Escuela Oficial de Idiomas. El mismo campus de la UPV, como viene informando COPE ALCOY, estrena este curso dos titulaciones muy demandadas: el <strong data-start=\"1301\" data-end=\"1337\">grado en Inteligencia Artificial<\/strong> y el <strong data-start=\"1343\" data-end=\"1423\">doble grado en Ingenier\u00eda Qu\u00edmica e Ingenier\u00eda de Tecnolog\u00eda y Dise\u00f1o Textil<\/strong>, que refuerzan su especializaci\u00f3n en sectores de alta empleabilidad &#8220;<em data-start=\"2686\" data-end=\"3570\">Alcoy viene creciendo en poblaci\u00f3n en los \u00faltimos a\u00f1os y eso tambi\u00e9n se traduce en un aumento del alumnado, reforzando nuestra capitalidad educativa y la capacidad de atraer talento. Nos preocupan los cambios introducidos sin consulta previa por la Conselleria de Infraestructuras en el transporte comarcal y provincial, que dificultan que muchos estudiantes puedan llegar a tiempo a sus centros&#8221;, <\/em>ha destacado el alcalde, <strong>Toni Franc\u00e9s<\/strong>, durante la visita realizada esta ma\u00f1ana al Colegio Horta Major. Tambi\u00e9n el vicealcalde de Alcoy ha dejado un recado a la Conselleria de Educaci\u00f3n &#8220;e<em data-start=\"2686\" data-end=\"3570\">s un d\u00eda intenso y bonito para toda la comunidad educativa, en el que queremos aprovechar para exigir a la Generalitat retos pendientes, como la cobertura de vacantes y sustituciones en todos los niveles educativos. Es una situaci\u00f3n que se da en Alcoy pero tambi\u00e9n en buena parte del territorio valenciano&#8221;<\/em>, afirm\u00f3 <strong>\u00c0lex Cerradelo<\/strong>.<\/p>\n<p data-start=\"543\" data-end=\"1225\"><span style=\"color: #0000ff;\"><strong>Mejoras en centros educativos a trav\u00e9s del &#8216;Pla Edificant&#8217;<\/strong><\/span><\/p>\n<p style=\"text-align: justify;\" data-start=\"1556\" data-end=\"1960\">Durante el verano se han realizado tambi\u00e9n actuaciones en diversos centros educativos para que estuvieran en perfectas condiciones de cara al inicio de las clases hoy, trabajos efectuados por las brigadas municipales como\u00a0<strong data-start=\"1631\" data-end=\"1654\">limpieza y desbroce<\/strong> en los entornos de los colegios, adem\u00e1s de la <strong data-start=\"1701\" data-end=\"1728\">desinfecci\u00f3n de accesos<\/strong> para preparar la vuelta a las aulas. Tambi\u00e9n se han realizado actuaciones a trav\u00e9s del <strong data-start=\"1816\" data-end=\"1833\">Pla Edificant<\/strong>, como la sustituci\u00f3n de calderas en el <strong>CEIP El Romeral<\/strong> o la instalaci\u00f3n de sistemas de climatizaci\u00f3n en el <strong>CEIP Horta Major<\/strong>. Sin embargo, que siguen pendientes proyectos como la reforma del <strong data-start=\"2065\" data-end=\"2085\">IES Cotes Baixes<\/strong> o la validaci\u00f3n del proyecto del <strong data-start=\"2119\" data-end=\"2139\">CEIP Sant Vicent<\/strong>, mientras que la reforma integral del <strong data-start=\"2178\" data-end=\"2198\">IES Pare Vit\u00f2ria<\/strong> ya ha adjudicado la redacci\u00f3n por 193.600 euros. Finalmente, avanza la reforma del <strong>IES Andreu Sempere<\/strong> &#8220;<em>aunque el verano siempre trae retrasos en este tipo de cuestiones, por las vacaciones estivales, las obras siguen su curso y esperamos que se cumplan los plazos marcados para que as\u00ed los alumnos puedan disfrutar del centro en las condiciones que merecen<\/em>&#8220;, inform\u00f3 el edil de Educaci\u00f3n; <strong>Alberto Belda<\/strong>.<\/p>\n<p data-start=\"2484\" data-end=\"3573\"><span style=\"color: #0000ff;\"><strong>Ilusiones renovadas para los colegios ante el inicio del curso<\/strong><\/span><\/p>\n<p style=\"text-align: justify;\" data-start=\"2484\" data-end=\"3573\">Los colegios han arrancado tambi\u00e9n con ilusi\u00f3n el nuevo curso escolar, y durante la ma\u00f1ana, <strong>se han repetido las escenas<\/strong> de alegr\u00eda ante los reencuentros entre amigos o algunos lloros en los m\u00e1s peque\u00f1os que entraban por primera ve a las aulas. La normalidad ha sido la t\u00f3nica dominante de una jornada que supone tambi\u00e9n la recuperaci\u00f3n de horarios y la activaci\u00f3n de rutinas para las familias &#8220;s<em>er\u00e1, a buen seguro, un curso apasionante en el que queremos potenciar la lengua o el aprendizaje fuera de las aulas por medio de iniciativas como el huerto escolar e incluso un gallinero sin dejar de lado las competencias b\u00e1sicas con el apoyo de las nuevas tecnolog\u00edas<\/em>&#8220;, concluy\u00f3 en COPE ALCOY el director del mismo colegio <a href=\"https:\/\/www.alcoi.org\/ca\/areas\/educacion\/instalaciones\/instalacion_007.html\" target=\"_blank\" rel=\"noopener\"><span style=\"color: #0000ff;\"><strong>Horta Major<\/strong><\/span><\/a>; <strong>David Salinas Palmer<\/strong>.<\/p>\n<p style=\"text-align: justify;\">Una vez iniciada la actividad escolar, hay por delante 181 d\u00edas lectivos en<strong> un curso que acabar\u00e1 el 19 de junio de 2026<\/strong> a las puertas de un nuevo verano.<\/p>\n","protected":false},"excerpt":{"rendered":"<p>El curso escolar 2025\/2026 ha arrancado este lunes en Alcoy con normalidad y con\u00a0 15.100 alumnos matriculados en todos los&#8230;<\/p>\n","protected":false},"author":1,"featured_media":156871,"comment_status":"closed","ping_status":"closed","sticky":false,"template":"","format":"standard","meta":{"footnotes":""},"categories":[6909,97,75],"tags":[1494,10805,4570],"class_list":["post-156870","post","type-post","status-publish","format-standard","has-post-thumbnail","hentry","category-actualidad","category-alcoy","category-noticias","tag-alcoy","tag-inicio-de-curso","tag-vuelta-al-cole"],"yoast_head":"<!-- This site is optimized with the Yoast SEO plugin v27.3 - https:\/\/yoast.com\/product\/yoast-seo-wordpress\/ -->\n<title>Vuelta al Cole en Alcoy: ilusi\u00f3n y normalidad tras unas merecidas vacaciones de verano - COPE Alcoy<\/title>\n<meta name=\"description\" content=\"Vuelta al Cole en Alcoy: ilusi\u00f3n y normalidad tras unas merecidas vacaciones de verano\" \/>\n<meta name=\"robots\" content=\"index, follow, max-snippet:-1, max-image-preview:large, max-video-preview:-1\" \/>\n<link rel=\"canonical\" href=\"https:\/\/www.copealcoy.es\/es\/vuelta-al-cole-en-alcoy-ilusion-y-normalidad-tras-unas-merecidas-vacaciones-de-verano\/\" \/>\n<meta property=\"og:locale\" content=\"es_ES\" \/>\n<meta property=\"og:type\" content=\"article\" \/>\n<meta property=\"og:title\" content=\"Vuelta al Cole en Alcoy: ilusi\u00f3n y normalidad tras unas merecidas vacaciones de verano - COPE Alcoy\" \/>\n<meta property=\"og:description\" content=\"Vuelta al Cole en Alcoy: ilusi\u00f3n y normalidad tras unas merecidas vacaciones de verano\" \/>\n<meta property=\"og:url\" content=\"https:\/\/www.copealcoy.es\/es\/vuelta-al-cole-en-alcoy-ilusion-y-normalidad-tras-unas-merecidas-vacaciones-de-verano\/\" \/>\n<meta property=\"og:site_name\" content=\"COPE Alcoy\" \/>\n<meta property=\"article:published_time\" content=\"2025-09-08T11:11:13+00:00\" \/>\n<meta property=\"article:modified_time\" content=\"2025-09-08T11:14:09+00:00\" \/>\n<meta property=\"og:image\" content=\"https:\/\/www.copealcoy.es\/wp-content\/uploads\/2025\/09\/unnamed-2-2-scaled.jpg\" \/>\n\t<meta property=\"og:image:width\" content=\"2560\" \/>\n\t<meta property=\"og:image:height\" content=\"1618\" \/>\n\t<meta property=\"og:image:type\" content=\"image\/jpeg\" \/>\n<meta name=\"author\" content=\"Cope Alcoy\" \/>\n<meta name=\"twitter:label1\" content=\"Escrito por\" \/>\n\t<meta name=\"twitter:data1\" content=\"Cope Alcoy\" \/>\n\t<meta name=\"twitter:label2\" content=\"Tiempo de lectura\" \/>\n\t<meta name=\"twitter:data2\" content=\"5 minutos\" \/>\n<script type=\"application\/ld+json\" class=\"yoast-schema-graph\">{\"@context\":\"https:\\\/\\\/schema.org\",\"@graph\":[{\"@type\":\"Article\",\"@id\":\"https:\\\/\\\/www.copealcoy.es\\\/es\\\/vuelta-al-cole-en-alcoy-ilusion-y-normalidad-tras-unas-merecidas-vacaciones-de-verano\\\/#article\",\"isPartOf\":{\"@id\":\"https:\\\/\\\/www.copealcoy.es\\\/es\\\/vuelta-al-cole-en-alcoy-ilusion-y-normalidad-tras-unas-merecidas-vacaciones-de-verano\\\/\"},\"author\":{\"name\":\"Cope Alcoy\",\"@id\":\"https:\\\/\\\/www.copealcoy.es\\\/es\\\/#\\\/schema\\\/person\\\/e777c87fa024e57d40170af9df39882c\"},\"headline\":\"Vuelta al Cole en Alcoy: ilusi\u00f3n y normalidad tras unas merecidas vacaciones de verano\",\"datePublished\":\"2025-09-08T11:11:13+00:00\",\"dateModified\":\"2025-09-08T11:14:09+00:00\",\"mainEntityOfPage\":{\"@id\":\"https:\\\/\\\/www.copealcoy.es\\\/es\\\/vuelta-al-cole-en-alcoy-ilusion-y-normalidad-tras-unas-merecidas-vacaciones-de-verano\\\/\"},\"wordCount\":771,\"image\":{\"@id\":\"https:\\\/\\\/www.copealcoy.es\\\/es\\\/vuelta-al-cole-en-alcoy-ilusion-y-normalidad-tras-unas-merecidas-vacaciones-de-verano\\\/#primaryimage\"},\"thumbnailUrl\":\"https:\\\/\\\/www.copealcoy.es\\\/wp-content\\\/uploads\\\/2025\\\/09\\\/unnamed-2-2-scaled.jpg\",\"keywords\":[\"Alcoy\",\"inicio de curso\",\"Vuelta al Cole\"],\"articleSection\":[\"Actualidad\",\"Alcoy\",\"Noticias\"],\"inLanguage\":\"es\"},{\"@type\":\"WebPage\",\"@id\":\"https:\\\/\\\/www.copealcoy.es\\\/es\\\/vuelta-al-cole-en-alcoy-ilusion-y-normalidad-tras-unas-merecidas-vacaciones-de-verano\\\/\",\"url\":\"https:\\\/\\\/www.copealcoy.es\\\/es\\\/vuelta-al-cole-en-alcoy-ilusion-y-normalidad-tras-unas-merecidas-vacaciones-de-verano\\\/\",\"name\":\"Vuelta al Cole en Alcoy: ilusi\u00f3n y normalidad tras unas merecidas vacaciones de verano - COPE Alcoy\",\"isPartOf\":{\"@id\":\"https:\\\/\\\/www.copealcoy.es\\\/es\\\/#website\"},\"primaryImageOfPage\":{\"@id\":\"https:\\\/\\\/www.copealcoy.es\\\/es\\\/vuelta-al-cole-en-alcoy-ilusion-y-normalidad-tras-unas-merecidas-vacaciones-de-verano\\\/#primaryimage\"},\"image\":{\"@id\":\"https:\\\/\\\/www.copealcoy.es\\\/es\\\/vuelta-al-cole-en-alcoy-ilusion-y-normalidad-tras-unas-merecidas-vacaciones-de-verano\\\/#primaryimage\"},\"thumbnailUrl\":\"https:\\\/\\\/www.copealcoy.es\\\/wp-content\\\/uploads\\\/2025\\\/09\\\/unnamed-2-2-scaled.jpg\",\"datePublished\":\"2025-09-08T11:11:13+00:00\",\"dateModified\":\"2025-09-08T11:14:09+00:00\",\"author\":{\"@id\":\"https:\\\/\\\/www.copealcoy.es\\\/es\\\/#\\\/schema\\\/person\\\/e777c87fa024e57d40170af9df39882c\"},\"description\":\"Vuelta al Cole en Alcoy: ilusi\u00f3n y normalidad tras unas merecidas vacaciones de verano\",\"breadcrumb\":{\"@id\":\"https:\\\/\\\/www.copealcoy.es\\\/es\\\/vuelta-al-cole-en-alcoy-ilusion-y-normalidad-tras-unas-merecidas-vacaciones-de-verano\\\/#breadcrumb\"},\"inLanguage\":\"es\",\"potentialAction\":[{\"@type\":\"ReadAction\",\"target\":[\"https:\\\/\\\/www.copealcoy.es\\\/es\\\/vuelta-al-cole-en-alcoy-ilusion-y-normalidad-tras-unas-merecidas-vacaciones-de-verano\\\/\"]}]},{\"@type\":\"ImageObject\",\"inLanguage\":\"es\",\"@id\":\"https:\\\/\\\/www.copealcoy.es\\\/es\\\/vuelta-al-cole-en-alcoy-ilusion-y-normalidad-tras-unas-merecidas-vacaciones-de-verano\\\/#primaryimage\",\"url\":\"https:\\\/\\\/www.copealcoy.es\\\/wp-content\\\/uploads\\\/2025\\\/09\\\/unnamed-2-2-scaled.jpg\",\"contentUrl\":\"https:\\\/\\\/www.copealcoy.es\\\/wp-content\\\/uploads\\\/2025\\\/09\\\/unnamed-2-2-scaled.jpg\",\"width\":2560,\"height\":1618},{\"@type\":\"BreadcrumbList\",\"@id\":\"https:\\\/\\\/www.copealcoy.es\\\/es\\\/vuelta-al-cole-en-alcoy-ilusion-y-normalidad-tras-unas-merecidas-vacaciones-de-verano\\\/#breadcrumb\",\"itemListElement\":[{\"@type\":\"ListItem\",\"position\":1,\"name\":\"Portada\",\"item\":\"https:\\\/\\\/www.copealcoy.es\\\/es\\\/\"},{\"@type\":\"ListItem\",\"position\":2,\"name\":\"Vuelta al Cole en Alcoy: ilusi\u00f3n y normalidad tras unas merecidas vacaciones de verano\"}]},{\"@type\":\"WebSite\",\"@id\":\"https:\\\/\\\/www.copealcoy.es\\\/es\\\/#website\",\"url\":\"https:\\\/\\\/www.copealcoy.es\\\/es\\\/\",\"name\":\"COPE Alcoy\",\"description\":\"Emisora COPE de radio local con emisi\u00f3n online. Pont de Sant Jordi 8-10 03803 Alcoy\",\"potentialAction\":[{\"@type\":\"SearchAction\",\"target\":{\"@type\":\"EntryPoint\",\"urlTemplate\":\"https:\\\/\\\/www.copealcoy.es\\\/es\\\/?s={search_term_string}\"},\"query-input\":{\"@type\":\"PropertyValueSpecification\",\"valueRequired\":true,\"valueName\":\"search_term_string\"}}],\"inLanguage\":\"es\"},{\"@type\":\"Person\",\"@id\":\"https:\\\/\\\/www.copealcoy.es\\\/es\\\/#\\\/schema\\\/person\\\/e777c87fa024e57d40170af9df39882c\",\"name\":\"Cope Alcoy\",\"image\":{\"@type\":\"ImageObject\",\"inLanguage\":\"es\",\"@id\":\"https:\\\/\\\/secure.gravatar.com\\\/avatar\\\/bb65d0283347e303893ba14f0692005417c1e0e690a325a4c5d8bb2b3943ee14?s=96&d=mm&r=g\",\"url\":\"https:\\\/\\\/secure.gravatar.com\\\/avatar\\\/bb65d0283347e303893ba14f0692005417c1e0e690a325a4c5d8bb2b3943ee14?s=96&d=mm&r=g\",\"contentUrl\":\"https:\\\/\\\/secure.gravatar.com\\\/avatar\\\/bb65d0283347e303893ba14f0692005417c1e0e690a325a4c5d8bb2b3943ee14?s=96&d=mm&r=g\",\"caption\":\"Cope Alcoy\"}}]}<\/script>\n<!-- \/ Yoast SEO plugin. -->","yoast_head_json":{"title":"Vuelta al Cole en Alcoy: ilusi\u00f3n y normalidad tras unas merecidas vacaciones de verano - COPE Alcoy","description":"Vuelta al Cole en Alcoy: ilusi\u00f3n y normalidad tras unas merecidas vacaciones de verano","robots":{"index":"index","follow":"follow","max-snippet":"max-snippet:-1","max-image-preview":"max-image-preview:large","max-video-preview":"max-video-preview:-1"},"canonical":"https:\/\/www.copealcoy.es\/es\/vuelta-al-cole-en-alcoy-ilusion-y-normalidad-tras-unas-merecidas-vacaciones-de-verano\/","og_locale":"es_ES","og_type":"article","og_title":"Vuelta al Cole en Alcoy: ilusi\u00f3n y normalidad tras unas merecidas vacaciones de verano - COPE Alcoy","og_description":"Vuelta al Cole en Alcoy: ilusi\u00f3n y normalidad tras unas merecidas vacaciones de verano","og_url":"https:\/\/www.copealcoy.es\/es\/vuelta-al-cole-en-alcoy-ilusion-y-normalidad-tras-unas-merecidas-vacaciones-de-verano\/","og_site_name":"COPE Alcoy","article_published_time":"2025-09-08T11:11:13+00:00","article_modified_time":"2025-09-08T11:14:09+00:00","og_image":[{"width":2560,"height":1618,"url":"https:\/\/www.copealcoy.es\/wp-content\/uploads\/2025\/09\/unnamed-2-2-scaled.jpg","type":"image\/jpeg"}],"author":"Cope Alcoy","twitter_misc":{"Escrito por":"Cope Alcoy","Tiempo de lectura":"5 minutos"},"schema":{"@context":"https:\/\/schema.org","@graph":[{"@type":"Article","@id":"https:\/\/www.copealcoy.es\/es\/vuelta-al-cole-en-alcoy-ilusion-y-normalidad-tras-unas-merecidas-vacaciones-de-verano\/#article","isPartOf":{"@id":"https:\/\/www.copealcoy.es\/es\/vuelta-al-cole-en-alcoy-ilusion-y-normalidad-tras-unas-merecidas-vacaciones-de-verano\/"},"author":{"name":"Cope Alcoy","@id":"https:\/\/www.copealcoy.es\/es\/#\/schema\/person\/e777c87fa024e57d40170af9df39882c"},"headline":"Vuelta al Cole en Alcoy: ilusi\u00f3n y normalidad tras unas merecidas vacaciones de verano","datePublished":"2025-09-08T11:11:13+00:00","dateModified":"2025-09-08T11:14:09+00:00","mainEntityOfPage":{"@id":"https:\/\/www.copealcoy.es\/es\/vuelta-al-cole-en-alcoy-ilusion-y-normalidad-tras-unas-merecidas-vacaciones-de-verano\/"},"wordCount":771,"image":{"@id":"https:\/\/www.copealcoy.es\/es\/vuelta-al-cole-en-alcoy-ilusion-y-normalidad-tras-unas-merecidas-vacaciones-de-verano\/#primaryimage"},"thumbnailUrl":"https:\/\/www.copealcoy.es\/wp-content\/uploads\/2025\/09\/unnamed-2-2-scaled.jpg","keywords":["Alcoy","inicio de curso","Vuelta al Cole"],"articleSection":["Actualidad","Alcoy","Noticias"],"inLanguage":"es"},{"@type":"WebPage","@id":"https:\/\/www.copealcoy.es\/es\/vuelta-al-cole-en-alcoy-ilusion-y-normalidad-tras-unas-merecidas-vacaciones-de-verano\/","url":"https:\/\/www.copealcoy.es\/es\/vuelta-al-cole-en-alcoy-ilusion-y-normalidad-tras-unas-merecidas-vacaciones-de-verano\/","name":"Vuelta al Cole en Alcoy: ilusi\u00f3n y normalidad tras unas merecidas vacaciones de verano - COPE Alcoy","isPartOf":{"@id":"https:\/\/www.copealcoy.es\/es\/#website"},"primaryImageOfPage":{"@id":"https:\/\/www.copealcoy.es\/es\/vuelta-al-cole-en-alcoy-ilusion-y-normalidad-tras-unas-merecidas-vacaciones-de-verano\/#primaryimage"},"image":{"@id":"https:\/\/www.copealcoy.es\/es\/vuelta-al-cole-en-alcoy-ilusion-y-normalidad-tras-unas-merecidas-vacaciones-de-verano\/#primaryimage"},"thumbnailUrl":"https:\/\/www.copealcoy.es\/wp-content\/uploads\/2025\/09\/unnamed-2-2-scaled.jpg","datePublished":"2025-09-08T11:11:13+00:00","dateModified":"2025-09-08T11:14:09+00:00","author":{"@id":"https:\/\/www.copealcoy.es\/es\/#\/schema\/person\/e777c87fa024e57d40170af9df39882c"},"description":"Vuelta al Cole en Alcoy: ilusi\u00f3n y normalidad tras unas merecidas vacaciones de verano","breadcrumb":{"@id":"https:\/\/www.copealcoy.es\/es\/vuelta-al-cole-en-alcoy-ilusion-y-normalidad-tras-unas-merecidas-vacaciones-de-verano\/#breadcrumb"},"inLanguage":"es","potentialAction":[{"@type":"ReadAction","target":["https:\/\/www.copealcoy.es\/es\/vuelta-al-cole-en-alcoy-ilusion-y-normalidad-tras-unas-merecidas-vacaciones-de-verano\/"]}]},{"@type":"ImageObject","inLanguage":"es","@id":"https:\/\/www.copealcoy.es\/es\/vuelta-al-cole-en-alcoy-ilusion-y-normalidad-tras-unas-merecidas-vacaciones-de-verano\/#primaryimage","url":"https:\/\/www.copealcoy.es\/wp-content\/uploads\/2025\/09\/unnamed-2-2-scaled.jpg","contentUrl":"https:\/\/www.copealcoy.es\/wp-content\/uploads\/2025\/09\/unnamed-2-2-scaled.jpg","width":2560,"height":1618},{"@type":"BreadcrumbList","@id":"https:\/\/www.copealcoy.es\/es\/vuelta-al-cole-en-alcoy-ilusion-y-normalidad-tras-unas-merecidas-vacaciones-de-verano\/#breadcrumb","itemListElement":[{"@type":"ListItem","position":1,"name":"Portada","item":"https:\/\/www.copealcoy.es\/es\/"},{"@type":"ListItem","position":2,"name":"Vuelta al Cole en Alcoy: ilusi\u00f3n y normalidad tras unas merecidas vacaciones de verano"}]},{"@type":"WebSite","@id":"https:\/\/www.copealcoy.es\/es\/#website","url":"https:\/\/www.copealcoy.es\/es\/","name":"COPE Alcoy","description":"Emisora COPE de radio local con emisi\u00f3n online. Pont de Sant Jordi 8-10 03803 Alcoy","potentialAction":[{"@type":"SearchAction","target":{"@type":"EntryPoint","urlTemplate":"https:\/\/www.copealcoy.es\/es\/?s={search_term_string}"},"query-input":{"@type":"PropertyValueSpecification","valueRequired":true,"valueName":"search_term_string"}}],"inLanguage":"es"},{"@type":"Person","@id":"https:\/\/www.copealcoy.es\/es\/#\/schema\/person\/e777c87fa024e57d40170af9df39882c","name":"Cope Alcoy","image":{"@type":"ImageObject","inLanguage":"es","@id":"https:\/\/secure.gravatar.com\/avatar\/bb65d0283347e303893ba14f0692005417c1e0e690a325a4c5d8bb2b3943ee14?s=96&d=mm&r=g","url":"https:\/\/secure.gravatar.com\/avatar\/bb65d0283347e303893ba14f0692005417c1e0e690a325a4c5d8bb2b3943ee14?s=96&d=mm&r=g","contentUrl":"https:\/\/secure.gravatar.com\/avatar\/bb65d0283347e303893ba14f0692005417c1e0e690a325a4c5d8bb2b3943ee14?s=96&d=mm&r=g","caption":"Cope Alcoy"}}]}},"_links":{"self":[{"href":"https:\/\/www.copealcoy.es\/es\/wp-json\/wp\/v2\/posts\/156870","targetHints":{"allow":["GET"]}}],"collection":[{"href":"https:\/\/www.copealcoy.es\/es\/wp-json\/wp\/v2\/posts"}],"about":[{"href":"https:\/\/www.copealcoy.es\/es\/wp-json\/wp\/v2\/types\/post"}],"author":[{"embeddable":true,"href":"https:\/\/www.copealcoy.es\/es\/wp-json\/wp\/v2\/users\/1"}],"replies":[{"embeddable":true,"href":"https:\/\/www.copealcoy.es\/es\/wp-json\/wp\/v2\/comments?post=156870"}],"version-history":[{"count":1,"href":"https:\/\/www.copealcoy.es\/es\/wp-json\/wp\/v2\/posts\/156870\/revisions"}],"predecessor-version":[{"id":156874,"href":"https:\/\/www.copealcoy.es\/es\/wp-json\/wp\/v2\/posts\/156870\/revisions\/156874"}],"wp:featuredmedia":[{"embeddable":true,"href":"https:\/\/www.copealcoy.es\/es\/wp-json\/wp\/v2\/media\/156871"}],"wp:attachment":[{"href":"https:\/\/www.copealcoy.es\/es\/wp-json\/wp\/v2\/media?parent=156870"}],"wp:term":[{"taxonomy":"category","embeddable":true,"href":"https:\/\/www.copealcoy.es\/es\/wp-json\/wp\/v2\/categories?post=156870"},{"taxonomy":"post_tag","embeddable":true,"href":"https:\/\/www.copealcoy.es\/es\/wp-json\/wp\/v2\/tags?post=156870"}],"curies":[{"name":"wp","href":"https:\/\/api.w.org\/{rel}","templated":true}]}}