{"id":156858,"date":"2025-09-08T07:30:02","date_gmt":"2025-09-08T06:30:02","guid":{"rendered":"https:\/\/www.copealcoy.es\/?p=156858"},"modified":"2025-09-08T10:35:42","modified_gmt":"2025-09-08T09:35:42","slug":"informativo-matinal-lunes-8-de-septiembre-2025-0750h","status":"publish","type":"post","link":"https:\/\/www.copealcoy.es\/es\/informativo-matinal-lunes-8-de-septiembre-2025-0750h\/","title":{"rendered":"Informativo matinal lunes 8 de septiembre 2025 (07:50h)"},"content":{"rendered":"<p><iframe loading=\"lazy\" title=\"Informativo Matinal Lunes 8 De Septiembre 2025 (07:50h)\" width=\"100%\" height=\"120\" src=\"https:\/\/www.mixcloud.com\/widget\/iframe\/?feed=https%3A%2F%2Fwww.mixcloud.com%2FCOPEAlcoy%2Finformativo-matinal-lunes-8-de-septiembre-2025-0750h%2F&amp;hide_cover=1\" frameborder=\"0\" allow=\"encrypted-media; fullscreen; autoplay; idle-detection; speaker-selection; web-share;\"><\/iframe><\/p>\n<p style=\"text-align: justify;\">Hoy lunes hemos comenzado la semana destacando que <strong>en este 8 de septiembre tiene lugar la &#8216;Vuelta al Cole&#8217; en nuestras comarcas<\/strong>. Tambi\u00e9n <strong>hemos comentado las demandas que tiene la comarca sobre el servicio de transporte<\/strong> y que han sido trasladadas de nuevo a la Conselleria.<\/p>\n<p style=\"text-align: justify;\" data-start=\"304\" data-end=\"635\">Los alcaldes de\u00a0<span style=\"color: #0000ff;\"><strong><a class=\"decorated-link cursor-pointer\" style=\"color: #0000ff;\" target=\"_new\" rel=\"noopener\" data-start=\"320\" data-end=\"355\">Alcoy<\/a><\/strong><\/span>, Cocentaina, Muro y Banyeres de Mariola se reunieron recientemente con el conseller de Medio Ambiente, Infraestructuras y Territorio,\u00a0<strong>Vicent Mart\u00ednez Mus<\/strong>, para trasladar las\u00a0<strong data-start=\"516\" data-end=\"532\">deficiencias<\/strong>\u00a0que a su juicio presenta el servicio de\u00a0<strong data-start=\"549\" data-end=\"575\">autob\u00fas comarcal BUSCO<\/strong>, vigente desde hace unas semanas.\u00a0 A la reuni\u00f3n tambi\u00e9n asistieron el director general de Transportes,\u00a0<strong>Manuel R\u00edos<\/strong>, y el secretario auton\u00f3mico de Infraestructuras,\u00a0<strong>Javier Sendra<\/strong>, as\u00ed como los\u00a0<strong data-start=\"794\" data-end=\"810\">vicealcaldes<\/strong>\u00a0de Alcoy y Cocentaina.<\/p>\n<p style=\"text-align: justify;\" data-start=\"304\" data-end=\"635\">Los representantes municipales insistieron en la necesidad de\u00a0<strong data-start=\"896\" data-end=\"931\">mejorar frecuencias y trayectos<\/strong>, recordando que cualquier modificaci\u00f3n debe respetar la\u00a0<strong data-start=\"988\" data-end=\"1019\">Ley de Movilidad Valenciana<\/strong>\u00a0y contar con informaci\u00f3n previa. El\u00a0<span style=\"color: #0000ff;\"><a class=\"decorated-link cursor-pointer\" style=\"color: #0000ff;\" target=\"_new\" rel=\"noopener\" data-start=\"1059\" data-end=\"1110\"><strong data-start=\"1060\" data-end=\"1085\">Ayuntamiento de Alcoy<\/strong><\/a><\/span>\u00a0alert\u00f3 sobre la necesidad de modificar la\u00a0<strong data-start=\"1153\" data-end=\"1181\">parada de V\u00edctor Espin\u00f3s<\/strong>, en Mestre Esp\u00ed, una calle recientemente reformada, y sobre problemas generados por los\u00a0<strong data-start=\"1270\" data-end=\"1289\">nuevos horarios<\/strong>, como la supresi\u00f3n del primer trayecto desde Villena y de algunas paradas, afectando a m\u00e1s de 300 alumnos que cursan FP en la ciudad. El alcalde de Alcoy,\u00a0<strong>Toni Franc\u00e9s<\/strong>, declar\u00f3:\u00a0<em data-start=\"1468\" data-end=\"1721\">\u00abLa situaci\u00f3n actual demuestra una falta de planificaci\u00f3n y coordinaci\u00f3n por parte de la Conselleria. Confiamos en que se rectifique y se ofrezca un servicio p\u00fablico de transporte previsible, estable y adaptado a las necesidades reales de la comarca\u00bb.<\/em><\/p>\n<p style=\"text-align: justify;\" data-start=\"1725\" data-end=\"2096\">Desde el\u00a0<span style=\"color: #0000ff;\"><a class=\"decorated-link cursor-pointer\" style=\"color: #0000ff;\" target=\"_new\" rel=\"noopener\" data-start=\"1734\" data-end=\"1794\"><strong data-start=\"1735\" data-end=\"1765\">Ayuntamiento de Cocentaina<\/strong><\/a>\u00a0<\/span>se destac\u00f3 la recuperaci\u00f3n de la\u00a0<strong data-start=\"1828\" data-end=\"1864\">parada de Paquito el Chocolatero<\/strong>, pero se critic\u00f3 la falta de\u00a0<strong data-start=\"1894\" data-end=\"1917\">comunicaci\u00f3n previa<\/strong>:\u00a0<em data-start=\"1919\" data-end=\"2061\">\u00abLas buenas palabras y la disposici\u00f3n mostrada por el conseller se traduzcan en hechos que satisfagan las demandas de las personas usuarias\u00bb<\/em>, subray\u00f3 el alcalde\u00a0<strong>Rub\u00e9n Mu\u00f1oz<\/strong>.<\/p>\n<p style=\"text-align: justify;\" data-start=\"2098\" data-end=\"2568\">Los alcaldes coincidieron en que la situaci\u00f3n podr\u00eda haberse evitado con\u00a0<strong data-start=\"2171\" data-end=\"2187\">coordinaci\u00f3n<\/strong>\u00a0previa y reclamaron la restituci\u00f3n de paradas eliminadas,\u00a0<strong data-start=\"2246\" data-end=\"2294\">mejora de conexiones con Valencia y Alicante<\/strong>, y la reincorporaci\u00f3n de\u00a0<strong data-start=\"2320\" data-end=\"2359\">abonamientos multiviaje y mensuales<\/strong>. El alcalde de Banyeres,\u00a0<strong>Josep Sempere<\/strong>, afirm\u00f3:\u00a0<em data-start=\"2408\" data-end=\"2566\">\u00abLos cambios dejan el servicio en una situaci\u00f3n totalmente desfavorable. Es necesario que la Conselleria trabaje para enmendar urgentemente esta situaci\u00f3n\u00bb.\u00a0<\/em>Desde Muro, el alcalde\u00a0<strong>Vicent Molina<\/strong><em data-start=\"2408\" data-end=\"2566\">,\u00a0<\/em>record\u00f3 que, adem\u00e1s de la problem\u00e1tica de los nuevos horarios y servicio de las l\u00edneas comarcales que enlazan los municipios entre Alcoy y Muro, tambi\u00e9n se abordaron las conexiones con Val\u00e8ncia y Alicante, que presentan igualmente carencias. En concreto, Muro reivindic\u00f3 la restituci\u00f3n de las paradas suprimidas de Protecci\u00f3n Civil y Casa de Ferro. Tambi\u00e9n propuso una reubicaci\u00f3n de la parada actual en Pa\u00eds Valenci\u00e0, 5 a Miguel Parra, lo que podr\u00eda ahorrar muchos minutos del recorrido y evitar atascos<em data-start=\"2408\" data-end=\"2566\">. \u00abCada pueblo ha reivindicado que se atienda su necesidad. La sensaci\u00f3n ha sido positiva, en tanto que existe voluntad de ajustar paradas y franjas horarias para que sean lo m\u00e1s adecuadas a la realidad\u00bb,\u00a0<\/em>concluy\u00f3.<\/p>\n<p style=\"text-align: justify;\" data-start=\"2570\" data-end=\"2773\">Los cuatro alcaldes mostraron su confianza en que la Conselleria act\u00fae con rapidez para ofrecer un\u00a0<strong data-start=\"2669\" data-end=\"2756\">servicio de transporte p\u00fablico digno, funcional y adaptado a las necesidades reales<\/strong>\u00a0de la comarca.<\/p>\n","protected":false},"excerpt":{"rendered":"<p>Hoy lunes hemos comenzado la semana destacando que en este 8 de septiembre tiene lugar la &#8216;Vuelta al Cole&#8217; en&#8230;<\/p>\n","protected":false},"author":1,"featured_media":147669,"comment_status":"closed","ping_status":"closed","sticky":false,"template":"","format":"standard","meta":{"footnotes":""},"categories":[6909,89,91,75],"tags":[],"class_list":["post-156858","post","type-post","status-publish","format-standard","has-post-thumbnail","hentry","category-actualidad","category-audiosdelosprogramas","category-informativos","category-noticias"],"yoast_head":"<!-- This site is optimized with the Yoast SEO plugin v27.3 - https:\/\/yoast.com\/product\/yoast-seo-wordpress\/ -->\n<title>Informativo matinal lunes 8 de septiembre 2025 (07:50h) - COPE Alcoy<\/title>\n<meta name=\"robots\" content=\"index, follow, max-snippet:-1, max-image-preview:large, max-video-preview:-1\" \/>\n<link rel=\"canonical\" href=\"https:\/\/www.copealcoy.es\/es\/informativo-matinal-lunes-8-de-septiembre-2025-0750h\/\" \/>\n<meta property=\"og:locale\" content=\"es_ES\" \/>\n<meta property=\"og:type\" content=\"article\" \/>\n<meta property=\"og:title\" content=\"Informativo matinal lunes 8 de septiembre 2025 (07:50h) - COPE Alcoy\" \/>\n<meta property=\"og:description\" content=\"Hoy lunes hemos comenzado la semana destacando que en este 8 de septiembre tiene lugar la &#8216;Vuelta al Cole&#8217; en...\" \/>\n<meta property=\"og:url\" content=\"https:\/\/www.copealcoy.es\/es\/informativo-matinal-lunes-8-de-septiembre-2025-0750h\/\" \/>\n<meta property=\"og:site_name\" content=\"COPE Alcoy\" \/>\n<meta property=\"article:published_time\" content=\"2025-09-08T06:30:02+00:00\" \/>\n<meta property=\"article:modified_time\" content=\"2025-09-08T09:35:42+00:00\" \/>\n<meta property=\"og:image\" content=\"https:\/\/www.copealcoy.es\/wp-content\/uploads\/2025\/02\/Informativo-Matinal-Castellano.png\" \/>\n\t<meta property=\"og:image:width\" content=\"357\" \/>\n\t<meta property=\"og:image:height\" content=\"290\" \/>\n\t<meta property=\"og:image:type\" content=\"image\/png\" \/>\n<meta name=\"author\" content=\"Cope Alcoy\" \/>\n<meta name=\"twitter:label1\" content=\"Escrito por\" \/>\n\t<meta name=\"twitter:data1\" content=\"Cope Alcoy\" \/>\n\t<meta name=\"twitter:label2\" content=\"Tiempo de lectura\" \/>\n\t<meta name=\"twitter:data2\" content=\"4 minutos\" \/>\n<script type=\"application\/ld+json\" class=\"yoast-schema-graph\">{\"@context\":\"https:\\\/\\\/schema.org\",\"@graph\":[{\"@type\":\"Article\",\"@id\":\"https:\\\/\\\/www.copealcoy.es\\\/es\\\/informativo-matinal-lunes-8-de-septiembre-2025-0750h\\\/#article\",\"isPartOf\":{\"@id\":\"https:\\\/\\\/www.copealcoy.es\\\/es\\\/informativo-matinal-lunes-8-de-septiembre-2025-0750h\\\/\"},\"author\":{\"name\":\"Cope Alcoy\",\"@id\":\"https:\\\/\\\/www.copealcoy.es\\\/es\\\/#\\\/schema\\\/person\\\/e777c87fa024e57d40170af9df39882c\"},\"headline\":\"Informativo matinal lunes 8 de septiembre 2025 (07:50h)\",\"datePublished\":\"2025-09-08T06:30:02+00:00\",\"dateModified\":\"2025-09-08T09:35:42+00:00\",\"mainEntityOfPage\":{\"@id\":\"https:\\\/\\\/www.copealcoy.es\\\/es\\\/informativo-matinal-lunes-8-de-septiembre-2025-0750h\\\/\"},\"wordCount\":570,\"image\":{\"@id\":\"https:\\\/\\\/www.copealcoy.es\\\/es\\\/informativo-matinal-lunes-8-de-septiembre-2025-0750h\\\/#primaryimage\"},\"thumbnailUrl\":\"https:\\\/\\\/www.copealcoy.es\\\/wp-content\\\/uploads\\\/2025\\\/02\\\/Informativo-Matinal-Castellano.png\",\"articleSection\":[\"Actualidad\",\"Audios de los programas\",\"Informativos\",\"Noticias\"],\"inLanguage\":\"es\"},{\"@type\":\"WebPage\",\"@id\":\"https:\\\/\\\/www.copealcoy.es\\\/es\\\/informativo-matinal-lunes-8-de-septiembre-2025-0750h\\\/\",\"url\":\"https:\\\/\\\/www.copealcoy.es\\\/es\\\/informativo-matinal-lunes-8-de-septiembre-2025-0750h\\\/\",\"name\":\"Informativo matinal lunes 8 de septiembre 2025 (07:50h) - COPE Alcoy\",\"isPartOf\":{\"@id\":\"https:\\\/\\\/www.copealcoy.es\\\/es\\\/#website\"},\"primaryImageOfPage\":{\"@id\":\"https:\\\/\\\/www.copealcoy.es\\\/es\\\/informativo-matinal-lunes-8-de-septiembre-2025-0750h\\\/#primaryimage\"},\"image\":{\"@id\":\"https:\\\/\\\/www.copealcoy.es\\\/es\\\/informativo-matinal-lunes-8-de-septiembre-2025-0750h\\\/#primaryimage\"},\"thumbnailUrl\":\"https:\\\/\\\/www.copealcoy.es\\\/wp-content\\\/uploads\\\/2025\\\/02\\\/Informativo-Matinal-Castellano.png\",\"datePublished\":\"2025-09-08T06:30:02+00:00\",\"dateModified\":\"2025-09-08T09:35:42+00:00\",\"author\":{\"@id\":\"https:\\\/\\\/www.copealcoy.es\\\/es\\\/#\\\/schema\\\/person\\\/e777c87fa024e57d40170af9df39882c\"},\"breadcrumb\":{\"@id\":\"https:\\\/\\\/www.copealcoy.es\\\/es\\\/informativo-matinal-lunes-8-de-septiembre-2025-0750h\\\/#breadcrumb\"},\"inLanguage\":\"es\",\"potentialAction\":[{\"@type\":\"ReadAction\",\"target\":[\"https:\\\/\\\/www.copealcoy.es\\\/es\\\/informativo-matinal-lunes-8-de-septiembre-2025-0750h\\\/\"]}]},{\"@type\":\"ImageObject\",\"inLanguage\":\"es\",\"@id\":\"https:\\\/\\\/www.copealcoy.es\\\/es\\\/informativo-matinal-lunes-8-de-septiembre-2025-0750h\\\/#primaryimage\",\"url\":\"https:\\\/\\\/www.copealcoy.es\\\/wp-content\\\/uploads\\\/2025\\\/02\\\/Informativo-Matinal-Castellano.png\",\"contentUrl\":\"https:\\\/\\\/www.copealcoy.es\\\/wp-content\\\/uploads\\\/2025\\\/02\\\/Informativo-Matinal-Castellano.png\",\"width\":357,\"height\":290},{\"@type\":\"BreadcrumbList\",\"@id\":\"https:\\\/\\\/www.copealcoy.es\\\/es\\\/informativo-matinal-lunes-8-de-septiembre-2025-0750h\\\/#breadcrumb\",\"itemListElement\":[{\"@type\":\"ListItem\",\"position\":1,\"name\":\"Portada\",\"item\":\"https:\\\/\\\/www.copealcoy.es\\\/es\\\/\"},{\"@type\":\"ListItem\",\"position\":2,\"name\":\"Informativo matinal lunes 8 de septiembre 2025 (07:50h)\"}]},{\"@type\":\"WebSite\",\"@id\":\"https:\\\/\\\/www.copealcoy.es\\\/es\\\/#website\",\"url\":\"https:\\\/\\\/www.copealcoy.es\\\/es\\\/\",\"name\":\"COPE Alcoy\",\"description\":\"Emisora COPE de radio local con emisi\u00f3n online. Pont de Sant Jordi 8-10 03803 Alcoy\",\"potentialAction\":[{\"@type\":\"SearchAction\",\"target\":{\"@type\":\"EntryPoint\",\"urlTemplate\":\"https:\\\/\\\/www.copealcoy.es\\\/es\\\/?s={search_term_string}\"},\"query-input\":{\"@type\":\"PropertyValueSpecification\",\"valueRequired\":true,\"valueName\":\"search_term_string\"}}],\"inLanguage\":\"es\"},{\"@type\":\"Person\",\"@id\":\"https:\\\/\\\/www.copealcoy.es\\\/es\\\/#\\\/schema\\\/person\\\/e777c87fa024e57d40170af9df39882c\",\"name\":\"Cope Alcoy\",\"image\":{\"@type\":\"ImageObject\",\"inLanguage\":\"es\",\"@id\":\"https:\\\/\\\/secure.gravatar.com\\\/avatar\\\/bb65d0283347e303893ba14f0692005417c1e0e690a325a4c5d8bb2b3943ee14?s=96&d=mm&r=g\",\"url\":\"https:\\\/\\\/secure.gravatar.com\\\/avatar\\\/bb65d0283347e303893ba14f0692005417c1e0e690a325a4c5d8bb2b3943ee14?s=96&d=mm&r=g\",\"contentUrl\":\"https:\\\/\\\/secure.gravatar.com\\\/avatar\\\/bb65d0283347e303893ba14f0692005417c1e0e690a325a4c5d8bb2b3943ee14?s=96&d=mm&r=g\",\"caption\":\"Cope Alcoy\"}}]}<\/script>\n<!-- \/ Yoast SEO plugin. -->","yoast_head_json":{"title":"Informativo matinal lunes 8 de septiembre 2025 (07:50h) - COPE Alcoy","robots":{"index":"index","follow":"follow","max-snippet":"max-snippet:-1","max-image-preview":"max-image-preview:large","max-video-preview":"max-video-preview:-1"},"canonical":"https:\/\/www.copealcoy.es\/es\/informativo-matinal-lunes-8-de-septiembre-2025-0750h\/","og_locale":"es_ES","og_type":"article","og_title":"Informativo matinal lunes 8 de septiembre 2025 (07:50h) - COPE Alcoy","og_description":"Hoy lunes hemos comenzado la semana destacando que en este 8 de septiembre tiene lugar la &#8216;Vuelta al Cole&#8217; en...","og_url":"https:\/\/www.copealcoy.es\/es\/informativo-matinal-lunes-8-de-septiembre-2025-0750h\/","og_site_name":"COPE Alcoy","article_published_time":"2025-09-08T06:30:02+00:00","article_modified_time":"2025-09-08T09:35:42+00:00","og_image":[{"width":357,"height":290,"url":"https:\/\/www.copealcoy.es\/wp-content\/uploads\/2025\/02\/Informativo-Matinal-Castellano.png","type":"image\/png"}],"author":"Cope Alcoy","twitter_misc":{"Escrito por":"Cope Alcoy","Tiempo de lectura":"4 minutos"},"schema":{"@context":"https:\/\/schema.org","@graph":[{"@type":"Article","@id":"https:\/\/www.copealcoy.es\/es\/informativo-matinal-lunes-8-de-septiembre-2025-0750h\/#article","isPartOf":{"@id":"https:\/\/www.copealcoy.es\/es\/informativo-matinal-lunes-8-de-septiembre-2025-0750h\/"},"author":{"name":"Cope Alcoy","@id":"https:\/\/www.copealcoy.es\/es\/#\/schema\/person\/e777c87fa024e57d40170af9df39882c"},"headline":"Informativo matinal lunes 8 de septiembre 2025 (07:50h)","datePublished":"2025-09-08T06:30:02+00:00","dateModified":"2025-09-08T09:35:42+00:00","mainEntityOfPage":{"@id":"https:\/\/www.copealcoy.es\/es\/informativo-matinal-lunes-8-de-septiembre-2025-0750h\/"},"wordCount":570,"image":{"@id":"https:\/\/www.copealcoy.es\/es\/informativo-matinal-lunes-8-de-septiembre-2025-0750h\/#primaryimage"},"thumbnailUrl":"https:\/\/www.copealcoy.es\/wp-content\/uploads\/2025\/02\/Informativo-Matinal-Castellano.png","articleSection":["Actualidad","Audios de los programas","Informativos","Noticias"],"inLanguage":"es"},{"@type":"WebPage","@id":"https:\/\/www.copealcoy.es\/es\/informativo-matinal-lunes-8-de-septiembre-2025-0750h\/","url":"https:\/\/www.copealcoy.es\/es\/informativo-matinal-lunes-8-de-septiembre-2025-0750h\/","name":"Informativo matinal lunes 8 de septiembre 2025 (07:50h) - COPE Alcoy","isPartOf":{"@id":"https:\/\/www.copealcoy.es\/es\/#website"},"primaryImageOfPage":{"@id":"https:\/\/www.copealcoy.es\/es\/informativo-matinal-lunes-8-de-septiembre-2025-0750h\/#primaryimage"},"image":{"@id":"https:\/\/www.copealcoy.es\/es\/informativo-matinal-lunes-8-de-septiembre-2025-0750h\/#primaryimage"},"thumbnailUrl":"https:\/\/www.copealcoy.es\/wp-content\/uploads\/2025\/02\/Informativo-Matinal-Castellano.png","datePublished":"2025-09-08T06:30:02+00:00","dateModified":"2025-09-08T09:35:42+00:00","author":{"@id":"https:\/\/www.copealcoy.es\/es\/#\/schema\/person\/e777c87fa024e57d40170af9df39882c"},"breadcrumb":{"@id":"https:\/\/www.copealcoy.es\/es\/informativo-matinal-lunes-8-de-septiembre-2025-0750h\/#breadcrumb"},"inLanguage":"es","potentialAction":[{"@type":"ReadAction","target":["https:\/\/www.copealcoy.es\/es\/informativo-matinal-lunes-8-de-septiembre-2025-0750h\/"]}]},{"@type":"ImageObject","inLanguage":"es","@id":"https:\/\/www.copealcoy.es\/es\/informativo-matinal-lunes-8-de-septiembre-2025-0750h\/#primaryimage","url":"https:\/\/www.copealcoy.es\/wp-content\/uploads\/2025\/02\/Informativo-Matinal-Castellano.png","contentUrl":"https:\/\/www.copealcoy.es\/wp-content\/uploads\/2025\/02\/Informativo-Matinal-Castellano.png","width":357,"height":290},{"@type":"BreadcrumbList","@id":"https:\/\/www.copealcoy.es\/es\/informativo-matinal-lunes-8-de-septiembre-2025-0750h\/#breadcrumb","itemListElement":[{"@type":"ListItem","position":1,"name":"Portada","item":"https:\/\/www.copealcoy.es\/es\/"},{"@type":"ListItem","position":2,"name":"Informativo matinal lunes 8 de septiembre 2025 (07:50h)"}]},{"@type":"WebSite","@id":"https:\/\/www.copealcoy.es\/es\/#website","url":"https:\/\/www.copealcoy.es\/es\/","name":"COPE Alcoy","description":"Emisora COPE de radio local con emisi\u00f3n online. Pont de Sant Jordi 8-10 03803 Alcoy","potentialAction":[{"@type":"SearchAction","target":{"@type":"EntryPoint","urlTemplate":"https:\/\/www.copealcoy.es\/es\/?s={search_term_string}"},"query-input":{"@type":"PropertyValueSpecification","valueRequired":true,"valueName":"search_term_string"}}],"inLanguage":"es"},{"@type":"Person","@id":"https:\/\/www.copealcoy.es\/es\/#\/schema\/person\/e777c87fa024e57d40170af9df39882c","name":"Cope Alcoy","image":{"@type":"ImageObject","inLanguage":"es","@id":"https:\/\/secure.gravatar.com\/avatar\/bb65d0283347e303893ba14f0692005417c1e0e690a325a4c5d8bb2b3943ee14?s=96&d=mm&r=g","url":"https:\/\/secure.gravatar.com\/avatar\/bb65d0283347e303893ba14f0692005417c1e0e690a325a4c5d8bb2b3943ee14?s=96&d=mm&r=g","contentUrl":"https:\/\/secure.gravatar.com\/avatar\/bb65d0283347e303893ba14f0692005417c1e0e690a325a4c5d8bb2b3943ee14?s=96&d=mm&r=g","caption":"Cope Alcoy"}}]}},"_links":{"self":[{"href":"https:\/\/www.copealcoy.es\/es\/wp-json\/wp\/v2\/posts\/156858","targetHints":{"allow":["GET"]}}],"collection":[{"href":"https:\/\/www.copealcoy.es\/es\/wp-json\/wp\/v2\/posts"}],"about":[{"href":"https:\/\/www.copealcoy.es\/es\/wp-json\/wp\/v2\/types\/post"}],"author":[{"embeddable":true,"href":"https:\/\/www.copealcoy.es\/es\/wp-json\/wp\/v2\/users\/1"}],"replies":[{"embeddable":true,"href":"https:\/\/www.copealcoy.es\/es\/wp-json\/wp\/v2\/comments?post=156858"}],"version-history":[{"count":1,"href":"https:\/\/www.copealcoy.es\/es\/wp-json\/wp\/v2\/posts\/156858\/revisions"}],"predecessor-version":[{"id":156859,"href":"https:\/\/www.copealcoy.es\/es\/wp-json\/wp\/v2\/posts\/156858\/revisions\/156859"}],"wp:featuredmedia":[{"embeddable":true,"href":"https:\/\/www.copealcoy.es\/es\/wp-json\/wp\/v2\/media\/147669"}],"wp:attachment":[{"href":"https:\/\/www.copealcoy.es\/es\/wp-json\/wp\/v2\/media?parent=156858"}],"wp:term":[{"taxonomy":"category","embeddable":true,"href":"https:\/\/www.copealcoy.es\/es\/wp-json\/wp\/v2\/categories?post=156858"},{"taxonomy":"post_tag","embeddable":true,"href":"https:\/\/www.copealcoy.es\/es\/wp-json\/wp\/v2\/tags?post=156858"}],"curies":[{"name":"wp","href":"https:\/\/api.w.org\/{rel}","templated":true}]}}