{"id":156758,"date":"2025-09-04T13:51:41","date_gmt":"2025-09-04T12:51:41","guid":{"rendered":"https:\/\/www.copealcoy.es\/?p=156758"},"modified":"2025-09-04T13:51:41","modified_gmt":"2025-09-04T12:51:41","slug":"alcoy-ciudad-universitaria-de-referencia-mas-de-800-nuevos-estudiantes-llegan-al-campus-de-la-upv","status":"publish","type":"post","link":"https:\/\/www.copealcoy.es\/es\/alcoy-ciudad-universitaria-de-referencia-mas-de-800-nuevos-estudiantes-llegan-al-campus-de-la-upv\/","title":{"rendered":"Alcoy, ciudad universitaria de referencia. M\u00e1s de 800 nuevos estudiantes llegan al Campus de la UPV"},"content":{"rendered":"<p style=\"text-align: justify;\" data-start=\"203\" data-end=\"483\">El <a href=\"https:\/\/www.upv.es\/entidades\/epsa\/\" target=\"_blank\" rel=\"noopener\"><strong><span style=\"color: #0000ff;\">Campus de Alcoy de la Universitat Polit\u00e8cnica de Val\u00e8ncia (UPV)<\/span> <\/strong><\/a>ha dado la bienvenida este jueves 4 de septiembre a los <strong data-start=\"310\" data-end=\"332\">875 nuevos alumnos<\/strong> que se incorporan este curso 2025-2026 a sus diferentes grados y m\u00e1steres. Con estas incorporaciones, el campus supera ya los <strong data-start=\"459\" data-end=\"480\">2.800 estudiantes<\/strong>, y se consolida como un centro universitario de referencia en el conjunto de las comarcas centrales valencianas.<\/p>\n<p style=\"text-align: justify;\" data-start=\"485\" data-end=\"792\">Aunque las clases tardar\u00e1 unos d\u00edas en arrancar, <strong>el acto de recepci\u00f3n se ha celebrado este 4 de septiembre en el pabell\u00f3n deportivo Georgina Blanes<\/strong>, seguido de una visita guiada por las instalaciones e incluso una muestra de los servicios que ofrece el campus en la plaza Ferr\u00e1ndiz y Carbonell. Todo ello sin dejar de lado la oportunidad de que los ya nuevos universitarios conozcan detalles sobre sus titulaciones o la oferta con la que cuenta la ciudad de Alcoy.<\/p>\n<p style=\"text-align: justify;\" data-start=\"794\" data-end=\"1016\">La gran novedad acad\u00e9mica de este curso es el estreno del <strong data-start=\"852\" data-end=\"898\">doble grado en Ingenier\u00eda Textil y Qu\u00edmica<\/strong>, junto al nuevo <strong data-start=\"915\" data-end=\"951\">grado en Inteligencia Artificial<\/strong>, que refuerzan la oferta educativa y la proyecci\u00f3n del campus alcoyano. As\u00ed lo ha destacado el vicerrector de Planificaci\u00f3n, Oferta Acad\u00e9mica y Transformaci\u00f3n Digital, <strong data-start=\"1034\" data-end=\"1055\">Jos\u00e9 Pedro Garc\u00eda<\/strong>, y quien ha subrayado tambi\u00e9n que el campus sigue creciendo potenciando &#8220;<em>la sostenibilidad, la relevancia, la vitalidad y la excelencia, con especial atenci\u00f3n al incremento del alumnado internacional&#8221;, <\/em>dijo. Por su parte, el director del campus, <strong data-start=\"1293\" data-end=\"1309\">Pau Bernabeu<\/strong>, destac\u00f3 que todos los esfuerzos siguen centrados en materializar la ampliaci\u00f3n a corto plazo, tanto de la oferta acad\u00e9mica como de las infraestructuras &#8220;<em>un crecimiento adecuado para responder a los estudiantes en una ciudad que ofrece tambi\u00e9n m\u00faltiples recursos para el estudiantado<\/em>&#8220;, dijo. Finalmente, el alcalde de Alcoy, <strong data-start=\"1538\" data-end=\"1554\">Toni Franc\u00e9s<\/strong>, puso de manifiesto que el Ayuntamiento est\u00e1 siempre al lado del Campus para atender sus necesidades &#8220;<em>lo estamos viendo ahora, por ejemplo, con las obras de adecuaci\u00f3n del entorno que se est\u00e1n realizando en las calles cercanas a la plaza Ferr\u00e1ndiz y Carbonell para crear un entorno m\u00e1s amable<\/em>&#8220;, concluy\u00f3.<\/p>\n<p style=\"text-align: justify;\" data-start=\"794\" data-end=\"1016\">Los nuevos alumnos ya est\u00e1n en Alcoy <strong>a la espera de que arranquen las clases el pr\u00f3ximo lunes 8 de septiembre<\/strong>. Por delante, un curso lleno de retos, oportunidades y experiencias que a buen seguro marcar\u00e1n sus vidas.<\/p>\n","protected":false},"excerpt":{"rendered":"<p>El Campus de Alcoy de la Universitat Polit\u00e8cnica de Val\u00e8ncia (UPV) ha dado la bienvenida este jueves 4 de septiembre&#8230;<\/p>\n","protected":false},"author":1,"featured_media":156759,"comment_status":"closed","ping_status":"closed","sticky":false,"template":"","format":"standard","meta":{"footnotes":""},"categories":[6909,97,5374,900,75,125],"tags":[1494,6070,886,13117,674],"class_list":["post-156758","post","type-post","status-publish","format-standard","has-post-thumbnail","hentry","category-actualidad","category-alcoy","category-campus-de-alcoy","category-educacion","category-noticias","category-portada","tag-alcoy","tag-bienvenida","tag-campus","tag-nuevos-alumnos","tag-upv"],"yoast_head":"<!-- This site is optimized with the Yoast SEO plugin v27.3 - https:\/\/yoast.com\/product\/yoast-seo-wordpress\/ -->\n<title>Alcoy, ciudad universitaria de referencia. M\u00e1s de 800 nuevos estudiantes llegan al Campus de la UPV - COPE Alcoy<\/title>\n<meta name=\"description\" content=\"Alcoy, ciudad universitaria de referencia. M\u00e1s de 800 nuevos estudiantes llegan al Campus de la UPV\" \/>\n<meta name=\"robots\" content=\"index, follow, max-snippet:-1, max-image-preview:large, max-video-preview:-1\" \/>\n<link rel=\"canonical\" href=\"https:\/\/www.copealcoy.es\/es\/alcoy-ciudad-universitaria-de-referencia-mas-de-800-nuevos-estudiantes-llegan-al-campus-de-la-upv\/\" \/>\n<meta property=\"og:locale\" content=\"es_ES\" \/>\n<meta property=\"og:type\" content=\"article\" \/>\n<meta property=\"og:title\" content=\"Alcoy, ciudad universitaria de referencia. M\u00e1s de 800 nuevos estudiantes llegan al Campus de la UPV - COPE Alcoy\" \/>\n<meta property=\"og:description\" content=\"Alcoy, ciudad universitaria de referencia. M\u00e1s de 800 nuevos estudiantes llegan al Campus de la UPV\" \/>\n<meta property=\"og:url\" content=\"https:\/\/www.copealcoy.es\/es\/alcoy-ciudad-universitaria-de-referencia-mas-de-800-nuevos-estudiantes-llegan-al-campus-de-la-upv\/\" \/>\n<meta property=\"og:site_name\" content=\"COPE Alcoy\" \/>\n<meta property=\"article:published_time\" content=\"2025-09-04T12:51:41+00:00\" \/>\n<meta property=\"og:image\" content=\"https:\/\/www.copealcoy.es\/wp-content\/uploads\/2025\/09\/unnamed-2.jpg\" \/>\n\t<meta property=\"og:image:width\" content=\"1600\" \/>\n\t<meta property=\"og:image:height\" content=\"900\" \/>\n\t<meta property=\"og:image:type\" content=\"image\/jpeg\" \/>\n<meta name=\"author\" content=\"Cope Alcoy\" \/>\n<meta name=\"twitter:label1\" content=\"Escrito por\" \/>\n\t<meta name=\"twitter:data1\" content=\"Cope Alcoy\" \/>\n\t<meta name=\"twitter:label2\" content=\"Tiempo de lectura\" \/>\n\t<meta name=\"twitter:data2\" content=\"3 minutos\" \/>\n<script type=\"application\/ld+json\" class=\"yoast-schema-graph\">{\"@context\":\"https:\\\/\\\/schema.org\",\"@graph\":[{\"@type\":\"Article\",\"@id\":\"https:\\\/\\\/www.copealcoy.es\\\/es\\\/alcoy-ciudad-universitaria-de-referencia-mas-de-800-nuevos-estudiantes-llegan-al-campus-de-la-upv\\\/#article\",\"isPartOf\":{\"@id\":\"https:\\\/\\\/www.copealcoy.es\\\/es\\\/alcoy-ciudad-universitaria-de-referencia-mas-de-800-nuevos-estudiantes-llegan-al-campus-de-la-upv\\\/\"},\"author\":{\"name\":\"Cope Alcoy\",\"@id\":\"https:\\\/\\\/www.copealcoy.es\\\/es\\\/#\\\/schema\\\/person\\\/e777c87fa024e57d40170af9df39882c\"},\"headline\":\"Alcoy, ciudad universitaria de referencia. M\u00e1s de 800 nuevos estudiantes llegan al Campus de la UPV\",\"datePublished\":\"2025-09-04T12:51:41+00:00\",\"mainEntityOfPage\":{\"@id\":\"https:\\\/\\\/www.copealcoy.es\\\/es\\\/alcoy-ciudad-universitaria-de-referencia-mas-de-800-nuevos-estudiantes-llegan-al-campus-de-la-upv\\\/\"},\"wordCount\":412,\"image\":{\"@id\":\"https:\\\/\\\/www.copealcoy.es\\\/es\\\/alcoy-ciudad-universitaria-de-referencia-mas-de-800-nuevos-estudiantes-llegan-al-campus-de-la-upv\\\/#primaryimage\"},\"thumbnailUrl\":\"https:\\\/\\\/www.copealcoy.es\\\/wp-content\\\/uploads\\\/2025\\\/09\\\/unnamed-2.jpg\",\"keywords\":[\"Alcoy\",\"bienvenida\",\"Campus\",\"nuevos alumnos\",\"UPV\"],\"articleSection\":[\"Actualidad\",\"Alcoy\",\"Campus de Alcoy\",\"Educaci\u00f3n\",\"Noticias\",\"Portada\"],\"inLanguage\":\"es\"},{\"@type\":\"WebPage\",\"@id\":\"https:\\\/\\\/www.copealcoy.es\\\/es\\\/alcoy-ciudad-universitaria-de-referencia-mas-de-800-nuevos-estudiantes-llegan-al-campus-de-la-upv\\\/\",\"url\":\"https:\\\/\\\/www.copealcoy.es\\\/es\\\/alcoy-ciudad-universitaria-de-referencia-mas-de-800-nuevos-estudiantes-llegan-al-campus-de-la-upv\\\/\",\"name\":\"Alcoy, ciudad universitaria de referencia. M\u00e1s de 800 nuevos estudiantes llegan al Campus de la UPV - COPE Alcoy\",\"isPartOf\":{\"@id\":\"https:\\\/\\\/www.copealcoy.es\\\/es\\\/#website\"},\"primaryImageOfPage\":{\"@id\":\"https:\\\/\\\/www.copealcoy.es\\\/es\\\/alcoy-ciudad-universitaria-de-referencia-mas-de-800-nuevos-estudiantes-llegan-al-campus-de-la-upv\\\/#primaryimage\"},\"image\":{\"@id\":\"https:\\\/\\\/www.copealcoy.es\\\/es\\\/alcoy-ciudad-universitaria-de-referencia-mas-de-800-nuevos-estudiantes-llegan-al-campus-de-la-upv\\\/#primaryimage\"},\"thumbnailUrl\":\"https:\\\/\\\/www.copealcoy.es\\\/wp-content\\\/uploads\\\/2025\\\/09\\\/unnamed-2.jpg\",\"datePublished\":\"2025-09-04T12:51:41+00:00\",\"author\":{\"@id\":\"https:\\\/\\\/www.copealcoy.es\\\/es\\\/#\\\/schema\\\/person\\\/e777c87fa024e57d40170af9df39882c\"},\"description\":\"Alcoy, ciudad universitaria de referencia. M\u00e1s de 800 nuevos estudiantes llegan al Campus de la UPV\",\"breadcrumb\":{\"@id\":\"https:\\\/\\\/www.copealcoy.es\\\/es\\\/alcoy-ciudad-universitaria-de-referencia-mas-de-800-nuevos-estudiantes-llegan-al-campus-de-la-upv\\\/#breadcrumb\"},\"inLanguage\":\"es\",\"potentialAction\":[{\"@type\":\"ReadAction\",\"target\":[\"https:\\\/\\\/www.copealcoy.es\\\/es\\\/alcoy-ciudad-universitaria-de-referencia-mas-de-800-nuevos-estudiantes-llegan-al-campus-de-la-upv\\\/\"]}]},{\"@type\":\"ImageObject\",\"inLanguage\":\"es\",\"@id\":\"https:\\\/\\\/www.copealcoy.es\\\/es\\\/alcoy-ciudad-universitaria-de-referencia-mas-de-800-nuevos-estudiantes-llegan-al-campus-de-la-upv\\\/#primaryimage\",\"url\":\"https:\\\/\\\/www.copealcoy.es\\\/wp-content\\\/uploads\\\/2025\\\/09\\\/unnamed-2.jpg\",\"contentUrl\":\"https:\\\/\\\/www.copealcoy.es\\\/wp-content\\\/uploads\\\/2025\\\/09\\\/unnamed-2.jpg\",\"width\":1600,\"height\":900},{\"@type\":\"BreadcrumbList\",\"@id\":\"https:\\\/\\\/www.copealcoy.es\\\/es\\\/alcoy-ciudad-universitaria-de-referencia-mas-de-800-nuevos-estudiantes-llegan-al-campus-de-la-upv\\\/#breadcrumb\",\"itemListElement\":[{\"@type\":\"ListItem\",\"position\":1,\"name\":\"Portada\",\"item\":\"https:\\\/\\\/www.copealcoy.es\\\/es\\\/\"},{\"@type\":\"ListItem\",\"position\":2,\"name\":\"Alcoy, ciudad universitaria de referencia. M\u00e1s de 800 nuevos estudiantes llegan al Campus de la UPV\"}]},{\"@type\":\"WebSite\",\"@id\":\"https:\\\/\\\/www.copealcoy.es\\\/es\\\/#website\",\"url\":\"https:\\\/\\\/www.copealcoy.es\\\/es\\\/\",\"name\":\"COPE Alcoy\",\"description\":\"Emisora COPE de radio local con emisi\u00f3n online. Pont de Sant Jordi 8-10 03803 Alcoy\",\"potentialAction\":[{\"@type\":\"SearchAction\",\"target\":{\"@type\":\"EntryPoint\",\"urlTemplate\":\"https:\\\/\\\/www.copealcoy.es\\\/es\\\/?s={search_term_string}\"},\"query-input\":{\"@type\":\"PropertyValueSpecification\",\"valueRequired\":true,\"valueName\":\"search_term_string\"}}],\"inLanguage\":\"es\"},{\"@type\":\"Person\",\"@id\":\"https:\\\/\\\/www.copealcoy.es\\\/es\\\/#\\\/schema\\\/person\\\/e777c87fa024e57d40170af9df39882c\",\"name\":\"Cope Alcoy\",\"image\":{\"@type\":\"ImageObject\",\"inLanguage\":\"es\",\"@id\":\"https:\\\/\\\/secure.gravatar.com\\\/avatar\\\/bb65d0283347e303893ba14f0692005417c1e0e690a325a4c5d8bb2b3943ee14?s=96&d=mm&r=g\",\"url\":\"https:\\\/\\\/secure.gravatar.com\\\/avatar\\\/bb65d0283347e303893ba14f0692005417c1e0e690a325a4c5d8bb2b3943ee14?s=96&d=mm&r=g\",\"contentUrl\":\"https:\\\/\\\/secure.gravatar.com\\\/avatar\\\/bb65d0283347e303893ba14f0692005417c1e0e690a325a4c5d8bb2b3943ee14?s=96&d=mm&r=g\",\"caption\":\"Cope Alcoy\"}}]}<\/script>\n<!-- \/ Yoast SEO plugin. -->","yoast_head_json":{"title":"Alcoy, ciudad universitaria de referencia. M\u00e1s de 800 nuevos estudiantes llegan al Campus de la UPV - COPE Alcoy","description":"Alcoy, ciudad universitaria de referencia. M\u00e1s de 800 nuevos estudiantes llegan al Campus de la UPV","robots":{"index":"index","follow":"follow","max-snippet":"max-snippet:-1","max-image-preview":"max-image-preview:large","max-video-preview":"max-video-preview:-1"},"canonical":"https:\/\/www.copealcoy.es\/es\/alcoy-ciudad-universitaria-de-referencia-mas-de-800-nuevos-estudiantes-llegan-al-campus-de-la-upv\/","og_locale":"es_ES","og_type":"article","og_title":"Alcoy, ciudad universitaria de referencia. M\u00e1s de 800 nuevos estudiantes llegan al Campus de la UPV - COPE Alcoy","og_description":"Alcoy, ciudad universitaria de referencia. M\u00e1s de 800 nuevos estudiantes llegan al Campus de la UPV","og_url":"https:\/\/www.copealcoy.es\/es\/alcoy-ciudad-universitaria-de-referencia-mas-de-800-nuevos-estudiantes-llegan-al-campus-de-la-upv\/","og_site_name":"COPE Alcoy","article_published_time":"2025-09-04T12:51:41+00:00","og_image":[{"width":1600,"height":900,"url":"https:\/\/www.copealcoy.es\/wp-content\/uploads\/2025\/09\/unnamed-2.jpg","type":"image\/jpeg"}],"author":"Cope Alcoy","twitter_misc":{"Escrito por":"Cope Alcoy","Tiempo de lectura":"3 minutos"},"schema":{"@context":"https:\/\/schema.org","@graph":[{"@type":"Article","@id":"https:\/\/www.copealcoy.es\/es\/alcoy-ciudad-universitaria-de-referencia-mas-de-800-nuevos-estudiantes-llegan-al-campus-de-la-upv\/#article","isPartOf":{"@id":"https:\/\/www.copealcoy.es\/es\/alcoy-ciudad-universitaria-de-referencia-mas-de-800-nuevos-estudiantes-llegan-al-campus-de-la-upv\/"},"author":{"name":"Cope Alcoy","@id":"https:\/\/www.copealcoy.es\/es\/#\/schema\/person\/e777c87fa024e57d40170af9df39882c"},"headline":"Alcoy, ciudad universitaria de referencia. M\u00e1s de 800 nuevos estudiantes llegan al Campus de la UPV","datePublished":"2025-09-04T12:51:41+00:00","mainEntityOfPage":{"@id":"https:\/\/www.copealcoy.es\/es\/alcoy-ciudad-universitaria-de-referencia-mas-de-800-nuevos-estudiantes-llegan-al-campus-de-la-upv\/"},"wordCount":412,"image":{"@id":"https:\/\/www.copealcoy.es\/es\/alcoy-ciudad-universitaria-de-referencia-mas-de-800-nuevos-estudiantes-llegan-al-campus-de-la-upv\/#primaryimage"},"thumbnailUrl":"https:\/\/www.copealcoy.es\/wp-content\/uploads\/2025\/09\/unnamed-2.jpg","keywords":["Alcoy","bienvenida","Campus","nuevos alumnos","UPV"],"articleSection":["Actualidad","Alcoy","Campus de Alcoy","Educaci\u00f3n","Noticias","Portada"],"inLanguage":"es"},{"@type":"WebPage","@id":"https:\/\/www.copealcoy.es\/es\/alcoy-ciudad-universitaria-de-referencia-mas-de-800-nuevos-estudiantes-llegan-al-campus-de-la-upv\/","url":"https:\/\/www.copealcoy.es\/es\/alcoy-ciudad-universitaria-de-referencia-mas-de-800-nuevos-estudiantes-llegan-al-campus-de-la-upv\/","name":"Alcoy, ciudad universitaria de referencia. M\u00e1s de 800 nuevos estudiantes llegan al Campus de la UPV - COPE Alcoy","isPartOf":{"@id":"https:\/\/www.copealcoy.es\/es\/#website"},"primaryImageOfPage":{"@id":"https:\/\/www.copealcoy.es\/es\/alcoy-ciudad-universitaria-de-referencia-mas-de-800-nuevos-estudiantes-llegan-al-campus-de-la-upv\/#primaryimage"},"image":{"@id":"https:\/\/www.copealcoy.es\/es\/alcoy-ciudad-universitaria-de-referencia-mas-de-800-nuevos-estudiantes-llegan-al-campus-de-la-upv\/#primaryimage"},"thumbnailUrl":"https:\/\/www.copealcoy.es\/wp-content\/uploads\/2025\/09\/unnamed-2.jpg","datePublished":"2025-09-04T12:51:41+00:00","author":{"@id":"https:\/\/www.copealcoy.es\/es\/#\/schema\/person\/e777c87fa024e57d40170af9df39882c"},"description":"Alcoy, ciudad universitaria de referencia. M\u00e1s de 800 nuevos estudiantes llegan al Campus de la UPV","breadcrumb":{"@id":"https:\/\/www.copealcoy.es\/es\/alcoy-ciudad-universitaria-de-referencia-mas-de-800-nuevos-estudiantes-llegan-al-campus-de-la-upv\/#breadcrumb"},"inLanguage":"es","potentialAction":[{"@type":"ReadAction","target":["https:\/\/www.copealcoy.es\/es\/alcoy-ciudad-universitaria-de-referencia-mas-de-800-nuevos-estudiantes-llegan-al-campus-de-la-upv\/"]}]},{"@type":"ImageObject","inLanguage":"es","@id":"https:\/\/www.copealcoy.es\/es\/alcoy-ciudad-universitaria-de-referencia-mas-de-800-nuevos-estudiantes-llegan-al-campus-de-la-upv\/#primaryimage","url":"https:\/\/www.copealcoy.es\/wp-content\/uploads\/2025\/09\/unnamed-2.jpg","contentUrl":"https:\/\/www.copealcoy.es\/wp-content\/uploads\/2025\/09\/unnamed-2.jpg","width":1600,"height":900},{"@type":"BreadcrumbList","@id":"https:\/\/www.copealcoy.es\/es\/alcoy-ciudad-universitaria-de-referencia-mas-de-800-nuevos-estudiantes-llegan-al-campus-de-la-upv\/#breadcrumb","itemListElement":[{"@type":"ListItem","position":1,"name":"Portada","item":"https:\/\/www.copealcoy.es\/es\/"},{"@type":"ListItem","position":2,"name":"Alcoy, ciudad universitaria de referencia. M\u00e1s de 800 nuevos estudiantes llegan al Campus de la UPV"}]},{"@type":"WebSite","@id":"https:\/\/www.copealcoy.es\/es\/#website","url":"https:\/\/www.copealcoy.es\/es\/","name":"COPE Alcoy","description":"Emisora COPE de radio local con emisi\u00f3n online. Pont de Sant Jordi 8-10 03803 Alcoy","potentialAction":[{"@type":"SearchAction","target":{"@type":"EntryPoint","urlTemplate":"https:\/\/www.copealcoy.es\/es\/?s={search_term_string}"},"query-input":{"@type":"PropertyValueSpecification","valueRequired":true,"valueName":"search_term_string"}}],"inLanguage":"es"},{"@type":"Person","@id":"https:\/\/www.copealcoy.es\/es\/#\/schema\/person\/e777c87fa024e57d40170af9df39882c","name":"Cope Alcoy","image":{"@type":"ImageObject","inLanguage":"es","@id":"https:\/\/secure.gravatar.com\/avatar\/bb65d0283347e303893ba14f0692005417c1e0e690a325a4c5d8bb2b3943ee14?s=96&d=mm&r=g","url":"https:\/\/secure.gravatar.com\/avatar\/bb65d0283347e303893ba14f0692005417c1e0e690a325a4c5d8bb2b3943ee14?s=96&d=mm&r=g","contentUrl":"https:\/\/secure.gravatar.com\/avatar\/bb65d0283347e303893ba14f0692005417c1e0e690a325a4c5d8bb2b3943ee14?s=96&d=mm&r=g","caption":"Cope Alcoy"}}]}},"_links":{"self":[{"href":"https:\/\/www.copealcoy.es\/es\/wp-json\/wp\/v2\/posts\/156758","targetHints":{"allow":["GET"]}}],"collection":[{"href":"https:\/\/www.copealcoy.es\/es\/wp-json\/wp\/v2\/posts"}],"about":[{"href":"https:\/\/www.copealcoy.es\/es\/wp-json\/wp\/v2\/types\/post"}],"author":[{"embeddable":true,"href":"https:\/\/www.copealcoy.es\/es\/wp-json\/wp\/v2\/users\/1"}],"replies":[{"embeddable":true,"href":"https:\/\/www.copealcoy.es\/es\/wp-json\/wp\/v2\/comments?post=156758"}],"version-history":[{"count":1,"href":"https:\/\/www.copealcoy.es\/es\/wp-json\/wp\/v2\/posts\/156758\/revisions"}],"predecessor-version":[{"id":156761,"href":"https:\/\/www.copealcoy.es\/es\/wp-json\/wp\/v2\/posts\/156758\/revisions\/156761"}],"wp:featuredmedia":[{"embeddable":true,"href":"https:\/\/www.copealcoy.es\/es\/wp-json\/wp\/v2\/media\/156759"}],"wp:attachment":[{"href":"https:\/\/www.copealcoy.es\/es\/wp-json\/wp\/v2\/media?parent=156758"}],"wp:term":[{"taxonomy":"category","embeddable":true,"href":"https:\/\/www.copealcoy.es\/es\/wp-json\/wp\/v2\/categories?post=156758"},{"taxonomy":"post_tag","embeddable":true,"href":"https:\/\/www.copealcoy.es\/es\/wp-json\/wp\/v2\/tags?post=156758"}],"curies":[{"name":"wp","href":"https:\/\/api.w.org\/{rel}","templated":true}]}}