{"id":156704,"date":"2025-09-03T15:10:19","date_gmt":"2025-09-03T14:10:19","guid":{"rendered":"https:\/\/www.copealcoy.es\/?p=156704"},"modified":"2025-09-03T15:13:05","modified_gmt":"2025-09-03T14:13:05","slug":"alcoy-apuesta-por-el-cohousing-para-mayores-con-un-nuevo-edificio-en-la-zona-alta","status":"publish","type":"post","link":"https:\/\/www.copealcoy.es\/es\/alcoy-apuesta-por-el-cohousing-para-mayores-con-un-nuevo-edificio-en-la-zona-alta\/","title":{"rendered":"Alcoy apuesta por el &#8216;cohousing&#8217; para mayores con un nuevo edificio en la Zona Alta"},"content":{"rendered":"<p style=\"text-align: justify;\" data-start=\"238\" data-end=\"641\">El <span style=\"color: #0000ff;\"><a style=\"color: #0000ff;\" href=\"https:\/\/www.alcoi.org\/ca\/portal\/index.html\" target=\"_blank\" rel=\"noopener\"><strong>Ayuntamiento de Alcoy<\/strong> <\/a><\/span>ha conseguido <strong data-start=\"277\" data-end=\"323\">163.403 euros de la Generalitat Valenciana<\/strong> dentro de la convocatoria de ayudas para el fomento de alojamientos en modelo de <em>cohousing<\/em> para personas mayores. Esta subvenci\u00f3n, enmarcada en el Plan Estatal de Acceso a la Vivienda 2022-2025, <strong>permitir\u00e1 rehabilitar el edificio municipal<\/strong> situado en el n\u00famero 14 de la calle La Sardina, en el barrio de El Partidor.<\/p>\n<p style=\"text-align: justify;\" data-start=\"643\" data-end=\"1066\">El inmueble acoger\u00e1 <strong data-start=\"663\" data-end=\"711\">nueve unidades de alojamiento independientes<\/strong>, destinadas exclusivamente a personas mayores de 65 a\u00f1os con ingresos limitados. Adem\u00e1s contar\u00e1\u00a0 con espacios privados, el proyecto incorpora zonas y servicios comunitarios que fomentar\u00e1n la convivencia, la ayuda mutua y el acompa\u00f1amiento, alej\u00e1ndose as\u00ed de modelos tradicionales y potenciando nuevas formas de vida adaptadas al envejecimiento activo &#8220;<em data-start=\"1177\" data-end=\"1535\">Alcoy da un paso m\u00e1s en la innovaci\u00f3n en pol\u00edticas de vivienda y tambi\u00e9n en la rehabilitaci\u00f3n de un barrio como es El Partidor. Con este modelo damos respuesta a una necesidad real de las personas mayores: poder vivir de manera independiente pero con la tranquilidad de contar con espacios compartidos, servicios adaptados y la seguridad de una comunidad&#8221;,\u00a0<\/em>destaca la edil de Urbanismo; <strong>Vanessa Molt\u00f3<\/strong>.<\/p>\n<p style=\"text-align: justify;\" data-start=\"1540\" data-end=\"1970\">El presupuesto total de la actuaci\u00f3n asciende a <strong data-start=\"1588\" data-end=\"1605\">480.000 euros<\/strong>. De esta cifra, casi 290.000 se financiar\u00e1n con fondos EDIL (Estrategia de Desarrollo Integrado Local) y el Ayuntamiento solo tendr\u00e1 que aportar <strong data-start=\"1751\" data-end=\"1767\">29.402 euros<\/strong>, lo que supone el <strong data-start=\"1786\" data-end=\"1805\">6,12% del total<\/strong>. Molt\u00f3 ha subrayado que se trata de un claro ejemplo de c\u00f3mo aprovechar los recursos p\u00fablicos para mejorar tanto la ciudad como la calidad de vida de sus vecinos.<\/p>\n<p style=\"text-align: justify;\" data-start=\"1540\" data-end=\"1970\">Cabe destacar que este proyecto se suma a la construcci\u00f3n de <strong data-start=\"2015\" data-end=\"2051\">18 viviendas intergeneracionales<\/strong> en los n\u00fameros 102 y 104 de la calle Sant Mateu, tambi\u00e9n en El Partidor, con acceso por la Placeta de les Eres. Ambas iniciativas persiguen la regeneraci\u00f3n de un barrio hist\u00f3rico con alto valor patrimonial y social, que poco a poco se est\u00e1 transformando con nuevas propuestas residenciales. Asimismo, el Ayuntamiento recuerda que ya se encuentran ocupadas las viviendas sociales de la calle Sant Maure, rehabilitadas dentro del proyecto EDUSI. En ellas viven actualmente familias de personas mayores con dependencia o discapacidad, seleccionadas seg\u00fan criterios sociales y econ\u00f3micos para garantizarles el derecho a una vivienda digna, accesible y adaptada a sus necesidades.<\/p>\n","protected":false},"excerpt":{"rendered":"<p>El Ayuntamiento de Alcoy ha conseguido 163.403 euros de la Generalitat Valenciana dentro de la convocatoria de ayudas para el&#8230;<\/p>\n","protected":false},"author":1,"featured_media":156705,"comment_status":"closed","ping_status":"closed","sticky":false,"template":"","format":"standard","meta":{"footnotes":""},"categories":[6909,97,75],"tags":[19962,1494,9149,5169,3167],"class_list":["post-156704","post","type-post","status-publish","format-standard","has-post-thumbnail","hentry","category-actualidad","category-alcoy","category-noticias","tag-cohousing","tag-alcoy","tag-edificio-municipal","tag-mayores","tag-zona-alta"],"yoast_head":"<!-- This site is optimized with the Yoast SEO plugin v27.3 - https:\/\/yoast.com\/product\/yoast-seo-wordpress\/ -->\n<title>Alcoy apuesta por el &#039;cohousing&#039; para mayores con un nuevo edificio en la Zona Alta - COPE Alcoy<\/title>\n<meta name=\"description\" content=\"Alcoy apuesta por el &#039;cohousing&#039; para mayores con un nuevo edificio en la Zona Alta\" \/>\n<meta name=\"robots\" content=\"index, follow, max-snippet:-1, max-image-preview:large, max-video-preview:-1\" \/>\n<link rel=\"canonical\" href=\"https:\/\/www.copealcoy.es\/es\/alcoy-apuesta-por-el-cohousing-para-mayores-con-un-nuevo-edificio-en-la-zona-alta\/\" \/>\n<meta property=\"og:locale\" content=\"es_ES\" \/>\n<meta property=\"og:type\" content=\"article\" \/>\n<meta property=\"og:title\" content=\"Alcoy apuesta por el &#039;cohousing&#039; para mayores con un nuevo edificio en la Zona Alta - COPE Alcoy\" \/>\n<meta property=\"og:description\" content=\"Alcoy apuesta por el &#039;cohousing&#039; para mayores con un nuevo edificio en la Zona Alta\" \/>\n<meta property=\"og:url\" content=\"https:\/\/www.copealcoy.es\/es\/alcoy-apuesta-por-el-cohousing-para-mayores-con-un-nuevo-edificio-en-la-zona-alta\/\" \/>\n<meta property=\"og:site_name\" content=\"COPE Alcoy\" \/>\n<meta property=\"article:published_time\" content=\"2025-09-03T14:10:19+00:00\" \/>\n<meta property=\"article:modified_time\" content=\"2025-09-03T14:13:05+00:00\" \/>\n<meta property=\"og:image\" content=\"https:\/\/www.copealcoy.es\/wp-content\/uploads\/2025\/09\/Edificio_en_obras_en_El_Partidor-1.jpg\" \/>\n\t<meta property=\"og:image:width\" content=\"620\" \/>\n\t<meta property=\"og:image:height\" content=\"373\" \/>\n\t<meta property=\"og:image:type\" content=\"image\/jpeg\" \/>\n<meta name=\"author\" content=\"Cope Alcoy\" \/>\n<meta name=\"twitter:label1\" content=\"Escrito por\" \/>\n\t<meta name=\"twitter:data1\" content=\"Cope Alcoy\" \/>\n\t<meta name=\"twitter:label2\" content=\"Tiempo de lectura\" \/>\n\t<meta name=\"twitter:data2\" content=\"3 minutos\" \/>\n<script type=\"application\/ld+json\" class=\"yoast-schema-graph\">{\"@context\":\"https:\\\/\\\/schema.org\",\"@graph\":[{\"@type\":\"Article\",\"@id\":\"https:\\\/\\\/www.copealcoy.es\\\/es\\\/alcoy-apuesta-por-el-cohousing-para-mayores-con-un-nuevo-edificio-en-la-zona-alta\\\/#article\",\"isPartOf\":{\"@id\":\"https:\\\/\\\/www.copealcoy.es\\\/es\\\/alcoy-apuesta-por-el-cohousing-para-mayores-con-un-nuevo-edificio-en-la-zona-alta\\\/\"},\"author\":{\"name\":\"Cope Alcoy\",\"@id\":\"https:\\\/\\\/www.copealcoy.es\\\/es\\\/#\\\/schema\\\/person\\\/e777c87fa024e57d40170af9df39882c\"},\"headline\":\"Alcoy apuesta por el &#8216;cohousing&#8217; para mayores con un nuevo edificio en la Zona Alta\",\"datePublished\":\"2025-09-03T14:10:19+00:00\",\"dateModified\":\"2025-09-03T14:13:05+00:00\",\"mainEntityOfPage\":{\"@id\":\"https:\\\/\\\/www.copealcoy.es\\\/es\\\/alcoy-apuesta-por-el-cohousing-para-mayores-con-un-nuevo-edificio-en-la-zona-alta\\\/\"},\"wordCount\":401,\"image\":{\"@id\":\"https:\\\/\\\/www.copealcoy.es\\\/es\\\/alcoy-apuesta-por-el-cohousing-para-mayores-con-un-nuevo-edificio-en-la-zona-alta\\\/#primaryimage\"},\"thumbnailUrl\":\"https:\\\/\\\/www.copealcoy.es\\\/wp-content\\\/uploads\\\/2025\\\/09\\\/Edificio_en_obras_en_El_Partidor-1.jpg\",\"keywords\":[\"'cohousing'\",\"Alcoy\",\"edificio municipal\",\"mayores\",\"Zona Alta\"],\"articleSection\":[\"Actualidad\",\"Alcoy\",\"Noticias\"],\"inLanguage\":\"es\"},{\"@type\":\"WebPage\",\"@id\":\"https:\\\/\\\/www.copealcoy.es\\\/es\\\/alcoy-apuesta-por-el-cohousing-para-mayores-con-un-nuevo-edificio-en-la-zona-alta\\\/\",\"url\":\"https:\\\/\\\/www.copealcoy.es\\\/es\\\/alcoy-apuesta-por-el-cohousing-para-mayores-con-un-nuevo-edificio-en-la-zona-alta\\\/\",\"name\":\"Alcoy apuesta por el 'cohousing' para mayores con un nuevo edificio en la Zona Alta - COPE Alcoy\",\"isPartOf\":{\"@id\":\"https:\\\/\\\/www.copealcoy.es\\\/es\\\/#website\"},\"primaryImageOfPage\":{\"@id\":\"https:\\\/\\\/www.copealcoy.es\\\/es\\\/alcoy-apuesta-por-el-cohousing-para-mayores-con-un-nuevo-edificio-en-la-zona-alta\\\/#primaryimage\"},\"image\":{\"@id\":\"https:\\\/\\\/www.copealcoy.es\\\/es\\\/alcoy-apuesta-por-el-cohousing-para-mayores-con-un-nuevo-edificio-en-la-zona-alta\\\/#primaryimage\"},\"thumbnailUrl\":\"https:\\\/\\\/www.copealcoy.es\\\/wp-content\\\/uploads\\\/2025\\\/09\\\/Edificio_en_obras_en_El_Partidor-1.jpg\",\"datePublished\":\"2025-09-03T14:10:19+00:00\",\"dateModified\":\"2025-09-03T14:13:05+00:00\",\"author\":{\"@id\":\"https:\\\/\\\/www.copealcoy.es\\\/es\\\/#\\\/schema\\\/person\\\/e777c87fa024e57d40170af9df39882c\"},\"description\":\"Alcoy apuesta por el 'cohousing' para mayores con un nuevo edificio en la Zona Alta\",\"breadcrumb\":{\"@id\":\"https:\\\/\\\/www.copealcoy.es\\\/es\\\/alcoy-apuesta-por-el-cohousing-para-mayores-con-un-nuevo-edificio-en-la-zona-alta\\\/#breadcrumb\"},\"inLanguage\":\"es\",\"potentialAction\":[{\"@type\":\"ReadAction\",\"target\":[\"https:\\\/\\\/www.copealcoy.es\\\/es\\\/alcoy-apuesta-por-el-cohousing-para-mayores-con-un-nuevo-edificio-en-la-zona-alta\\\/\"]}]},{\"@type\":\"ImageObject\",\"inLanguage\":\"es\",\"@id\":\"https:\\\/\\\/www.copealcoy.es\\\/es\\\/alcoy-apuesta-por-el-cohousing-para-mayores-con-un-nuevo-edificio-en-la-zona-alta\\\/#primaryimage\",\"url\":\"https:\\\/\\\/www.copealcoy.es\\\/wp-content\\\/uploads\\\/2025\\\/09\\\/Edificio_en_obras_en_El_Partidor-1.jpg\",\"contentUrl\":\"https:\\\/\\\/www.copealcoy.es\\\/wp-content\\\/uploads\\\/2025\\\/09\\\/Edificio_en_obras_en_El_Partidor-1.jpg\",\"width\":620,\"height\":373},{\"@type\":\"BreadcrumbList\",\"@id\":\"https:\\\/\\\/www.copealcoy.es\\\/es\\\/alcoy-apuesta-por-el-cohousing-para-mayores-con-un-nuevo-edificio-en-la-zona-alta\\\/#breadcrumb\",\"itemListElement\":[{\"@type\":\"ListItem\",\"position\":1,\"name\":\"Portada\",\"item\":\"https:\\\/\\\/www.copealcoy.es\\\/es\\\/\"},{\"@type\":\"ListItem\",\"position\":2,\"name\":\"Alcoy apuesta por el &#8216;cohousing&#8217; para mayores con un nuevo edificio en la Zona Alta\"}]},{\"@type\":\"WebSite\",\"@id\":\"https:\\\/\\\/www.copealcoy.es\\\/es\\\/#website\",\"url\":\"https:\\\/\\\/www.copealcoy.es\\\/es\\\/\",\"name\":\"COPE Alcoy\",\"description\":\"Emisora COPE de radio local con emisi\u00f3n online. Pont de Sant Jordi 8-10 03803 Alcoy\",\"potentialAction\":[{\"@type\":\"SearchAction\",\"target\":{\"@type\":\"EntryPoint\",\"urlTemplate\":\"https:\\\/\\\/www.copealcoy.es\\\/es\\\/?s={search_term_string}\"},\"query-input\":{\"@type\":\"PropertyValueSpecification\",\"valueRequired\":true,\"valueName\":\"search_term_string\"}}],\"inLanguage\":\"es\"},{\"@type\":\"Person\",\"@id\":\"https:\\\/\\\/www.copealcoy.es\\\/es\\\/#\\\/schema\\\/person\\\/e777c87fa024e57d40170af9df39882c\",\"name\":\"Cope Alcoy\",\"image\":{\"@type\":\"ImageObject\",\"inLanguage\":\"es\",\"@id\":\"https:\\\/\\\/secure.gravatar.com\\\/avatar\\\/bb65d0283347e303893ba14f0692005417c1e0e690a325a4c5d8bb2b3943ee14?s=96&d=mm&r=g\",\"url\":\"https:\\\/\\\/secure.gravatar.com\\\/avatar\\\/bb65d0283347e303893ba14f0692005417c1e0e690a325a4c5d8bb2b3943ee14?s=96&d=mm&r=g\",\"contentUrl\":\"https:\\\/\\\/secure.gravatar.com\\\/avatar\\\/bb65d0283347e303893ba14f0692005417c1e0e690a325a4c5d8bb2b3943ee14?s=96&d=mm&r=g\",\"caption\":\"Cope Alcoy\"}}]}<\/script>\n<!-- \/ Yoast SEO plugin. -->","yoast_head_json":{"title":"Alcoy apuesta por el 'cohousing' para mayores con un nuevo edificio en la Zona Alta - COPE Alcoy","description":"Alcoy apuesta por el 'cohousing' para mayores con un nuevo edificio en la Zona Alta","robots":{"index":"index","follow":"follow","max-snippet":"max-snippet:-1","max-image-preview":"max-image-preview:large","max-video-preview":"max-video-preview:-1"},"canonical":"https:\/\/www.copealcoy.es\/es\/alcoy-apuesta-por-el-cohousing-para-mayores-con-un-nuevo-edificio-en-la-zona-alta\/","og_locale":"es_ES","og_type":"article","og_title":"Alcoy apuesta por el 'cohousing' para mayores con un nuevo edificio en la Zona Alta - COPE Alcoy","og_description":"Alcoy apuesta por el 'cohousing' para mayores con un nuevo edificio en la Zona Alta","og_url":"https:\/\/www.copealcoy.es\/es\/alcoy-apuesta-por-el-cohousing-para-mayores-con-un-nuevo-edificio-en-la-zona-alta\/","og_site_name":"COPE Alcoy","article_published_time":"2025-09-03T14:10:19+00:00","article_modified_time":"2025-09-03T14:13:05+00:00","og_image":[{"width":620,"height":373,"url":"https:\/\/www.copealcoy.es\/wp-content\/uploads\/2025\/09\/Edificio_en_obras_en_El_Partidor-1.jpg","type":"image\/jpeg"}],"author":"Cope Alcoy","twitter_misc":{"Escrito por":"Cope Alcoy","Tiempo de lectura":"3 minutos"},"schema":{"@context":"https:\/\/schema.org","@graph":[{"@type":"Article","@id":"https:\/\/www.copealcoy.es\/es\/alcoy-apuesta-por-el-cohousing-para-mayores-con-un-nuevo-edificio-en-la-zona-alta\/#article","isPartOf":{"@id":"https:\/\/www.copealcoy.es\/es\/alcoy-apuesta-por-el-cohousing-para-mayores-con-un-nuevo-edificio-en-la-zona-alta\/"},"author":{"name":"Cope Alcoy","@id":"https:\/\/www.copealcoy.es\/es\/#\/schema\/person\/e777c87fa024e57d40170af9df39882c"},"headline":"Alcoy apuesta por el &#8216;cohousing&#8217; para mayores con un nuevo edificio en la Zona Alta","datePublished":"2025-09-03T14:10:19+00:00","dateModified":"2025-09-03T14:13:05+00:00","mainEntityOfPage":{"@id":"https:\/\/www.copealcoy.es\/es\/alcoy-apuesta-por-el-cohousing-para-mayores-con-un-nuevo-edificio-en-la-zona-alta\/"},"wordCount":401,"image":{"@id":"https:\/\/www.copealcoy.es\/es\/alcoy-apuesta-por-el-cohousing-para-mayores-con-un-nuevo-edificio-en-la-zona-alta\/#primaryimage"},"thumbnailUrl":"https:\/\/www.copealcoy.es\/wp-content\/uploads\/2025\/09\/Edificio_en_obras_en_El_Partidor-1.jpg","keywords":["'cohousing'","Alcoy","edificio municipal","mayores","Zona Alta"],"articleSection":["Actualidad","Alcoy","Noticias"],"inLanguage":"es"},{"@type":"WebPage","@id":"https:\/\/www.copealcoy.es\/es\/alcoy-apuesta-por-el-cohousing-para-mayores-con-un-nuevo-edificio-en-la-zona-alta\/","url":"https:\/\/www.copealcoy.es\/es\/alcoy-apuesta-por-el-cohousing-para-mayores-con-un-nuevo-edificio-en-la-zona-alta\/","name":"Alcoy apuesta por el 'cohousing' para mayores con un nuevo edificio en la Zona Alta - COPE Alcoy","isPartOf":{"@id":"https:\/\/www.copealcoy.es\/es\/#website"},"primaryImageOfPage":{"@id":"https:\/\/www.copealcoy.es\/es\/alcoy-apuesta-por-el-cohousing-para-mayores-con-un-nuevo-edificio-en-la-zona-alta\/#primaryimage"},"image":{"@id":"https:\/\/www.copealcoy.es\/es\/alcoy-apuesta-por-el-cohousing-para-mayores-con-un-nuevo-edificio-en-la-zona-alta\/#primaryimage"},"thumbnailUrl":"https:\/\/www.copealcoy.es\/wp-content\/uploads\/2025\/09\/Edificio_en_obras_en_El_Partidor-1.jpg","datePublished":"2025-09-03T14:10:19+00:00","dateModified":"2025-09-03T14:13:05+00:00","author":{"@id":"https:\/\/www.copealcoy.es\/es\/#\/schema\/person\/e777c87fa024e57d40170af9df39882c"},"description":"Alcoy apuesta por el 'cohousing' para mayores con un nuevo edificio en la Zona Alta","breadcrumb":{"@id":"https:\/\/www.copealcoy.es\/es\/alcoy-apuesta-por-el-cohousing-para-mayores-con-un-nuevo-edificio-en-la-zona-alta\/#breadcrumb"},"inLanguage":"es","potentialAction":[{"@type":"ReadAction","target":["https:\/\/www.copealcoy.es\/es\/alcoy-apuesta-por-el-cohousing-para-mayores-con-un-nuevo-edificio-en-la-zona-alta\/"]}]},{"@type":"ImageObject","inLanguage":"es","@id":"https:\/\/www.copealcoy.es\/es\/alcoy-apuesta-por-el-cohousing-para-mayores-con-un-nuevo-edificio-en-la-zona-alta\/#primaryimage","url":"https:\/\/www.copealcoy.es\/wp-content\/uploads\/2025\/09\/Edificio_en_obras_en_El_Partidor-1.jpg","contentUrl":"https:\/\/www.copealcoy.es\/wp-content\/uploads\/2025\/09\/Edificio_en_obras_en_El_Partidor-1.jpg","width":620,"height":373},{"@type":"BreadcrumbList","@id":"https:\/\/www.copealcoy.es\/es\/alcoy-apuesta-por-el-cohousing-para-mayores-con-un-nuevo-edificio-en-la-zona-alta\/#breadcrumb","itemListElement":[{"@type":"ListItem","position":1,"name":"Portada","item":"https:\/\/www.copealcoy.es\/es\/"},{"@type":"ListItem","position":2,"name":"Alcoy apuesta por el &#8216;cohousing&#8217; para mayores con un nuevo edificio en la Zona Alta"}]},{"@type":"WebSite","@id":"https:\/\/www.copealcoy.es\/es\/#website","url":"https:\/\/www.copealcoy.es\/es\/","name":"COPE Alcoy","description":"Emisora COPE de radio local con emisi\u00f3n online. Pont de Sant Jordi 8-10 03803 Alcoy","potentialAction":[{"@type":"SearchAction","target":{"@type":"EntryPoint","urlTemplate":"https:\/\/www.copealcoy.es\/es\/?s={search_term_string}"},"query-input":{"@type":"PropertyValueSpecification","valueRequired":true,"valueName":"search_term_string"}}],"inLanguage":"es"},{"@type":"Person","@id":"https:\/\/www.copealcoy.es\/es\/#\/schema\/person\/e777c87fa024e57d40170af9df39882c","name":"Cope Alcoy","image":{"@type":"ImageObject","inLanguage":"es","@id":"https:\/\/secure.gravatar.com\/avatar\/bb65d0283347e303893ba14f0692005417c1e0e690a325a4c5d8bb2b3943ee14?s=96&d=mm&r=g","url":"https:\/\/secure.gravatar.com\/avatar\/bb65d0283347e303893ba14f0692005417c1e0e690a325a4c5d8bb2b3943ee14?s=96&d=mm&r=g","contentUrl":"https:\/\/secure.gravatar.com\/avatar\/bb65d0283347e303893ba14f0692005417c1e0e690a325a4c5d8bb2b3943ee14?s=96&d=mm&r=g","caption":"Cope Alcoy"}}]}},"_links":{"self":[{"href":"https:\/\/www.copealcoy.es\/es\/wp-json\/wp\/v2\/posts\/156704","targetHints":{"allow":["GET"]}}],"collection":[{"href":"https:\/\/www.copealcoy.es\/es\/wp-json\/wp\/v2\/posts"}],"about":[{"href":"https:\/\/www.copealcoy.es\/es\/wp-json\/wp\/v2\/types\/post"}],"author":[{"embeddable":true,"href":"https:\/\/www.copealcoy.es\/es\/wp-json\/wp\/v2\/users\/1"}],"replies":[{"embeddable":true,"href":"https:\/\/www.copealcoy.es\/es\/wp-json\/wp\/v2\/comments?post=156704"}],"version-history":[{"count":2,"href":"https:\/\/www.copealcoy.es\/es\/wp-json\/wp\/v2\/posts\/156704\/revisions"}],"predecessor-version":[{"id":156710,"href":"https:\/\/www.copealcoy.es\/es\/wp-json\/wp\/v2\/posts\/156704\/revisions\/156710"}],"wp:featuredmedia":[{"embeddable":true,"href":"https:\/\/www.copealcoy.es\/es\/wp-json\/wp\/v2\/media\/156705"}],"wp:attachment":[{"href":"https:\/\/www.copealcoy.es\/es\/wp-json\/wp\/v2\/media?parent=156704"}],"wp:term":[{"taxonomy":"category","embeddable":true,"href":"https:\/\/www.copealcoy.es\/es\/wp-json\/wp\/v2\/categories?post=156704"},{"taxonomy":"post_tag","embeddable":true,"href":"https:\/\/www.copealcoy.es\/es\/wp-json\/wp\/v2\/tags?post=156704"}],"curies":[{"name":"wp","href":"https:\/\/api.w.org\/{rel}","templated":true}]}}