{"id":156624,"date":"2025-09-01T07:35:09","date_gmt":"2025-09-01T06:35:09","guid":{"rendered":"https:\/\/www.copealcoy.es\/?p=156624"},"modified":"2025-09-01T16:25:44","modified_gmt":"2025-09-01T15:25:44","slug":"mediodia-cope-alcoy-lunes-1-de-septiembre-2025-1420h","status":"publish","type":"post","link":"https:\/\/www.copealcoy.es\/es\/mediodia-cope-alcoy-lunes-1-de-septiembre-2025-1420h\/","title":{"rendered":"&#8216;Mediod\u00eda Cope&#8217; Alcoy lunes 1 de septiembre 2025 (14:20h)"},"content":{"rendered":"<p><iframe loading=\"lazy\" title=\"&#039;Mediod\u00eda Cope&#039; Alcoy Lunes 1 De Septiembre 2025 (14:20h)\" width=\"100%\" height=\"120\" src=\"https:\/\/www.mixcloud.com\/widget\/iframe\/?feed=https%3A%2F%2Fwww.mixcloud.com%2FCOPEAlcoy%2Fmediod%25C3%25ADa-cope-alcoy-lunes-1-de-septiembre-2025-1420h%2F&amp;hide_cover=1\" frameborder=\"0\" allow=\"encrypted-media; fullscreen; autoplay; idle-detection; speaker-selection; web-share;\"><\/iframe><\/p>\n<p style=\"text-align: justify;\">Hoy lunes hemos comenzado nueva temporada de radio y hemos recordado que <strong>Muro ha estrenado el curso pol\u00edtico teniendo ya aprobados los Presupuestos Municipales de 2025<\/strong>. Tambi\u00e9n hemos hecho referencia a <strong>algunos de los retos y objetivos<\/strong> que est\u00e1n sobre la mesa en Alcoy en el inicio del presente curso pol\u00edtico.<\/p>\n<p style=\"text-align: justify;\" data-start=\"329\" data-end=\"557\">El 1<strong data-start=\"329\" data-end=\"348\">\u00a0de septiembre<\/strong>\u00a0marca no solo la vuelta a la rutina tras las vacaciones veraniegas que muchos han tenido durante agosto, sino tambi\u00e9n el inicio de un\u00a0<strong data-start=\"435\" data-end=\"468\">nuevo curso pol\u00edtico\u00a0<\/strong>en las diferentes instituciones y en todos los niveles. Aqu\u00ed en\u00a0<a href=\"https:\/\/www.alcoi.org\/ca\/portal\/index.html\" target=\"_blank\" rel=\"noopener\"><strong>Alcoy<\/strong><\/a>\u00a0el curso pol\u00edtico arranca tambi\u00e9n con diferentes retos para la ciudad y, con muchos\u00a0<strong>objetivos<\/strong>\u00a0sobre la mesa, que quieren materializar los grupos pol\u00edticos municipales durante los pr\u00f3ximos meses.<\/p>\n<p style=\"text-align: justify;\" data-start=\"559\" data-end=\"899\">El\u00a0<strong data-start=\"562\" data-end=\"592\">mantenimiento de la ciudad<\/strong>\u00a0sigue siendo una de las\u00a0<strong data-start=\"617\" data-end=\"643\">asignaturas pendientes\u00a0<\/strong>y desde la oposici\u00f3n insisten en que el gobierno local debe de centrar m\u00e1s esfuerzos en esta cuesti\u00f3n, algo que tambi\u00e9n demandan las diferentes asociaciones vecinales \u201c<em>tenemos bastantes calles, parques o jardines en muy mala situaci\u00f3n. No es suficiente todo lo que se hace y urge un plan, claro y definido, para mantener en buen estado los diferentes espacios comunes con los que contamos. Alcoy, ahora mismo, presenta una gran imagen de dejadez<\/em>\u201c, afirma el portavoz de\u00a0<strong>VOX<\/strong>;\u00a0<strong>David Abad<\/strong>. La\u00a0<strong data-start=\"702\" data-end=\"731\">falta de suelo industrial<\/strong>, para atender las necesidades que en esta materia tienen ahora mismo los empresarios locales, contin\u00faa un curso pol\u00edtico m\u00e1s siendo caballo de batalla y desde el\u00a0<strong>Partido Popular<\/strong>\u00a0tienen muy clara su postura \u201c<em>el Partido Socialista tiene que definir claramente si quiere avanzar de cara a hacer posible Alcoy Sur, un proyecto que es totalmente necesario para el futuro econ\u00f3mico de la ciudad. Estamos ante un gobierno agotado, sin ideas, que solo est\u00e1 preocupado por mantenerse en el poder<\/em>\u201c, afirmaba en el \u00faltimo #TiempoDeAn\u00e1lisis de la temporada de COPE ALCOY hace unas semanas el l\u00edder de los populares;\u00a0<strong>Carlos Pastor<\/strong>.\u00a0<strong>Guanyar Alcoi\u00a0<\/strong>lo sigue teniendo claro y mantiene los argumentos defendidos durante buena parte de este a\u00f1o \u201c<em>el gobierno de PSPV y Comprom\u00eds no tendr\u00e1 m\u00e1s nuestro apoyo mientras no se renuncie, claramente y sin rodeos, a proyectos perjudiciales para Alcoy como el pol\u00edgono en el acceso sur<\/em>\u201c, indica el portavoz de la plataforma;\u00a0<strong>Sergi Rodr\u00edguez<\/strong>.<\/p>\n<p style=\"text-align: justify;\" data-start=\"559\" data-end=\"899\"><span style=\"color: #0000ff;\"><strong>Un curso en el que ver\u00e1n la luz proyectos que se han dilatado en el tiempo, seg\u00fan el gobierno\u00a0<\/strong><\/span><\/p>\n<p style=\"text-align: justify;\" data-start=\"1469\" data-end=\"2047\">Desde el gobierno municipal, en cambio, se pone en valor la materializaci\u00f3n de proyectos largamente esperados. Entre ellos se encuentran la\u00a0<strong data-start=\"1612\" data-end=\"1659\">construcci\u00f3n del nuevo acceso al pol\u00edgono Santiago Pay\u00e0<\/strong>, las mejoras en pol\u00edgonos industriales o las obras para adaptar La Rosaleda a la legalidad que a\u00fan no han terminado. A ello se le unen\u00a0el avance de las\u00a0<strong data-start=\"1678\" data-end=\"1696\">obras de mejora del tren Alcoy-X\u00e0tiva,\u00a0<\/strong>con una inversi\u00f3n del Estado superior a los cien millones de euros,\u00a0la puesta en marcha del\u00a0<strong data-start=\"1722\" data-end=\"1753\">Parque Tecnol\u00f3gico de Rodes<\/strong>\u00a0o los avances para hacer posible\u00a0<strong data-start=\"1779\" data-end=\"1823\">ampliaci\u00f3n del Campus de Alcoy de la UPV\u00a0<\/strong>\u201c<em>seguimos con muchas ganas e ilusi\u00f3n para consolidar las pol\u00edticas puestas en marcha desde que llegamos al gobierno. El Pacto del Parterre goza de muy buena salud, hay muy buena relaci\u00f3n con el Partido Socialista y como dos partidos diferentes que somos tenemos tambi\u00e9n tenemos distintas formas de ver algunos proyectos o iniciativas<\/em>\u201c, indicaba en ese mismo #TiempoDeAn\u00e1lisis previo a las vacaciones el vicealcalde de Alcoy y l\u00edder de Comprom\u00eds;\u00a0<strong>\u00c0lex Cerradelo<\/strong>.\u00a0 Por \u00faltimo, el\u00a0<strong>Partido Socialista<\/strong>\u00a0insta a dejar de lado la crispaci\u00f3n para seguir avanzando en la mejora de la ciudad. Desde el PSPV afirman que Alcoy cuenta ahora mismo con una buena situaci\u00f3n econ\u00f3mica \u201c<em>y nuestro deseo para este pr\u00f3ximo curso pol\u00edtico es que haya sinergias entre todos para sacar adelante lo que es importante para la ciudad pero tambi\u00e9n aquello que es bueno para los alcoyanos y las alcoyanas<\/em>\u201c, concluy\u00f3 el portavoz\u00a0<strong>Jordi Mart\u00ednez<\/strong>.<\/p>\n<p style=\"text-align: justify;\" data-start=\"1469\" data-end=\"2047\">Retos, objetivos y declaraci\u00f3n de intenciones ante\u00a0<strong>un nuevo curso pol\u00edtico<\/strong>\u00a0que va a ser intenso. Queda por ver si esos prop\u00f3sitos se convierten, m\u00e1s pronto que tarde, en hechos.<\/p>\n","protected":false},"excerpt":{"rendered":"<p>Hoy lunes hemos comenzado nueva temporada de radio y hemos recordado que Muro ha estrenado el curso pol\u00edtico teniendo ya&#8230;<\/p>\n","protected":false},"author":1,"featured_media":147663,"comment_status":"closed","ping_status":"closed","sticky":false,"template":"","format":"standard","meta":{"footnotes":""},"categories":[6909,89,91,75],"tags":[],"class_list":["post-156624","post","type-post","status-publish","format-standard","has-post-thumbnail","hentry","category-actualidad","category-audiosdelosprogramas","category-informativos","category-noticias"],"yoast_head":"<!-- This site is optimized with the Yoast SEO plugin v27.3 - https:\/\/yoast.com\/product\/yoast-seo-wordpress\/ -->\n<title>&#039;Mediod\u00eda Cope&#039; Alcoy lunes 1 de septiembre 2025 (14:20h) - COPE Alcoy<\/title>\n<meta name=\"robots\" content=\"index, follow, max-snippet:-1, max-image-preview:large, max-video-preview:-1\" \/>\n<link rel=\"canonical\" href=\"https:\/\/www.copealcoy.es\/es\/mediodia-cope-alcoy-lunes-1-de-septiembre-2025-1420h\/\" \/>\n<meta property=\"og:locale\" content=\"es_ES\" \/>\n<meta property=\"og:type\" content=\"article\" \/>\n<meta property=\"og:title\" content=\"&#039;Mediod\u00eda Cope&#039; Alcoy lunes 1 de septiembre 2025 (14:20h) - COPE Alcoy\" \/>\n<meta property=\"og:description\" content=\"Hoy lunes hemos comenzado nueva temporada de radio y hemos recordado que Muro ha estrenado el curso pol\u00edtico teniendo ya...\" \/>\n<meta property=\"og:url\" content=\"https:\/\/www.copealcoy.es\/es\/mediodia-cope-alcoy-lunes-1-de-septiembre-2025-1420h\/\" \/>\n<meta property=\"og:site_name\" content=\"COPE Alcoy\" \/>\n<meta property=\"article:published_time\" content=\"2025-09-01T06:35:09+00:00\" \/>\n<meta property=\"article:modified_time\" content=\"2025-09-01T15:25:44+00:00\" \/>\n<meta property=\"og:image\" content=\"https:\/\/www.copealcoy.es\/wp-content\/uploads\/2025\/02\/Mediodia-Cope-Castellano.png\" \/>\n\t<meta property=\"og:image:width\" content=\"357\" \/>\n\t<meta property=\"og:image:height\" content=\"290\" \/>\n\t<meta property=\"og:image:type\" content=\"image\/png\" \/>\n<meta name=\"author\" content=\"Cope Alcoy\" \/>\n<meta name=\"twitter:label1\" content=\"Escrito por\" \/>\n\t<meta name=\"twitter:data1\" content=\"Cope Alcoy\" \/>\n\t<meta name=\"twitter:label2\" content=\"Tiempo de lectura\" \/>\n\t<meta name=\"twitter:data2\" content=\"4 minutos\" \/>\n<script type=\"application\/ld+json\" class=\"yoast-schema-graph\">{\"@context\":\"https:\\\/\\\/schema.org\",\"@graph\":[{\"@type\":\"Article\",\"@id\":\"https:\\\/\\\/www.copealcoy.es\\\/es\\\/mediodia-cope-alcoy-lunes-1-de-septiembre-2025-1420h\\\/#article\",\"isPartOf\":{\"@id\":\"https:\\\/\\\/www.copealcoy.es\\\/es\\\/mediodia-cope-alcoy-lunes-1-de-septiembre-2025-1420h\\\/\"},\"author\":{\"name\":\"Cope Alcoy\",\"@id\":\"https:\\\/\\\/www.copealcoy.es\\\/es\\\/#\\\/schema\\\/person\\\/e777c87fa024e57d40170af9df39882c\"},\"headline\":\"&#8216;Mediod\u00eda Cope&#8217; Alcoy lunes 1 de septiembre 2025 (14:20h)\",\"datePublished\":\"2025-09-01T06:35:09+00:00\",\"dateModified\":\"2025-09-01T15:25:44+00:00\",\"mainEntityOfPage\":{\"@id\":\"https:\\\/\\\/www.copealcoy.es\\\/es\\\/mediodia-cope-alcoy-lunes-1-de-septiembre-2025-1420h\\\/\"},\"wordCount\":744,\"image\":{\"@id\":\"https:\\\/\\\/www.copealcoy.es\\\/es\\\/mediodia-cope-alcoy-lunes-1-de-septiembre-2025-1420h\\\/#primaryimage\"},\"thumbnailUrl\":\"https:\\\/\\\/www.copealcoy.es\\\/wp-content\\\/uploads\\\/2025\\\/02\\\/Mediodia-Cope-Castellano.png\",\"articleSection\":[\"Actualidad\",\"Audios de los programas\",\"Informativos\",\"Noticias\"],\"inLanguage\":\"es\"},{\"@type\":\"WebPage\",\"@id\":\"https:\\\/\\\/www.copealcoy.es\\\/es\\\/mediodia-cope-alcoy-lunes-1-de-septiembre-2025-1420h\\\/\",\"url\":\"https:\\\/\\\/www.copealcoy.es\\\/es\\\/mediodia-cope-alcoy-lunes-1-de-septiembre-2025-1420h\\\/\",\"name\":\"'Mediod\u00eda Cope' Alcoy lunes 1 de septiembre 2025 (14:20h) - COPE Alcoy\",\"isPartOf\":{\"@id\":\"https:\\\/\\\/www.copealcoy.es\\\/es\\\/#website\"},\"primaryImageOfPage\":{\"@id\":\"https:\\\/\\\/www.copealcoy.es\\\/es\\\/mediodia-cope-alcoy-lunes-1-de-septiembre-2025-1420h\\\/#primaryimage\"},\"image\":{\"@id\":\"https:\\\/\\\/www.copealcoy.es\\\/es\\\/mediodia-cope-alcoy-lunes-1-de-septiembre-2025-1420h\\\/#primaryimage\"},\"thumbnailUrl\":\"https:\\\/\\\/www.copealcoy.es\\\/wp-content\\\/uploads\\\/2025\\\/02\\\/Mediodia-Cope-Castellano.png\",\"datePublished\":\"2025-09-01T06:35:09+00:00\",\"dateModified\":\"2025-09-01T15:25:44+00:00\",\"author\":{\"@id\":\"https:\\\/\\\/www.copealcoy.es\\\/es\\\/#\\\/schema\\\/person\\\/e777c87fa024e57d40170af9df39882c\"},\"breadcrumb\":{\"@id\":\"https:\\\/\\\/www.copealcoy.es\\\/es\\\/mediodia-cope-alcoy-lunes-1-de-septiembre-2025-1420h\\\/#breadcrumb\"},\"inLanguage\":\"es\",\"potentialAction\":[{\"@type\":\"ReadAction\",\"target\":[\"https:\\\/\\\/www.copealcoy.es\\\/es\\\/mediodia-cope-alcoy-lunes-1-de-septiembre-2025-1420h\\\/\"]}]},{\"@type\":\"ImageObject\",\"inLanguage\":\"es\",\"@id\":\"https:\\\/\\\/www.copealcoy.es\\\/es\\\/mediodia-cope-alcoy-lunes-1-de-septiembre-2025-1420h\\\/#primaryimage\",\"url\":\"https:\\\/\\\/www.copealcoy.es\\\/wp-content\\\/uploads\\\/2025\\\/02\\\/Mediodia-Cope-Castellano.png\",\"contentUrl\":\"https:\\\/\\\/www.copealcoy.es\\\/wp-content\\\/uploads\\\/2025\\\/02\\\/Mediodia-Cope-Castellano.png\",\"width\":357,\"height\":290},{\"@type\":\"BreadcrumbList\",\"@id\":\"https:\\\/\\\/www.copealcoy.es\\\/es\\\/mediodia-cope-alcoy-lunes-1-de-septiembre-2025-1420h\\\/#breadcrumb\",\"itemListElement\":[{\"@type\":\"ListItem\",\"position\":1,\"name\":\"Portada\",\"item\":\"https:\\\/\\\/www.copealcoy.es\\\/es\\\/\"},{\"@type\":\"ListItem\",\"position\":2,\"name\":\"&#8216;Mediod\u00eda Cope&#8217; Alcoy lunes 1 de septiembre 2025 (14:20h)\"}]},{\"@type\":\"WebSite\",\"@id\":\"https:\\\/\\\/www.copealcoy.es\\\/es\\\/#website\",\"url\":\"https:\\\/\\\/www.copealcoy.es\\\/es\\\/\",\"name\":\"COPE Alcoy\",\"description\":\"Emisora COPE de radio local con emisi\u00f3n online. Pont de Sant Jordi 8-10 03803 Alcoy\",\"potentialAction\":[{\"@type\":\"SearchAction\",\"target\":{\"@type\":\"EntryPoint\",\"urlTemplate\":\"https:\\\/\\\/www.copealcoy.es\\\/es\\\/?s={search_term_string}\"},\"query-input\":{\"@type\":\"PropertyValueSpecification\",\"valueRequired\":true,\"valueName\":\"search_term_string\"}}],\"inLanguage\":\"es\"},{\"@type\":\"Person\",\"@id\":\"https:\\\/\\\/www.copealcoy.es\\\/es\\\/#\\\/schema\\\/person\\\/e777c87fa024e57d40170af9df39882c\",\"name\":\"Cope Alcoy\",\"image\":{\"@type\":\"ImageObject\",\"inLanguage\":\"es\",\"@id\":\"https:\\\/\\\/secure.gravatar.com\\\/avatar\\\/bb65d0283347e303893ba14f0692005417c1e0e690a325a4c5d8bb2b3943ee14?s=96&d=mm&r=g\",\"url\":\"https:\\\/\\\/secure.gravatar.com\\\/avatar\\\/bb65d0283347e303893ba14f0692005417c1e0e690a325a4c5d8bb2b3943ee14?s=96&d=mm&r=g\",\"contentUrl\":\"https:\\\/\\\/secure.gravatar.com\\\/avatar\\\/bb65d0283347e303893ba14f0692005417c1e0e690a325a4c5d8bb2b3943ee14?s=96&d=mm&r=g\",\"caption\":\"Cope Alcoy\"}}]}<\/script>\n<!-- \/ Yoast SEO plugin. -->","yoast_head_json":{"title":"'Mediod\u00eda Cope' Alcoy lunes 1 de septiembre 2025 (14:20h) - COPE Alcoy","robots":{"index":"index","follow":"follow","max-snippet":"max-snippet:-1","max-image-preview":"max-image-preview:large","max-video-preview":"max-video-preview:-1"},"canonical":"https:\/\/www.copealcoy.es\/es\/mediodia-cope-alcoy-lunes-1-de-septiembre-2025-1420h\/","og_locale":"es_ES","og_type":"article","og_title":"'Mediod\u00eda Cope' Alcoy lunes 1 de septiembre 2025 (14:20h) - COPE Alcoy","og_description":"Hoy lunes hemos comenzado nueva temporada de radio y hemos recordado que Muro ha estrenado el curso pol\u00edtico teniendo ya...","og_url":"https:\/\/www.copealcoy.es\/es\/mediodia-cope-alcoy-lunes-1-de-septiembre-2025-1420h\/","og_site_name":"COPE Alcoy","article_published_time":"2025-09-01T06:35:09+00:00","article_modified_time":"2025-09-01T15:25:44+00:00","og_image":[{"width":357,"height":290,"url":"https:\/\/www.copealcoy.es\/wp-content\/uploads\/2025\/02\/Mediodia-Cope-Castellano.png","type":"image\/png"}],"author":"Cope Alcoy","twitter_misc":{"Escrito por":"Cope Alcoy","Tiempo de lectura":"4 minutos"},"schema":{"@context":"https:\/\/schema.org","@graph":[{"@type":"Article","@id":"https:\/\/www.copealcoy.es\/es\/mediodia-cope-alcoy-lunes-1-de-septiembre-2025-1420h\/#article","isPartOf":{"@id":"https:\/\/www.copealcoy.es\/es\/mediodia-cope-alcoy-lunes-1-de-septiembre-2025-1420h\/"},"author":{"name":"Cope Alcoy","@id":"https:\/\/www.copealcoy.es\/es\/#\/schema\/person\/e777c87fa024e57d40170af9df39882c"},"headline":"&#8216;Mediod\u00eda Cope&#8217; Alcoy lunes 1 de septiembre 2025 (14:20h)","datePublished":"2025-09-01T06:35:09+00:00","dateModified":"2025-09-01T15:25:44+00:00","mainEntityOfPage":{"@id":"https:\/\/www.copealcoy.es\/es\/mediodia-cope-alcoy-lunes-1-de-septiembre-2025-1420h\/"},"wordCount":744,"image":{"@id":"https:\/\/www.copealcoy.es\/es\/mediodia-cope-alcoy-lunes-1-de-septiembre-2025-1420h\/#primaryimage"},"thumbnailUrl":"https:\/\/www.copealcoy.es\/wp-content\/uploads\/2025\/02\/Mediodia-Cope-Castellano.png","articleSection":["Actualidad","Audios de los programas","Informativos","Noticias"],"inLanguage":"es"},{"@type":"WebPage","@id":"https:\/\/www.copealcoy.es\/es\/mediodia-cope-alcoy-lunes-1-de-septiembre-2025-1420h\/","url":"https:\/\/www.copealcoy.es\/es\/mediodia-cope-alcoy-lunes-1-de-septiembre-2025-1420h\/","name":"'Mediod\u00eda Cope' Alcoy lunes 1 de septiembre 2025 (14:20h) - COPE Alcoy","isPartOf":{"@id":"https:\/\/www.copealcoy.es\/es\/#website"},"primaryImageOfPage":{"@id":"https:\/\/www.copealcoy.es\/es\/mediodia-cope-alcoy-lunes-1-de-septiembre-2025-1420h\/#primaryimage"},"image":{"@id":"https:\/\/www.copealcoy.es\/es\/mediodia-cope-alcoy-lunes-1-de-septiembre-2025-1420h\/#primaryimage"},"thumbnailUrl":"https:\/\/www.copealcoy.es\/wp-content\/uploads\/2025\/02\/Mediodia-Cope-Castellano.png","datePublished":"2025-09-01T06:35:09+00:00","dateModified":"2025-09-01T15:25:44+00:00","author":{"@id":"https:\/\/www.copealcoy.es\/es\/#\/schema\/person\/e777c87fa024e57d40170af9df39882c"},"breadcrumb":{"@id":"https:\/\/www.copealcoy.es\/es\/mediodia-cope-alcoy-lunes-1-de-septiembre-2025-1420h\/#breadcrumb"},"inLanguage":"es","potentialAction":[{"@type":"ReadAction","target":["https:\/\/www.copealcoy.es\/es\/mediodia-cope-alcoy-lunes-1-de-septiembre-2025-1420h\/"]}]},{"@type":"ImageObject","inLanguage":"es","@id":"https:\/\/www.copealcoy.es\/es\/mediodia-cope-alcoy-lunes-1-de-septiembre-2025-1420h\/#primaryimage","url":"https:\/\/www.copealcoy.es\/wp-content\/uploads\/2025\/02\/Mediodia-Cope-Castellano.png","contentUrl":"https:\/\/www.copealcoy.es\/wp-content\/uploads\/2025\/02\/Mediodia-Cope-Castellano.png","width":357,"height":290},{"@type":"BreadcrumbList","@id":"https:\/\/www.copealcoy.es\/es\/mediodia-cope-alcoy-lunes-1-de-septiembre-2025-1420h\/#breadcrumb","itemListElement":[{"@type":"ListItem","position":1,"name":"Portada","item":"https:\/\/www.copealcoy.es\/es\/"},{"@type":"ListItem","position":2,"name":"&#8216;Mediod\u00eda Cope&#8217; Alcoy lunes 1 de septiembre 2025 (14:20h)"}]},{"@type":"WebSite","@id":"https:\/\/www.copealcoy.es\/es\/#website","url":"https:\/\/www.copealcoy.es\/es\/","name":"COPE Alcoy","description":"Emisora COPE de radio local con emisi\u00f3n online. Pont de Sant Jordi 8-10 03803 Alcoy","potentialAction":[{"@type":"SearchAction","target":{"@type":"EntryPoint","urlTemplate":"https:\/\/www.copealcoy.es\/es\/?s={search_term_string}"},"query-input":{"@type":"PropertyValueSpecification","valueRequired":true,"valueName":"search_term_string"}}],"inLanguage":"es"},{"@type":"Person","@id":"https:\/\/www.copealcoy.es\/es\/#\/schema\/person\/e777c87fa024e57d40170af9df39882c","name":"Cope Alcoy","image":{"@type":"ImageObject","inLanguage":"es","@id":"https:\/\/secure.gravatar.com\/avatar\/bb65d0283347e303893ba14f0692005417c1e0e690a325a4c5d8bb2b3943ee14?s=96&d=mm&r=g","url":"https:\/\/secure.gravatar.com\/avatar\/bb65d0283347e303893ba14f0692005417c1e0e690a325a4c5d8bb2b3943ee14?s=96&d=mm&r=g","contentUrl":"https:\/\/secure.gravatar.com\/avatar\/bb65d0283347e303893ba14f0692005417c1e0e690a325a4c5d8bb2b3943ee14?s=96&d=mm&r=g","caption":"Cope Alcoy"}}]}},"_links":{"self":[{"href":"https:\/\/www.copealcoy.es\/es\/wp-json\/wp\/v2\/posts\/156624","targetHints":{"allow":["GET"]}}],"collection":[{"href":"https:\/\/www.copealcoy.es\/es\/wp-json\/wp\/v2\/posts"}],"about":[{"href":"https:\/\/www.copealcoy.es\/es\/wp-json\/wp\/v2\/types\/post"}],"author":[{"embeddable":true,"href":"https:\/\/www.copealcoy.es\/es\/wp-json\/wp\/v2\/users\/1"}],"replies":[{"embeddable":true,"href":"https:\/\/www.copealcoy.es\/es\/wp-json\/wp\/v2\/comments?post=156624"}],"version-history":[{"count":2,"href":"https:\/\/www.copealcoy.es\/es\/wp-json\/wp\/v2\/posts\/156624\/revisions"}],"predecessor-version":[{"id":156628,"href":"https:\/\/www.copealcoy.es\/es\/wp-json\/wp\/v2\/posts\/156624\/revisions\/156628"}],"wp:featuredmedia":[{"embeddable":true,"href":"https:\/\/www.copealcoy.es\/es\/wp-json\/wp\/v2\/media\/147663"}],"wp:attachment":[{"href":"https:\/\/www.copealcoy.es\/es\/wp-json\/wp\/v2\/media?parent=156624"}],"wp:term":[{"taxonomy":"category","embeddable":true,"href":"https:\/\/www.copealcoy.es\/es\/wp-json\/wp\/v2\/categories?post=156624"},{"taxonomy":"post_tag","embeddable":true,"href":"https:\/\/www.copealcoy.es\/es\/wp-json\/wp\/v2\/tags?post=156624"}],"curies":[{"name":"wp","href":"https:\/\/api.w.org\/{rel}","templated":true}]}}