{"id":15656,"date":"2015-09-11T11:18:56","date_gmt":"2015-09-11T11:18:56","guid":{"rendered":"http:\/\/copealcoi.es\/new\/?p=15656"},"modified":"2015-09-12T11:26:37","modified_gmt":"2015-09-12T11:26:37","slug":"sanidad-saca-a-concurso-la-ampliacion-del-centro-de-salud-de-cocentaina","status":"publish","type":"post","link":"https:\/\/www.copealcoy.es\/es\/sanidad-saca-a-concurso-la-ampliacion-del-centro-de-salud-de-cocentaina\/","title":{"rendered":"Sanidad saca a concurso la ampliaci\u00f3n del Centro de Salud de Cocentaina"},"content":{"rendered":"<p style=\"text-align: justify;\">La Conseller\u00eda de Sanidad ha sacado a concurso las obras para llevar a cabo la ampliaci\u00f3n del Centro de Salud de Cocentaina. As\u00ed lo recog\u00eda el pasado jueves el Diario Oficial de la Comunitat que publicaba tambi\u00e9n que la obra tendr\u00e1 un coste de 1\u00b48 millones de euros con un plazo de ejecuci\u00f3n que rondar\u00e1 los dos a\u00f1os. El concejal de Sanidad en el Ayuntamiento de la Villa Condal, Antonio Hern\u00e1ndez, ha comentado que el anuncio ha sido recibido con satisfacci\u00f3n por el Equipo de Gobierno \u00a0ya que esta ampliaci\u00f3n lleva pendiente desde hace ocho a\u00f1os\u00a0<em>\u201cdesde el 2007 aparec\u00eda la ampliaci\u00f3n en los presupuestos auton\u00f3micos pero nunca se hab\u00eda llegado a ejecutar hasta que el nuevo Ejecutivo Auton\u00f3mico ha agilizado el proceso\u201d,<\/em> destaca. El edil se\u00f1ala que durante los pr\u00f3ximos meses las empresas interesadas podr\u00e1n optar a la licitaci\u00f3n y conf\u00eda en que a principios del pr\u00f3ximo a\u00f1o puedan arrancar los trabajos. Por \u00faltimo recuerda\u00a0que la ampliaci\u00f3n, tal y como inform\u00f3 en su d\u00eda el Departamento de Salud P\u00fablica de Alcoy, permitir\u00e1 dotar al Centro Sanitario contestano de nuevas salas de consulta, urgencias, despachos as\u00ed como de un nuevo gimnasio para la rehabilitaci\u00f3n.<\/p>\n","protected":false},"excerpt":{"rendered":"<p>La Conseller\u00eda de Sanidad ha sacado a concurso las obras para llevar a cabo la ampliaci\u00f3n del Centro de Salud&#8230;<\/p>\n","protected":false},"author":1,"featured_media":15657,"comment_status":"open","ping_status":"open","sticky":false,"template":"","format":"standard","meta":{"footnotes":""},"categories":[98,75],"tags":[1338,1022,132,237],"class_list":["post-15656","post","type-post","status-publish","format-standard","has-post-thumbnail","hentry","category-comarcas","category-noticias","tag-ampliacion","tag-centro-de-salud","tag-cocentaina","tag-comtat"],"yoast_head":"<!-- This site is optimized with the Yoast SEO plugin v27.3 - https:\/\/yoast.com\/product\/yoast-seo-wordpress\/ -->\n<title>Sanidad saca a concurso la ampliaci\u00f3n del Centro de Salud de Cocentaina - COPE Alcoy<\/title>\n<meta name=\"robots\" content=\"index, follow, max-snippet:-1, max-image-preview:large, max-video-preview:-1\" \/>\n<link rel=\"canonical\" href=\"https:\/\/www.copealcoy.es\/es\/sanidad-saca-a-concurso-la-ampliacion-del-centro-de-salud-de-cocentaina\/\" \/>\n<meta property=\"og:locale\" content=\"es_ES\" \/>\n<meta property=\"og:type\" content=\"article\" \/>\n<meta property=\"og:title\" content=\"Sanidad saca a concurso la ampliaci\u00f3n del Centro de Salud de Cocentaina - COPE Alcoy\" \/>\n<meta property=\"og:description\" content=\"La Conseller\u00eda de Sanidad ha sacado a concurso las obras para llevar a cabo la ampliaci\u00f3n del Centro de Salud...\" \/>\n<meta property=\"og:url\" content=\"https:\/\/www.copealcoy.es\/es\/sanidad-saca-a-concurso-la-ampliacion-del-centro-de-salud-de-cocentaina\/\" \/>\n<meta property=\"og:site_name\" content=\"COPE Alcoy\" \/>\n<meta property=\"article:published_time\" content=\"2015-09-11T11:18:56+00:00\" \/>\n<meta property=\"article:modified_time\" content=\"2015-09-12T11:26:37+00:00\" \/>\n<meta property=\"og:image\" content=\"https:\/\/www.copealcoy.es\/wp-content\/uploads\/2015\/09\/Entrada-de-urgencias-en-el-Centro-de-Salud-1024x768.jpg\" \/>\n\t<meta property=\"og:image:width\" content=\"1024\" \/>\n\t<meta property=\"og:image:height\" content=\"768\" \/>\n\t<meta property=\"og:image:type\" content=\"image\/jpeg\" \/>\n<meta name=\"author\" content=\"Cope Alcoy\" \/>\n<meta name=\"twitter:label1\" content=\"Escrito por\" \/>\n\t<meta name=\"twitter:data1\" content=\"Cope Alcoy\" \/>\n\t<meta name=\"twitter:label2\" content=\"Tiempo de lectura\" \/>\n\t<meta name=\"twitter:data2\" content=\"1 minuto\" \/>\n<script type=\"application\/ld+json\" class=\"yoast-schema-graph\">{\"@context\":\"https:\\\/\\\/schema.org\",\"@graph\":[{\"@type\":\"Article\",\"@id\":\"https:\\\/\\\/www.copealcoy.es\\\/es\\\/sanidad-saca-a-concurso-la-ampliacion-del-centro-de-salud-de-cocentaina\\\/#article\",\"isPartOf\":{\"@id\":\"https:\\\/\\\/www.copealcoy.es\\\/es\\\/sanidad-saca-a-concurso-la-ampliacion-del-centro-de-salud-de-cocentaina\\\/\"},\"author\":{\"name\":\"Cope Alcoy\",\"@id\":\"https:\\\/\\\/www.copealcoy.es\\\/es\\\/#\\\/schema\\\/person\\\/e777c87fa024e57d40170af9df39882c\"},\"headline\":\"Sanidad saca a concurso la ampliaci\u00f3n del Centro de Salud de Cocentaina\",\"datePublished\":\"2015-09-11T11:18:56+00:00\",\"dateModified\":\"2015-09-12T11:26:37+00:00\",\"mainEntityOfPage\":{\"@id\":\"https:\\\/\\\/www.copealcoy.es\\\/es\\\/sanidad-saca-a-concurso-la-ampliacion-del-centro-de-salud-de-cocentaina\\\/\"},\"wordCount\":232,\"commentCount\":0,\"image\":{\"@id\":\"https:\\\/\\\/www.copealcoy.es\\\/es\\\/sanidad-saca-a-concurso-la-ampliacion-del-centro-de-salud-de-cocentaina\\\/#primaryimage\"},\"thumbnailUrl\":\"https:\\\/\\\/www.copealcoy.es\\\/wp-content\\\/uploads\\\/2015\\\/09\\\/Entrada-de-urgencias-en-el-Centro-de-Salud.jpg\",\"keywords\":[\"ampliaci\u00f3n\",\"Centro de Salud\",\"Cocentaina\",\"Comtat\"],\"articleSection\":[\"Comarcas\",\"Noticias\"],\"inLanguage\":\"es\"},{\"@type\":\"WebPage\",\"@id\":\"https:\\\/\\\/www.copealcoy.es\\\/es\\\/sanidad-saca-a-concurso-la-ampliacion-del-centro-de-salud-de-cocentaina\\\/\",\"url\":\"https:\\\/\\\/www.copealcoy.es\\\/es\\\/sanidad-saca-a-concurso-la-ampliacion-del-centro-de-salud-de-cocentaina\\\/\",\"name\":\"Sanidad saca a concurso la ampliaci\u00f3n del Centro de Salud de Cocentaina - COPE Alcoy\",\"isPartOf\":{\"@id\":\"https:\\\/\\\/www.copealcoy.es\\\/es\\\/#website\"},\"primaryImageOfPage\":{\"@id\":\"https:\\\/\\\/www.copealcoy.es\\\/es\\\/sanidad-saca-a-concurso-la-ampliacion-del-centro-de-salud-de-cocentaina\\\/#primaryimage\"},\"image\":{\"@id\":\"https:\\\/\\\/www.copealcoy.es\\\/es\\\/sanidad-saca-a-concurso-la-ampliacion-del-centro-de-salud-de-cocentaina\\\/#primaryimage\"},\"thumbnailUrl\":\"https:\\\/\\\/www.copealcoy.es\\\/wp-content\\\/uploads\\\/2015\\\/09\\\/Entrada-de-urgencias-en-el-Centro-de-Salud.jpg\",\"datePublished\":\"2015-09-11T11:18:56+00:00\",\"dateModified\":\"2015-09-12T11:26:37+00:00\",\"author\":{\"@id\":\"https:\\\/\\\/www.copealcoy.es\\\/es\\\/#\\\/schema\\\/person\\\/e777c87fa024e57d40170af9df39882c\"},\"breadcrumb\":{\"@id\":\"https:\\\/\\\/www.copealcoy.es\\\/es\\\/sanidad-saca-a-concurso-la-ampliacion-del-centro-de-salud-de-cocentaina\\\/#breadcrumb\"},\"inLanguage\":\"es\",\"potentialAction\":[{\"@type\":\"ReadAction\",\"target\":[\"https:\\\/\\\/www.copealcoy.es\\\/es\\\/sanidad-saca-a-concurso-la-ampliacion-del-centro-de-salud-de-cocentaina\\\/\"]}]},{\"@type\":\"ImageObject\",\"inLanguage\":\"es\",\"@id\":\"https:\\\/\\\/www.copealcoy.es\\\/es\\\/sanidad-saca-a-concurso-la-ampliacion-del-centro-de-salud-de-cocentaina\\\/#primaryimage\",\"url\":\"https:\\\/\\\/www.copealcoy.es\\\/wp-content\\\/uploads\\\/2015\\\/09\\\/Entrada-de-urgencias-en-el-Centro-de-Salud.jpg\",\"contentUrl\":\"https:\\\/\\\/www.copealcoy.es\\\/wp-content\\\/uploads\\\/2015\\\/09\\\/Entrada-de-urgencias-en-el-Centro-de-Salud.jpg\",\"width\":1440,\"height\":1080,\"caption\":\"La ampliaci\u00f3n del Centro de Salud lleva pendiente desde hace ocho a\u00f1os\"},{\"@type\":\"BreadcrumbList\",\"@id\":\"https:\\\/\\\/www.copealcoy.es\\\/es\\\/sanidad-saca-a-concurso-la-ampliacion-del-centro-de-salud-de-cocentaina\\\/#breadcrumb\",\"itemListElement\":[{\"@type\":\"ListItem\",\"position\":1,\"name\":\"Portada\",\"item\":\"https:\\\/\\\/www.copealcoy.es\\\/es\\\/\"},{\"@type\":\"ListItem\",\"position\":2,\"name\":\"Sanidad saca a concurso la ampliaci\u00f3n del Centro de Salud de Cocentaina\"}]},{\"@type\":\"WebSite\",\"@id\":\"https:\\\/\\\/www.copealcoy.es\\\/es\\\/#website\",\"url\":\"https:\\\/\\\/www.copealcoy.es\\\/es\\\/\",\"name\":\"COPE Alcoy\",\"description\":\"Emisora COPE de radio local con emisi\u00f3n online. Pont de Sant Jordi 8-10 03803 Alcoy\",\"potentialAction\":[{\"@type\":\"SearchAction\",\"target\":{\"@type\":\"EntryPoint\",\"urlTemplate\":\"https:\\\/\\\/www.copealcoy.es\\\/es\\\/?s={search_term_string}\"},\"query-input\":{\"@type\":\"PropertyValueSpecification\",\"valueRequired\":true,\"valueName\":\"search_term_string\"}}],\"inLanguage\":\"es\"},{\"@type\":\"Person\",\"@id\":\"https:\\\/\\\/www.copealcoy.es\\\/es\\\/#\\\/schema\\\/person\\\/e777c87fa024e57d40170af9df39882c\",\"name\":\"Cope Alcoy\",\"image\":{\"@type\":\"ImageObject\",\"inLanguage\":\"es\",\"@id\":\"https:\\\/\\\/secure.gravatar.com\\\/avatar\\\/bb65d0283347e303893ba14f0692005417c1e0e690a325a4c5d8bb2b3943ee14?s=96&d=mm&r=g\",\"url\":\"https:\\\/\\\/secure.gravatar.com\\\/avatar\\\/bb65d0283347e303893ba14f0692005417c1e0e690a325a4c5d8bb2b3943ee14?s=96&d=mm&r=g\",\"contentUrl\":\"https:\\\/\\\/secure.gravatar.com\\\/avatar\\\/bb65d0283347e303893ba14f0692005417c1e0e690a325a4c5d8bb2b3943ee14?s=96&d=mm&r=g\",\"caption\":\"Cope Alcoy\"}}]}<\/script>\n<!-- \/ Yoast SEO plugin. -->","yoast_head_json":{"title":"Sanidad saca a concurso la ampliaci\u00f3n del Centro de Salud de Cocentaina - COPE Alcoy","robots":{"index":"index","follow":"follow","max-snippet":"max-snippet:-1","max-image-preview":"max-image-preview:large","max-video-preview":"max-video-preview:-1"},"canonical":"https:\/\/www.copealcoy.es\/es\/sanidad-saca-a-concurso-la-ampliacion-del-centro-de-salud-de-cocentaina\/","og_locale":"es_ES","og_type":"article","og_title":"Sanidad saca a concurso la ampliaci\u00f3n del Centro de Salud de Cocentaina - COPE Alcoy","og_description":"La Conseller\u00eda de Sanidad ha sacado a concurso las obras para llevar a cabo la ampliaci\u00f3n del Centro de Salud...","og_url":"https:\/\/www.copealcoy.es\/es\/sanidad-saca-a-concurso-la-ampliacion-del-centro-de-salud-de-cocentaina\/","og_site_name":"COPE Alcoy","article_published_time":"2015-09-11T11:18:56+00:00","article_modified_time":"2015-09-12T11:26:37+00:00","og_image":[{"width":1024,"height":768,"url":"https:\/\/www.copealcoy.es\/wp-content\/uploads\/2015\/09\/Entrada-de-urgencias-en-el-Centro-de-Salud-1024x768.jpg","type":"image\/jpeg"}],"author":"Cope Alcoy","twitter_misc":{"Escrito por":"Cope Alcoy","Tiempo de lectura":"1 minuto"},"schema":{"@context":"https:\/\/schema.org","@graph":[{"@type":"Article","@id":"https:\/\/www.copealcoy.es\/es\/sanidad-saca-a-concurso-la-ampliacion-del-centro-de-salud-de-cocentaina\/#article","isPartOf":{"@id":"https:\/\/www.copealcoy.es\/es\/sanidad-saca-a-concurso-la-ampliacion-del-centro-de-salud-de-cocentaina\/"},"author":{"name":"Cope Alcoy","@id":"https:\/\/www.copealcoy.es\/es\/#\/schema\/person\/e777c87fa024e57d40170af9df39882c"},"headline":"Sanidad saca a concurso la ampliaci\u00f3n del Centro de Salud de Cocentaina","datePublished":"2015-09-11T11:18:56+00:00","dateModified":"2015-09-12T11:26:37+00:00","mainEntityOfPage":{"@id":"https:\/\/www.copealcoy.es\/es\/sanidad-saca-a-concurso-la-ampliacion-del-centro-de-salud-de-cocentaina\/"},"wordCount":232,"commentCount":0,"image":{"@id":"https:\/\/www.copealcoy.es\/es\/sanidad-saca-a-concurso-la-ampliacion-del-centro-de-salud-de-cocentaina\/#primaryimage"},"thumbnailUrl":"https:\/\/www.copealcoy.es\/wp-content\/uploads\/2015\/09\/Entrada-de-urgencias-en-el-Centro-de-Salud.jpg","keywords":["ampliaci\u00f3n","Centro de Salud","Cocentaina","Comtat"],"articleSection":["Comarcas","Noticias"],"inLanguage":"es"},{"@type":"WebPage","@id":"https:\/\/www.copealcoy.es\/es\/sanidad-saca-a-concurso-la-ampliacion-del-centro-de-salud-de-cocentaina\/","url":"https:\/\/www.copealcoy.es\/es\/sanidad-saca-a-concurso-la-ampliacion-del-centro-de-salud-de-cocentaina\/","name":"Sanidad saca a concurso la ampliaci\u00f3n del Centro de Salud de Cocentaina - COPE Alcoy","isPartOf":{"@id":"https:\/\/www.copealcoy.es\/es\/#website"},"primaryImageOfPage":{"@id":"https:\/\/www.copealcoy.es\/es\/sanidad-saca-a-concurso-la-ampliacion-del-centro-de-salud-de-cocentaina\/#primaryimage"},"image":{"@id":"https:\/\/www.copealcoy.es\/es\/sanidad-saca-a-concurso-la-ampliacion-del-centro-de-salud-de-cocentaina\/#primaryimage"},"thumbnailUrl":"https:\/\/www.copealcoy.es\/wp-content\/uploads\/2015\/09\/Entrada-de-urgencias-en-el-Centro-de-Salud.jpg","datePublished":"2015-09-11T11:18:56+00:00","dateModified":"2015-09-12T11:26:37+00:00","author":{"@id":"https:\/\/www.copealcoy.es\/es\/#\/schema\/person\/e777c87fa024e57d40170af9df39882c"},"breadcrumb":{"@id":"https:\/\/www.copealcoy.es\/es\/sanidad-saca-a-concurso-la-ampliacion-del-centro-de-salud-de-cocentaina\/#breadcrumb"},"inLanguage":"es","potentialAction":[{"@type":"ReadAction","target":["https:\/\/www.copealcoy.es\/es\/sanidad-saca-a-concurso-la-ampliacion-del-centro-de-salud-de-cocentaina\/"]}]},{"@type":"ImageObject","inLanguage":"es","@id":"https:\/\/www.copealcoy.es\/es\/sanidad-saca-a-concurso-la-ampliacion-del-centro-de-salud-de-cocentaina\/#primaryimage","url":"https:\/\/www.copealcoy.es\/wp-content\/uploads\/2015\/09\/Entrada-de-urgencias-en-el-Centro-de-Salud.jpg","contentUrl":"https:\/\/www.copealcoy.es\/wp-content\/uploads\/2015\/09\/Entrada-de-urgencias-en-el-Centro-de-Salud.jpg","width":1440,"height":1080,"caption":"La ampliaci\u00f3n del Centro de Salud lleva pendiente desde hace ocho a\u00f1os"},{"@type":"BreadcrumbList","@id":"https:\/\/www.copealcoy.es\/es\/sanidad-saca-a-concurso-la-ampliacion-del-centro-de-salud-de-cocentaina\/#breadcrumb","itemListElement":[{"@type":"ListItem","position":1,"name":"Portada","item":"https:\/\/www.copealcoy.es\/es\/"},{"@type":"ListItem","position":2,"name":"Sanidad saca a concurso la ampliaci\u00f3n del Centro de Salud de Cocentaina"}]},{"@type":"WebSite","@id":"https:\/\/www.copealcoy.es\/es\/#website","url":"https:\/\/www.copealcoy.es\/es\/","name":"COPE Alcoy","description":"Emisora COPE de radio local con emisi\u00f3n online. Pont de Sant Jordi 8-10 03803 Alcoy","potentialAction":[{"@type":"SearchAction","target":{"@type":"EntryPoint","urlTemplate":"https:\/\/www.copealcoy.es\/es\/?s={search_term_string}"},"query-input":{"@type":"PropertyValueSpecification","valueRequired":true,"valueName":"search_term_string"}}],"inLanguage":"es"},{"@type":"Person","@id":"https:\/\/www.copealcoy.es\/es\/#\/schema\/person\/e777c87fa024e57d40170af9df39882c","name":"Cope Alcoy","image":{"@type":"ImageObject","inLanguage":"es","@id":"https:\/\/secure.gravatar.com\/avatar\/bb65d0283347e303893ba14f0692005417c1e0e690a325a4c5d8bb2b3943ee14?s=96&d=mm&r=g","url":"https:\/\/secure.gravatar.com\/avatar\/bb65d0283347e303893ba14f0692005417c1e0e690a325a4c5d8bb2b3943ee14?s=96&d=mm&r=g","contentUrl":"https:\/\/secure.gravatar.com\/avatar\/bb65d0283347e303893ba14f0692005417c1e0e690a325a4c5d8bb2b3943ee14?s=96&d=mm&r=g","caption":"Cope Alcoy"}}]}},"_links":{"self":[{"href":"https:\/\/www.copealcoy.es\/es\/wp-json\/wp\/v2\/posts\/15656","targetHints":{"allow":["GET"]}}],"collection":[{"href":"https:\/\/www.copealcoy.es\/es\/wp-json\/wp\/v2\/posts"}],"about":[{"href":"https:\/\/www.copealcoy.es\/es\/wp-json\/wp\/v2\/types\/post"}],"author":[{"embeddable":true,"href":"https:\/\/www.copealcoy.es\/es\/wp-json\/wp\/v2\/users\/1"}],"replies":[{"embeddable":true,"href":"https:\/\/www.copealcoy.es\/es\/wp-json\/wp\/v2\/comments?post=15656"}],"version-history":[{"count":0,"href":"https:\/\/www.copealcoy.es\/es\/wp-json\/wp\/v2\/posts\/15656\/revisions"}],"wp:featuredmedia":[{"embeddable":true,"href":"https:\/\/www.copealcoy.es\/es\/wp-json\/wp\/v2\/media\/15657"}],"wp:attachment":[{"href":"https:\/\/www.copealcoy.es\/es\/wp-json\/wp\/v2\/media?parent=15656"}],"wp:term":[{"taxonomy":"category","embeddable":true,"href":"https:\/\/www.copealcoy.es\/es\/wp-json\/wp\/v2\/categories?post=15656"},{"taxonomy":"post_tag","embeddable":true,"href":"https:\/\/www.copealcoy.es\/es\/wp-json\/wp\/v2\/tags?post=15656"}],"curies":[{"name":"wp","href":"https:\/\/api.w.org\/{rel}","templated":true}]}}