{"id":156545,"date":"2025-08-10T09:00:54","date_gmt":"2025-08-10T08:00:54","guid":{"rendered":"https:\/\/www.copealcoy.es\/?p=156545"},"modified":"2025-08-30T23:13:35","modified_gmt":"2025-08-30T22:13:35","slug":"respaldo-institucional-para-la-festa-de-cocentaina","status":"publish","type":"post","link":"https:\/\/www.copealcoy.es\/es\/respaldo-institucional-para-la-festa-de-cocentaina\/","title":{"rendered":"Respaldo institucional para la Festa de Cocentaina"},"content":{"rendered":"<p style=\"text-align: justify;\" data-start=\"204\" data-end=\"601\">Ayer, <strong>la tribuna de autoridades<\/strong> instalada junto al <strong data-start=\"259\" data-end=\"275\">Palau Comtal<\/strong> de Cocetaina se llen\u00f3 de nuevo de representantes institucionales, pero tambi\u00e9n de entidades de la Villa Condal e incluso de la comarca, de cara a presenciar las <strong data-start=\"305\" data-end=\"334\">Entradas de Moros y Cristianos.\u00a0<\/strong>Por la capital del Comtat pasaron <strong>\u00c0gueda Mic\u00f3<\/strong> (Diputada Nacional de Comprom\u00eds), junto a <strong>Carlos Pastor<\/strong> (Diputado Provincial del PP) e<strong> Ismael Vidal<\/strong> (Diputado Provincial del PSPV), y el S\u00edndic del PSPV en las Corts Valencianes <strong>Jos\u00e9 Mu\u00f1oz<\/strong>. A ellos se le unieron <strong>Ver\u00f2nica Cant\u00f3<\/strong> (Presidenta de la Acad\u00e8mia Valenciana de la Llengua), <strong>Jos\u00e9 Miguel Molina<\/strong> (Director de la sede de la UA en la capital del Comtat) o <strong>Pepa Prats<\/strong> (Presidenta de la UNDEF). Tampoco faltaron un buen n\u00famero de alcaldes de las poblaciones de l&#8217;Alcoi\u00e0 y el Comtat como <strong>Toni Franc\u00e9s<\/strong> (Alcoi), <strong>Vicent Molina<\/strong> (Muro), <strong>Alejandro Montava<\/strong> (Quatretondeta), <strong>Mar\u00eda Garc\u00eda<\/strong> (Agres), <strong>Toni Cloquell<\/strong> (Alfafara), <strong>Blas Calbo<\/strong> (Gorga) o <strong>Salvador Catal\u00e0<\/strong> (Pen\u00e0guila).<\/p>\n<p data-start=\"204\" data-end=\"601\">En COPE ALCOY pudimos hablar con algunos de ellos y<strong> esto nos contaron<\/strong>:<\/p>\n<audio class=\"wp-audio-shortcode\" id=\"audio-156545-1\" preload=\"none\" style=\"width: 100%;\" controls=\"controls\"><source type=\"audio\/mpeg\" src=\"https:\/\/www.copealcoy.es\/wp-content\/uploads\/2025\/08\/Entrevista-Agueda-Mico.mp3?_=1\" \/><a href=\"https:\/\/www.copealcoy.es\/wp-content\/uploads\/2025\/08\/Entrevista-Agueda-Mico.mp3\">https:\/\/www.copealcoy.es\/wp-content\/uploads\/2025\/08\/Entrevista-Agueda-Mico.mp3<\/a><\/audio>\n<p>&nbsp;<\/p>\n<audio class=\"wp-audio-shortcode\" id=\"audio-156545-2\" preload=\"none\" style=\"width: 100%;\" controls=\"controls\"><source type=\"audio\/mpeg\" src=\"https:\/\/www.copealcoy.es\/wp-content\/uploads\/2025\/08\/Entrevista-Carlos-Pastor.mp3?_=2\" \/><a href=\"https:\/\/www.copealcoy.es\/wp-content\/uploads\/2025\/08\/Entrevista-Carlos-Pastor.mp3\">https:\/\/www.copealcoy.es\/wp-content\/uploads\/2025\/08\/Entrevista-Carlos-Pastor.mp3<\/a><\/audio>\n<p>&nbsp;<\/p>\n<audio class=\"wp-audio-shortcode\" id=\"audio-156545-3\" preload=\"none\" style=\"width: 100%;\" controls=\"controls\"><source type=\"audio\/mpeg\" src=\"https:\/\/www.copealcoy.es\/wp-content\/uploads\/2025\/08\/Entrevista-Ismael-Vidal.mp3?_=3\" \/><a href=\"https:\/\/www.copealcoy.es\/wp-content\/uploads\/2025\/08\/Entrevista-Ismael-Vidal.mp3\">https:\/\/www.copealcoy.es\/wp-content\/uploads\/2025\/08\/Entrevista-Ismael-Vidal.mp3<\/a><\/audio>\n<p>&nbsp;<\/p>\n<audio class=\"wp-audio-shortcode\" id=\"audio-156545-4\" preload=\"none\" style=\"width: 100%;\" controls=\"controls\"><source type=\"audio\/mpeg\" src=\"https:\/\/www.copealcoy.es\/wp-content\/uploads\/2025\/08\/Entrevista-Jose-Munoz.mp3?_=4\" \/><a href=\"https:\/\/www.copealcoy.es\/wp-content\/uploads\/2025\/08\/Entrevista-Jose-Munoz.mp3\">https:\/\/www.copealcoy.es\/wp-content\/uploads\/2025\/08\/Entrevista-Jose-Munoz.mp3<\/a><\/audio>\n<p>&nbsp;<\/p>\n<audio class=\"wp-audio-shortcode\" id=\"audio-156545-5\" preload=\"none\" style=\"width: 100%;\" controls=\"controls\"><source type=\"audio\/mpeg\" src=\"https:\/\/www.copealcoy.es\/wp-content\/uploads\/2025\/08\/Entrevista-Vicent-Molina.mp3?_=5\" \/><a href=\"https:\/\/www.copealcoy.es\/wp-content\/uploads\/2025\/08\/Entrevista-Vicent-Molina.mp3\">https:\/\/www.copealcoy.es\/wp-content\/uploads\/2025\/08\/Entrevista-Vicent-Molina.mp3<\/a><\/audio>\n<p>&nbsp;<\/p>\n<audio class=\"wp-audio-shortcode\" id=\"audio-156545-6\" preload=\"none\" style=\"width: 100%;\" controls=\"controls\"><source type=\"audio\/mpeg\" src=\"https:\/\/www.copealcoy.es\/wp-content\/uploads\/2025\/08\/Entrevista-Toni-Frances.mp3?_=6\" \/><a href=\"https:\/\/www.copealcoy.es\/wp-content\/uploads\/2025\/08\/Entrevista-Toni-Frances.mp3\">https:\/\/www.copealcoy.es\/wp-content\/uploads\/2025\/08\/Entrevista-Toni-Frances.mp3<\/a><\/audio>\n<p>&nbsp;<\/p>\n<audio class=\"wp-audio-shortcode\" id=\"audio-156545-7\" preload=\"none\" style=\"width: 100%;\" controls=\"controls\"><source type=\"audio\/mpeg\" src=\"https:\/\/www.copealcoy.es\/wp-content\/uploads\/2025\/08\/Entrevista-Ruben-Munoz.mp3?_=7\" \/><a href=\"https:\/\/www.copealcoy.es\/wp-content\/uploads\/2025\/08\/Entrevista-Ruben-Munoz.mp3\">https:\/\/www.copealcoy.es\/wp-content\/uploads\/2025\/08\/Entrevista-Ruben-Munoz.mp3<\/a><\/audio>\n","protected":false},"excerpt":{"rendered":"<p>Ayer, la tribuna de autoridades instalada junto al Palau Comtal de Cocetaina se llen\u00f3 de nuevo de representantes institucionales, pero&#8230;<\/p>\n","protected":false},"author":1,"featured_media":156560,"comment_status":"closed","ping_status":"closed","sticky":false,"template":"","format":"standard","meta":{"footnotes":""},"categories":[6909,98,75],"tags":[132,1987,609,4040],"class_list":["post-156545","post","type-post","status-publish","format-standard","has-post-thumbnail","hentry","category-actualidad","category-comarcas","category-noticias","tag-cocentaina","tag-entrada","tag-moros-y-cristianos","tag-tribuna"],"yoast_head":"<!-- This site is optimized with the Yoast SEO plugin v27.3 - https:\/\/yoast.com\/product\/yoast-seo-wordpress\/ -->\n<title>Respaldo institucional para la Festa de Cocentaina - COPE Alcoy<\/title>\n<meta name=\"description\" content=\"Respaldo institucional para la Festa de Cocentaina\" \/>\n<meta name=\"robots\" content=\"index, follow, max-snippet:-1, max-image-preview:large, max-video-preview:-1\" \/>\n<link rel=\"canonical\" href=\"https:\/\/www.copealcoy.es\/es\/respaldo-institucional-para-la-festa-de-cocentaina\/\" \/>\n<meta property=\"og:locale\" content=\"es_ES\" \/>\n<meta property=\"og:type\" content=\"article\" \/>\n<meta property=\"og:title\" content=\"Respaldo institucional para la Festa de Cocentaina - COPE Alcoy\" \/>\n<meta property=\"og:description\" content=\"Respaldo institucional para la Festa de Cocentaina\" \/>\n<meta property=\"og:url\" content=\"https:\/\/www.copealcoy.es\/es\/respaldo-institucional-para-la-festa-de-cocentaina\/\" \/>\n<meta property=\"og:site_name\" content=\"COPE Alcoy\" \/>\n<meta property=\"article:published_time\" content=\"2025-08-10T08:00:54+00:00\" \/>\n<meta property=\"article:modified_time\" content=\"2025-08-30T22:13:35+00:00\" \/>\n<meta property=\"og:image\" content=\"https:\/\/www.copealcoy.es\/wp-content\/uploads\/2025\/08\/Captura-de-Pantalla-2025-08-30-a-las-23.39.12-1.png\" \/>\n\t<meta property=\"og:image:width\" content=\"649\" \/>\n\t<meta property=\"og:image:height\" content=\"389\" \/>\n\t<meta property=\"og:image:type\" content=\"image\/png\" \/>\n<meta name=\"author\" content=\"Cope Alcoy\" \/>\n<meta name=\"twitter:label1\" content=\"Escrito por\" \/>\n\t<meta name=\"twitter:data1\" content=\"Cope Alcoy\" \/>\n\t<meta name=\"twitter:label2\" content=\"Tiempo de lectura\" \/>\n\t<meta name=\"twitter:data2\" content=\"2 minutos\" \/>\n<script type=\"application\/ld+json\" class=\"yoast-schema-graph\">{\"@context\":\"https:\\\/\\\/schema.org\",\"@graph\":[{\"@type\":\"Article\",\"@id\":\"https:\\\/\\\/www.copealcoy.es\\\/es\\\/respaldo-institucional-para-la-festa-de-cocentaina\\\/#article\",\"isPartOf\":{\"@id\":\"https:\\\/\\\/www.copealcoy.es\\\/es\\\/respaldo-institucional-para-la-festa-de-cocentaina\\\/\"},\"author\":{\"name\":\"Cope Alcoy\",\"@id\":\"https:\\\/\\\/www.copealcoy.es\\\/es\\\/#\\\/schema\\\/person\\\/e777c87fa024e57d40170af9df39882c\"},\"headline\":\"Respaldo institucional para la Festa de Cocentaina\",\"datePublished\":\"2025-08-10T08:00:54+00:00\",\"dateModified\":\"2025-08-30T22:13:35+00:00\",\"mainEntityOfPage\":{\"@id\":\"https:\\\/\\\/www.copealcoy.es\\\/es\\\/respaldo-institucional-para-la-festa-de-cocentaina\\\/\"},\"wordCount\":270,\"image\":{\"@id\":\"https:\\\/\\\/www.copealcoy.es\\\/es\\\/respaldo-institucional-para-la-festa-de-cocentaina\\\/#primaryimage\"},\"thumbnailUrl\":\"https:\\\/\\\/www.copealcoy.es\\\/wp-content\\\/uploads\\\/2025\\\/08\\\/Captura-de-Pantalla-2025-08-30-a-las-23.39.12-1.png\",\"keywords\":[\"Cocentaina\",\"Entrada\",\"Moros Y Cristianos\",\"tribuna\"],\"articleSection\":[\"Actualidad\",\"Comarcas\",\"Noticias\"],\"inLanguage\":\"es\"},{\"@type\":\"WebPage\",\"@id\":\"https:\\\/\\\/www.copealcoy.es\\\/es\\\/respaldo-institucional-para-la-festa-de-cocentaina\\\/\",\"url\":\"https:\\\/\\\/www.copealcoy.es\\\/es\\\/respaldo-institucional-para-la-festa-de-cocentaina\\\/\",\"name\":\"Respaldo institucional para la Festa de Cocentaina - COPE Alcoy\",\"isPartOf\":{\"@id\":\"https:\\\/\\\/www.copealcoy.es\\\/es\\\/#website\"},\"primaryImageOfPage\":{\"@id\":\"https:\\\/\\\/www.copealcoy.es\\\/es\\\/respaldo-institucional-para-la-festa-de-cocentaina\\\/#primaryimage\"},\"image\":{\"@id\":\"https:\\\/\\\/www.copealcoy.es\\\/es\\\/respaldo-institucional-para-la-festa-de-cocentaina\\\/#primaryimage\"},\"thumbnailUrl\":\"https:\\\/\\\/www.copealcoy.es\\\/wp-content\\\/uploads\\\/2025\\\/08\\\/Captura-de-Pantalla-2025-08-30-a-las-23.39.12-1.png\",\"datePublished\":\"2025-08-10T08:00:54+00:00\",\"dateModified\":\"2025-08-30T22:13:35+00:00\",\"author\":{\"@id\":\"https:\\\/\\\/www.copealcoy.es\\\/es\\\/#\\\/schema\\\/person\\\/e777c87fa024e57d40170af9df39882c\"},\"description\":\"Respaldo institucional para la Festa de Cocentaina\",\"breadcrumb\":{\"@id\":\"https:\\\/\\\/www.copealcoy.es\\\/es\\\/respaldo-institucional-para-la-festa-de-cocentaina\\\/#breadcrumb\"},\"inLanguage\":\"es\",\"potentialAction\":[{\"@type\":\"ReadAction\",\"target\":[\"https:\\\/\\\/www.copealcoy.es\\\/es\\\/respaldo-institucional-para-la-festa-de-cocentaina\\\/\"]}]},{\"@type\":\"ImageObject\",\"inLanguage\":\"es\",\"@id\":\"https:\\\/\\\/www.copealcoy.es\\\/es\\\/respaldo-institucional-para-la-festa-de-cocentaina\\\/#primaryimage\",\"url\":\"https:\\\/\\\/www.copealcoy.es\\\/wp-content\\\/uploads\\\/2025\\\/08\\\/Captura-de-Pantalla-2025-08-30-a-las-23.39.12-1.png\",\"contentUrl\":\"https:\\\/\\\/www.copealcoy.es\\\/wp-content\\\/uploads\\\/2025\\\/08\\\/Captura-de-Pantalla-2025-08-30-a-las-23.39.12-1.png\",\"width\":649,\"height\":389},{\"@type\":\"BreadcrumbList\",\"@id\":\"https:\\\/\\\/www.copealcoy.es\\\/es\\\/respaldo-institucional-para-la-festa-de-cocentaina\\\/#breadcrumb\",\"itemListElement\":[{\"@type\":\"ListItem\",\"position\":1,\"name\":\"Portada\",\"item\":\"https:\\\/\\\/www.copealcoy.es\\\/es\\\/\"},{\"@type\":\"ListItem\",\"position\":2,\"name\":\"Respaldo institucional para la Festa de Cocentaina\"}]},{\"@type\":\"WebSite\",\"@id\":\"https:\\\/\\\/www.copealcoy.es\\\/es\\\/#website\",\"url\":\"https:\\\/\\\/www.copealcoy.es\\\/es\\\/\",\"name\":\"COPE Alcoy\",\"description\":\"Emisora COPE de radio local con emisi\u00f3n online. Pont de Sant Jordi 8-10 03803 Alcoy\",\"potentialAction\":[{\"@type\":\"SearchAction\",\"target\":{\"@type\":\"EntryPoint\",\"urlTemplate\":\"https:\\\/\\\/www.copealcoy.es\\\/es\\\/?s={search_term_string}\"},\"query-input\":{\"@type\":\"PropertyValueSpecification\",\"valueRequired\":true,\"valueName\":\"search_term_string\"}}],\"inLanguage\":\"es\"},{\"@type\":\"Person\",\"@id\":\"https:\\\/\\\/www.copealcoy.es\\\/es\\\/#\\\/schema\\\/person\\\/e777c87fa024e57d40170af9df39882c\",\"name\":\"Cope Alcoy\",\"image\":{\"@type\":\"ImageObject\",\"inLanguage\":\"es\",\"@id\":\"https:\\\/\\\/secure.gravatar.com\\\/avatar\\\/bb65d0283347e303893ba14f0692005417c1e0e690a325a4c5d8bb2b3943ee14?s=96&d=mm&r=g\",\"url\":\"https:\\\/\\\/secure.gravatar.com\\\/avatar\\\/bb65d0283347e303893ba14f0692005417c1e0e690a325a4c5d8bb2b3943ee14?s=96&d=mm&r=g\",\"contentUrl\":\"https:\\\/\\\/secure.gravatar.com\\\/avatar\\\/bb65d0283347e303893ba14f0692005417c1e0e690a325a4c5d8bb2b3943ee14?s=96&d=mm&r=g\",\"caption\":\"Cope Alcoy\"}}]}<\/script>\n<!-- \/ Yoast SEO plugin. -->","yoast_head_json":{"title":"Respaldo institucional para la Festa de Cocentaina - COPE Alcoy","description":"Respaldo institucional para la Festa de Cocentaina","robots":{"index":"index","follow":"follow","max-snippet":"max-snippet:-1","max-image-preview":"max-image-preview:large","max-video-preview":"max-video-preview:-1"},"canonical":"https:\/\/www.copealcoy.es\/es\/respaldo-institucional-para-la-festa-de-cocentaina\/","og_locale":"es_ES","og_type":"article","og_title":"Respaldo institucional para la Festa de Cocentaina - COPE Alcoy","og_description":"Respaldo institucional para la Festa de Cocentaina","og_url":"https:\/\/www.copealcoy.es\/es\/respaldo-institucional-para-la-festa-de-cocentaina\/","og_site_name":"COPE Alcoy","article_published_time":"2025-08-10T08:00:54+00:00","article_modified_time":"2025-08-30T22:13:35+00:00","og_image":[{"width":649,"height":389,"url":"https:\/\/www.copealcoy.es\/wp-content\/uploads\/2025\/08\/Captura-de-Pantalla-2025-08-30-a-las-23.39.12-1.png","type":"image\/png"}],"author":"Cope Alcoy","twitter_misc":{"Escrito por":"Cope Alcoy","Tiempo de lectura":"2 minutos"},"schema":{"@context":"https:\/\/schema.org","@graph":[{"@type":"Article","@id":"https:\/\/www.copealcoy.es\/es\/respaldo-institucional-para-la-festa-de-cocentaina\/#article","isPartOf":{"@id":"https:\/\/www.copealcoy.es\/es\/respaldo-institucional-para-la-festa-de-cocentaina\/"},"author":{"name":"Cope Alcoy","@id":"https:\/\/www.copealcoy.es\/es\/#\/schema\/person\/e777c87fa024e57d40170af9df39882c"},"headline":"Respaldo institucional para la Festa de Cocentaina","datePublished":"2025-08-10T08:00:54+00:00","dateModified":"2025-08-30T22:13:35+00:00","mainEntityOfPage":{"@id":"https:\/\/www.copealcoy.es\/es\/respaldo-institucional-para-la-festa-de-cocentaina\/"},"wordCount":270,"image":{"@id":"https:\/\/www.copealcoy.es\/es\/respaldo-institucional-para-la-festa-de-cocentaina\/#primaryimage"},"thumbnailUrl":"https:\/\/www.copealcoy.es\/wp-content\/uploads\/2025\/08\/Captura-de-Pantalla-2025-08-30-a-las-23.39.12-1.png","keywords":["Cocentaina","Entrada","Moros Y Cristianos","tribuna"],"articleSection":["Actualidad","Comarcas","Noticias"],"inLanguage":"es"},{"@type":"WebPage","@id":"https:\/\/www.copealcoy.es\/es\/respaldo-institucional-para-la-festa-de-cocentaina\/","url":"https:\/\/www.copealcoy.es\/es\/respaldo-institucional-para-la-festa-de-cocentaina\/","name":"Respaldo institucional para la Festa de Cocentaina - COPE Alcoy","isPartOf":{"@id":"https:\/\/www.copealcoy.es\/es\/#website"},"primaryImageOfPage":{"@id":"https:\/\/www.copealcoy.es\/es\/respaldo-institucional-para-la-festa-de-cocentaina\/#primaryimage"},"image":{"@id":"https:\/\/www.copealcoy.es\/es\/respaldo-institucional-para-la-festa-de-cocentaina\/#primaryimage"},"thumbnailUrl":"https:\/\/www.copealcoy.es\/wp-content\/uploads\/2025\/08\/Captura-de-Pantalla-2025-08-30-a-las-23.39.12-1.png","datePublished":"2025-08-10T08:00:54+00:00","dateModified":"2025-08-30T22:13:35+00:00","author":{"@id":"https:\/\/www.copealcoy.es\/es\/#\/schema\/person\/e777c87fa024e57d40170af9df39882c"},"description":"Respaldo institucional para la Festa de Cocentaina","breadcrumb":{"@id":"https:\/\/www.copealcoy.es\/es\/respaldo-institucional-para-la-festa-de-cocentaina\/#breadcrumb"},"inLanguage":"es","potentialAction":[{"@type":"ReadAction","target":["https:\/\/www.copealcoy.es\/es\/respaldo-institucional-para-la-festa-de-cocentaina\/"]}]},{"@type":"ImageObject","inLanguage":"es","@id":"https:\/\/www.copealcoy.es\/es\/respaldo-institucional-para-la-festa-de-cocentaina\/#primaryimage","url":"https:\/\/www.copealcoy.es\/wp-content\/uploads\/2025\/08\/Captura-de-Pantalla-2025-08-30-a-las-23.39.12-1.png","contentUrl":"https:\/\/www.copealcoy.es\/wp-content\/uploads\/2025\/08\/Captura-de-Pantalla-2025-08-30-a-las-23.39.12-1.png","width":649,"height":389},{"@type":"BreadcrumbList","@id":"https:\/\/www.copealcoy.es\/es\/respaldo-institucional-para-la-festa-de-cocentaina\/#breadcrumb","itemListElement":[{"@type":"ListItem","position":1,"name":"Portada","item":"https:\/\/www.copealcoy.es\/es\/"},{"@type":"ListItem","position":2,"name":"Respaldo institucional para la Festa de Cocentaina"}]},{"@type":"WebSite","@id":"https:\/\/www.copealcoy.es\/es\/#website","url":"https:\/\/www.copealcoy.es\/es\/","name":"COPE Alcoy","description":"Emisora COPE de radio local con emisi\u00f3n online. Pont de Sant Jordi 8-10 03803 Alcoy","potentialAction":[{"@type":"SearchAction","target":{"@type":"EntryPoint","urlTemplate":"https:\/\/www.copealcoy.es\/es\/?s={search_term_string}"},"query-input":{"@type":"PropertyValueSpecification","valueRequired":true,"valueName":"search_term_string"}}],"inLanguage":"es"},{"@type":"Person","@id":"https:\/\/www.copealcoy.es\/es\/#\/schema\/person\/e777c87fa024e57d40170af9df39882c","name":"Cope Alcoy","image":{"@type":"ImageObject","inLanguage":"es","@id":"https:\/\/secure.gravatar.com\/avatar\/bb65d0283347e303893ba14f0692005417c1e0e690a325a4c5d8bb2b3943ee14?s=96&d=mm&r=g","url":"https:\/\/secure.gravatar.com\/avatar\/bb65d0283347e303893ba14f0692005417c1e0e690a325a4c5d8bb2b3943ee14?s=96&d=mm&r=g","contentUrl":"https:\/\/secure.gravatar.com\/avatar\/bb65d0283347e303893ba14f0692005417c1e0e690a325a4c5d8bb2b3943ee14?s=96&d=mm&r=g","caption":"Cope Alcoy"}}]}},"_links":{"self":[{"href":"https:\/\/www.copealcoy.es\/es\/wp-json\/wp\/v2\/posts\/156545","targetHints":{"allow":["GET"]}}],"collection":[{"href":"https:\/\/www.copealcoy.es\/es\/wp-json\/wp\/v2\/posts"}],"about":[{"href":"https:\/\/www.copealcoy.es\/es\/wp-json\/wp\/v2\/types\/post"}],"author":[{"embeddable":true,"href":"https:\/\/www.copealcoy.es\/es\/wp-json\/wp\/v2\/users\/1"}],"replies":[{"embeddable":true,"href":"https:\/\/www.copealcoy.es\/es\/wp-json\/wp\/v2\/comments?post=156545"}],"version-history":[{"count":3,"href":"https:\/\/www.copealcoy.es\/es\/wp-json\/wp\/v2\/posts\/156545\/revisions"}],"predecessor-version":[{"id":156565,"href":"https:\/\/www.copealcoy.es\/es\/wp-json\/wp\/v2\/posts\/156545\/revisions\/156565"}],"wp:featuredmedia":[{"embeddable":true,"href":"https:\/\/www.copealcoy.es\/es\/wp-json\/wp\/v2\/media\/156560"}],"wp:attachment":[{"href":"https:\/\/www.copealcoy.es\/es\/wp-json\/wp\/v2\/media?parent=156545"}],"wp:term":[{"taxonomy":"category","embeddable":true,"href":"https:\/\/www.copealcoy.es\/es\/wp-json\/wp\/v2\/categories?post=156545"},{"taxonomy":"post_tag","embeddable":true,"href":"https:\/\/www.copealcoy.es\/es\/wp-json\/wp\/v2\/tags?post=156545"}],"curies":[{"name":"wp","href":"https:\/\/api.w.org\/{rel}","templated":true}]}}