{"id":156474,"date":"2025-09-03T08:00:58","date_gmt":"2025-09-03T07:00:58","guid":{"rendered":"https:\/\/www.copealcoy.es\/?p=156474"},"modified":"2025-09-03T15:17:19","modified_gmt":"2025-09-03T14:17:19","slug":"muro-ya-tiene-presupuestos-municipales-para-2025","status":"publish","type":"post","link":"https:\/\/www.copealcoy.es\/es\/muro-ya-tiene-presupuestos-municipales-para-2025\/","title":{"rendered":"Muro ya tiene Presupuestos Municipales para 2025"},"content":{"rendered":"<p style=\"text-align: justify;\" data-start=\"175\" data-end=\"610\">El <a href=\"https:\/\/www.vilademuro.net\/\" target=\"_blank\" rel=\"noopener\"><span style=\"color: #0000ff;\"><strong>Ayuntamiento d<span style=\"color: #0000ff;\">e M<\/span><span style=\"color: #0000ff;\">ur<\/span>o<\/strong><\/span><\/a> aprob\u00f3 en pleno antes de agosto los <strong>Presupuestos Municipales de 2025<\/strong>, que ascienden a <strong>8,3 millones de euros<\/strong> y <strong>suponen un incremento del 7,6% respecto al ejercicio anterior<\/strong>. Las cuentas <strong>salieron adelante<\/strong> con el apoyo del gobierno local (Comprom\u00eds y PSPV), la abstenci\u00f3n del PP y el voto en contra de Muro Ens Uneix y Xarxa Muro, que consideraron tard\u00eda su aprobaci\u00f3n y poco ajustada a la realidad econ\u00f3mica del municipio.<\/p>\n<p style=\"text-align: justify;\" data-start=\"612\" data-end=\"917\">El ejecutivo municipal defendi\u00f3 que se trata de un presupuesto \u201c<em>prudente y ajustado<\/em>\u201d, seg\u00fan dijeron el alcalde <strong>Vicent Molina<\/strong> y el edil de Hacienda <strong>Sa\u00fcl Serrano<\/strong>, elaborado desde el verano pasado y <strong>retrasado<\/strong> por factores como el aumento de precios en contratos, la aplicaci\u00f3n de la nueva Relaci\u00f3n de Puestos de Trabajo y la financiaci\u00f3n de las obras del Bat\u00e0 con remanente propio. Cabe destacar que l<strong>os Presupuestos Municipales de Muro para 2025<\/strong> contemplan <strong>m\u00e1s de 90.000 euros en inversiones<\/strong> como la adquisici\u00f3n de una cuba para el riego de parques o jardines, la compra de equipamiento para el Polideportivo Municipal, renovaci\u00f3n de material inform\u00e1tico para edificios municipales o las aportaciones municipal del Plan Planifica de la Diputaci\u00f3n para la ejecuci\u00f3n de proyectos como el Centre Social de Setla.<\/p>\n<p style=\"text-align: justify;\" data-start=\"1312\" data-end=\"1439\">Aprobado el presupuesto de 2025, e<strong>l gobierno local ya trabaja en el de 2026<\/strong>. PSPV y Comprom\u00eds manifestaron en este pleno el objetivo de de presentar el documento en tiempo y forma.<\/p>\n","protected":false},"excerpt":{"rendered":"<p>El Ayuntamiento de Muro aprob\u00f3 en pleno antes de agosto los Presupuestos Municipales de 2025, que ascienden a 8,3 millones&#8230;<\/p>\n","protected":false},"author":1,"featured_media":156475,"comment_status":"closed","ping_status":"closed","sticky":false,"template":"","format":"standard","meta":{"footnotes":""},"categories":[6909,98,75],"tags":[276,19936,135,1572],"class_list":["post-156474","post","type-post","status-publish","format-standard","has-post-thumbnail","hentry","category-actualidad","category-comarcas","category-noticias","tag-aprobacion","tag-ejercicio-2025","tag-muro","tag-presupuestos-municipales"],"yoast_head":"<!-- This site is optimized with the Yoast SEO plugin v27.3 - https:\/\/yoast.com\/product\/yoast-seo-wordpress\/ -->\n<title>Muro ya tiene Presupuestos Municipales para 2025 - COPE Alcoy<\/title>\n<meta name=\"robots\" content=\"index, follow, max-snippet:-1, max-image-preview:large, max-video-preview:-1\" \/>\n<link rel=\"canonical\" href=\"https:\/\/www.copealcoy.es\/es\/muro-ya-tiene-presupuestos-municipales-para-2025\/\" \/>\n<meta property=\"og:locale\" content=\"es_ES\" \/>\n<meta property=\"og:type\" content=\"article\" \/>\n<meta property=\"og:title\" content=\"Muro ya tiene Presupuestos Municipales para 2025 - COPE Alcoy\" \/>\n<meta property=\"og:description\" content=\"El Ayuntamiento de Muro aprob\u00f3 en pleno antes de agosto los Presupuestos Municipales de 2025, que ascienden a 8,3 millones...\" \/>\n<meta property=\"og:url\" content=\"https:\/\/www.copealcoy.es\/es\/muro-ya-tiene-presupuestos-municipales-para-2025\/\" \/>\n<meta property=\"og:site_name\" content=\"COPE Alcoy\" \/>\n<meta property=\"article:published_time\" content=\"2025-09-03T07:00:58+00:00\" \/>\n<meta property=\"article:modified_time\" content=\"2025-09-03T14:17:19+00:00\" \/>\n<meta property=\"og:image\" content=\"https:\/\/www.copealcoy.es\/wp-content\/uploads\/2025\/08\/4-La-sesion-plenaria-tuvo-lugar-el-pasado-viernes-Foto-Radio-Elite.jpg\" \/>\n\t<meta property=\"og:image:width\" content=\"800\" \/>\n\t<meta property=\"og:image:height\" content=\"510\" \/>\n\t<meta property=\"og:image:type\" content=\"image\/jpeg\" \/>\n<meta name=\"author\" content=\"Cope Alcoy\" \/>\n<meta name=\"twitter:label1\" content=\"Escrito por\" \/>\n\t<meta name=\"twitter:data1\" content=\"Cope Alcoy\" \/>\n\t<meta name=\"twitter:label2\" content=\"Tiempo de lectura\" \/>\n\t<meta name=\"twitter:data2\" content=\"2 minutos\" \/>\n<script type=\"application\/ld+json\" class=\"yoast-schema-graph\">{\"@context\":\"https:\\\/\\\/schema.org\",\"@graph\":[{\"@type\":\"Article\",\"@id\":\"https:\\\/\\\/www.copealcoy.es\\\/es\\\/muro-ya-tiene-presupuestos-municipales-para-2025\\\/#article\",\"isPartOf\":{\"@id\":\"https:\\\/\\\/www.copealcoy.es\\\/es\\\/muro-ya-tiene-presupuestos-municipales-para-2025\\\/\"},\"author\":{\"name\":\"Cope Alcoy\",\"@id\":\"https:\\\/\\\/www.copealcoy.es\\\/es\\\/#\\\/schema\\\/person\\\/e777c87fa024e57d40170af9df39882c\"},\"headline\":\"Muro ya tiene Presupuestos Municipales para 2025\",\"datePublished\":\"2025-09-03T07:00:58+00:00\",\"dateModified\":\"2025-09-03T14:17:19+00:00\",\"mainEntityOfPage\":{\"@id\":\"https:\\\/\\\/www.copealcoy.es\\\/es\\\/muro-ya-tiene-presupuestos-municipales-para-2025\\\/\"},\"wordCount\":253,\"image\":{\"@id\":\"https:\\\/\\\/www.copealcoy.es\\\/es\\\/muro-ya-tiene-presupuestos-municipales-para-2025\\\/#primaryimage\"},\"thumbnailUrl\":\"https:\\\/\\\/www.copealcoy.es\\\/wp-content\\\/uploads\\\/2025\\\/08\\\/4-La-sesion-plenaria-tuvo-lugar-el-pasado-viernes-Foto-Radio-Elite.jpg\",\"keywords\":[\"Aprobaci\u00f3n\",\"ejercicio 2025\",\"Muro\",\"Presupuestos Municipales\"],\"articleSection\":[\"Actualidad\",\"Comarcas\",\"Noticias\"],\"inLanguage\":\"es\"},{\"@type\":\"WebPage\",\"@id\":\"https:\\\/\\\/www.copealcoy.es\\\/es\\\/muro-ya-tiene-presupuestos-municipales-para-2025\\\/\",\"url\":\"https:\\\/\\\/www.copealcoy.es\\\/es\\\/muro-ya-tiene-presupuestos-municipales-para-2025\\\/\",\"name\":\"Muro ya tiene Presupuestos Municipales para 2025 - COPE Alcoy\",\"isPartOf\":{\"@id\":\"https:\\\/\\\/www.copealcoy.es\\\/es\\\/#website\"},\"primaryImageOfPage\":{\"@id\":\"https:\\\/\\\/www.copealcoy.es\\\/es\\\/muro-ya-tiene-presupuestos-municipales-para-2025\\\/#primaryimage\"},\"image\":{\"@id\":\"https:\\\/\\\/www.copealcoy.es\\\/es\\\/muro-ya-tiene-presupuestos-municipales-para-2025\\\/#primaryimage\"},\"thumbnailUrl\":\"https:\\\/\\\/www.copealcoy.es\\\/wp-content\\\/uploads\\\/2025\\\/08\\\/4-La-sesion-plenaria-tuvo-lugar-el-pasado-viernes-Foto-Radio-Elite.jpg\",\"datePublished\":\"2025-09-03T07:00:58+00:00\",\"dateModified\":\"2025-09-03T14:17:19+00:00\",\"author\":{\"@id\":\"https:\\\/\\\/www.copealcoy.es\\\/es\\\/#\\\/schema\\\/person\\\/e777c87fa024e57d40170af9df39882c\"},\"breadcrumb\":{\"@id\":\"https:\\\/\\\/www.copealcoy.es\\\/es\\\/muro-ya-tiene-presupuestos-municipales-para-2025\\\/#breadcrumb\"},\"inLanguage\":\"es\",\"potentialAction\":[{\"@type\":\"ReadAction\",\"target\":[\"https:\\\/\\\/www.copealcoy.es\\\/es\\\/muro-ya-tiene-presupuestos-municipales-para-2025\\\/\"]}]},{\"@type\":\"ImageObject\",\"inLanguage\":\"es\",\"@id\":\"https:\\\/\\\/www.copealcoy.es\\\/es\\\/muro-ya-tiene-presupuestos-municipales-para-2025\\\/#primaryimage\",\"url\":\"https:\\\/\\\/www.copealcoy.es\\\/wp-content\\\/uploads\\\/2025\\\/08\\\/4-La-sesion-plenaria-tuvo-lugar-el-pasado-viernes-Foto-Radio-Elite.jpg\",\"contentUrl\":\"https:\\\/\\\/www.copealcoy.es\\\/wp-content\\\/uploads\\\/2025\\\/08\\\/4-La-sesion-plenaria-tuvo-lugar-el-pasado-viernes-Foto-Radio-Elite.jpg\",\"width\":800,\"height\":510},{\"@type\":\"BreadcrumbList\",\"@id\":\"https:\\\/\\\/www.copealcoy.es\\\/es\\\/muro-ya-tiene-presupuestos-municipales-para-2025\\\/#breadcrumb\",\"itemListElement\":[{\"@type\":\"ListItem\",\"position\":1,\"name\":\"Portada\",\"item\":\"https:\\\/\\\/www.copealcoy.es\\\/es\\\/\"},{\"@type\":\"ListItem\",\"position\":2,\"name\":\"Muro ya tiene Presupuestos Municipales para 2025\"}]},{\"@type\":\"WebSite\",\"@id\":\"https:\\\/\\\/www.copealcoy.es\\\/es\\\/#website\",\"url\":\"https:\\\/\\\/www.copealcoy.es\\\/es\\\/\",\"name\":\"COPE Alcoy\",\"description\":\"Emisora COPE de radio local con emisi\u00f3n online. Pont de Sant Jordi 8-10 03803 Alcoy\",\"potentialAction\":[{\"@type\":\"SearchAction\",\"target\":{\"@type\":\"EntryPoint\",\"urlTemplate\":\"https:\\\/\\\/www.copealcoy.es\\\/es\\\/?s={search_term_string}\"},\"query-input\":{\"@type\":\"PropertyValueSpecification\",\"valueRequired\":true,\"valueName\":\"search_term_string\"}}],\"inLanguage\":\"es\"},{\"@type\":\"Person\",\"@id\":\"https:\\\/\\\/www.copealcoy.es\\\/es\\\/#\\\/schema\\\/person\\\/e777c87fa024e57d40170af9df39882c\",\"name\":\"Cope Alcoy\",\"image\":{\"@type\":\"ImageObject\",\"inLanguage\":\"es\",\"@id\":\"https:\\\/\\\/secure.gravatar.com\\\/avatar\\\/bb65d0283347e303893ba14f0692005417c1e0e690a325a4c5d8bb2b3943ee14?s=96&d=mm&r=g\",\"url\":\"https:\\\/\\\/secure.gravatar.com\\\/avatar\\\/bb65d0283347e303893ba14f0692005417c1e0e690a325a4c5d8bb2b3943ee14?s=96&d=mm&r=g\",\"contentUrl\":\"https:\\\/\\\/secure.gravatar.com\\\/avatar\\\/bb65d0283347e303893ba14f0692005417c1e0e690a325a4c5d8bb2b3943ee14?s=96&d=mm&r=g\",\"caption\":\"Cope Alcoy\"}}]}<\/script>\n<!-- \/ Yoast SEO plugin. -->","yoast_head_json":{"title":"Muro ya tiene Presupuestos Municipales para 2025 - COPE Alcoy","robots":{"index":"index","follow":"follow","max-snippet":"max-snippet:-1","max-image-preview":"max-image-preview:large","max-video-preview":"max-video-preview:-1"},"canonical":"https:\/\/www.copealcoy.es\/es\/muro-ya-tiene-presupuestos-municipales-para-2025\/","og_locale":"es_ES","og_type":"article","og_title":"Muro ya tiene Presupuestos Municipales para 2025 - COPE Alcoy","og_description":"El Ayuntamiento de Muro aprob\u00f3 en pleno antes de agosto los Presupuestos Municipales de 2025, que ascienden a 8,3 millones...","og_url":"https:\/\/www.copealcoy.es\/es\/muro-ya-tiene-presupuestos-municipales-para-2025\/","og_site_name":"COPE Alcoy","article_published_time":"2025-09-03T07:00:58+00:00","article_modified_time":"2025-09-03T14:17:19+00:00","og_image":[{"width":800,"height":510,"url":"https:\/\/www.copealcoy.es\/wp-content\/uploads\/2025\/08\/4-La-sesion-plenaria-tuvo-lugar-el-pasado-viernes-Foto-Radio-Elite.jpg","type":"image\/jpeg"}],"author":"Cope Alcoy","twitter_misc":{"Escrito por":"Cope Alcoy","Tiempo de lectura":"2 minutos"},"schema":{"@context":"https:\/\/schema.org","@graph":[{"@type":"Article","@id":"https:\/\/www.copealcoy.es\/es\/muro-ya-tiene-presupuestos-municipales-para-2025\/#article","isPartOf":{"@id":"https:\/\/www.copealcoy.es\/es\/muro-ya-tiene-presupuestos-municipales-para-2025\/"},"author":{"name":"Cope Alcoy","@id":"https:\/\/www.copealcoy.es\/es\/#\/schema\/person\/e777c87fa024e57d40170af9df39882c"},"headline":"Muro ya tiene Presupuestos Municipales para 2025","datePublished":"2025-09-03T07:00:58+00:00","dateModified":"2025-09-03T14:17:19+00:00","mainEntityOfPage":{"@id":"https:\/\/www.copealcoy.es\/es\/muro-ya-tiene-presupuestos-municipales-para-2025\/"},"wordCount":253,"image":{"@id":"https:\/\/www.copealcoy.es\/es\/muro-ya-tiene-presupuestos-municipales-para-2025\/#primaryimage"},"thumbnailUrl":"https:\/\/www.copealcoy.es\/wp-content\/uploads\/2025\/08\/4-La-sesion-plenaria-tuvo-lugar-el-pasado-viernes-Foto-Radio-Elite.jpg","keywords":["Aprobaci\u00f3n","ejercicio 2025","Muro","Presupuestos Municipales"],"articleSection":["Actualidad","Comarcas","Noticias"],"inLanguage":"es"},{"@type":"WebPage","@id":"https:\/\/www.copealcoy.es\/es\/muro-ya-tiene-presupuestos-municipales-para-2025\/","url":"https:\/\/www.copealcoy.es\/es\/muro-ya-tiene-presupuestos-municipales-para-2025\/","name":"Muro ya tiene Presupuestos Municipales para 2025 - COPE Alcoy","isPartOf":{"@id":"https:\/\/www.copealcoy.es\/es\/#website"},"primaryImageOfPage":{"@id":"https:\/\/www.copealcoy.es\/es\/muro-ya-tiene-presupuestos-municipales-para-2025\/#primaryimage"},"image":{"@id":"https:\/\/www.copealcoy.es\/es\/muro-ya-tiene-presupuestos-municipales-para-2025\/#primaryimage"},"thumbnailUrl":"https:\/\/www.copealcoy.es\/wp-content\/uploads\/2025\/08\/4-La-sesion-plenaria-tuvo-lugar-el-pasado-viernes-Foto-Radio-Elite.jpg","datePublished":"2025-09-03T07:00:58+00:00","dateModified":"2025-09-03T14:17:19+00:00","author":{"@id":"https:\/\/www.copealcoy.es\/es\/#\/schema\/person\/e777c87fa024e57d40170af9df39882c"},"breadcrumb":{"@id":"https:\/\/www.copealcoy.es\/es\/muro-ya-tiene-presupuestos-municipales-para-2025\/#breadcrumb"},"inLanguage":"es","potentialAction":[{"@type":"ReadAction","target":["https:\/\/www.copealcoy.es\/es\/muro-ya-tiene-presupuestos-municipales-para-2025\/"]}]},{"@type":"ImageObject","inLanguage":"es","@id":"https:\/\/www.copealcoy.es\/es\/muro-ya-tiene-presupuestos-municipales-para-2025\/#primaryimage","url":"https:\/\/www.copealcoy.es\/wp-content\/uploads\/2025\/08\/4-La-sesion-plenaria-tuvo-lugar-el-pasado-viernes-Foto-Radio-Elite.jpg","contentUrl":"https:\/\/www.copealcoy.es\/wp-content\/uploads\/2025\/08\/4-La-sesion-plenaria-tuvo-lugar-el-pasado-viernes-Foto-Radio-Elite.jpg","width":800,"height":510},{"@type":"BreadcrumbList","@id":"https:\/\/www.copealcoy.es\/es\/muro-ya-tiene-presupuestos-municipales-para-2025\/#breadcrumb","itemListElement":[{"@type":"ListItem","position":1,"name":"Portada","item":"https:\/\/www.copealcoy.es\/es\/"},{"@type":"ListItem","position":2,"name":"Muro ya tiene Presupuestos Municipales para 2025"}]},{"@type":"WebSite","@id":"https:\/\/www.copealcoy.es\/es\/#website","url":"https:\/\/www.copealcoy.es\/es\/","name":"COPE Alcoy","description":"Emisora COPE de radio local con emisi\u00f3n online. Pont de Sant Jordi 8-10 03803 Alcoy","potentialAction":[{"@type":"SearchAction","target":{"@type":"EntryPoint","urlTemplate":"https:\/\/www.copealcoy.es\/es\/?s={search_term_string}"},"query-input":{"@type":"PropertyValueSpecification","valueRequired":true,"valueName":"search_term_string"}}],"inLanguage":"es"},{"@type":"Person","@id":"https:\/\/www.copealcoy.es\/es\/#\/schema\/person\/e777c87fa024e57d40170af9df39882c","name":"Cope Alcoy","image":{"@type":"ImageObject","inLanguage":"es","@id":"https:\/\/secure.gravatar.com\/avatar\/bb65d0283347e303893ba14f0692005417c1e0e690a325a4c5d8bb2b3943ee14?s=96&d=mm&r=g","url":"https:\/\/secure.gravatar.com\/avatar\/bb65d0283347e303893ba14f0692005417c1e0e690a325a4c5d8bb2b3943ee14?s=96&d=mm&r=g","contentUrl":"https:\/\/secure.gravatar.com\/avatar\/bb65d0283347e303893ba14f0692005417c1e0e690a325a4c5d8bb2b3943ee14?s=96&d=mm&r=g","caption":"Cope Alcoy"}}]}},"_links":{"self":[{"href":"https:\/\/www.copealcoy.es\/es\/wp-json\/wp\/v2\/posts\/156474","targetHints":{"allow":["GET"]}}],"collection":[{"href":"https:\/\/www.copealcoy.es\/es\/wp-json\/wp\/v2\/posts"}],"about":[{"href":"https:\/\/www.copealcoy.es\/es\/wp-json\/wp\/v2\/types\/post"}],"author":[{"embeddable":true,"href":"https:\/\/www.copealcoy.es\/es\/wp-json\/wp\/v2\/users\/1"}],"replies":[{"embeddable":true,"href":"https:\/\/www.copealcoy.es\/es\/wp-json\/wp\/v2\/comments?post=156474"}],"version-history":[{"count":1,"href":"https:\/\/www.copealcoy.es\/es\/wp-json\/wp\/v2\/posts\/156474\/revisions"}],"predecessor-version":[{"id":156477,"href":"https:\/\/www.copealcoy.es\/es\/wp-json\/wp\/v2\/posts\/156474\/revisions\/156477"}],"wp:featuredmedia":[{"embeddable":true,"href":"https:\/\/www.copealcoy.es\/es\/wp-json\/wp\/v2\/media\/156475"}],"wp:attachment":[{"href":"https:\/\/www.copealcoy.es\/es\/wp-json\/wp\/v2\/media?parent=156474"}],"wp:term":[{"taxonomy":"category","embeddable":true,"href":"https:\/\/www.copealcoy.es\/es\/wp-json\/wp\/v2\/categories?post=156474"},{"taxonomy":"post_tag","embeddable":true,"href":"https:\/\/www.copealcoy.es\/es\/wp-json\/wp\/v2\/tags?post=156474"}],"curies":[{"name":"wp","href":"https:\/\/api.w.org\/{rel}","templated":true}]}}