{"id":156457,"date":"2025-08-29T11:02:12","date_gmt":"2025-08-29T10:02:12","guid":{"rendered":"https:\/\/www.copealcoy.es\/?p=156457"},"modified":"2025-08-29T11:39:57","modified_gmt":"2025-08-29T10:39:57","slug":"homenaje-al-canonge-soler-75-anos-despues-de-su-ordenacion-sacerdotal","status":"publish","type":"post","link":"https:\/\/www.copealcoy.es\/es\/homenaje-al-canonge-soler-75-anos-despues-de-su-ordenacion-sacerdotal\/","title":{"rendered":"Homenaje al Canonge Soler 75 a\u00f1os despu\u00e9s de su ordenaci\u00f3n sacerdotal"},"content":{"rendered":"<p style=\"text-align: justify;\" data-start=\"329\" data-end=\"762\">El pasado <strong data-start=\"339\" data-end=\"354\">12 de julio<\/strong>, el Monasterio de la Mare de D\u00e9u del Miracle de Cocentaina acogi\u00f3 una eucarist\u00eda de Acci\u00f3n de Gracias con motivo del <strong data-start=\"453\" data-end=\"531\">75 aniversario de la ordenaci\u00f3n sacerdotal del Can\u00f3nigo Don Jos\u00e9 Soler Cardona<\/strong>, recordado sacerdote de la Villa Condal que falleci\u00f3 en 2009, y que destac\u00f3 por la difusi\u00f3n de la Fe e incluso su faceta como pintor dejando como legado gran cantidad de obras art\u00edsticas. La ceremonia se llev\u00f3 a cabo a los pies de la patrona contestana y reuni\u00f3 a familiares del Can\u00f3nigo, representantes de entidades locales de la capital del Comtat e incluso a muchas personas que tuvieron oportunidad de conocer de cerca a Don Jos\u00e9 Soler Cardona a lo largo de su vida.<\/p>\n<p style=\"text-align: justify;\" data-start=\"764\" data-end=\"1067\">La misa fue oficiada por <strong>Don Ram\u00f3n Mic\u00f3 Colomer<\/strong>, Asesor Religioso de la Asociaci\u00f3n Cultural Canonge Soler Cardona, y cont\u00f3 tambi\u00e9n con la participaci\u00f3n del <strong>Rvdo. Jos\u00e9 Antonio Mart\u00ednez<\/strong>, Director del Museo de Arte Sacro de Orihuela, que se sum\u00f3 a la celebraci\u00f3n en memoria del ilustre sacerdote contestano. Durante la homil\u00eda <strong>se puso en valor<\/strong> la trayectoria personal del Can\u00f3nigo, y su fuerte vinculaci\u00f3n a numerosos \u00e1mbitos de Cocentaina, al igual que se destac\u00f3 la aportaci\u00f3n de Soler Cardona como pintor sin dejar de lado su implicaci\u00f3n en el tejido asociativo de la provincia de Alicante o la importante labor que desempe\u00f1\u00f3 en favor de las Fiestas de Moros y Cristianos durante la etapa en la que estuvo como Asesor Religioso de la Uni\u00f3n Nacional de Entidades Festeras (UNDEF).<\/p>\n<p style=\"text-align: justify;\" data-start=\"764\" data-end=\"1067\">El acto para recordar el <strong>75 aniversario de la ordenaci\u00f3n sacerdotal de Don Jos\u00e9 Soler Cardona<\/strong>\u00a0se enmarca dentro de la <strong data-start=\"1198\" data-end=\"1249\">conmemoraci\u00f3n del I Centenario de su nacimiento<\/strong>, que tendr\u00e1 lugar en <strong data-start=\"1271\" data-end=\"1279\">2026<\/strong>. Para destacar esta efem\u00e9ride ya se est\u00e1n perfilando diferentes actividades impulsadas por la <a href=\"https:\/\/www.facebook.com\/profile.php?id=61573077755215\" target=\"_blank\" rel=\"noopener\"><span style=\"color: #0000ff;\"><strong>Asociaci\u00f3n Cultural Canonge Soler Cardona<\/strong><\/span><\/a> creada con este prop\u00f3sito, presentada en <strong data-start=\"1417\" data-end=\"1436\">febrero de 2025<\/strong>, y que trabaja para mantener viva la memoria y el legado del mismo Can\u00f3nigo.<\/p>\n","protected":false},"excerpt":{"rendered":"<p>El pasado 12 de julio, el Monasterio de la Mare de D\u00e9u del Miracle de Cocentaina acogi\u00f3 una eucarist\u00eda de&#8230;<\/p>\n","protected":false},"author":1,"featured_media":156458,"comment_status":"closed","ping_status":"closed","sticky":false,"template":"","format":"standard","meta":{"footnotes":""},"categories":[6909,98,75],"tags":[2640,19933,132,6636,17043],"class_list":["post-156457","post","type-post","status-publish","format-standard","has-post-thumbnail","hentry","category-actualidad","category-comarcas","category-noticias","tag-75-aniversario","tag-canonge-soler-cardona","tag-cocentaina","tag-conmemoracion","tag-ordenacion-sacerdotal"],"yoast_head":"<!-- This site is optimized with the Yoast SEO plugin v27.3 - https:\/\/yoast.com\/product\/yoast-seo-wordpress\/ -->\n<title>Homenaje al Canonge Soler 75 a\u00f1os despu\u00e9s de su ordenaci\u00f3n sacerdotal - COPE Alcoy<\/title>\n<meta name=\"description\" content=\"Homenaje al Canonge Soler 75 a\u00f1os despu\u00e9s de su ordenaci\u00f3n sacerdotal\" \/>\n<meta name=\"robots\" content=\"index, follow, max-snippet:-1, max-image-preview:large, max-video-preview:-1\" \/>\n<link rel=\"canonical\" href=\"https:\/\/www.copealcoy.es\/es\/homenaje-al-canonge-soler-75-anos-despues-de-su-ordenacion-sacerdotal\/\" \/>\n<meta property=\"og:locale\" content=\"es_ES\" \/>\n<meta property=\"og:type\" content=\"article\" \/>\n<meta property=\"og:title\" content=\"Homenaje al Canonge Soler 75 a\u00f1os despu\u00e9s de su ordenaci\u00f3n sacerdotal - COPE Alcoy\" \/>\n<meta property=\"og:description\" content=\"Homenaje al Canonge Soler 75 a\u00f1os despu\u00e9s de su ordenaci\u00f3n sacerdotal\" \/>\n<meta property=\"og:url\" content=\"https:\/\/www.copealcoy.es\/es\/homenaje-al-canonge-soler-75-anos-despues-de-su-ordenacion-sacerdotal\/\" \/>\n<meta property=\"og:site_name\" content=\"COPE Alcoy\" \/>\n<meta property=\"article:published_time\" content=\"2025-08-29T10:02:12+00:00\" \/>\n<meta property=\"article:modified_time\" content=\"2025-08-29T10:39:57+00:00\" \/>\n<meta property=\"og:image\" content=\"https:\/\/www.copealcoy.es\/wp-content\/uploads\/2025\/08\/517456605_122138568722769258_5475424135435803561_n.jpg\" \/>\n\t<meta property=\"og:image:width\" content=\"1200\" \/>\n\t<meta property=\"og:image:height\" content=\"801\" \/>\n\t<meta property=\"og:image:type\" content=\"image\/jpeg\" \/>\n<meta name=\"author\" content=\"Cope Alcoy\" \/>\n<meta name=\"twitter:label1\" content=\"Escrito por\" \/>\n\t<meta name=\"twitter:data1\" content=\"Cope Alcoy\" \/>\n\t<meta name=\"twitter:label2\" content=\"Tiempo de lectura\" \/>\n\t<meta name=\"twitter:data2\" content=\"2 minutos\" \/>\n<script type=\"application\/ld+json\" class=\"yoast-schema-graph\">{\"@context\":\"https:\\\/\\\/schema.org\",\"@graph\":[{\"@type\":\"Article\",\"@id\":\"https:\\\/\\\/www.copealcoy.es\\\/es\\\/homenaje-al-canonge-soler-75-anos-despues-de-su-ordenacion-sacerdotal\\\/#article\",\"isPartOf\":{\"@id\":\"https:\\\/\\\/www.copealcoy.es\\\/es\\\/homenaje-al-canonge-soler-75-anos-despues-de-su-ordenacion-sacerdotal\\\/\"},\"author\":{\"name\":\"Cope Alcoy\",\"@id\":\"https:\\\/\\\/www.copealcoy.es\\\/es\\\/#\\\/schema\\\/person\\\/e777c87fa024e57d40170af9df39882c\"},\"headline\":\"Homenaje al Canonge Soler 75 a\u00f1os despu\u00e9s de su ordenaci\u00f3n sacerdotal\",\"datePublished\":\"2025-08-29T10:02:12+00:00\",\"dateModified\":\"2025-08-29T10:39:57+00:00\",\"mainEntityOfPage\":{\"@id\":\"https:\\\/\\\/www.copealcoy.es\\\/es\\\/homenaje-al-canonge-soler-75-anos-despues-de-su-ordenacion-sacerdotal\\\/\"},\"wordCount\":360,\"image\":{\"@id\":\"https:\\\/\\\/www.copealcoy.es\\\/es\\\/homenaje-al-canonge-soler-75-anos-despues-de-su-ordenacion-sacerdotal\\\/#primaryimage\"},\"thumbnailUrl\":\"https:\\\/\\\/www.copealcoy.es\\\/wp-content\\\/uploads\\\/2025\\\/08\\\/517456605_122138568722769258_5475424135435803561_n.jpg\",\"keywords\":[\"75 aniversario\",\"Canonge Soler Cardona\",\"Cocentaina\",\"conmemoraci\u00f3n\",\"ordenaci\u00f3n sacerdotal\"],\"articleSection\":[\"Actualidad\",\"Comarcas\",\"Noticias\"],\"inLanguage\":\"es\"},{\"@type\":\"WebPage\",\"@id\":\"https:\\\/\\\/www.copealcoy.es\\\/es\\\/homenaje-al-canonge-soler-75-anos-despues-de-su-ordenacion-sacerdotal\\\/\",\"url\":\"https:\\\/\\\/www.copealcoy.es\\\/es\\\/homenaje-al-canonge-soler-75-anos-despues-de-su-ordenacion-sacerdotal\\\/\",\"name\":\"Homenaje al Canonge Soler 75 a\u00f1os despu\u00e9s de su ordenaci\u00f3n sacerdotal - COPE Alcoy\",\"isPartOf\":{\"@id\":\"https:\\\/\\\/www.copealcoy.es\\\/es\\\/#website\"},\"primaryImageOfPage\":{\"@id\":\"https:\\\/\\\/www.copealcoy.es\\\/es\\\/homenaje-al-canonge-soler-75-anos-despues-de-su-ordenacion-sacerdotal\\\/#primaryimage\"},\"image\":{\"@id\":\"https:\\\/\\\/www.copealcoy.es\\\/es\\\/homenaje-al-canonge-soler-75-anos-despues-de-su-ordenacion-sacerdotal\\\/#primaryimage\"},\"thumbnailUrl\":\"https:\\\/\\\/www.copealcoy.es\\\/wp-content\\\/uploads\\\/2025\\\/08\\\/517456605_122138568722769258_5475424135435803561_n.jpg\",\"datePublished\":\"2025-08-29T10:02:12+00:00\",\"dateModified\":\"2025-08-29T10:39:57+00:00\",\"author\":{\"@id\":\"https:\\\/\\\/www.copealcoy.es\\\/es\\\/#\\\/schema\\\/person\\\/e777c87fa024e57d40170af9df39882c\"},\"description\":\"Homenaje al Canonge Soler 75 a\u00f1os despu\u00e9s de su ordenaci\u00f3n sacerdotal\",\"breadcrumb\":{\"@id\":\"https:\\\/\\\/www.copealcoy.es\\\/es\\\/homenaje-al-canonge-soler-75-anos-despues-de-su-ordenacion-sacerdotal\\\/#breadcrumb\"},\"inLanguage\":\"es\",\"potentialAction\":[{\"@type\":\"ReadAction\",\"target\":[\"https:\\\/\\\/www.copealcoy.es\\\/es\\\/homenaje-al-canonge-soler-75-anos-despues-de-su-ordenacion-sacerdotal\\\/\"]}]},{\"@type\":\"ImageObject\",\"inLanguage\":\"es\",\"@id\":\"https:\\\/\\\/www.copealcoy.es\\\/es\\\/homenaje-al-canonge-soler-75-anos-despues-de-su-ordenacion-sacerdotal\\\/#primaryimage\",\"url\":\"https:\\\/\\\/www.copealcoy.es\\\/wp-content\\\/uploads\\\/2025\\\/08\\\/517456605_122138568722769258_5475424135435803561_n.jpg\",\"contentUrl\":\"https:\\\/\\\/www.copealcoy.es\\\/wp-content\\\/uploads\\\/2025\\\/08\\\/517456605_122138568722769258_5475424135435803561_n.jpg\",\"width\":1200,\"height\":801},{\"@type\":\"BreadcrumbList\",\"@id\":\"https:\\\/\\\/www.copealcoy.es\\\/es\\\/homenaje-al-canonge-soler-75-anos-despues-de-su-ordenacion-sacerdotal\\\/#breadcrumb\",\"itemListElement\":[{\"@type\":\"ListItem\",\"position\":1,\"name\":\"Portada\",\"item\":\"https:\\\/\\\/www.copealcoy.es\\\/es\\\/\"},{\"@type\":\"ListItem\",\"position\":2,\"name\":\"Homenaje al Canonge Soler 75 a\u00f1os despu\u00e9s de su ordenaci\u00f3n sacerdotal\"}]},{\"@type\":\"WebSite\",\"@id\":\"https:\\\/\\\/www.copealcoy.es\\\/es\\\/#website\",\"url\":\"https:\\\/\\\/www.copealcoy.es\\\/es\\\/\",\"name\":\"COPE Alcoy\",\"description\":\"Emisora COPE de radio local con emisi\u00f3n online. Pont de Sant Jordi 8-10 03803 Alcoy\",\"potentialAction\":[{\"@type\":\"SearchAction\",\"target\":{\"@type\":\"EntryPoint\",\"urlTemplate\":\"https:\\\/\\\/www.copealcoy.es\\\/es\\\/?s={search_term_string}\"},\"query-input\":{\"@type\":\"PropertyValueSpecification\",\"valueRequired\":true,\"valueName\":\"search_term_string\"}}],\"inLanguage\":\"es\"},{\"@type\":\"Person\",\"@id\":\"https:\\\/\\\/www.copealcoy.es\\\/es\\\/#\\\/schema\\\/person\\\/e777c87fa024e57d40170af9df39882c\",\"name\":\"Cope Alcoy\",\"image\":{\"@type\":\"ImageObject\",\"inLanguage\":\"es\",\"@id\":\"https:\\\/\\\/secure.gravatar.com\\\/avatar\\\/bb65d0283347e303893ba14f0692005417c1e0e690a325a4c5d8bb2b3943ee14?s=96&d=mm&r=g\",\"url\":\"https:\\\/\\\/secure.gravatar.com\\\/avatar\\\/bb65d0283347e303893ba14f0692005417c1e0e690a325a4c5d8bb2b3943ee14?s=96&d=mm&r=g\",\"contentUrl\":\"https:\\\/\\\/secure.gravatar.com\\\/avatar\\\/bb65d0283347e303893ba14f0692005417c1e0e690a325a4c5d8bb2b3943ee14?s=96&d=mm&r=g\",\"caption\":\"Cope Alcoy\"}}]}<\/script>\n<!-- \/ Yoast SEO plugin. -->","yoast_head_json":{"title":"Homenaje al Canonge Soler 75 a\u00f1os despu\u00e9s de su ordenaci\u00f3n sacerdotal - COPE Alcoy","description":"Homenaje al Canonge Soler 75 a\u00f1os despu\u00e9s de su ordenaci\u00f3n sacerdotal","robots":{"index":"index","follow":"follow","max-snippet":"max-snippet:-1","max-image-preview":"max-image-preview:large","max-video-preview":"max-video-preview:-1"},"canonical":"https:\/\/www.copealcoy.es\/es\/homenaje-al-canonge-soler-75-anos-despues-de-su-ordenacion-sacerdotal\/","og_locale":"es_ES","og_type":"article","og_title":"Homenaje al Canonge Soler 75 a\u00f1os despu\u00e9s de su ordenaci\u00f3n sacerdotal - COPE Alcoy","og_description":"Homenaje al Canonge Soler 75 a\u00f1os despu\u00e9s de su ordenaci\u00f3n sacerdotal","og_url":"https:\/\/www.copealcoy.es\/es\/homenaje-al-canonge-soler-75-anos-despues-de-su-ordenacion-sacerdotal\/","og_site_name":"COPE Alcoy","article_published_time":"2025-08-29T10:02:12+00:00","article_modified_time":"2025-08-29T10:39:57+00:00","og_image":[{"width":1200,"height":801,"url":"https:\/\/www.copealcoy.es\/wp-content\/uploads\/2025\/08\/517456605_122138568722769258_5475424135435803561_n.jpg","type":"image\/jpeg"}],"author":"Cope Alcoy","twitter_misc":{"Escrito por":"Cope Alcoy","Tiempo de lectura":"2 minutos"},"schema":{"@context":"https:\/\/schema.org","@graph":[{"@type":"Article","@id":"https:\/\/www.copealcoy.es\/es\/homenaje-al-canonge-soler-75-anos-despues-de-su-ordenacion-sacerdotal\/#article","isPartOf":{"@id":"https:\/\/www.copealcoy.es\/es\/homenaje-al-canonge-soler-75-anos-despues-de-su-ordenacion-sacerdotal\/"},"author":{"name":"Cope Alcoy","@id":"https:\/\/www.copealcoy.es\/es\/#\/schema\/person\/e777c87fa024e57d40170af9df39882c"},"headline":"Homenaje al Canonge Soler 75 a\u00f1os despu\u00e9s de su ordenaci\u00f3n sacerdotal","datePublished":"2025-08-29T10:02:12+00:00","dateModified":"2025-08-29T10:39:57+00:00","mainEntityOfPage":{"@id":"https:\/\/www.copealcoy.es\/es\/homenaje-al-canonge-soler-75-anos-despues-de-su-ordenacion-sacerdotal\/"},"wordCount":360,"image":{"@id":"https:\/\/www.copealcoy.es\/es\/homenaje-al-canonge-soler-75-anos-despues-de-su-ordenacion-sacerdotal\/#primaryimage"},"thumbnailUrl":"https:\/\/www.copealcoy.es\/wp-content\/uploads\/2025\/08\/517456605_122138568722769258_5475424135435803561_n.jpg","keywords":["75 aniversario","Canonge Soler Cardona","Cocentaina","conmemoraci\u00f3n","ordenaci\u00f3n sacerdotal"],"articleSection":["Actualidad","Comarcas","Noticias"],"inLanguage":"es"},{"@type":"WebPage","@id":"https:\/\/www.copealcoy.es\/es\/homenaje-al-canonge-soler-75-anos-despues-de-su-ordenacion-sacerdotal\/","url":"https:\/\/www.copealcoy.es\/es\/homenaje-al-canonge-soler-75-anos-despues-de-su-ordenacion-sacerdotal\/","name":"Homenaje al Canonge Soler 75 a\u00f1os despu\u00e9s de su ordenaci\u00f3n sacerdotal - COPE Alcoy","isPartOf":{"@id":"https:\/\/www.copealcoy.es\/es\/#website"},"primaryImageOfPage":{"@id":"https:\/\/www.copealcoy.es\/es\/homenaje-al-canonge-soler-75-anos-despues-de-su-ordenacion-sacerdotal\/#primaryimage"},"image":{"@id":"https:\/\/www.copealcoy.es\/es\/homenaje-al-canonge-soler-75-anos-despues-de-su-ordenacion-sacerdotal\/#primaryimage"},"thumbnailUrl":"https:\/\/www.copealcoy.es\/wp-content\/uploads\/2025\/08\/517456605_122138568722769258_5475424135435803561_n.jpg","datePublished":"2025-08-29T10:02:12+00:00","dateModified":"2025-08-29T10:39:57+00:00","author":{"@id":"https:\/\/www.copealcoy.es\/es\/#\/schema\/person\/e777c87fa024e57d40170af9df39882c"},"description":"Homenaje al Canonge Soler 75 a\u00f1os despu\u00e9s de su ordenaci\u00f3n sacerdotal","breadcrumb":{"@id":"https:\/\/www.copealcoy.es\/es\/homenaje-al-canonge-soler-75-anos-despues-de-su-ordenacion-sacerdotal\/#breadcrumb"},"inLanguage":"es","potentialAction":[{"@type":"ReadAction","target":["https:\/\/www.copealcoy.es\/es\/homenaje-al-canonge-soler-75-anos-despues-de-su-ordenacion-sacerdotal\/"]}]},{"@type":"ImageObject","inLanguage":"es","@id":"https:\/\/www.copealcoy.es\/es\/homenaje-al-canonge-soler-75-anos-despues-de-su-ordenacion-sacerdotal\/#primaryimage","url":"https:\/\/www.copealcoy.es\/wp-content\/uploads\/2025\/08\/517456605_122138568722769258_5475424135435803561_n.jpg","contentUrl":"https:\/\/www.copealcoy.es\/wp-content\/uploads\/2025\/08\/517456605_122138568722769258_5475424135435803561_n.jpg","width":1200,"height":801},{"@type":"BreadcrumbList","@id":"https:\/\/www.copealcoy.es\/es\/homenaje-al-canonge-soler-75-anos-despues-de-su-ordenacion-sacerdotal\/#breadcrumb","itemListElement":[{"@type":"ListItem","position":1,"name":"Portada","item":"https:\/\/www.copealcoy.es\/es\/"},{"@type":"ListItem","position":2,"name":"Homenaje al Canonge Soler 75 a\u00f1os despu\u00e9s de su ordenaci\u00f3n sacerdotal"}]},{"@type":"WebSite","@id":"https:\/\/www.copealcoy.es\/es\/#website","url":"https:\/\/www.copealcoy.es\/es\/","name":"COPE Alcoy","description":"Emisora COPE de radio local con emisi\u00f3n online. Pont de Sant Jordi 8-10 03803 Alcoy","potentialAction":[{"@type":"SearchAction","target":{"@type":"EntryPoint","urlTemplate":"https:\/\/www.copealcoy.es\/es\/?s={search_term_string}"},"query-input":{"@type":"PropertyValueSpecification","valueRequired":true,"valueName":"search_term_string"}}],"inLanguage":"es"},{"@type":"Person","@id":"https:\/\/www.copealcoy.es\/es\/#\/schema\/person\/e777c87fa024e57d40170af9df39882c","name":"Cope Alcoy","image":{"@type":"ImageObject","inLanguage":"es","@id":"https:\/\/secure.gravatar.com\/avatar\/bb65d0283347e303893ba14f0692005417c1e0e690a325a4c5d8bb2b3943ee14?s=96&d=mm&r=g","url":"https:\/\/secure.gravatar.com\/avatar\/bb65d0283347e303893ba14f0692005417c1e0e690a325a4c5d8bb2b3943ee14?s=96&d=mm&r=g","contentUrl":"https:\/\/secure.gravatar.com\/avatar\/bb65d0283347e303893ba14f0692005417c1e0e690a325a4c5d8bb2b3943ee14?s=96&d=mm&r=g","caption":"Cope Alcoy"}}]}},"_links":{"self":[{"href":"https:\/\/www.copealcoy.es\/es\/wp-json\/wp\/v2\/posts\/156457","targetHints":{"allow":["GET"]}}],"collection":[{"href":"https:\/\/www.copealcoy.es\/es\/wp-json\/wp\/v2\/posts"}],"about":[{"href":"https:\/\/www.copealcoy.es\/es\/wp-json\/wp\/v2\/types\/post"}],"author":[{"embeddable":true,"href":"https:\/\/www.copealcoy.es\/es\/wp-json\/wp\/v2\/users\/1"}],"replies":[{"embeddable":true,"href":"https:\/\/www.copealcoy.es\/es\/wp-json\/wp\/v2\/comments?post=156457"}],"version-history":[{"count":3,"href":"https:\/\/www.copealcoy.es\/es\/wp-json\/wp\/v2\/posts\/156457\/revisions"}],"predecessor-version":[{"id":156473,"href":"https:\/\/www.copealcoy.es\/es\/wp-json\/wp\/v2\/posts\/156457\/revisions\/156473"}],"wp:featuredmedia":[{"embeddable":true,"href":"https:\/\/www.copealcoy.es\/es\/wp-json\/wp\/v2\/media\/156458"}],"wp:attachment":[{"href":"https:\/\/www.copealcoy.es\/es\/wp-json\/wp\/v2\/media?parent=156457"}],"wp:term":[{"taxonomy":"category","embeddable":true,"href":"https:\/\/www.copealcoy.es\/es\/wp-json\/wp\/v2\/categories?post=156457"},{"taxonomy":"post_tag","embeddable":true,"href":"https:\/\/www.copealcoy.es\/es\/wp-json\/wp\/v2\/tags?post=156457"}],"curies":[{"name":"wp","href":"https:\/\/api.w.org\/{rel}","templated":true}]}}