{"id":156451,"date":"2025-08-29T09:48:47","date_gmt":"2025-08-29T08:48:47","guid":{"rendered":"https:\/\/www.copealcoy.es\/?p=156451"},"modified":"2025-08-29T09:48:47","modified_gmt":"2025-08-29T08:48:47","slug":"cuenta-atras-para-la-vuelta-al-cole-asi-sera-el-calendario-escolar-en-la-comunitat-valenciana","status":"publish","type":"post","link":"https:\/\/www.copealcoy.es\/es\/cuenta-atras-para-la-vuelta-al-cole-asi-sera-el-calendario-escolar-en-la-comunitat-valenciana\/","title":{"rendered":"Cuenta atr\u00e1s para la vuelta al cole. As\u00ed ser\u00e1 el calendario escolar en la Comunitat Valenciana"},"content":{"rendered":"<p style=\"text-align: justify;\">La <a href=\"https:\/\/ceice.gva.es\/es\/\" target=\"_blank\" rel=\"noopener\"><span style=\"color: #0000ff;\"><strong>Conselleria de Educaci\u00f3n, Cultura, Universidades y Empleo<\/strong><\/span><\/a>, de la Generalitat Valenciana, a trav\u00e9s de la direcci\u00f3n general de Centros Docentes, establec\u00eda antes del verano que <strong>el curso escolar 2025\/2026<\/strong> en la Comunitat Valenciana comience el <strong>8 de septiembre de 2025<\/strong> en las etapas de Infantil, Primaria, ESO, Bachillerato y Formaci\u00f3n Profesional, tanto en FP Grado B\u00e1sico (FPB) como en las titulaciones de Grado Medio y Superior. Asimismo, el \u00faltimo d\u00eda lectivo del curso ser\u00e1 el <strong>19 de junio de 2026<\/strong> en Infantil, Primaria, Secundaria, Bachillerato y FP Grado B\u00e1sico y titulaciones de grado Medio y Superior.<\/p>\n<p style=\"text-align: justify;\">\nPor su parte, los programas formativos de cualificaci\u00f3n b\u00e1sica y FP de segunda oportunidad comenzar\u00e1n el curso el <strong>10 de septiembre<\/strong> y finalizar\u00e1n el <strong>19 de junio<\/strong>. En cuanto a la Formaci\u00f3n de Personas Adultas, las clases comenzar\u00e1n el <strong>15 de septiembre de 2025<\/strong> y finalizar\u00e1n el <strong>12 de junio de 2026<\/strong>. En otro orden de cosas, en Ense\u00f1anzas Art\u00edsticas de M\u00fasica y Danza, elementales y profesionales, Ense\u00f1anzas Profesionales de Artes Pl\u00e1sticas y Dise\u00f1o comenzar\u00e1n el <strong>15 de septiembre de 2025<\/strong> y finalizar\u00e1n el <strong>12 de junio de 2026<\/strong>.<\/p>\n<p style=\"text-align: justify;\">Los alumnos de Ense\u00f1anzas Deportivas de R\u00e9gimen Especial comenzar\u00e1n el curso el <strong>22 de septiembre<\/strong> y finalizar\u00e1n el <strong>19 de junio<\/strong>. Las Escuelas Oficiales de Idiomas comenzar\u00e1 el curso el <strong>25 de septiembre de 2025<\/strong> y finalizar\u00e1 el <strong>19 de junio de 2026<\/strong>. De este modo, el pr\u00f3ximo curso los centros educativos de Infantil, Primaria, Secundaria y Bachillerato de la Comunitat Valenciana tendr\u00e1n 181 d\u00edas lectivos frente a los 179 del curso actual.<\/p>\n<p><span style=\"color: #0000ff;\"><strong>Periodos de vacaciones<\/strong><\/span><\/p>\n<p style=\"text-align: justify;\">Los periodos no lectivos durante el curso 2025\/2026 comprenden <strong>las vacaciones de Navidad<\/strong>, que ser\u00e1n desde el 23 de diciembre de 2025 al 6 de enero de 2026, ambos inclusive; y <strong>las vacaciones de Pascua<\/strong>, que engloban desde el 2 al 13 de abril de 2026, ambos inclusive. Adem\u00e1s, durante este curso escolar <strong>no ser\u00e1n lectivos<\/strong> los d\u00edas festivos 9 de octubre, D\u00eda de la Comunitat Valenciana; 8 de diciembre, D\u00eda de la Inmaculada Concepci\u00f3n; 19 de marzo, D\u00eda de San Jos\u00e9; y 1 de mayo, D\u00eda Internacional de los Trabajadores.<\/p>\n<p style=\"text-align: justify;\">A ello <strong>se le unen<\/strong> los d\u00edas contemplados como festivos con car\u00e1cter local. Tambi\u00e9n destacan en este sentido las jornadas no lectivas aprobadas en cada poblaci\u00f3n a trav\u00e9s de sus Consejos Escolares Municipales.<\/p>\n","protected":false},"excerpt":{"rendered":"<p>La Conselleria de Educaci\u00f3n, Cultura, Universidades y Empleo, de la Generalitat Valenciana, a trav\u00e9s de la direcci\u00f3n general de Centros&#8230;<\/p>\n","protected":false},"author":1,"featured_media":155157,"comment_status":"closed","ping_status":"closed","sticky":false,"template":"","format":"standard","meta":{"footnotes":""},"categories":[6909,900,75,125],"tags":[5993,1768,10805,4570],"class_list":["post-156451","post","type-post","status-publish","format-standard","has-post-thumbnail","hentry","category-actualidad","category-educacion","category-noticias","category-portada","tag-calendario-escolar","tag-comunitat-valenciana","tag-inicio-de-curso","tag-vuelta-al-cole"],"yoast_head":"<!-- This site is optimized with the Yoast SEO plugin v27.3 - https:\/\/yoast.com\/product\/yoast-seo-wordpress\/ -->\n<title>Cuenta atr\u00e1s para la vuelta al cole. As\u00ed ser\u00e1 el calendario escolar en la Comunitat Valenciana - COPE Alcoy<\/title>\n<meta name=\"description\" content=\"Cuenta atr\u00e1s para la vuelta al cole. As\u00ed ser\u00e1 el calendario escolar en la Comunitat Valenciana\" \/>\n<meta name=\"robots\" content=\"index, follow, max-snippet:-1, max-image-preview:large, max-video-preview:-1\" \/>\n<link rel=\"canonical\" href=\"https:\/\/www.copealcoy.es\/es\/cuenta-atras-para-la-vuelta-al-cole-asi-sera-el-calendario-escolar-en-la-comunitat-valenciana\/\" \/>\n<meta property=\"og:locale\" content=\"es_ES\" \/>\n<meta property=\"og:type\" content=\"article\" \/>\n<meta property=\"og:title\" content=\"Cuenta atr\u00e1s para la vuelta al cole. As\u00ed ser\u00e1 el calendario escolar en la Comunitat Valenciana - COPE Alcoy\" \/>\n<meta property=\"og:description\" content=\"Cuenta atr\u00e1s para la vuelta al cole. As\u00ed ser\u00e1 el calendario escolar en la Comunitat Valenciana\" \/>\n<meta property=\"og:url\" content=\"https:\/\/www.copealcoy.es\/es\/cuenta-atras-para-la-vuelta-al-cole-asi-sera-el-calendario-escolar-en-la-comunitat-valenciana\/\" \/>\n<meta property=\"og:site_name\" content=\"COPE Alcoy\" \/>\n<meta property=\"article:published_time\" content=\"2025-08-29T08:48:47+00:00\" \/>\n<meta property=\"og:image\" content=\"https:\/\/www.copealcoy.es\/wp-content\/uploads\/2025\/07\/1-4.jpg\" \/>\n\t<meta property=\"og:image:width\" content=\"954\" \/>\n\t<meta property=\"og:image:height\" content=\"636\" \/>\n\t<meta property=\"og:image:type\" content=\"image\/jpeg\" \/>\n<meta name=\"author\" content=\"Cope Alcoy\" \/>\n<meta name=\"twitter:label1\" content=\"Escrito por\" \/>\n\t<meta name=\"twitter:data1\" content=\"Cope Alcoy\" \/>\n\t<meta name=\"twitter:label2\" content=\"Tiempo de lectura\" \/>\n\t<meta name=\"twitter:data2\" content=\"3 minutos\" \/>\n<script type=\"application\/ld+json\" class=\"yoast-schema-graph\">{\"@context\":\"https:\\\/\\\/schema.org\",\"@graph\":[{\"@type\":\"Article\",\"@id\":\"https:\\\/\\\/www.copealcoy.es\\\/es\\\/cuenta-atras-para-la-vuelta-al-cole-asi-sera-el-calendario-escolar-en-la-comunitat-valenciana\\\/#article\",\"isPartOf\":{\"@id\":\"https:\\\/\\\/www.copealcoy.es\\\/es\\\/cuenta-atras-para-la-vuelta-al-cole-asi-sera-el-calendario-escolar-en-la-comunitat-valenciana\\\/\"},\"author\":{\"name\":\"Cope Alcoy\",\"@id\":\"https:\\\/\\\/www.copealcoy.es\\\/es\\\/#\\\/schema\\\/person\\\/e777c87fa024e57d40170af9df39882c\"},\"headline\":\"Cuenta atr\u00e1s para la vuelta al cole. As\u00ed ser\u00e1 el calendario escolar en la Comunitat Valenciana\",\"datePublished\":\"2025-08-29T08:48:47+00:00\",\"mainEntityOfPage\":{\"@id\":\"https:\\\/\\\/www.copealcoy.es\\\/es\\\/cuenta-atras-para-la-vuelta-al-cole-asi-sera-el-calendario-escolar-en-la-comunitat-valenciana\\\/\"},\"wordCount\":412,\"image\":{\"@id\":\"https:\\\/\\\/www.copealcoy.es\\\/es\\\/cuenta-atras-para-la-vuelta-al-cole-asi-sera-el-calendario-escolar-en-la-comunitat-valenciana\\\/#primaryimage\"},\"thumbnailUrl\":\"https:\\\/\\\/www.copealcoy.es\\\/wp-content\\\/uploads\\\/2025\\\/07\\\/1-4.jpg\",\"keywords\":[\"calendario escolar\",\"Comunitat Valenciana\",\"inicio de curso\",\"Vuelta al Cole\"],\"articleSection\":[\"Actualidad\",\"Educaci\u00f3n\",\"Noticias\",\"Portada\"],\"inLanguage\":\"es\"},{\"@type\":\"WebPage\",\"@id\":\"https:\\\/\\\/www.copealcoy.es\\\/es\\\/cuenta-atras-para-la-vuelta-al-cole-asi-sera-el-calendario-escolar-en-la-comunitat-valenciana\\\/\",\"url\":\"https:\\\/\\\/www.copealcoy.es\\\/es\\\/cuenta-atras-para-la-vuelta-al-cole-asi-sera-el-calendario-escolar-en-la-comunitat-valenciana\\\/\",\"name\":\"Cuenta atr\u00e1s para la vuelta al cole. As\u00ed ser\u00e1 el calendario escolar en la Comunitat Valenciana - COPE Alcoy\",\"isPartOf\":{\"@id\":\"https:\\\/\\\/www.copealcoy.es\\\/es\\\/#website\"},\"primaryImageOfPage\":{\"@id\":\"https:\\\/\\\/www.copealcoy.es\\\/es\\\/cuenta-atras-para-la-vuelta-al-cole-asi-sera-el-calendario-escolar-en-la-comunitat-valenciana\\\/#primaryimage\"},\"image\":{\"@id\":\"https:\\\/\\\/www.copealcoy.es\\\/es\\\/cuenta-atras-para-la-vuelta-al-cole-asi-sera-el-calendario-escolar-en-la-comunitat-valenciana\\\/#primaryimage\"},\"thumbnailUrl\":\"https:\\\/\\\/www.copealcoy.es\\\/wp-content\\\/uploads\\\/2025\\\/07\\\/1-4.jpg\",\"datePublished\":\"2025-08-29T08:48:47+00:00\",\"author\":{\"@id\":\"https:\\\/\\\/www.copealcoy.es\\\/es\\\/#\\\/schema\\\/person\\\/e777c87fa024e57d40170af9df39882c\"},\"description\":\"Cuenta atr\u00e1s para la vuelta al cole. As\u00ed ser\u00e1 el calendario escolar en la Comunitat Valenciana\",\"breadcrumb\":{\"@id\":\"https:\\\/\\\/www.copealcoy.es\\\/es\\\/cuenta-atras-para-la-vuelta-al-cole-asi-sera-el-calendario-escolar-en-la-comunitat-valenciana\\\/#breadcrumb\"},\"inLanguage\":\"es\",\"potentialAction\":[{\"@type\":\"ReadAction\",\"target\":[\"https:\\\/\\\/www.copealcoy.es\\\/es\\\/cuenta-atras-para-la-vuelta-al-cole-asi-sera-el-calendario-escolar-en-la-comunitat-valenciana\\\/\"]}]},{\"@type\":\"ImageObject\",\"inLanguage\":\"es\",\"@id\":\"https:\\\/\\\/www.copealcoy.es\\\/es\\\/cuenta-atras-para-la-vuelta-al-cole-asi-sera-el-calendario-escolar-en-la-comunitat-valenciana\\\/#primaryimage\",\"url\":\"https:\\\/\\\/www.copealcoy.es\\\/wp-content\\\/uploads\\\/2025\\\/07\\\/1-4.jpg\",\"contentUrl\":\"https:\\\/\\\/www.copealcoy.es\\\/wp-content\\\/uploads\\\/2025\\\/07\\\/1-4.jpg\",\"width\":954,\"height\":636},{\"@type\":\"BreadcrumbList\",\"@id\":\"https:\\\/\\\/www.copealcoy.es\\\/es\\\/cuenta-atras-para-la-vuelta-al-cole-asi-sera-el-calendario-escolar-en-la-comunitat-valenciana\\\/#breadcrumb\",\"itemListElement\":[{\"@type\":\"ListItem\",\"position\":1,\"name\":\"Portada\",\"item\":\"https:\\\/\\\/www.copealcoy.es\\\/es\\\/\"},{\"@type\":\"ListItem\",\"position\":2,\"name\":\"Cuenta atr\u00e1s para la vuelta al cole. As\u00ed ser\u00e1 el calendario escolar en la Comunitat Valenciana\"}]},{\"@type\":\"WebSite\",\"@id\":\"https:\\\/\\\/www.copealcoy.es\\\/es\\\/#website\",\"url\":\"https:\\\/\\\/www.copealcoy.es\\\/es\\\/\",\"name\":\"COPE Alcoy\",\"description\":\"Emisora COPE de radio local con emisi\u00f3n online. Pont de Sant Jordi 8-10 03803 Alcoy\",\"potentialAction\":[{\"@type\":\"SearchAction\",\"target\":{\"@type\":\"EntryPoint\",\"urlTemplate\":\"https:\\\/\\\/www.copealcoy.es\\\/es\\\/?s={search_term_string}\"},\"query-input\":{\"@type\":\"PropertyValueSpecification\",\"valueRequired\":true,\"valueName\":\"search_term_string\"}}],\"inLanguage\":\"es\"},{\"@type\":\"Person\",\"@id\":\"https:\\\/\\\/www.copealcoy.es\\\/es\\\/#\\\/schema\\\/person\\\/e777c87fa024e57d40170af9df39882c\",\"name\":\"Cope Alcoy\",\"image\":{\"@type\":\"ImageObject\",\"inLanguage\":\"es\",\"@id\":\"https:\\\/\\\/secure.gravatar.com\\\/avatar\\\/bb65d0283347e303893ba14f0692005417c1e0e690a325a4c5d8bb2b3943ee14?s=96&d=mm&r=g\",\"url\":\"https:\\\/\\\/secure.gravatar.com\\\/avatar\\\/bb65d0283347e303893ba14f0692005417c1e0e690a325a4c5d8bb2b3943ee14?s=96&d=mm&r=g\",\"contentUrl\":\"https:\\\/\\\/secure.gravatar.com\\\/avatar\\\/bb65d0283347e303893ba14f0692005417c1e0e690a325a4c5d8bb2b3943ee14?s=96&d=mm&r=g\",\"caption\":\"Cope Alcoy\"}}]}<\/script>\n<!-- \/ Yoast SEO plugin. -->","yoast_head_json":{"title":"Cuenta atr\u00e1s para la vuelta al cole. As\u00ed ser\u00e1 el calendario escolar en la Comunitat Valenciana - COPE Alcoy","description":"Cuenta atr\u00e1s para la vuelta al cole. As\u00ed ser\u00e1 el calendario escolar en la Comunitat Valenciana","robots":{"index":"index","follow":"follow","max-snippet":"max-snippet:-1","max-image-preview":"max-image-preview:large","max-video-preview":"max-video-preview:-1"},"canonical":"https:\/\/www.copealcoy.es\/es\/cuenta-atras-para-la-vuelta-al-cole-asi-sera-el-calendario-escolar-en-la-comunitat-valenciana\/","og_locale":"es_ES","og_type":"article","og_title":"Cuenta atr\u00e1s para la vuelta al cole. As\u00ed ser\u00e1 el calendario escolar en la Comunitat Valenciana - COPE Alcoy","og_description":"Cuenta atr\u00e1s para la vuelta al cole. As\u00ed ser\u00e1 el calendario escolar en la Comunitat Valenciana","og_url":"https:\/\/www.copealcoy.es\/es\/cuenta-atras-para-la-vuelta-al-cole-asi-sera-el-calendario-escolar-en-la-comunitat-valenciana\/","og_site_name":"COPE Alcoy","article_published_time":"2025-08-29T08:48:47+00:00","og_image":[{"width":954,"height":636,"url":"https:\/\/www.copealcoy.es\/wp-content\/uploads\/2025\/07\/1-4.jpg","type":"image\/jpeg"}],"author":"Cope Alcoy","twitter_misc":{"Escrito por":"Cope Alcoy","Tiempo de lectura":"3 minutos"},"schema":{"@context":"https:\/\/schema.org","@graph":[{"@type":"Article","@id":"https:\/\/www.copealcoy.es\/es\/cuenta-atras-para-la-vuelta-al-cole-asi-sera-el-calendario-escolar-en-la-comunitat-valenciana\/#article","isPartOf":{"@id":"https:\/\/www.copealcoy.es\/es\/cuenta-atras-para-la-vuelta-al-cole-asi-sera-el-calendario-escolar-en-la-comunitat-valenciana\/"},"author":{"name":"Cope Alcoy","@id":"https:\/\/www.copealcoy.es\/es\/#\/schema\/person\/e777c87fa024e57d40170af9df39882c"},"headline":"Cuenta atr\u00e1s para la vuelta al cole. As\u00ed ser\u00e1 el calendario escolar en la Comunitat Valenciana","datePublished":"2025-08-29T08:48:47+00:00","mainEntityOfPage":{"@id":"https:\/\/www.copealcoy.es\/es\/cuenta-atras-para-la-vuelta-al-cole-asi-sera-el-calendario-escolar-en-la-comunitat-valenciana\/"},"wordCount":412,"image":{"@id":"https:\/\/www.copealcoy.es\/es\/cuenta-atras-para-la-vuelta-al-cole-asi-sera-el-calendario-escolar-en-la-comunitat-valenciana\/#primaryimage"},"thumbnailUrl":"https:\/\/www.copealcoy.es\/wp-content\/uploads\/2025\/07\/1-4.jpg","keywords":["calendario escolar","Comunitat Valenciana","inicio de curso","Vuelta al Cole"],"articleSection":["Actualidad","Educaci\u00f3n","Noticias","Portada"],"inLanguage":"es"},{"@type":"WebPage","@id":"https:\/\/www.copealcoy.es\/es\/cuenta-atras-para-la-vuelta-al-cole-asi-sera-el-calendario-escolar-en-la-comunitat-valenciana\/","url":"https:\/\/www.copealcoy.es\/es\/cuenta-atras-para-la-vuelta-al-cole-asi-sera-el-calendario-escolar-en-la-comunitat-valenciana\/","name":"Cuenta atr\u00e1s para la vuelta al cole. As\u00ed ser\u00e1 el calendario escolar en la Comunitat Valenciana - COPE Alcoy","isPartOf":{"@id":"https:\/\/www.copealcoy.es\/es\/#website"},"primaryImageOfPage":{"@id":"https:\/\/www.copealcoy.es\/es\/cuenta-atras-para-la-vuelta-al-cole-asi-sera-el-calendario-escolar-en-la-comunitat-valenciana\/#primaryimage"},"image":{"@id":"https:\/\/www.copealcoy.es\/es\/cuenta-atras-para-la-vuelta-al-cole-asi-sera-el-calendario-escolar-en-la-comunitat-valenciana\/#primaryimage"},"thumbnailUrl":"https:\/\/www.copealcoy.es\/wp-content\/uploads\/2025\/07\/1-4.jpg","datePublished":"2025-08-29T08:48:47+00:00","author":{"@id":"https:\/\/www.copealcoy.es\/es\/#\/schema\/person\/e777c87fa024e57d40170af9df39882c"},"description":"Cuenta atr\u00e1s para la vuelta al cole. As\u00ed ser\u00e1 el calendario escolar en la Comunitat Valenciana","breadcrumb":{"@id":"https:\/\/www.copealcoy.es\/es\/cuenta-atras-para-la-vuelta-al-cole-asi-sera-el-calendario-escolar-en-la-comunitat-valenciana\/#breadcrumb"},"inLanguage":"es","potentialAction":[{"@type":"ReadAction","target":["https:\/\/www.copealcoy.es\/es\/cuenta-atras-para-la-vuelta-al-cole-asi-sera-el-calendario-escolar-en-la-comunitat-valenciana\/"]}]},{"@type":"ImageObject","inLanguage":"es","@id":"https:\/\/www.copealcoy.es\/es\/cuenta-atras-para-la-vuelta-al-cole-asi-sera-el-calendario-escolar-en-la-comunitat-valenciana\/#primaryimage","url":"https:\/\/www.copealcoy.es\/wp-content\/uploads\/2025\/07\/1-4.jpg","contentUrl":"https:\/\/www.copealcoy.es\/wp-content\/uploads\/2025\/07\/1-4.jpg","width":954,"height":636},{"@type":"BreadcrumbList","@id":"https:\/\/www.copealcoy.es\/es\/cuenta-atras-para-la-vuelta-al-cole-asi-sera-el-calendario-escolar-en-la-comunitat-valenciana\/#breadcrumb","itemListElement":[{"@type":"ListItem","position":1,"name":"Portada","item":"https:\/\/www.copealcoy.es\/es\/"},{"@type":"ListItem","position":2,"name":"Cuenta atr\u00e1s para la vuelta al cole. As\u00ed ser\u00e1 el calendario escolar en la Comunitat Valenciana"}]},{"@type":"WebSite","@id":"https:\/\/www.copealcoy.es\/es\/#website","url":"https:\/\/www.copealcoy.es\/es\/","name":"COPE Alcoy","description":"Emisora COPE de radio local con emisi\u00f3n online. Pont de Sant Jordi 8-10 03803 Alcoy","potentialAction":[{"@type":"SearchAction","target":{"@type":"EntryPoint","urlTemplate":"https:\/\/www.copealcoy.es\/es\/?s={search_term_string}"},"query-input":{"@type":"PropertyValueSpecification","valueRequired":true,"valueName":"search_term_string"}}],"inLanguage":"es"},{"@type":"Person","@id":"https:\/\/www.copealcoy.es\/es\/#\/schema\/person\/e777c87fa024e57d40170af9df39882c","name":"Cope Alcoy","image":{"@type":"ImageObject","inLanguage":"es","@id":"https:\/\/secure.gravatar.com\/avatar\/bb65d0283347e303893ba14f0692005417c1e0e690a325a4c5d8bb2b3943ee14?s=96&d=mm&r=g","url":"https:\/\/secure.gravatar.com\/avatar\/bb65d0283347e303893ba14f0692005417c1e0e690a325a4c5d8bb2b3943ee14?s=96&d=mm&r=g","contentUrl":"https:\/\/secure.gravatar.com\/avatar\/bb65d0283347e303893ba14f0692005417c1e0e690a325a4c5d8bb2b3943ee14?s=96&d=mm&r=g","caption":"Cope Alcoy"}}]}},"_links":{"self":[{"href":"https:\/\/www.copealcoy.es\/es\/wp-json\/wp\/v2\/posts\/156451","targetHints":{"allow":["GET"]}}],"collection":[{"href":"https:\/\/www.copealcoy.es\/es\/wp-json\/wp\/v2\/posts"}],"about":[{"href":"https:\/\/www.copealcoy.es\/es\/wp-json\/wp\/v2\/types\/post"}],"author":[{"embeddable":true,"href":"https:\/\/www.copealcoy.es\/es\/wp-json\/wp\/v2\/users\/1"}],"replies":[{"embeddable":true,"href":"https:\/\/www.copealcoy.es\/es\/wp-json\/wp\/v2\/comments?post=156451"}],"version-history":[{"count":1,"href":"https:\/\/www.copealcoy.es\/es\/wp-json\/wp\/v2\/posts\/156451\/revisions"}],"predecessor-version":[{"id":156452,"href":"https:\/\/www.copealcoy.es\/es\/wp-json\/wp\/v2\/posts\/156451\/revisions\/156452"}],"wp:featuredmedia":[{"embeddable":true,"href":"https:\/\/www.copealcoy.es\/es\/wp-json\/wp\/v2\/media\/155157"}],"wp:attachment":[{"href":"https:\/\/www.copealcoy.es\/es\/wp-json\/wp\/v2\/media?parent=156451"}],"wp:term":[{"taxonomy":"category","embeddable":true,"href":"https:\/\/www.copealcoy.es\/es\/wp-json\/wp\/v2\/categories?post=156451"},{"taxonomy":"post_tag","embeddable":true,"href":"https:\/\/www.copealcoy.es\/es\/wp-json\/wp\/v2\/tags?post=156451"}],"curies":[{"name":"wp","href":"https:\/\/api.w.org\/{rel}","templated":true}]}}