{"id":15645,"date":"2015-09-11T06:20:55","date_gmt":"2015-09-11T06:20:55","guid":{"rendered":"http:\/\/copealcoi.es\/new\/?p=15645"},"modified":"2015-09-10T22:05:01","modified_gmt":"2015-09-10T22:05:01","slug":"col%c2%b7lectiu-03820-compromis-pide-que-cocentaina-preste-acogida-a-refugiados","status":"publish","type":"post","link":"https:\/\/www.copealcoy.es\/es\/col%c2%b7lectiu-03820-compromis-pide-que-cocentaina-preste-acogida-a-refugiados\/","title":{"rendered":"Col\u00b7lectiu 03820-Comprom\u00eds pide que Cocentaina preste acogida a refugiados"},"content":{"rendered":"<p style=\"text-align: justify;\">La coalici\u00f3n\u00a0Col\u00b7lectiu 03820-Comprom\u00eds de Cocentaina ha anunciado que en el pr\u00f3ximo pleno municipal presentar\u00e1 una moci\u00f3n en la que propondr\u00e1n que la Villa Condal se declare \u00a0&#8220;pueblo -refugio&#8221;. La petici\u00f3n contempla que el Ayuntamiento ponga a disposici\u00f3n de los desplazados el albergue municipal al mismo tiempo que insta a que se elabore un censo de familias que est\u00e9n dispuestas a ayudar materialmente a las personas refugiadas provenientes en su mayor\u00eda de Siria. En este sentido la formaci\u00f3n pol\u00edtica pide que bancos, empresas y otro tipo de entidades contribuyan a la cesi\u00f3n de viviendas en el municipio para tal fin.<\/p>\n<p style=\"text-align: justify;\">El portavoz del Grupo Municipal de\u00a0Col\u00b7lectiu 03820-Comprom\u00eds, Xavi Anduix, ha afirmado que Cocentaina siempre ha destacado por ser un pueblo abierto y solidario\u00a0al mismo tiempo que ha se\u00f1alado que la situaci\u00f3n de las personas refugiadas es de emergencia y desamparo &#8220;no podemos estar pasivos ante estos hechos y nuestra condici\u00f3n de seres humanos nos obliga a ser solidarios con ellos y a acogerlos puesto que nosotros en otras \u00e9pocas de la historia tambi\u00e9n tuvimos que ser refugiados&#8221;, concluye.<\/p>\n","protected":false},"excerpt":{"rendered":"<p>La coalici\u00f3n\u00a0Col\u00b7lectiu 03820-Comprom\u00eds de Cocentaina ha anunciado que en el pr\u00f3ximo pleno municipal presentar\u00e1 una moci\u00f3n en la que propondr\u00e1n&#8230;<\/p>\n","protected":false},"author":1,"featured_media":15646,"comment_status":"open","ping_status":"open","sticky":false,"template":"","format":"standard","meta":{"footnotes":""},"categories":[98,75],"tags":[132,610,152,1383],"class_list":["post-15645","post","type-post","status-publish","format-standard","has-post-thumbnail","hentry","category-comarcas","category-noticias","tag-cocentaina","tag-col-lectiu-03820","tag-compromis","tag-refugiados"],"yoast_head":"<!-- This site is optimized with the Yoast SEO plugin v27.3 - https:\/\/yoast.com\/product\/yoast-seo-wordpress\/ -->\n<title>Col\u00b7lectiu 03820-Comprom\u00eds pide que Cocentaina preste acogida a refugiados - COPE Alcoy<\/title>\n<meta name=\"robots\" content=\"index, follow, max-snippet:-1, max-image-preview:large, max-video-preview:-1\" \/>\n<link rel=\"canonical\" href=\"https:\/\/www.copealcoy.es\/es\/col%c2%b7lectiu-03820-compromis-pide-que-cocentaina-preste-acogida-a-refugiados\/\" \/>\n<meta property=\"og:locale\" content=\"es_ES\" \/>\n<meta property=\"og:type\" content=\"article\" \/>\n<meta property=\"og:title\" content=\"Col\u00b7lectiu 03820-Comprom\u00eds pide que Cocentaina preste acogida a refugiados - COPE Alcoy\" \/>\n<meta property=\"og:description\" content=\"La coalici\u00f3n\u00a0Col\u00b7lectiu 03820-Comprom\u00eds de Cocentaina ha anunciado que en el pr\u00f3ximo pleno municipal presentar\u00e1 una moci\u00f3n en la que propondr\u00e1n...\" \/>\n<meta property=\"og:url\" content=\"https:\/\/www.copealcoy.es\/es\/col%c2%b7lectiu-03820-compromis-pide-que-cocentaina-preste-acogida-a-refugiados\/\" \/>\n<meta property=\"og:site_name\" content=\"COPE Alcoy\" \/>\n<meta property=\"article:published_time\" content=\"2015-09-11T06:20:55+00:00\" \/>\n<meta property=\"og:image\" content=\"https:\/\/www.copealcoy.es\/wp-content\/uploads\/2015\/09\/img_20081.jpg\" \/>\n\t<meta property=\"og:image:width\" content=\"670\" \/>\n\t<meta property=\"og:image:height\" content=\"377\" \/>\n\t<meta property=\"og:image:type\" content=\"image\/jpeg\" \/>\n<meta name=\"author\" content=\"Cope Alcoy\" \/>\n<meta name=\"twitter:label1\" content=\"Escrito por\" \/>\n\t<meta name=\"twitter:data1\" content=\"Cope Alcoy\" \/>\n\t<meta name=\"twitter:label2\" content=\"Tiempo de lectura\" \/>\n\t<meta name=\"twitter:data2\" content=\"1 minuto\" \/>\n<script type=\"application\/ld+json\" class=\"yoast-schema-graph\">{\"@context\":\"https:\\\/\\\/schema.org\",\"@graph\":[{\"@type\":\"Article\",\"@id\":\"https:\\\/\\\/www.copealcoy.es\\\/es\\\/col%c2%b7lectiu-03820-compromis-pide-que-cocentaina-preste-acogida-a-refugiados\\\/#article\",\"isPartOf\":{\"@id\":\"https:\\\/\\\/www.copealcoy.es\\\/es\\\/col%c2%b7lectiu-03820-compromis-pide-que-cocentaina-preste-acogida-a-refugiados\\\/\"},\"author\":{\"name\":\"Cope Alcoy\",\"@id\":\"https:\\\/\\\/www.copealcoy.es\\\/es\\\/#\\\/schema\\\/person\\\/e777c87fa024e57d40170af9df39882c\"},\"headline\":\"Col\u00b7lectiu 03820-Comprom\u00eds pide que Cocentaina preste acogida a refugiados\",\"datePublished\":\"2015-09-11T06:20:55+00:00\",\"mainEntityOfPage\":{\"@id\":\"https:\\\/\\\/www.copealcoy.es\\\/es\\\/col%c2%b7lectiu-03820-compromis-pide-que-cocentaina-preste-acogida-a-refugiados\\\/\"},\"wordCount\":210,\"commentCount\":0,\"image\":{\"@id\":\"https:\\\/\\\/www.copealcoy.es\\\/es\\\/col%c2%b7lectiu-03820-compromis-pide-que-cocentaina-preste-acogida-a-refugiados\\\/#primaryimage\"},\"thumbnailUrl\":\"https:\\\/\\\/www.copealcoy.es\\\/wp-content\\\/uploads\\\/2015\\\/09\\\/img_20081.jpg\",\"keywords\":[\"Cocentaina\",\"Col.lectiu 03820\",\"Comprom\u00eds\",\"refugiados\"],\"articleSection\":[\"Comarcas\",\"Noticias\"],\"inLanguage\":\"es\"},{\"@type\":\"WebPage\",\"@id\":\"https:\\\/\\\/www.copealcoy.es\\\/es\\\/col%c2%b7lectiu-03820-compromis-pide-que-cocentaina-preste-acogida-a-refugiados\\\/\",\"url\":\"https:\\\/\\\/www.copealcoy.es\\\/es\\\/col%c2%b7lectiu-03820-compromis-pide-que-cocentaina-preste-acogida-a-refugiados\\\/\",\"name\":\"Col\u00b7lectiu 03820-Comprom\u00eds pide que Cocentaina preste acogida a refugiados - COPE Alcoy\",\"isPartOf\":{\"@id\":\"https:\\\/\\\/www.copealcoy.es\\\/es\\\/#website\"},\"primaryImageOfPage\":{\"@id\":\"https:\\\/\\\/www.copealcoy.es\\\/es\\\/col%c2%b7lectiu-03820-compromis-pide-que-cocentaina-preste-acogida-a-refugiados\\\/#primaryimage\"},\"image\":{\"@id\":\"https:\\\/\\\/www.copealcoy.es\\\/es\\\/col%c2%b7lectiu-03820-compromis-pide-que-cocentaina-preste-acogida-a-refugiados\\\/#primaryimage\"},\"thumbnailUrl\":\"https:\\\/\\\/www.copealcoy.es\\\/wp-content\\\/uploads\\\/2015\\\/09\\\/img_20081.jpg\",\"datePublished\":\"2015-09-11T06:20:55+00:00\",\"author\":{\"@id\":\"https:\\\/\\\/www.copealcoy.es\\\/es\\\/#\\\/schema\\\/person\\\/e777c87fa024e57d40170af9df39882c\"},\"breadcrumb\":{\"@id\":\"https:\\\/\\\/www.copealcoy.es\\\/es\\\/col%c2%b7lectiu-03820-compromis-pide-que-cocentaina-preste-acogida-a-refugiados\\\/#breadcrumb\"},\"inLanguage\":\"es\",\"potentialAction\":[{\"@type\":\"ReadAction\",\"target\":[\"https:\\\/\\\/www.copealcoy.es\\\/es\\\/col%c2%b7lectiu-03820-compromis-pide-que-cocentaina-preste-acogida-a-refugiados\\\/\"]}]},{\"@type\":\"ImageObject\",\"inLanguage\":\"es\",\"@id\":\"https:\\\/\\\/www.copealcoy.es\\\/es\\\/col%c2%b7lectiu-03820-compromis-pide-que-cocentaina-preste-acogida-a-refugiados\\\/#primaryimage\",\"url\":\"https:\\\/\\\/www.copealcoy.es\\\/wp-content\\\/uploads\\\/2015\\\/09\\\/img_20081.jpg\",\"contentUrl\":\"https:\\\/\\\/www.copealcoy.es\\\/wp-content\\\/uploads\\\/2015\\\/09\\\/img_20081.jpg\",\"width\":670,\"height\":377,\"caption\":\"Los ediles Jordi Pla y Paula Figuerola junto al portavoz Xavi Anduix\"},{\"@type\":\"BreadcrumbList\",\"@id\":\"https:\\\/\\\/www.copealcoy.es\\\/es\\\/col%c2%b7lectiu-03820-compromis-pide-que-cocentaina-preste-acogida-a-refugiados\\\/#breadcrumb\",\"itemListElement\":[{\"@type\":\"ListItem\",\"position\":1,\"name\":\"Portada\",\"item\":\"https:\\\/\\\/www.copealcoy.es\\\/es\\\/\"},{\"@type\":\"ListItem\",\"position\":2,\"name\":\"Col\u00b7lectiu 03820-Comprom\u00eds pide que Cocentaina preste acogida a refugiados\"}]},{\"@type\":\"WebSite\",\"@id\":\"https:\\\/\\\/www.copealcoy.es\\\/es\\\/#website\",\"url\":\"https:\\\/\\\/www.copealcoy.es\\\/es\\\/\",\"name\":\"COPE Alcoy\",\"description\":\"Emisora COPE de radio local con emisi\u00f3n online. Pont de Sant Jordi 8-10 03803 Alcoy\",\"potentialAction\":[{\"@type\":\"SearchAction\",\"target\":{\"@type\":\"EntryPoint\",\"urlTemplate\":\"https:\\\/\\\/www.copealcoy.es\\\/es\\\/?s={search_term_string}\"},\"query-input\":{\"@type\":\"PropertyValueSpecification\",\"valueRequired\":true,\"valueName\":\"search_term_string\"}}],\"inLanguage\":\"es\"},{\"@type\":\"Person\",\"@id\":\"https:\\\/\\\/www.copealcoy.es\\\/es\\\/#\\\/schema\\\/person\\\/e777c87fa024e57d40170af9df39882c\",\"name\":\"Cope Alcoy\",\"image\":{\"@type\":\"ImageObject\",\"inLanguage\":\"es\",\"@id\":\"https:\\\/\\\/secure.gravatar.com\\\/avatar\\\/bb65d0283347e303893ba14f0692005417c1e0e690a325a4c5d8bb2b3943ee14?s=96&d=mm&r=g\",\"url\":\"https:\\\/\\\/secure.gravatar.com\\\/avatar\\\/bb65d0283347e303893ba14f0692005417c1e0e690a325a4c5d8bb2b3943ee14?s=96&d=mm&r=g\",\"contentUrl\":\"https:\\\/\\\/secure.gravatar.com\\\/avatar\\\/bb65d0283347e303893ba14f0692005417c1e0e690a325a4c5d8bb2b3943ee14?s=96&d=mm&r=g\",\"caption\":\"Cope Alcoy\"}}]}<\/script>\n<!-- \/ Yoast SEO plugin. -->","yoast_head_json":{"title":"Col\u00b7lectiu 03820-Comprom\u00eds pide que Cocentaina preste acogida a refugiados - COPE Alcoy","robots":{"index":"index","follow":"follow","max-snippet":"max-snippet:-1","max-image-preview":"max-image-preview:large","max-video-preview":"max-video-preview:-1"},"canonical":"https:\/\/www.copealcoy.es\/es\/col%c2%b7lectiu-03820-compromis-pide-que-cocentaina-preste-acogida-a-refugiados\/","og_locale":"es_ES","og_type":"article","og_title":"Col\u00b7lectiu 03820-Comprom\u00eds pide que Cocentaina preste acogida a refugiados - COPE Alcoy","og_description":"La coalici\u00f3n\u00a0Col\u00b7lectiu 03820-Comprom\u00eds de Cocentaina ha anunciado que en el pr\u00f3ximo pleno municipal presentar\u00e1 una moci\u00f3n en la que propondr\u00e1n...","og_url":"https:\/\/www.copealcoy.es\/es\/col%c2%b7lectiu-03820-compromis-pide-que-cocentaina-preste-acogida-a-refugiados\/","og_site_name":"COPE Alcoy","article_published_time":"2015-09-11T06:20:55+00:00","og_image":[{"width":670,"height":377,"url":"https:\/\/www.copealcoy.es\/wp-content\/uploads\/2015\/09\/img_20081.jpg","type":"image\/jpeg"}],"author":"Cope Alcoy","twitter_misc":{"Escrito por":"Cope Alcoy","Tiempo de lectura":"1 minuto"},"schema":{"@context":"https:\/\/schema.org","@graph":[{"@type":"Article","@id":"https:\/\/www.copealcoy.es\/es\/col%c2%b7lectiu-03820-compromis-pide-que-cocentaina-preste-acogida-a-refugiados\/#article","isPartOf":{"@id":"https:\/\/www.copealcoy.es\/es\/col%c2%b7lectiu-03820-compromis-pide-que-cocentaina-preste-acogida-a-refugiados\/"},"author":{"name":"Cope Alcoy","@id":"https:\/\/www.copealcoy.es\/es\/#\/schema\/person\/e777c87fa024e57d40170af9df39882c"},"headline":"Col\u00b7lectiu 03820-Comprom\u00eds pide que Cocentaina preste acogida a refugiados","datePublished":"2015-09-11T06:20:55+00:00","mainEntityOfPage":{"@id":"https:\/\/www.copealcoy.es\/es\/col%c2%b7lectiu-03820-compromis-pide-que-cocentaina-preste-acogida-a-refugiados\/"},"wordCount":210,"commentCount":0,"image":{"@id":"https:\/\/www.copealcoy.es\/es\/col%c2%b7lectiu-03820-compromis-pide-que-cocentaina-preste-acogida-a-refugiados\/#primaryimage"},"thumbnailUrl":"https:\/\/www.copealcoy.es\/wp-content\/uploads\/2015\/09\/img_20081.jpg","keywords":["Cocentaina","Col.lectiu 03820","Comprom\u00eds","refugiados"],"articleSection":["Comarcas","Noticias"],"inLanguage":"es"},{"@type":"WebPage","@id":"https:\/\/www.copealcoy.es\/es\/col%c2%b7lectiu-03820-compromis-pide-que-cocentaina-preste-acogida-a-refugiados\/","url":"https:\/\/www.copealcoy.es\/es\/col%c2%b7lectiu-03820-compromis-pide-que-cocentaina-preste-acogida-a-refugiados\/","name":"Col\u00b7lectiu 03820-Comprom\u00eds pide que Cocentaina preste acogida a refugiados - COPE Alcoy","isPartOf":{"@id":"https:\/\/www.copealcoy.es\/es\/#website"},"primaryImageOfPage":{"@id":"https:\/\/www.copealcoy.es\/es\/col%c2%b7lectiu-03820-compromis-pide-que-cocentaina-preste-acogida-a-refugiados\/#primaryimage"},"image":{"@id":"https:\/\/www.copealcoy.es\/es\/col%c2%b7lectiu-03820-compromis-pide-que-cocentaina-preste-acogida-a-refugiados\/#primaryimage"},"thumbnailUrl":"https:\/\/www.copealcoy.es\/wp-content\/uploads\/2015\/09\/img_20081.jpg","datePublished":"2015-09-11T06:20:55+00:00","author":{"@id":"https:\/\/www.copealcoy.es\/es\/#\/schema\/person\/e777c87fa024e57d40170af9df39882c"},"breadcrumb":{"@id":"https:\/\/www.copealcoy.es\/es\/col%c2%b7lectiu-03820-compromis-pide-que-cocentaina-preste-acogida-a-refugiados\/#breadcrumb"},"inLanguage":"es","potentialAction":[{"@type":"ReadAction","target":["https:\/\/www.copealcoy.es\/es\/col%c2%b7lectiu-03820-compromis-pide-que-cocentaina-preste-acogida-a-refugiados\/"]}]},{"@type":"ImageObject","inLanguage":"es","@id":"https:\/\/www.copealcoy.es\/es\/col%c2%b7lectiu-03820-compromis-pide-que-cocentaina-preste-acogida-a-refugiados\/#primaryimage","url":"https:\/\/www.copealcoy.es\/wp-content\/uploads\/2015\/09\/img_20081.jpg","contentUrl":"https:\/\/www.copealcoy.es\/wp-content\/uploads\/2015\/09\/img_20081.jpg","width":670,"height":377,"caption":"Los ediles Jordi Pla y Paula Figuerola junto al portavoz Xavi Anduix"},{"@type":"BreadcrumbList","@id":"https:\/\/www.copealcoy.es\/es\/col%c2%b7lectiu-03820-compromis-pide-que-cocentaina-preste-acogida-a-refugiados\/#breadcrumb","itemListElement":[{"@type":"ListItem","position":1,"name":"Portada","item":"https:\/\/www.copealcoy.es\/es\/"},{"@type":"ListItem","position":2,"name":"Col\u00b7lectiu 03820-Comprom\u00eds pide que Cocentaina preste acogida a refugiados"}]},{"@type":"WebSite","@id":"https:\/\/www.copealcoy.es\/es\/#website","url":"https:\/\/www.copealcoy.es\/es\/","name":"COPE Alcoy","description":"Emisora COPE de radio local con emisi\u00f3n online. Pont de Sant Jordi 8-10 03803 Alcoy","potentialAction":[{"@type":"SearchAction","target":{"@type":"EntryPoint","urlTemplate":"https:\/\/www.copealcoy.es\/es\/?s={search_term_string}"},"query-input":{"@type":"PropertyValueSpecification","valueRequired":true,"valueName":"search_term_string"}}],"inLanguage":"es"},{"@type":"Person","@id":"https:\/\/www.copealcoy.es\/es\/#\/schema\/person\/e777c87fa024e57d40170af9df39882c","name":"Cope Alcoy","image":{"@type":"ImageObject","inLanguage":"es","@id":"https:\/\/secure.gravatar.com\/avatar\/bb65d0283347e303893ba14f0692005417c1e0e690a325a4c5d8bb2b3943ee14?s=96&d=mm&r=g","url":"https:\/\/secure.gravatar.com\/avatar\/bb65d0283347e303893ba14f0692005417c1e0e690a325a4c5d8bb2b3943ee14?s=96&d=mm&r=g","contentUrl":"https:\/\/secure.gravatar.com\/avatar\/bb65d0283347e303893ba14f0692005417c1e0e690a325a4c5d8bb2b3943ee14?s=96&d=mm&r=g","caption":"Cope Alcoy"}}]}},"_links":{"self":[{"href":"https:\/\/www.copealcoy.es\/es\/wp-json\/wp\/v2\/posts\/15645","targetHints":{"allow":["GET"]}}],"collection":[{"href":"https:\/\/www.copealcoy.es\/es\/wp-json\/wp\/v2\/posts"}],"about":[{"href":"https:\/\/www.copealcoy.es\/es\/wp-json\/wp\/v2\/types\/post"}],"author":[{"embeddable":true,"href":"https:\/\/www.copealcoy.es\/es\/wp-json\/wp\/v2\/users\/1"}],"replies":[{"embeddable":true,"href":"https:\/\/www.copealcoy.es\/es\/wp-json\/wp\/v2\/comments?post=15645"}],"version-history":[{"count":0,"href":"https:\/\/www.copealcoy.es\/es\/wp-json\/wp\/v2\/posts\/15645\/revisions"}],"wp:featuredmedia":[{"embeddable":true,"href":"https:\/\/www.copealcoy.es\/es\/wp-json\/wp\/v2\/media\/15646"}],"wp:attachment":[{"href":"https:\/\/www.copealcoy.es\/es\/wp-json\/wp\/v2\/media?parent=15645"}],"wp:term":[{"taxonomy":"category","embeddable":true,"href":"https:\/\/www.copealcoy.es\/es\/wp-json\/wp\/v2\/categories?post=15645"},{"taxonomy":"post_tag","embeddable":true,"href":"https:\/\/www.copealcoy.es\/es\/wp-json\/wp\/v2\/tags?post=15645"}],"curies":[{"name":"wp","href":"https:\/\/api.w.org\/{rel}","templated":true}]}}