{"id":156397,"date":"2025-08-26T10:06:03","date_gmt":"2025-08-26T09:06:03","guid":{"rendered":"https:\/\/www.copealcoy.es\/?p=156397"},"modified":"2025-08-26T10:15:12","modified_gmt":"2025-08-26T09:15:12","slug":"el-campo-moreno-cabanes-de-alcoy-luce-nuevo-aspecto-tras-la-renovacion-del-cesped","status":"publish","type":"post","link":"https:\/\/www.copealcoy.es\/es\/el-campo-moreno-cabanes-de-alcoy-luce-nuevo-aspecto-tras-la-renovacion-del-cesped\/","title":{"rendered":"El Campo Moreno Cabanes de Alcoy luce nuevo aspecto tras la renovaci\u00f3n del c\u00e9sped"},"content":{"rendered":"<p style=\"text-align: justify;\" data-start=\"344\" data-end=\"696\">El <a href=\"https:\/\/www.alcoi.org\/ca\/portal\/index.html\" target=\"_blank\" rel=\"noopener\"><span style=\"color: #0000ff;\"><strong>Ayuntamiento de Alcoy<\/strong><\/span><\/a> y la <a href=\"https:\/\/www.diputacionalicante.es\/\" target=\"_blank\" rel=\"noopener\"><span style=\"color: #0000ff;\"><strong>Diputaci\u00f3n de Alicante<\/strong><\/span><\/a> recepcionaron oficialmente hace unas semanas <strong>las obras de renovaci\u00f3n del c\u00e9sped artificial del campo de f\u00fatbol Manuel Moreno Cabanes<\/strong>, una intervenci\u00f3n muy demandada por los usuarios y que ya es una realidad. La actuaci\u00f3n <strong>ha supuesto una inversi\u00f3n total de 189.290,68 euros<\/strong>, cofinanciados por ambas instituciones.<\/p>\n<p style=\"text-align: justify;\" data-start=\"698\" data-end=\"946\">Los trabajos <strong>han consistido<\/strong> en la sustituci\u00f3n completa del c\u00e9sped artificial, la colocaci\u00f3n de nuevas porter\u00edas de f\u00fatbol 11, el cambio de los banquillos de suplentes y la renovaci\u00f3n del c\u00e9sped de la pista de f\u00fatbol sala anexa al campo principal. El concejal de Deportes, <strong>Alberto Belda<\/strong>, valor\u00f3 la finalizaci\u00f3n de las obras destacando la importancia de la mejora: <em data-start=\"1064\" data-end=\"1386\">\u00abEstamos satisfechos de poder contar ya con unas instalaciones renovadas y listas para su uso. Sabemos que ha sido un proceso largo desde que se solicit\u00f3 la ayuda en 2021, pero el resultado compensa la espera y mejora la pr\u00e1ctica deportiva de los centenares de usuarios que cada semana entrenan y compiten en este campo\u00bb, <\/em>dijo.<\/p>\n<p style=\"text-align: justify;\" data-start=\"1391\" data-end=\"1894\">Belda agradeci\u00f3 tambi\u00e9n <strong>la colaboraci\u00f3n de los clubes y entidades deportivas<\/strong> durante el periodo de obras, subrayando que ahora podr\u00e1n disfrutar de un terreno de juego en condiciones \u00f3ptimas. Asimismo, insisti\u00f3 en la necesidad de que las administraciones contin\u00faen apoyando este tipo de actuaciones: <em data-start=\"1690\" data-end=\"1891\">\u00abEs fundamental que estas l\u00edneas de subvenci\u00f3n para la renovaci\u00f3n del c\u00e9sped en los campos de f\u00fatbol vuelvan a realizarse para permitir mejorar el resto de campos del Polideportivo Francisco Laporta\u00bb<\/em>.<\/p>\n<p style=\"text-align: justify;\" data-start=\"1896\" data-end=\"2086\">Con la finalizaci\u00f3n de este proyecto, <strong>el consistorio conf\u00eda<\/strong> en seguir contando con el respaldo de la Diputaci\u00f3n para abordar futuras mejoras en otras instalaciones deportivas de la ciudad.<\/p>\n","protected":false},"excerpt":{"rendered":"<p>El Ayuntamiento de Alcoy y la Diputaci\u00f3n de Alicante recepcionaron oficialmente hace unas semanas las obras de renovaci\u00f3n del c\u00e9sped&#8230;<\/p>\n","protected":false},"author":1,"featured_media":156398,"comment_status":"closed","ping_status":"closed","sticky":false,"template":"","format":"standard","meta":{"footnotes":""},"categories":[6909,97,75,125],"tags":[1494,19926,5238,337],"class_list":["post-156397","post","type-post","status-publish","format-standard","has-post-thumbnail","hentry","category-actualidad","category-alcoy","category-noticias","category-portada","tag-alcoy","tag-campo-de-futbol-manuel-moreno-cabanes","tag-cesped","tag-renovacion"],"yoast_head":"<!-- This site is optimized with the Yoast SEO plugin v27.3 - https:\/\/yoast.com\/product\/yoast-seo-wordpress\/ -->\n<title>El Campo Moreno Cabanes de Alcoy luce nuevo aspecto tras la renovaci\u00f3n del c\u00e9sped - COPE Alcoy<\/title>\n<meta name=\"description\" content=\"El Campo Moreno Cabanes de Alcoy luce nuevo aspecto tras la renovaci\u00f3n del c\u00e9sped\" \/>\n<meta name=\"robots\" content=\"index, follow, max-snippet:-1, max-image-preview:large, max-video-preview:-1\" \/>\n<link rel=\"canonical\" href=\"https:\/\/www.copealcoy.es\/es\/el-campo-moreno-cabanes-de-alcoy-luce-nuevo-aspecto-tras-la-renovacion-del-cesped\/\" \/>\n<meta property=\"og:locale\" content=\"es_ES\" \/>\n<meta property=\"og:type\" content=\"article\" \/>\n<meta property=\"og:title\" content=\"El Campo Moreno Cabanes de Alcoy luce nuevo aspecto tras la renovaci\u00f3n del c\u00e9sped - COPE Alcoy\" \/>\n<meta property=\"og:description\" content=\"El Campo Moreno Cabanes de Alcoy luce nuevo aspecto tras la renovaci\u00f3n del c\u00e9sped\" \/>\n<meta property=\"og:url\" content=\"https:\/\/www.copealcoy.es\/es\/el-campo-moreno-cabanes-de-alcoy-luce-nuevo-aspecto-tras-la-renovacion-del-cesped\/\" \/>\n<meta property=\"og:site_name\" content=\"COPE Alcoy\" \/>\n<meta property=\"article:published_time\" content=\"2025-08-26T09:06:03+00:00\" \/>\n<meta property=\"article:modified_time\" content=\"2025-08-26T09:15:12+00:00\" \/>\n<meta property=\"og:image\" content=\"https:\/\/www.copealcoy.es\/wp-content\/uploads\/2025\/08\/1-2.jpg\" \/>\n\t<meta property=\"og:image:width\" content=\"897\" \/>\n\t<meta property=\"og:image:height\" content=\"673\" \/>\n\t<meta property=\"og:image:type\" content=\"image\/jpeg\" \/>\n<meta name=\"author\" content=\"Cope Alcoy\" \/>\n<meta name=\"twitter:label1\" content=\"Escrito por\" \/>\n\t<meta name=\"twitter:data1\" content=\"Cope Alcoy\" \/>\n\t<meta name=\"twitter:label2\" content=\"Tiempo de lectura\" \/>\n\t<meta name=\"twitter:data2\" content=\"2 minutos\" \/>\n<script type=\"application\/ld+json\" class=\"yoast-schema-graph\">{\"@context\":\"https:\\\/\\\/schema.org\",\"@graph\":[{\"@type\":\"Article\",\"@id\":\"https:\\\/\\\/www.copealcoy.es\\\/es\\\/el-campo-moreno-cabanes-de-alcoy-luce-nuevo-aspecto-tras-la-renovacion-del-cesped\\\/#article\",\"isPartOf\":{\"@id\":\"https:\\\/\\\/www.copealcoy.es\\\/es\\\/el-campo-moreno-cabanes-de-alcoy-luce-nuevo-aspecto-tras-la-renovacion-del-cesped\\\/\"},\"author\":{\"name\":\"Cope Alcoy\",\"@id\":\"https:\\\/\\\/www.copealcoy.es\\\/es\\\/#\\\/schema\\\/person\\\/e777c87fa024e57d40170af9df39882c\"},\"headline\":\"El Campo Moreno Cabanes de Alcoy luce nuevo aspecto tras la renovaci\u00f3n del c\u00e9sped\",\"datePublished\":\"2025-08-26T09:06:03+00:00\",\"dateModified\":\"2025-08-26T09:15:12+00:00\",\"mainEntityOfPage\":{\"@id\":\"https:\\\/\\\/www.copealcoy.es\\\/es\\\/el-campo-moreno-cabanes-de-alcoy-luce-nuevo-aspecto-tras-la-renovacion-del-cesped\\\/\"},\"wordCount\":316,\"image\":{\"@id\":\"https:\\\/\\\/www.copealcoy.es\\\/es\\\/el-campo-moreno-cabanes-de-alcoy-luce-nuevo-aspecto-tras-la-renovacion-del-cesped\\\/#primaryimage\"},\"thumbnailUrl\":\"https:\\\/\\\/www.copealcoy.es\\\/wp-content\\\/uploads\\\/2025\\\/08\\\/1-2.jpg\",\"keywords\":[\"Alcoy\",\"Campo de F\u00fatbol Manuel Moreno Cabanes\",\"c\u00e9sped\",\"Renovaci\u00f3n\"],\"articleSection\":[\"Actualidad\",\"Alcoy\",\"Noticias\",\"Portada\"],\"inLanguage\":\"es\"},{\"@type\":\"WebPage\",\"@id\":\"https:\\\/\\\/www.copealcoy.es\\\/es\\\/el-campo-moreno-cabanes-de-alcoy-luce-nuevo-aspecto-tras-la-renovacion-del-cesped\\\/\",\"url\":\"https:\\\/\\\/www.copealcoy.es\\\/es\\\/el-campo-moreno-cabanes-de-alcoy-luce-nuevo-aspecto-tras-la-renovacion-del-cesped\\\/\",\"name\":\"El Campo Moreno Cabanes de Alcoy luce nuevo aspecto tras la renovaci\u00f3n del c\u00e9sped - COPE Alcoy\",\"isPartOf\":{\"@id\":\"https:\\\/\\\/www.copealcoy.es\\\/es\\\/#website\"},\"primaryImageOfPage\":{\"@id\":\"https:\\\/\\\/www.copealcoy.es\\\/es\\\/el-campo-moreno-cabanes-de-alcoy-luce-nuevo-aspecto-tras-la-renovacion-del-cesped\\\/#primaryimage\"},\"image\":{\"@id\":\"https:\\\/\\\/www.copealcoy.es\\\/es\\\/el-campo-moreno-cabanes-de-alcoy-luce-nuevo-aspecto-tras-la-renovacion-del-cesped\\\/#primaryimage\"},\"thumbnailUrl\":\"https:\\\/\\\/www.copealcoy.es\\\/wp-content\\\/uploads\\\/2025\\\/08\\\/1-2.jpg\",\"datePublished\":\"2025-08-26T09:06:03+00:00\",\"dateModified\":\"2025-08-26T09:15:12+00:00\",\"author\":{\"@id\":\"https:\\\/\\\/www.copealcoy.es\\\/es\\\/#\\\/schema\\\/person\\\/e777c87fa024e57d40170af9df39882c\"},\"description\":\"El Campo Moreno Cabanes de Alcoy luce nuevo aspecto tras la renovaci\u00f3n del c\u00e9sped\",\"breadcrumb\":{\"@id\":\"https:\\\/\\\/www.copealcoy.es\\\/es\\\/el-campo-moreno-cabanes-de-alcoy-luce-nuevo-aspecto-tras-la-renovacion-del-cesped\\\/#breadcrumb\"},\"inLanguage\":\"es\",\"potentialAction\":[{\"@type\":\"ReadAction\",\"target\":[\"https:\\\/\\\/www.copealcoy.es\\\/es\\\/el-campo-moreno-cabanes-de-alcoy-luce-nuevo-aspecto-tras-la-renovacion-del-cesped\\\/\"]}]},{\"@type\":\"ImageObject\",\"inLanguage\":\"es\",\"@id\":\"https:\\\/\\\/www.copealcoy.es\\\/es\\\/el-campo-moreno-cabanes-de-alcoy-luce-nuevo-aspecto-tras-la-renovacion-del-cesped\\\/#primaryimage\",\"url\":\"https:\\\/\\\/www.copealcoy.es\\\/wp-content\\\/uploads\\\/2025\\\/08\\\/1-2.jpg\",\"contentUrl\":\"https:\\\/\\\/www.copealcoy.es\\\/wp-content\\\/uploads\\\/2025\\\/08\\\/1-2.jpg\",\"width\":897,\"height\":673},{\"@type\":\"BreadcrumbList\",\"@id\":\"https:\\\/\\\/www.copealcoy.es\\\/es\\\/el-campo-moreno-cabanes-de-alcoy-luce-nuevo-aspecto-tras-la-renovacion-del-cesped\\\/#breadcrumb\",\"itemListElement\":[{\"@type\":\"ListItem\",\"position\":1,\"name\":\"Portada\",\"item\":\"https:\\\/\\\/www.copealcoy.es\\\/es\\\/\"},{\"@type\":\"ListItem\",\"position\":2,\"name\":\"El Campo Moreno Cabanes de Alcoy luce nuevo aspecto tras la renovaci\u00f3n del c\u00e9sped\"}]},{\"@type\":\"WebSite\",\"@id\":\"https:\\\/\\\/www.copealcoy.es\\\/es\\\/#website\",\"url\":\"https:\\\/\\\/www.copealcoy.es\\\/es\\\/\",\"name\":\"COPE Alcoy\",\"description\":\"Emisora COPE de radio local con emisi\u00f3n online. Pont de Sant Jordi 8-10 03803 Alcoy\",\"potentialAction\":[{\"@type\":\"SearchAction\",\"target\":{\"@type\":\"EntryPoint\",\"urlTemplate\":\"https:\\\/\\\/www.copealcoy.es\\\/es\\\/?s={search_term_string}\"},\"query-input\":{\"@type\":\"PropertyValueSpecification\",\"valueRequired\":true,\"valueName\":\"search_term_string\"}}],\"inLanguage\":\"es\"},{\"@type\":\"Person\",\"@id\":\"https:\\\/\\\/www.copealcoy.es\\\/es\\\/#\\\/schema\\\/person\\\/e777c87fa024e57d40170af9df39882c\",\"name\":\"Cope Alcoy\",\"image\":{\"@type\":\"ImageObject\",\"inLanguage\":\"es\",\"@id\":\"https:\\\/\\\/secure.gravatar.com\\\/avatar\\\/bb65d0283347e303893ba14f0692005417c1e0e690a325a4c5d8bb2b3943ee14?s=96&d=mm&r=g\",\"url\":\"https:\\\/\\\/secure.gravatar.com\\\/avatar\\\/bb65d0283347e303893ba14f0692005417c1e0e690a325a4c5d8bb2b3943ee14?s=96&d=mm&r=g\",\"contentUrl\":\"https:\\\/\\\/secure.gravatar.com\\\/avatar\\\/bb65d0283347e303893ba14f0692005417c1e0e690a325a4c5d8bb2b3943ee14?s=96&d=mm&r=g\",\"caption\":\"Cope Alcoy\"}}]}<\/script>\n<!-- \/ Yoast SEO plugin. -->","yoast_head_json":{"title":"El Campo Moreno Cabanes de Alcoy luce nuevo aspecto tras la renovaci\u00f3n del c\u00e9sped - COPE Alcoy","description":"El Campo Moreno Cabanes de Alcoy luce nuevo aspecto tras la renovaci\u00f3n del c\u00e9sped","robots":{"index":"index","follow":"follow","max-snippet":"max-snippet:-1","max-image-preview":"max-image-preview:large","max-video-preview":"max-video-preview:-1"},"canonical":"https:\/\/www.copealcoy.es\/es\/el-campo-moreno-cabanes-de-alcoy-luce-nuevo-aspecto-tras-la-renovacion-del-cesped\/","og_locale":"es_ES","og_type":"article","og_title":"El Campo Moreno Cabanes de Alcoy luce nuevo aspecto tras la renovaci\u00f3n del c\u00e9sped - COPE Alcoy","og_description":"El Campo Moreno Cabanes de Alcoy luce nuevo aspecto tras la renovaci\u00f3n del c\u00e9sped","og_url":"https:\/\/www.copealcoy.es\/es\/el-campo-moreno-cabanes-de-alcoy-luce-nuevo-aspecto-tras-la-renovacion-del-cesped\/","og_site_name":"COPE Alcoy","article_published_time":"2025-08-26T09:06:03+00:00","article_modified_time":"2025-08-26T09:15:12+00:00","og_image":[{"width":897,"height":673,"url":"https:\/\/www.copealcoy.es\/wp-content\/uploads\/2025\/08\/1-2.jpg","type":"image\/jpeg"}],"author":"Cope Alcoy","twitter_misc":{"Escrito por":"Cope Alcoy","Tiempo de lectura":"2 minutos"},"schema":{"@context":"https:\/\/schema.org","@graph":[{"@type":"Article","@id":"https:\/\/www.copealcoy.es\/es\/el-campo-moreno-cabanes-de-alcoy-luce-nuevo-aspecto-tras-la-renovacion-del-cesped\/#article","isPartOf":{"@id":"https:\/\/www.copealcoy.es\/es\/el-campo-moreno-cabanes-de-alcoy-luce-nuevo-aspecto-tras-la-renovacion-del-cesped\/"},"author":{"name":"Cope Alcoy","@id":"https:\/\/www.copealcoy.es\/es\/#\/schema\/person\/e777c87fa024e57d40170af9df39882c"},"headline":"El Campo Moreno Cabanes de Alcoy luce nuevo aspecto tras la renovaci\u00f3n del c\u00e9sped","datePublished":"2025-08-26T09:06:03+00:00","dateModified":"2025-08-26T09:15:12+00:00","mainEntityOfPage":{"@id":"https:\/\/www.copealcoy.es\/es\/el-campo-moreno-cabanes-de-alcoy-luce-nuevo-aspecto-tras-la-renovacion-del-cesped\/"},"wordCount":316,"image":{"@id":"https:\/\/www.copealcoy.es\/es\/el-campo-moreno-cabanes-de-alcoy-luce-nuevo-aspecto-tras-la-renovacion-del-cesped\/#primaryimage"},"thumbnailUrl":"https:\/\/www.copealcoy.es\/wp-content\/uploads\/2025\/08\/1-2.jpg","keywords":["Alcoy","Campo de F\u00fatbol Manuel Moreno Cabanes","c\u00e9sped","Renovaci\u00f3n"],"articleSection":["Actualidad","Alcoy","Noticias","Portada"],"inLanguage":"es"},{"@type":"WebPage","@id":"https:\/\/www.copealcoy.es\/es\/el-campo-moreno-cabanes-de-alcoy-luce-nuevo-aspecto-tras-la-renovacion-del-cesped\/","url":"https:\/\/www.copealcoy.es\/es\/el-campo-moreno-cabanes-de-alcoy-luce-nuevo-aspecto-tras-la-renovacion-del-cesped\/","name":"El Campo Moreno Cabanes de Alcoy luce nuevo aspecto tras la renovaci\u00f3n del c\u00e9sped - COPE Alcoy","isPartOf":{"@id":"https:\/\/www.copealcoy.es\/es\/#website"},"primaryImageOfPage":{"@id":"https:\/\/www.copealcoy.es\/es\/el-campo-moreno-cabanes-de-alcoy-luce-nuevo-aspecto-tras-la-renovacion-del-cesped\/#primaryimage"},"image":{"@id":"https:\/\/www.copealcoy.es\/es\/el-campo-moreno-cabanes-de-alcoy-luce-nuevo-aspecto-tras-la-renovacion-del-cesped\/#primaryimage"},"thumbnailUrl":"https:\/\/www.copealcoy.es\/wp-content\/uploads\/2025\/08\/1-2.jpg","datePublished":"2025-08-26T09:06:03+00:00","dateModified":"2025-08-26T09:15:12+00:00","author":{"@id":"https:\/\/www.copealcoy.es\/es\/#\/schema\/person\/e777c87fa024e57d40170af9df39882c"},"description":"El Campo Moreno Cabanes de Alcoy luce nuevo aspecto tras la renovaci\u00f3n del c\u00e9sped","breadcrumb":{"@id":"https:\/\/www.copealcoy.es\/es\/el-campo-moreno-cabanes-de-alcoy-luce-nuevo-aspecto-tras-la-renovacion-del-cesped\/#breadcrumb"},"inLanguage":"es","potentialAction":[{"@type":"ReadAction","target":["https:\/\/www.copealcoy.es\/es\/el-campo-moreno-cabanes-de-alcoy-luce-nuevo-aspecto-tras-la-renovacion-del-cesped\/"]}]},{"@type":"ImageObject","inLanguage":"es","@id":"https:\/\/www.copealcoy.es\/es\/el-campo-moreno-cabanes-de-alcoy-luce-nuevo-aspecto-tras-la-renovacion-del-cesped\/#primaryimage","url":"https:\/\/www.copealcoy.es\/wp-content\/uploads\/2025\/08\/1-2.jpg","contentUrl":"https:\/\/www.copealcoy.es\/wp-content\/uploads\/2025\/08\/1-2.jpg","width":897,"height":673},{"@type":"BreadcrumbList","@id":"https:\/\/www.copealcoy.es\/es\/el-campo-moreno-cabanes-de-alcoy-luce-nuevo-aspecto-tras-la-renovacion-del-cesped\/#breadcrumb","itemListElement":[{"@type":"ListItem","position":1,"name":"Portada","item":"https:\/\/www.copealcoy.es\/es\/"},{"@type":"ListItem","position":2,"name":"El Campo Moreno Cabanes de Alcoy luce nuevo aspecto tras la renovaci\u00f3n del c\u00e9sped"}]},{"@type":"WebSite","@id":"https:\/\/www.copealcoy.es\/es\/#website","url":"https:\/\/www.copealcoy.es\/es\/","name":"COPE Alcoy","description":"Emisora COPE de radio local con emisi\u00f3n online. Pont de Sant Jordi 8-10 03803 Alcoy","potentialAction":[{"@type":"SearchAction","target":{"@type":"EntryPoint","urlTemplate":"https:\/\/www.copealcoy.es\/es\/?s={search_term_string}"},"query-input":{"@type":"PropertyValueSpecification","valueRequired":true,"valueName":"search_term_string"}}],"inLanguage":"es"},{"@type":"Person","@id":"https:\/\/www.copealcoy.es\/es\/#\/schema\/person\/e777c87fa024e57d40170af9df39882c","name":"Cope Alcoy","image":{"@type":"ImageObject","inLanguage":"es","@id":"https:\/\/secure.gravatar.com\/avatar\/bb65d0283347e303893ba14f0692005417c1e0e690a325a4c5d8bb2b3943ee14?s=96&d=mm&r=g","url":"https:\/\/secure.gravatar.com\/avatar\/bb65d0283347e303893ba14f0692005417c1e0e690a325a4c5d8bb2b3943ee14?s=96&d=mm&r=g","contentUrl":"https:\/\/secure.gravatar.com\/avatar\/bb65d0283347e303893ba14f0692005417c1e0e690a325a4c5d8bb2b3943ee14?s=96&d=mm&r=g","caption":"Cope Alcoy"}}]}},"_links":{"self":[{"href":"https:\/\/www.copealcoy.es\/es\/wp-json\/wp\/v2\/posts\/156397","targetHints":{"allow":["GET"]}}],"collection":[{"href":"https:\/\/www.copealcoy.es\/es\/wp-json\/wp\/v2\/posts"}],"about":[{"href":"https:\/\/www.copealcoy.es\/es\/wp-json\/wp\/v2\/types\/post"}],"author":[{"embeddable":true,"href":"https:\/\/www.copealcoy.es\/es\/wp-json\/wp\/v2\/users\/1"}],"replies":[{"embeddable":true,"href":"https:\/\/www.copealcoy.es\/es\/wp-json\/wp\/v2\/comments?post=156397"}],"version-history":[{"count":2,"href":"https:\/\/www.copealcoy.es\/es\/wp-json\/wp\/v2\/posts\/156397\/revisions"}],"predecessor-version":[{"id":156401,"href":"https:\/\/www.copealcoy.es\/es\/wp-json\/wp\/v2\/posts\/156397\/revisions\/156401"}],"wp:featuredmedia":[{"embeddable":true,"href":"https:\/\/www.copealcoy.es\/es\/wp-json\/wp\/v2\/media\/156398"}],"wp:attachment":[{"href":"https:\/\/www.copealcoy.es\/es\/wp-json\/wp\/v2\/media?parent=156397"}],"wp:term":[{"taxonomy":"category","embeddable":true,"href":"https:\/\/www.copealcoy.es\/es\/wp-json\/wp\/v2\/categories?post=156397"},{"taxonomy":"post_tag","embeddable":true,"href":"https:\/\/www.copealcoy.es\/es\/wp-json\/wp\/v2\/tags?post=156397"}],"curies":[{"name":"wp","href":"https:\/\/api.w.org\/{rel}","templated":true}]}}