{"id":15613,"date":"2015-09-10T16:40:29","date_gmt":"2015-09-10T16:40:29","guid":{"rendered":"http:\/\/copealcoi.es\/new\/?p=15613"},"modified":"2015-09-14T17:17:37","modified_gmt":"2015-09-14T17:17:37","slug":"normalidad-y-reivindicacion-en-el-inicio-del-curso-en-cocentaina-y-muro","status":"publish","type":"post","link":"https:\/\/www.copealcoy.es\/es\/normalidad-y-reivindicacion-en-el-inicio-del-curso-en-cocentaina-y-muro\/","title":{"rendered":"Normalidad y reivindicaci\u00f3n en el inicio del curso de Cocentaina y Muro"},"content":{"rendered":"<p style=\"text-align: justify;\">M\u00e1s de mil alumnos han empezado hoy jueves el curso en los tres colegios de Cocentaina: San Juan Bosco, Real Blanc y San Francisco de As\u00eds. La normalidad ha marcado tambi\u00e9n la jornada aunque de nuevo han estado sobre la mesa asuntos pendientes como la unificaci\u00f3n del colegio San Juan Bosco, a la espera desde hace m\u00e1s de 25 a\u00f1os, y la soluci\u00f3n a la supresi\u00f3n de un aula en el Real Blanc. La edil de Educaci\u00f3n, Susana Reig, ha comentado en La Ma\u00f1ana de Cope Alcoy que las principales novedades del inicio de curso radican en que las becas de la Generalitat han llegado a tiempo as\u00ed como en la puesta en marcha del servicio de comedor desde hoy mismo &#8220;tanto en los meses de septiembre como en junio estar\u00e1 funcionando\u00a0el comedor ya que aunque los alumnos no tengan clase por la tarde era un servicio que demandaban mucho los padres y este a\u00f1o puede ser una realidad&#8221;, detalla.<\/p>\n<p style=\"text-align: justify;\">Por su parte en Muro tambi\u00e9n cerca de 1.000 alumnos han vuelto a las aulas en los colegios p\u00fablicos Bracal y Montcabrer. En lo que se refiere al Bracal hay que destacar que ha empezado el curso con una acci\u00f3n de protesta ante los barracones protagonizada por la Comunidad Educativa para seguir reclamando al Consell una soluci\u00f3n a la construcci\u00f3n del nuevo Centro Educativo a la espera desde hace ocho a\u00f1os. Francesc Valls, alcalde de Muro, espera que por fin las promesas se hagan realidad y que la Generalitat construya el nuevo colegio &#8220;nos han dado muchas palabras en estos a\u00f1os pero tras venir el Conseller de Educaci\u00f3n en persona aqu\u00ed y ver la situaci\u00f3n confiamos en que de una vez por todas pueda llegar la soluci\u00f3n&#8221;. Tambi\u00e9n desde Comprom\u00eds conf\u00edan en que sea el \u00faltimo curso de las aulas prefabricadas &#8220;la situaci\u00f3n es muy complicada pero desde el Consell nos han asegurado que empezar\u00e1n en oto\u00f1o a reunir toda la documentaci\u00f3n para empezar los tr\u00e1mites cuanto antes&#8221; ha manifestado el concejal, Sergi Silvestre. Desde el PSOE, Elisa Gen\u00eds, ha indicado que el Gobierno Valenciano ha mostrado su inter\u00e9s por solucionar el problema &#8220;sabemos que no hay financiaci\u00f3n pero los ciudadanos han dado su voto para que un nuevo Gobierno Auton\u00f3mico de respuestas y\u00a0\u00a0estamos seguros que el Bracal ser\u00e1 una realidad pronto&#8221;, concluye. Apuntar que los peque\u00f1os han confeccionado un mural reivindicativo junto a la colaboraci\u00f3n de las t\u00e9cnicas socioculturales de Muro.<\/p>\n<p style=\"text-align: justify;\"><strong>\u00a0<\/strong><\/p>\n","protected":false},"excerpt":{"rendered":"<p>M\u00e1s de mil alumnos han empezado hoy jueves el curso en los tres colegios de Cocentaina: San Juan Bosco, Real&#8230;<\/p>\n","protected":false},"author":1,"featured_media":15614,"comment_status":"open","ping_status":"open","sticky":false,"template":"","format":"standard","meta":{"footnotes":""},"categories":[98,900,75],"tags":[132,237,1246,423,135],"class_list":["post-15613","post","type-post","status-publish","format-standard","has-post-thumbnail","hentry","category-comarcas","category-educacion","category-noticias","tag-cocentaina","tag-comtat","tag-curso-escolar","tag-educacion","tag-muro"],"yoast_head":"<!-- This site is optimized with the Yoast SEO plugin v27.3 - https:\/\/yoast.com\/product\/yoast-seo-wordpress\/ -->\n<title>Normalidad y reivindicaci\u00f3n en el inicio del curso de Cocentaina y Muro - COPE Alcoy<\/title>\n<meta name=\"robots\" content=\"index, follow, max-snippet:-1, max-image-preview:large, max-video-preview:-1\" \/>\n<link rel=\"canonical\" href=\"https:\/\/www.copealcoy.es\/es\/normalidad-y-reivindicacion-en-el-inicio-del-curso-en-cocentaina-y-muro\/\" \/>\n<meta property=\"og:locale\" content=\"es_ES\" \/>\n<meta property=\"og:type\" content=\"article\" \/>\n<meta property=\"og:title\" content=\"Normalidad y reivindicaci\u00f3n en el inicio del curso de Cocentaina y Muro - COPE Alcoy\" \/>\n<meta property=\"og:description\" content=\"M\u00e1s de mil alumnos han empezado hoy jueves el curso en los tres colegios de Cocentaina: San Juan Bosco, Real...\" \/>\n<meta property=\"og:url\" content=\"https:\/\/www.copealcoy.es\/es\/normalidad-y-reivindicacion-en-el-inicio-del-curso-en-cocentaina-y-muro\/\" \/>\n<meta property=\"og:site_name\" content=\"COPE Alcoy\" \/>\n<meta property=\"article:published_time\" content=\"2015-09-10T16:40:29+00:00\" \/>\n<meta property=\"article:modified_time\" content=\"2015-09-14T17:17:37+00:00\" \/>\n<meta property=\"og:image\" content=\"https:\/\/www.copealcoy.es\/wp-content\/uploads\/2015\/09\/12011360_719255538217934_1643582729384026531_n.jpg\" \/>\n\t<meta property=\"og:image:width\" content=\"960\" \/>\n\t<meta property=\"og:image:height\" content=\"720\" \/>\n\t<meta property=\"og:image:type\" content=\"image\/jpeg\" \/>\n<meta name=\"author\" content=\"Cope Alcoy\" \/>\n<meta name=\"twitter:label1\" content=\"Escrito por\" \/>\n\t<meta name=\"twitter:data1\" content=\"Cope Alcoy\" \/>\n\t<meta name=\"twitter:label2\" content=\"Tiempo de lectura\" \/>\n\t<meta name=\"twitter:data2\" content=\"2 minutos\" \/>\n<script type=\"application\/ld+json\" class=\"yoast-schema-graph\">{\"@context\":\"https:\\\/\\\/schema.org\",\"@graph\":[{\"@type\":\"Article\",\"@id\":\"https:\\\/\\\/www.copealcoy.es\\\/es\\\/normalidad-y-reivindicacion-en-el-inicio-del-curso-en-cocentaina-y-muro\\\/#article\",\"isPartOf\":{\"@id\":\"https:\\\/\\\/www.copealcoy.es\\\/es\\\/normalidad-y-reivindicacion-en-el-inicio-del-curso-en-cocentaina-y-muro\\\/\"},\"author\":{\"name\":\"Cope Alcoy\",\"@id\":\"https:\\\/\\\/www.copealcoy.es\\\/es\\\/#\\\/schema\\\/person\\\/e777c87fa024e57d40170af9df39882c\"},\"headline\":\"Normalidad y reivindicaci\u00f3n en el inicio del curso de Cocentaina y Muro\",\"datePublished\":\"2015-09-10T16:40:29+00:00\",\"dateModified\":\"2015-09-14T17:17:37+00:00\",\"mainEntityOfPage\":{\"@id\":\"https:\\\/\\\/www.copealcoy.es\\\/es\\\/normalidad-y-reivindicacion-en-el-inicio-del-curso-en-cocentaina-y-muro\\\/\"},\"wordCount\":451,\"commentCount\":0,\"image\":{\"@id\":\"https:\\\/\\\/www.copealcoy.es\\\/es\\\/normalidad-y-reivindicacion-en-el-inicio-del-curso-en-cocentaina-y-muro\\\/#primaryimage\"},\"thumbnailUrl\":\"https:\\\/\\\/www.copealcoy.es\\\/wp-content\\\/uploads\\\/2015\\\/09\\\/12011360_719255538217934_1643582729384026531_n.jpg\",\"keywords\":[\"Cocentaina\",\"Comtat\",\"Curso Escolar\",\"Educaci\u00f3n\",\"Muro\"],\"articleSection\":[\"Comarcas\",\"Educaci\u00f3n\",\"Noticias\"],\"inLanguage\":\"es\"},{\"@type\":\"WebPage\",\"@id\":\"https:\\\/\\\/www.copealcoy.es\\\/es\\\/normalidad-y-reivindicacion-en-el-inicio-del-curso-en-cocentaina-y-muro\\\/\",\"url\":\"https:\\\/\\\/www.copealcoy.es\\\/es\\\/normalidad-y-reivindicacion-en-el-inicio-del-curso-en-cocentaina-y-muro\\\/\",\"name\":\"Normalidad y reivindicaci\u00f3n en el inicio del curso de Cocentaina y Muro - COPE Alcoy\",\"isPartOf\":{\"@id\":\"https:\\\/\\\/www.copealcoy.es\\\/es\\\/#website\"},\"primaryImageOfPage\":{\"@id\":\"https:\\\/\\\/www.copealcoy.es\\\/es\\\/normalidad-y-reivindicacion-en-el-inicio-del-curso-en-cocentaina-y-muro\\\/#primaryimage\"},\"image\":{\"@id\":\"https:\\\/\\\/www.copealcoy.es\\\/es\\\/normalidad-y-reivindicacion-en-el-inicio-del-curso-en-cocentaina-y-muro\\\/#primaryimage\"},\"thumbnailUrl\":\"https:\\\/\\\/www.copealcoy.es\\\/wp-content\\\/uploads\\\/2015\\\/09\\\/12011360_719255538217934_1643582729384026531_n.jpg\",\"datePublished\":\"2015-09-10T16:40:29+00:00\",\"dateModified\":\"2015-09-14T17:17:37+00:00\",\"author\":{\"@id\":\"https:\\\/\\\/www.copealcoy.es\\\/es\\\/#\\\/schema\\\/person\\\/e777c87fa024e57d40170af9df39882c\"},\"breadcrumb\":{\"@id\":\"https:\\\/\\\/www.copealcoy.es\\\/es\\\/normalidad-y-reivindicacion-en-el-inicio-del-curso-en-cocentaina-y-muro\\\/#breadcrumb\"},\"inLanguage\":\"es\",\"potentialAction\":[{\"@type\":\"ReadAction\",\"target\":[\"https:\\\/\\\/www.copealcoy.es\\\/es\\\/normalidad-y-reivindicacion-en-el-inicio-del-curso-en-cocentaina-y-muro\\\/\"]}]},{\"@type\":\"ImageObject\",\"inLanguage\":\"es\",\"@id\":\"https:\\\/\\\/www.copealcoy.es\\\/es\\\/normalidad-y-reivindicacion-en-el-inicio-del-curso-en-cocentaina-y-muro\\\/#primaryimage\",\"url\":\"https:\\\/\\\/www.copealcoy.es\\\/wp-content\\\/uploads\\\/2015\\\/09\\\/12011360_719255538217934_1643582729384026531_n.jpg\",\"contentUrl\":\"https:\\\/\\\/www.copealcoy.es\\\/wp-content\\\/uploads\\\/2015\\\/09\\\/12011360_719255538217934_1643582729384026531_n.jpg\",\"width\":960,\"height\":720,\"caption\":\"La Comunidad Educativa del Bracal ha protagonizado numerosas reivindicaciones en todo este tiempo\"},{\"@type\":\"BreadcrumbList\",\"@id\":\"https:\\\/\\\/www.copealcoy.es\\\/es\\\/normalidad-y-reivindicacion-en-el-inicio-del-curso-en-cocentaina-y-muro\\\/#breadcrumb\",\"itemListElement\":[{\"@type\":\"ListItem\",\"position\":1,\"name\":\"Portada\",\"item\":\"https:\\\/\\\/www.copealcoy.es\\\/es\\\/\"},{\"@type\":\"ListItem\",\"position\":2,\"name\":\"Normalidad y reivindicaci\u00f3n en el inicio del curso de Cocentaina y Muro\"}]},{\"@type\":\"WebSite\",\"@id\":\"https:\\\/\\\/www.copealcoy.es\\\/es\\\/#website\",\"url\":\"https:\\\/\\\/www.copealcoy.es\\\/es\\\/\",\"name\":\"COPE Alcoy\",\"description\":\"Emisora COPE de radio local con emisi\u00f3n online. Pont de Sant Jordi 8-10 03803 Alcoy\",\"potentialAction\":[{\"@type\":\"SearchAction\",\"target\":{\"@type\":\"EntryPoint\",\"urlTemplate\":\"https:\\\/\\\/www.copealcoy.es\\\/es\\\/?s={search_term_string}\"},\"query-input\":{\"@type\":\"PropertyValueSpecification\",\"valueRequired\":true,\"valueName\":\"search_term_string\"}}],\"inLanguage\":\"es\"},{\"@type\":\"Person\",\"@id\":\"https:\\\/\\\/www.copealcoy.es\\\/es\\\/#\\\/schema\\\/person\\\/e777c87fa024e57d40170af9df39882c\",\"name\":\"Cope Alcoy\",\"image\":{\"@type\":\"ImageObject\",\"inLanguage\":\"es\",\"@id\":\"https:\\\/\\\/secure.gravatar.com\\\/avatar\\\/bb65d0283347e303893ba14f0692005417c1e0e690a325a4c5d8bb2b3943ee14?s=96&d=mm&r=g\",\"url\":\"https:\\\/\\\/secure.gravatar.com\\\/avatar\\\/bb65d0283347e303893ba14f0692005417c1e0e690a325a4c5d8bb2b3943ee14?s=96&d=mm&r=g\",\"contentUrl\":\"https:\\\/\\\/secure.gravatar.com\\\/avatar\\\/bb65d0283347e303893ba14f0692005417c1e0e690a325a4c5d8bb2b3943ee14?s=96&d=mm&r=g\",\"caption\":\"Cope Alcoy\"}}]}<\/script>\n<!-- \/ Yoast SEO plugin. -->","yoast_head_json":{"title":"Normalidad y reivindicaci\u00f3n en el inicio del curso de Cocentaina y Muro - COPE Alcoy","robots":{"index":"index","follow":"follow","max-snippet":"max-snippet:-1","max-image-preview":"max-image-preview:large","max-video-preview":"max-video-preview:-1"},"canonical":"https:\/\/www.copealcoy.es\/es\/normalidad-y-reivindicacion-en-el-inicio-del-curso-en-cocentaina-y-muro\/","og_locale":"es_ES","og_type":"article","og_title":"Normalidad y reivindicaci\u00f3n en el inicio del curso de Cocentaina y Muro - COPE Alcoy","og_description":"M\u00e1s de mil alumnos han empezado hoy jueves el curso en los tres colegios de Cocentaina: San Juan Bosco, Real...","og_url":"https:\/\/www.copealcoy.es\/es\/normalidad-y-reivindicacion-en-el-inicio-del-curso-en-cocentaina-y-muro\/","og_site_name":"COPE Alcoy","article_published_time":"2015-09-10T16:40:29+00:00","article_modified_time":"2015-09-14T17:17:37+00:00","og_image":[{"width":960,"height":720,"url":"https:\/\/www.copealcoy.es\/wp-content\/uploads\/2015\/09\/12011360_719255538217934_1643582729384026531_n.jpg","type":"image\/jpeg"}],"author":"Cope Alcoy","twitter_misc":{"Escrito por":"Cope Alcoy","Tiempo de lectura":"2 minutos"},"schema":{"@context":"https:\/\/schema.org","@graph":[{"@type":"Article","@id":"https:\/\/www.copealcoy.es\/es\/normalidad-y-reivindicacion-en-el-inicio-del-curso-en-cocentaina-y-muro\/#article","isPartOf":{"@id":"https:\/\/www.copealcoy.es\/es\/normalidad-y-reivindicacion-en-el-inicio-del-curso-en-cocentaina-y-muro\/"},"author":{"name":"Cope Alcoy","@id":"https:\/\/www.copealcoy.es\/es\/#\/schema\/person\/e777c87fa024e57d40170af9df39882c"},"headline":"Normalidad y reivindicaci\u00f3n en el inicio del curso de Cocentaina y Muro","datePublished":"2015-09-10T16:40:29+00:00","dateModified":"2015-09-14T17:17:37+00:00","mainEntityOfPage":{"@id":"https:\/\/www.copealcoy.es\/es\/normalidad-y-reivindicacion-en-el-inicio-del-curso-en-cocentaina-y-muro\/"},"wordCount":451,"commentCount":0,"image":{"@id":"https:\/\/www.copealcoy.es\/es\/normalidad-y-reivindicacion-en-el-inicio-del-curso-en-cocentaina-y-muro\/#primaryimage"},"thumbnailUrl":"https:\/\/www.copealcoy.es\/wp-content\/uploads\/2015\/09\/12011360_719255538217934_1643582729384026531_n.jpg","keywords":["Cocentaina","Comtat","Curso Escolar","Educaci\u00f3n","Muro"],"articleSection":["Comarcas","Educaci\u00f3n","Noticias"],"inLanguage":"es"},{"@type":"WebPage","@id":"https:\/\/www.copealcoy.es\/es\/normalidad-y-reivindicacion-en-el-inicio-del-curso-en-cocentaina-y-muro\/","url":"https:\/\/www.copealcoy.es\/es\/normalidad-y-reivindicacion-en-el-inicio-del-curso-en-cocentaina-y-muro\/","name":"Normalidad y reivindicaci\u00f3n en el inicio del curso de Cocentaina y Muro - COPE Alcoy","isPartOf":{"@id":"https:\/\/www.copealcoy.es\/es\/#website"},"primaryImageOfPage":{"@id":"https:\/\/www.copealcoy.es\/es\/normalidad-y-reivindicacion-en-el-inicio-del-curso-en-cocentaina-y-muro\/#primaryimage"},"image":{"@id":"https:\/\/www.copealcoy.es\/es\/normalidad-y-reivindicacion-en-el-inicio-del-curso-en-cocentaina-y-muro\/#primaryimage"},"thumbnailUrl":"https:\/\/www.copealcoy.es\/wp-content\/uploads\/2015\/09\/12011360_719255538217934_1643582729384026531_n.jpg","datePublished":"2015-09-10T16:40:29+00:00","dateModified":"2015-09-14T17:17:37+00:00","author":{"@id":"https:\/\/www.copealcoy.es\/es\/#\/schema\/person\/e777c87fa024e57d40170af9df39882c"},"breadcrumb":{"@id":"https:\/\/www.copealcoy.es\/es\/normalidad-y-reivindicacion-en-el-inicio-del-curso-en-cocentaina-y-muro\/#breadcrumb"},"inLanguage":"es","potentialAction":[{"@type":"ReadAction","target":["https:\/\/www.copealcoy.es\/es\/normalidad-y-reivindicacion-en-el-inicio-del-curso-en-cocentaina-y-muro\/"]}]},{"@type":"ImageObject","inLanguage":"es","@id":"https:\/\/www.copealcoy.es\/es\/normalidad-y-reivindicacion-en-el-inicio-del-curso-en-cocentaina-y-muro\/#primaryimage","url":"https:\/\/www.copealcoy.es\/wp-content\/uploads\/2015\/09\/12011360_719255538217934_1643582729384026531_n.jpg","contentUrl":"https:\/\/www.copealcoy.es\/wp-content\/uploads\/2015\/09\/12011360_719255538217934_1643582729384026531_n.jpg","width":960,"height":720,"caption":"La Comunidad Educativa del Bracal ha protagonizado numerosas reivindicaciones en todo este tiempo"},{"@type":"BreadcrumbList","@id":"https:\/\/www.copealcoy.es\/es\/normalidad-y-reivindicacion-en-el-inicio-del-curso-en-cocentaina-y-muro\/#breadcrumb","itemListElement":[{"@type":"ListItem","position":1,"name":"Portada","item":"https:\/\/www.copealcoy.es\/es\/"},{"@type":"ListItem","position":2,"name":"Normalidad y reivindicaci\u00f3n en el inicio del curso de Cocentaina y Muro"}]},{"@type":"WebSite","@id":"https:\/\/www.copealcoy.es\/es\/#website","url":"https:\/\/www.copealcoy.es\/es\/","name":"COPE Alcoy","description":"Emisora COPE de radio local con emisi\u00f3n online. Pont de Sant Jordi 8-10 03803 Alcoy","potentialAction":[{"@type":"SearchAction","target":{"@type":"EntryPoint","urlTemplate":"https:\/\/www.copealcoy.es\/es\/?s={search_term_string}"},"query-input":{"@type":"PropertyValueSpecification","valueRequired":true,"valueName":"search_term_string"}}],"inLanguage":"es"},{"@type":"Person","@id":"https:\/\/www.copealcoy.es\/es\/#\/schema\/person\/e777c87fa024e57d40170af9df39882c","name":"Cope Alcoy","image":{"@type":"ImageObject","inLanguage":"es","@id":"https:\/\/secure.gravatar.com\/avatar\/bb65d0283347e303893ba14f0692005417c1e0e690a325a4c5d8bb2b3943ee14?s=96&d=mm&r=g","url":"https:\/\/secure.gravatar.com\/avatar\/bb65d0283347e303893ba14f0692005417c1e0e690a325a4c5d8bb2b3943ee14?s=96&d=mm&r=g","contentUrl":"https:\/\/secure.gravatar.com\/avatar\/bb65d0283347e303893ba14f0692005417c1e0e690a325a4c5d8bb2b3943ee14?s=96&d=mm&r=g","caption":"Cope Alcoy"}}]}},"_links":{"self":[{"href":"https:\/\/www.copealcoy.es\/es\/wp-json\/wp\/v2\/posts\/15613","targetHints":{"allow":["GET"]}}],"collection":[{"href":"https:\/\/www.copealcoy.es\/es\/wp-json\/wp\/v2\/posts"}],"about":[{"href":"https:\/\/www.copealcoy.es\/es\/wp-json\/wp\/v2\/types\/post"}],"author":[{"embeddable":true,"href":"https:\/\/www.copealcoy.es\/es\/wp-json\/wp\/v2\/users\/1"}],"replies":[{"embeddable":true,"href":"https:\/\/www.copealcoy.es\/es\/wp-json\/wp\/v2\/comments?post=15613"}],"version-history":[{"count":0,"href":"https:\/\/www.copealcoy.es\/es\/wp-json\/wp\/v2\/posts\/15613\/revisions"}],"wp:featuredmedia":[{"embeddable":true,"href":"https:\/\/www.copealcoy.es\/es\/wp-json\/wp\/v2\/media\/15614"}],"wp:attachment":[{"href":"https:\/\/www.copealcoy.es\/es\/wp-json\/wp\/v2\/media?parent=15613"}],"wp:term":[{"taxonomy":"category","embeddable":true,"href":"https:\/\/www.copealcoy.es\/es\/wp-json\/wp\/v2\/categories?post=15613"},{"taxonomy":"post_tag","embeddable":true,"href":"https:\/\/www.copealcoy.es\/es\/wp-json\/wp\/v2\/tags?post=15613"}],"curies":[{"name":"wp","href":"https:\/\/api.w.org\/{rel}","templated":true}]}}