{"id":15591,"date":"2015-09-09T15:16:11","date_gmt":"2015-09-09T15:16:11","guid":{"rendered":"http:\/\/copealcoi.es\/new\/?p=15591"},"modified":"2015-09-10T06:09:03","modified_gmt":"2015-09-10T06:09:03","slug":"arranca-el-curso-con-mas-alumnos-en-infantil-y-primaria","status":"publish","type":"post","link":"https:\/\/www.copealcoy.es\/es\/arranca-el-curso-con-mas-alumnos-en-infantil-y-primaria\/","title":{"rendered":"Arranca el curso con m\u00e1s alumnos en Infantil y Primaria"},"content":{"rendered":"<p style=\"text-align: justify;\">El curso escolar 2015\/2016 arranca este jueves tanto en Infantil como en\u00a0Primaria y lo hace en Alcoy con un ligero aumento de alumnos con respecto al pasado a\u00f1o. En concreto, seg\u00fan las cifras aportadas por el Departamento de Educaci\u00f3n del Ayuntamiento, regresar\u00e1n a las aulas un total de 1.744 alumnos en Infantil desde los 3 a los 5 a\u00f1os mientras que en Primaria ser\u00e1n 4.062. La matriculaci\u00f3n ha vuelto a caer en tres a\u00f1os y a fecha de uno de septiembre \u00a0se hab\u00edan ofrecido 177 plazas en la l\u00ednea en Valenciano y 359 en Castellano quedando vacantes 24 y 83 en cada una de ellas, respectivamente. El edil de Educaci\u00f3n, Alberto Belda, ha explicado a Cope Alcoy que esta reducci\u00f3n se debe al descenso de la natalidad y ha se\u00f1alado que la diferencia con las vacantes del a\u00f1o anterior es m\u00ednima &#8220;hace tres a\u00f1os est\u00e1bamos en plena crisis y eso fren\u00f3 los nacimientos por eso ahora vemos como bajan las matriculaciones en esta franja de edad. A nivel local decidimos en\u00a0el Consejo Escolar Municipal bajar la ratio en estas aulas de 30 a 25 alumnos por aula porque as\u00ed mejora la atenci\u00f3n al alumno&#8221;, indica.<\/p>\n<p style=\"text-align: justify;\">El curso que arranca ma\u00f1ana presenta varias novedades entre ellas la puesta en marcha del programa de ayudas para los\u00a0libros de texto anunciado la semana anterior\u00a0por la Generalitat Valenciana as\u00ed como de la iniciativa piloto para empezar la Educaci\u00f3n P\u00fablica a los dos a\u00f1os en 33 colegios de la Comunitat que dio a conocer el President Puig aqu\u00ed en Alcoy tambi\u00e9n el jueves pasado. En la ciudad, Miguel Hern\u00e1ndez y Romeral, comenzar\u00e1n a aplicar este proyecto. Tambi\u00e9n el Ayuntamiento ha acometido durante el verano varios trabajos de mantenimiento en los centros p\u00fablicos. Por \u00faltimo recordar que el\u00a0el viernes empezar\u00e1n el curso en Alcoy 3.960 estudiantes de Secundaria y Bachillerato.<\/p>\n","protected":false},"excerpt":{"rendered":"<p>El curso escolar 2015\/2016 arranca este jueves tanto en Infantil como en\u00a0Primaria y lo hace en Alcoy con un ligero&#8230;<\/p>\n","protected":false},"author":1,"featured_media":15592,"comment_status":"open","ping_status":"open","sticky":false,"template":"","format":"standard","meta":{"footnotes":""},"categories":[97,75,125],"tags":[1494,1246,423,225,1385],"class_list":["post-15591","post","type-post","status-publish","format-standard","has-post-thumbnail","hentry","category-alcoy","category-noticias","category-portada","tag-alcoy","tag-curso-escolar","tag-educacion","tag-infantil","tag-primaria"],"yoast_head":"<!-- This site is optimized with the Yoast SEO plugin v27.3 - https:\/\/yoast.com\/product\/yoast-seo-wordpress\/ -->\n<title>Arranca el curso con m\u00e1s alumnos en Infantil y Primaria - COPE Alcoy<\/title>\n<meta name=\"robots\" content=\"index, follow, max-snippet:-1, max-image-preview:large, max-video-preview:-1\" \/>\n<link rel=\"canonical\" href=\"https:\/\/www.copealcoy.es\/es\/arranca-el-curso-con-mas-alumnos-en-infantil-y-primaria\/\" \/>\n<meta property=\"og:locale\" content=\"es_ES\" \/>\n<meta property=\"og:type\" content=\"article\" \/>\n<meta property=\"og:title\" content=\"Arranca el curso con m\u00e1s alumnos en Infantil y Primaria - COPE Alcoy\" \/>\n<meta property=\"og:description\" content=\"El curso escolar 2015\/2016 arranca este jueves tanto en Infantil como en\u00a0Primaria y lo hace en Alcoy con un ligero...\" \/>\n<meta property=\"og:url\" content=\"https:\/\/www.copealcoy.es\/es\/arranca-el-curso-con-mas-alumnos-en-infantil-y-primaria\/\" \/>\n<meta property=\"og:site_name\" content=\"COPE Alcoy\" \/>\n<meta property=\"article:published_time\" content=\"2015-09-09T15:16:11+00:00\" \/>\n<meta property=\"article:modified_time\" content=\"2015-09-10T06:09:03+00:00\" \/>\n<meta property=\"og:image\" content=\"https:\/\/www.copealcoy.es\/wp-content\/uploads\/2015\/09\/DSC04130_0.jpg\" \/>\n\t<meta property=\"og:image:width\" content=\"640\" \/>\n\t<meta property=\"og:image:height\" content=\"480\" \/>\n\t<meta property=\"og:image:type\" content=\"image\/jpeg\" \/>\n<meta name=\"author\" content=\"Cope Alcoy\" \/>\n<meta name=\"twitter:label1\" content=\"Escrito por\" \/>\n\t<meta name=\"twitter:data1\" content=\"Cope Alcoy\" \/>\n\t<meta name=\"twitter:label2\" content=\"Tiempo de lectura\" \/>\n\t<meta name=\"twitter:data2\" content=\"2 minutos\" \/>\n<script type=\"application\/ld+json\" class=\"yoast-schema-graph\">{\"@context\":\"https:\\\/\\\/schema.org\",\"@graph\":[{\"@type\":\"Article\",\"@id\":\"https:\\\/\\\/www.copealcoy.es\\\/es\\\/arranca-el-curso-con-mas-alumnos-en-infantil-y-primaria\\\/#article\",\"isPartOf\":{\"@id\":\"https:\\\/\\\/www.copealcoy.es\\\/es\\\/arranca-el-curso-con-mas-alumnos-en-infantil-y-primaria\\\/\"},\"author\":{\"name\":\"Cope Alcoy\",\"@id\":\"https:\\\/\\\/www.copealcoy.es\\\/es\\\/#\\\/schema\\\/person\\\/e777c87fa024e57d40170af9df39882c\"},\"headline\":\"Arranca el curso con m\u00e1s alumnos en Infantil y Primaria\",\"datePublished\":\"2015-09-09T15:16:11+00:00\",\"dateModified\":\"2015-09-10T06:09:03+00:00\",\"mainEntityOfPage\":{\"@id\":\"https:\\\/\\\/www.copealcoy.es\\\/es\\\/arranca-el-curso-con-mas-alumnos-en-infantil-y-primaria\\\/\"},\"wordCount\":335,\"commentCount\":0,\"image\":{\"@id\":\"https:\\\/\\\/www.copealcoy.es\\\/es\\\/arranca-el-curso-con-mas-alumnos-en-infantil-y-primaria\\\/#primaryimage\"},\"thumbnailUrl\":\"https:\\\/\\\/www.copealcoy.es\\\/wp-content\\\/uploads\\\/2015\\\/09\\\/DSC04130_0.jpg\",\"keywords\":[\"Alcoy\",\"Curso Escolar\",\"Educaci\u00f3n\",\"infantil\",\"Primaria\"],\"articleSection\":[\"Alcoy\",\"Noticias\",\"Portada\"],\"inLanguage\":\"es\"},{\"@type\":\"WebPage\",\"@id\":\"https:\\\/\\\/www.copealcoy.es\\\/es\\\/arranca-el-curso-con-mas-alumnos-en-infantil-y-primaria\\\/\",\"url\":\"https:\\\/\\\/www.copealcoy.es\\\/es\\\/arranca-el-curso-con-mas-alumnos-en-infantil-y-primaria\\\/\",\"name\":\"Arranca el curso con m\u00e1s alumnos en Infantil y Primaria - COPE Alcoy\",\"isPartOf\":{\"@id\":\"https:\\\/\\\/www.copealcoy.es\\\/es\\\/#website\"},\"primaryImageOfPage\":{\"@id\":\"https:\\\/\\\/www.copealcoy.es\\\/es\\\/arranca-el-curso-con-mas-alumnos-en-infantil-y-primaria\\\/#primaryimage\"},\"image\":{\"@id\":\"https:\\\/\\\/www.copealcoy.es\\\/es\\\/arranca-el-curso-con-mas-alumnos-en-infantil-y-primaria\\\/#primaryimage\"},\"thumbnailUrl\":\"https:\\\/\\\/www.copealcoy.es\\\/wp-content\\\/uploads\\\/2015\\\/09\\\/DSC04130_0.jpg\",\"datePublished\":\"2015-09-09T15:16:11+00:00\",\"dateModified\":\"2015-09-10T06:09:03+00:00\",\"author\":{\"@id\":\"https:\\\/\\\/www.copealcoy.es\\\/es\\\/#\\\/schema\\\/person\\\/e777c87fa024e57d40170af9df39882c\"},\"breadcrumb\":{\"@id\":\"https:\\\/\\\/www.copealcoy.es\\\/es\\\/arranca-el-curso-con-mas-alumnos-en-infantil-y-primaria\\\/#breadcrumb\"},\"inLanguage\":\"es\",\"potentialAction\":[{\"@type\":\"ReadAction\",\"target\":[\"https:\\\/\\\/www.copealcoy.es\\\/es\\\/arranca-el-curso-con-mas-alumnos-en-infantil-y-primaria\\\/\"]}]},{\"@type\":\"ImageObject\",\"inLanguage\":\"es\",\"@id\":\"https:\\\/\\\/www.copealcoy.es\\\/es\\\/arranca-el-curso-con-mas-alumnos-en-infantil-y-primaria\\\/#primaryimage\",\"url\":\"https:\\\/\\\/www.copealcoy.es\\\/wp-content\\\/uploads\\\/2015\\\/09\\\/DSC04130_0.jpg\",\"contentUrl\":\"https:\\\/\\\/www.copealcoy.es\\\/wp-content\\\/uploads\\\/2015\\\/09\\\/DSC04130_0.jpg\",\"width\":640,\"height\":480,\"caption\":\"Transcurso de una clase en el Colegio Salesianos de Alcoy \\\/ Foto: Colegio Salesianos\"},{\"@type\":\"BreadcrumbList\",\"@id\":\"https:\\\/\\\/www.copealcoy.es\\\/es\\\/arranca-el-curso-con-mas-alumnos-en-infantil-y-primaria\\\/#breadcrumb\",\"itemListElement\":[{\"@type\":\"ListItem\",\"position\":1,\"name\":\"Portada\",\"item\":\"https:\\\/\\\/www.copealcoy.es\\\/es\\\/\"},{\"@type\":\"ListItem\",\"position\":2,\"name\":\"Arranca el curso con m\u00e1s alumnos en Infantil y Primaria\"}]},{\"@type\":\"WebSite\",\"@id\":\"https:\\\/\\\/www.copealcoy.es\\\/es\\\/#website\",\"url\":\"https:\\\/\\\/www.copealcoy.es\\\/es\\\/\",\"name\":\"COPE Alcoy\",\"description\":\"Emisora COPE de radio local con emisi\u00f3n online. Pont de Sant Jordi 8-10 03803 Alcoy\",\"potentialAction\":[{\"@type\":\"SearchAction\",\"target\":{\"@type\":\"EntryPoint\",\"urlTemplate\":\"https:\\\/\\\/www.copealcoy.es\\\/es\\\/?s={search_term_string}\"},\"query-input\":{\"@type\":\"PropertyValueSpecification\",\"valueRequired\":true,\"valueName\":\"search_term_string\"}}],\"inLanguage\":\"es\"},{\"@type\":\"Person\",\"@id\":\"https:\\\/\\\/www.copealcoy.es\\\/es\\\/#\\\/schema\\\/person\\\/e777c87fa024e57d40170af9df39882c\",\"name\":\"Cope Alcoy\",\"image\":{\"@type\":\"ImageObject\",\"inLanguage\":\"es\",\"@id\":\"https:\\\/\\\/secure.gravatar.com\\\/avatar\\\/bb65d0283347e303893ba14f0692005417c1e0e690a325a4c5d8bb2b3943ee14?s=96&d=mm&r=g\",\"url\":\"https:\\\/\\\/secure.gravatar.com\\\/avatar\\\/bb65d0283347e303893ba14f0692005417c1e0e690a325a4c5d8bb2b3943ee14?s=96&d=mm&r=g\",\"contentUrl\":\"https:\\\/\\\/secure.gravatar.com\\\/avatar\\\/bb65d0283347e303893ba14f0692005417c1e0e690a325a4c5d8bb2b3943ee14?s=96&d=mm&r=g\",\"caption\":\"Cope Alcoy\"}}]}<\/script>\n<!-- \/ Yoast SEO plugin. -->","yoast_head_json":{"title":"Arranca el curso con m\u00e1s alumnos en Infantil y Primaria - COPE Alcoy","robots":{"index":"index","follow":"follow","max-snippet":"max-snippet:-1","max-image-preview":"max-image-preview:large","max-video-preview":"max-video-preview:-1"},"canonical":"https:\/\/www.copealcoy.es\/es\/arranca-el-curso-con-mas-alumnos-en-infantil-y-primaria\/","og_locale":"es_ES","og_type":"article","og_title":"Arranca el curso con m\u00e1s alumnos en Infantil y Primaria - COPE Alcoy","og_description":"El curso escolar 2015\/2016 arranca este jueves tanto en Infantil como en\u00a0Primaria y lo hace en Alcoy con un ligero...","og_url":"https:\/\/www.copealcoy.es\/es\/arranca-el-curso-con-mas-alumnos-en-infantil-y-primaria\/","og_site_name":"COPE Alcoy","article_published_time":"2015-09-09T15:16:11+00:00","article_modified_time":"2015-09-10T06:09:03+00:00","og_image":[{"width":640,"height":480,"url":"https:\/\/www.copealcoy.es\/wp-content\/uploads\/2015\/09\/DSC04130_0.jpg","type":"image\/jpeg"}],"author":"Cope Alcoy","twitter_misc":{"Escrito por":"Cope Alcoy","Tiempo de lectura":"2 minutos"},"schema":{"@context":"https:\/\/schema.org","@graph":[{"@type":"Article","@id":"https:\/\/www.copealcoy.es\/es\/arranca-el-curso-con-mas-alumnos-en-infantil-y-primaria\/#article","isPartOf":{"@id":"https:\/\/www.copealcoy.es\/es\/arranca-el-curso-con-mas-alumnos-en-infantil-y-primaria\/"},"author":{"name":"Cope Alcoy","@id":"https:\/\/www.copealcoy.es\/es\/#\/schema\/person\/e777c87fa024e57d40170af9df39882c"},"headline":"Arranca el curso con m\u00e1s alumnos en Infantil y Primaria","datePublished":"2015-09-09T15:16:11+00:00","dateModified":"2015-09-10T06:09:03+00:00","mainEntityOfPage":{"@id":"https:\/\/www.copealcoy.es\/es\/arranca-el-curso-con-mas-alumnos-en-infantil-y-primaria\/"},"wordCount":335,"commentCount":0,"image":{"@id":"https:\/\/www.copealcoy.es\/es\/arranca-el-curso-con-mas-alumnos-en-infantil-y-primaria\/#primaryimage"},"thumbnailUrl":"https:\/\/www.copealcoy.es\/wp-content\/uploads\/2015\/09\/DSC04130_0.jpg","keywords":["Alcoy","Curso Escolar","Educaci\u00f3n","infantil","Primaria"],"articleSection":["Alcoy","Noticias","Portada"],"inLanguage":"es"},{"@type":"WebPage","@id":"https:\/\/www.copealcoy.es\/es\/arranca-el-curso-con-mas-alumnos-en-infantil-y-primaria\/","url":"https:\/\/www.copealcoy.es\/es\/arranca-el-curso-con-mas-alumnos-en-infantil-y-primaria\/","name":"Arranca el curso con m\u00e1s alumnos en Infantil y Primaria - COPE Alcoy","isPartOf":{"@id":"https:\/\/www.copealcoy.es\/es\/#website"},"primaryImageOfPage":{"@id":"https:\/\/www.copealcoy.es\/es\/arranca-el-curso-con-mas-alumnos-en-infantil-y-primaria\/#primaryimage"},"image":{"@id":"https:\/\/www.copealcoy.es\/es\/arranca-el-curso-con-mas-alumnos-en-infantil-y-primaria\/#primaryimage"},"thumbnailUrl":"https:\/\/www.copealcoy.es\/wp-content\/uploads\/2015\/09\/DSC04130_0.jpg","datePublished":"2015-09-09T15:16:11+00:00","dateModified":"2015-09-10T06:09:03+00:00","author":{"@id":"https:\/\/www.copealcoy.es\/es\/#\/schema\/person\/e777c87fa024e57d40170af9df39882c"},"breadcrumb":{"@id":"https:\/\/www.copealcoy.es\/es\/arranca-el-curso-con-mas-alumnos-en-infantil-y-primaria\/#breadcrumb"},"inLanguage":"es","potentialAction":[{"@type":"ReadAction","target":["https:\/\/www.copealcoy.es\/es\/arranca-el-curso-con-mas-alumnos-en-infantil-y-primaria\/"]}]},{"@type":"ImageObject","inLanguage":"es","@id":"https:\/\/www.copealcoy.es\/es\/arranca-el-curso-con-mas-alumnos-en-infantil-y-primaria\/#primaryimage","url":"https:\/\/www.copealcoy.es\/wp-content\/uploads\/2015\/09\/DSC04130_0.jpg","contentUrl":"https:\/\/www.copealcoy.es\/wp-content\/uploads\/2015\/09\/DSC04130_0.jpg","width":640,"height":480,"caption":"Transcurso de una clase en el Colegio Salesianos de Alcoy \/ Foto: Colegio Salesianos"},{"@type":"BreadcrumbList","@id":"https:\/\/www.copealcoy.es\/es\/arranca-el-curso-con-mas-alumnos-en-infantil-y-primaria\/#breadcrumb","itemListElement":[{"@type":"ListItem","position":1,"name":"Portada","item":"https:\/\/www.copealcoy.es\/es\/"},{"@type":"ListItem","position":2,"name":"Arranca el curso con m\u00e1s alumnos en Infantil y Primaria"}]},{"@type":"WebSite","@id":"https:\/\/www.copealcoy.es\/es\/#website","url":"https:\/\/www.copealcoy.es\/es\/","name":"COPE Alcoy","description":"Emisora COPE de radio local con emisi\u00f3n online. Pont de Sant Jordi 8-10 03803 Alcoy","potentialAction":[{"@type":"SearchAction","target":{"@type":"EntryPoint","urlTemplate":"https:\/\/www.copealcoy.es\/es\/?s={search_term_string}"},"query-input":{"@type":"PropertyValueSpecification","valueRequired":true,"valueName":"search_term_string"}}],"inLanguage":"es"},{"@type":"Person","@id":"https:\/\/www.copealcoy.es\/es\/#\/schema\/person\/e777c87fa024e57d40170af9df39882c","name":"Cope Alcoy","image":{"@type":"ImageObject","inLanguage":"es","@id":"https:\/\/secure.gravatar.com\/avatar\/bb65d0283347e303893ba14f0692005417c1e0e690a325a4c5d8bb2b3943ee14?s=96&d=mm&r=g","url":"https:\/\/secure.gravatar.com\/avatar\/bb65d0283347e303893ba14f0692005417c1e0e690a325a4c5d8bb2b3943ee14?s=96&d=mm&r=g","contentUrl":"https:\/\/secure.gravatar.com\/avatar\/bb65d0283347e303893ba14f0692005417c1e0e690a325a4c5d8bb2b3943ee14?s=96&d=mm&r=g","caption":"Cope Alcoy"}}]}},"_links":{"self":[{"href":"https:\/\/www.copealcoy.es\/es\/wp-json\/wp\/v2\/posts\/15591","targetHints":{"allow":["GET"]}}],"collection":[{"href":"https:\/\/www.copealcoy.es\/es\/wp-json\/wp\/v2\/posts"}],"about":[{"href":"https:\/\/www.copealcoy.es\/es\/wp-json\/wp\/v2\/types\/post"}],"author":[{"embeddable":true,"href":"https:\/\/www.copealcoy.es\/es\/wp-json\/wp\/v2\/users\/1"}],"replies":[{"embeddable":true,"href":"https:\/\/www.copealcoy.es\/es\/wp-json\/wp\/v2\/comments?post=15591"}],"version-history":[{"count":0,"href":"https:\/\/www.copealcoy.es\/es\/wp-json\/wp\/v2\/posts\/15591\/revisions"}],"wp:featuredmedia":[{"embeddable":true,"href":"https:\/\/www.copealcoy.es\/es\/wp-json\/wp\/v2\/media\/15592"}],"wp:attachment":[{"href":"https:\/\/www.copealcoy.es\/es\/wp-json\/wp\/v2\/media?parent=15591"}],"wp:term":[{"taxonomy":"category","embeddable":true,"href":"https:\/\/www.copealcoy.es\/es\/wp-json\/wp\/v2\/categories?post=15591"},{"taxonomy":"post_tag","embeddable":true,"href":"https:\/\/www.copealcoy.es\/es\/wp-json\/wp\/v2\/tags?post=15591"}],"curies":[{"name":"wp","href":"https:\/\/api.w.org\/{rel}","templated":true}]}}